{"id":194,"date":"2012-11-28T12:12:24","date_gmt":"2012-11-28T12:12:24","guid":{"rendered":"http:\/\/www.noubarris.net\/relligantnb\/?p=194"},"modified":"2014-03-19T20:08:12","modified_gmt":"2014-03-19T19:08:12","slug":"can-carreras","status":"publish","type":"post","link":"https:\/\/www.noubarris.net\/relligantnb\/?p=194","title":{"rendered":"Can Carreras"},"content":{"rendered":"<p style=\"text-align: justify;\">Can Carreras era una masia que disposava de terres molt f\u00e8rtils, en part gr\u00e0cies a l\u2019exist\u00e8ncia d\u2019una mina d\u2019aigua procedent de Collserola. Coneguda antigament com a Mas Sala, va rebre el nom actual al segle XIX. Aleshores tenia una extensi\u00f3 d\u2019uns 55.000 metres quadrats i era propietat de Llu\u00eds Guarro i Casas, un fabricant de paper for\u00e7a conegut, que l\u2019any 1880 va vendre part dels terrenys per a l\u2019edificaci\u00f3 de l\u2019Institut Mental.<\/p>\n<p><iframe loading=\"lazy\" src=\"http:\/\/www.youtube.com\/embed\/LtsLPXqhALA\" height=\"360\" width=\"640\" allowfullscreen=\"\" frameborder=\"0\"><\/iframe><\/p>\n<p style=\"text-align: justify;\">L\u2019edifici principal est\u00e0 compost per tres cossos. A la casa s\u2019hi accedia per un portal d\u2019arc escarser amb una pedra situada a la clau de volta. La fa\u00e7ana conserva un rellotge de sol i tres balcons de ferro forjat, el del mig, guarnit amb cer\u00e0mica catalana. A la part posterior hi ha adossat un altre volum del segle XVIII. En una de les rajoles del paviment es pot llegir la data de 1797. En aquest espai hi havia la cuina i les habitacions dels masovers.<\/p>\n<p style=\"text-align: justify;\"><a href=\"http:\/\/www.noubarris.net\/relligantnb\/?attachment_id=898\" rel=\"attachment wp-att-898\"><img loading=\"lazy\" decoding=\"async\" class=\"size-medium wp-image-898 alignright\" style=\"margin: 0px 0px 0px 15px;\" alt=\"Els \u00faltims masovers de Can Carreras\" src=\"http:\/\/www.noubarris.net\/relligantnb\/wp-content\/uploads\/marc2_CAN_CARRERES_2-300x216.png\" width=\"300\" height=\"216\" srcset=\"https:\/\/www.noubarris.net\/relligantnb\/wp-content\/uploads\/marc2_CAN_CARRERES_2-300x216.png 300w, https:\/\/www.noubarris.net\/relligantnb\/wp-content\/uploads\/marc2_CAN_CARRERES_2-768x553.png 768w, https:\/\/www.noubarris.net\/relligantnb\/wp-content\/uploads\/marc2_CAN_CARRERES_2-150x108.png 150w, https:\/\/www.noubarris.net\/relligantnb\/wp-content\/uploads\/marc2_CAN_CARRERES_2.png 800w\" sizes=\"(max-width: 300px) 100vw, 300px\" \/><\/a>L\u2019any 1914 Josep Mompart i Rita Estadella, antics masovers de la Torre Llobeta, es van fer c\u00e0rrec de Can Carreras i van diversificar-ne la producci\u00f3. La finca va passar de cultivar flors i arbres fruiters a plantar vinya, cereals, garrofes, verdures i hortalisses, a m\u00e9s de tenir cura de bestiar. El vi que s\u2019hi produ\u00efa es venia als mercats de Sant Andreu i Gr\u00e0cia.<\/p>\n<p style=\"text-align: justify;\">Els terrenys de la masia limitaven amb l\u2019actual passeig de Valldaura, la pla\u00e7a de Karl Marx i, pel sud, al torrent de Can Peguera. L\u2019entrada era a tocar dels terrenys del Mental.<\/p>\n<p style=\"text-align: justify;\">Despr\u00e9s de la guerra, es van vendre bona part dels terrenys en parcel\u2022les. Els camps es van convertir en desenes de cases, conegudes com a barri de Can Carreras, desaparegut amb la construcci\u00f3 del Parc Central.<\/p>\n<p style=\"text-align: justify;\"><a href=\"http:\/\/www.noubarris.net\/relligantnb\/?attachment_id=900\" rel=\"attachment wp-att-900\"><img loading=\"lazy\" decoding=\"async\" class=\"alignleft size-medium wp-image-900\" alt=\"Can Carreres\" src=\"http:\/\/www.noubarris.net\/relligantnb\/wp-content\/uploads\/marc1_CAN_CARRERES_1-300x216.png\" width=\"300\" height=\"216\" srcset=\"https:\/\/www.noubarris.net\/relligantnb\/wp-content\/uploads\/marc1_CAN_CARRERES_1-300x216.png 300w, https:\/\/www.noubarris.net\/relligantnb\/wp-content\/uploads\/marc1_CAN_CARRERES_1.png 800w\" sizes=\"(max-width: 300px) 100vw, 300px\" \/><\/a>A finals dels anys 40, l\u2019antic mas ja no donava per viure. Als anys 90 l\u2019Ajuntament va expropiar l\u2019edifici per incorporar-lo al Parc Central de Nou Barris. Amb les obres, es va remodelar tot el voltant de la masia i es va plantar una gran olivera a la porta del casalot, en mem\u00f2ria de l\u2019exregidor Antoni Santiburcio, l\u2019impulsor del parc. Aquesta olivera va ser portada de Ja\u00e9n, ciutat natal de Santiburcio.<\/p>\n<p style=\"text-align: justify;\">Actualment, la masia resta en espera d\u2019un projecte que la converteixi en un equipament per al barri.<\/p>\n<p style=\"text-align: justify;\"><strong>Ubicaci\u00f3 de Can Carreras:<\/strong><\/p>\n<p><iframe loading=\"lazy\" src=\"https:\/\/maps.google.es\/maps\/ms?msa=0&amp;msid=201141552239115119793.0004cccfa775e76260499&amp;ie=UTF8&amp;t=m&amp;ll=41.436646,2.165841&amp;spn=0.002896,0.006856&amp;z=17&amp;output=embed\" height=\"360\" width=\"640\" frameborder=\"0\" marginwidth=\"0\" marginheight=\"0\" scrolling=\"no\"><\/iframe><br \/>\n<small>Mostra <a style=\"color: #0000ff; text-align: left;\" href=\"https:\/\/maps.google.es\/maps\/ms?msa=0&amp;msid=201141552239115119793.0004cccfa775e76260499&amp;ie=UTF8&amp;t=m&amp;ll=41.436646,2.165841&amp;spn=0.002896,0.006856&amp;z=17&amp;source=embed\">Can Carreras<\/a> en un mapa m\u00e9s gran<\/small><\/p>\n","protected":false},"excerpt":{"rendered":"<p>Can Carreras era una masia que disposava de terres molt f\u00e8rtils, en part gr\u00e0cies a l\u2019exist\u00e8ncia d\u2019una mina d\u2019aigua procedent<\/p>\n","protected":false},"author":1,"featured_media":0,"comment_status":"closed","ping_status":"closed","sticky":false,"template":"","format":"standard","meta":{"_monsterinsights_skip_tracking":false,"_monsterinsights_sitenote_active":false,"_monsterinsights_sitenote_note":"","_monsterinsights_sitenote_category":0,"jetpack_post_was_ever_published":false,"_jetpack_newsletter_access":"","_jetpack_dont_email_post_to_subs":false,"_jetpack_newsletter_tier_id":0,"_jetpack_memberships_contains_paywalled_content":false,"_jetpack_memberships_contains_paid_content":false,"footnotes":"","jetpack_publicize_message":"","jetpack_publicize_feature_enabled":true,"jetpack_social_post_already_shared":false,"jetpack_social_options":{"image_generator_settings":{"template":"highway","enabled":false},"version":2}},"categories":[70,1],"tags":[],"class_list":["post-194","post","type-post","status-publish","format-standard","hentry","category-la-guineueta","category-uncategorized"],"jetpack_publicize_connections":[],"aioseo_notices":[],"jetpack_featured_media_url":"","jetpack_shortlink":"https:\/\/wp.me\/p5AnUm-38","jetpack-related-posts":[],"jetpack_sharing_enabled":true,"_links":{"self":[{"href":"https:\/\/www.noubarris.net\/relligantnb\/index.php?rest_route=\/wp\/v2\/posts\/194"}],"collection":[{"href":"https:\/\/www.noubarris.net\/relligantnb\/index.php?rest_route=\/wp\/v2\/posts"}],"about":[{"href":"https:\/\/www.noubarris.net\/relligantnb\/index.php?rest_route=\/wp\/v2\/types\/post"}],"author":[{"embeddable":true,"href":"https:\/\/www.noubarris.net\/relligantnb\/index.php?rest_route=\/wp\/v2\/users\/1"}],"replies":[{"embeddable":true,"href":"https:\/\/www.noubarris.net\/relligantnb\/index.php?rest_route=%2Fwp%2Fv2%2Fcomments&post=194"}],"version-history":[{"count":0,"href":"https:\/\/www.noubarris.net\/relligantnb\/index.php?rest_route=\/wp\/v2\/posts\/194\/revisions"}],"wp:attachment":[{"href":"https:\/\/www.noubarris.net\/relligantnb\/index.php?rest_route=%2Fwp%2Fv2%2Fmedia&parent=194"}],"wp:term":[{"taxonomy":"category","embeddable":true,"href":"https:\/\/www.noubarris.net\/relligantnb\/index.php?rest_route=%2Fwp%2Fv2%2Fcategories&post=194"},{"taxonomy":"post_tag","embeddable":true,"href":"https:\/\/www.noubarris.net\/relligantnb\/index.php?rest_route=%2Fwp%2Fv2%2Ftags&post=194"}],"curies":[{"name":"wp","href":"https:\/\/api.w.org\/{rel}","templated":true}]}}