{"id":198,"date":"2012-11-28T12:12:49","date_gmt":"2012-11-28T12:12:49","guid":{"rendered":"http:\/\/www.noubarris.net\/relligantnb\/?p=198"},"modified":"2019-10-02T13:52:24","modified_gmt":"2019-10-02T12:52:24","slug":"casa-de-laigua","status":"publish","type":"post","link":"https:\/\/www.noubarris.net\/relligantnb\/?p=198","title":{"rendered":"Casa de l&#8217;Aigua"},"content":{"rendered":"<p style=\"text-align: justify;\">La Casa de l\u2019Aigua avui dia \u00e9s un espai dedicat al jard\u00ed i als horts, per\u00f2 fa 25 anys encara abastia d\u2019aigua Barcelona. L\u2019origen de la Casa de l\u2019Aigua el trobem l\u2019any 1915. Aleshores, la companyia d\u2019aig\u00fces de Barcelona va projectar una gran infraestructura de canalitzaci\u00f3 per millorar la capacitat de cabal i l\u2019abastiment d\u2019aigua a la ciutat.<\/p>\n<p style=\"text-align: center;\"><iframe loading=\"lazy\" src=\"https:\/\/www.youtube.com\/embed\/tOcLOyJSOYM\" width=\"640\" height=\"360\" frameborder=\"0\" allowfullscreen=\"allowfullscreen\"><\/iframe><\/p>\n<p style=\"text-align: justify;\">Aquesta instal\u2022laci\u00f3 de la Trinitat Nova n\u2019era una part. Estava connectada amb una de similar a la Trinitat Vella a trav\u00e9s d\u2019una galeria per sota la Meridiana. Aquesta xarxa tamb\u00e9 inclo\u00efa la conducci\u00f3 Baixa de Montcada, que surt de la galeria cap a la ciutat, i l\u2019aq\u00fceducte Alt de Montcada, previst fins a Vallcarca per\u00f2 que mai no va entrar en funcionament. El dip\u00f2sit de la Trinitat Nova tenia capacitat per a 10.000 metres c\u00fabics d\u2019aigua, en un solar de 6.800 metres quadrats. Dues edificacions completaven la instal\u2022laci\u00f3; una, amb diversos instruments de mesura i, l\u2019altra, amb una piscina amb un sistema de murs que renovava l\u2019aigua del dip\u00f2sit.<\/p>\n<p style=\"text-align: center;\"><iframe loading=\"lazy\" src=\"https:\/\/www.youtube.com\/embed\/Ifpwd8CAu00\" width=\"640\" height=\"360\" frameborder=\"0\" allowfullscreen=\"allowfullscreen\"><span data-mce-type=\"bookmark\" style=\"display: inline-block; width: 0px; overflow: hidden; line-height: 0;\" class=\"mce_SELRES_start\">\ufeff<\/span><\/iframe><\/p>\n<p style=\"text-align: center;\"><span style=\"color: #ff9900;\"><em>Si fas servir un tel\u00e8fon intel\u00b7ligent o tauleta, gaudir\u00e0s m\u00e9s de l&#8217;experi\u00e8ncia obrint<br \/>\n<\/em><\/span><span style=\"color: #ff9900;\"><em>el v\u00eddeo en mode ulleres 360\u00ba a <\/em><strong><em><a style=\"color: #ff9900;\" href=\"https:\/\/www.youtube.com\/embed\/Ifpwd8CAu00\"> l&#8217;App de YouTube<\/a> .<\/em><\/strong><\/span><\/p>\n<p style=\"text-align: justify;\"><a style=\"color: #ff4b33; line-height: 24px;\" href=\"http:\/\/www.noubarris.net\/relligantnb\/?attachment_id=887\" rel=\"attachment wp-att-887\"><img loading=\"lazy\" decoding=\"async\" class=\"size-medium wp-image-887 alignright\" style=\"margin: 0px 0px 0px 15px;\" src=\"http:\/\/www.noubarris.net\/relligantnb\/wp-content\/uploads\/marc2_casa-aigua-300x216.png\" alt=\"Casa de l\u2019Aigua\" width=\"300\" height=\"216\" srcset=\"https:\/\/www.noubarris.net\/relligantnb\/wp-content\/uploads\/marc2_casa-aigua-300x216.png 300w, https:\/\/www.noubarris.net\/relligantnb\/wp-content\/uploads\/marc2_casa-aigua-768x553.png 768w, https:\/\/www.noubarris.net\/relligantnb\/wp-content\/uploads\/marc2_casa-aigua-150x108.png 150w, https:\/\/www.noubarris.net\/relligantnb\/wp-content\/uploads\/marc2_casa-aigua.png 800w\" sizes=\"(max-width: 300px) 100vw, 300px\" \/><\/a><\/p>\n<p style=\"text-align: justify;\">Aquesta xarxa abastia d\u2019aigua la ciutat de Barcelona, per\u00f2 amb el sistema de canalitzaci\u00f3 d\u2019aig\u00fces modern les instal\u2022lacions van quedar obsoletes. El 31 de mar\u00e7 de l\u2019any 1989 els dip\u00f2sits de la Companyia d\u2019Aig\u00fces de la Trinitat van tancar definitivament i de seguida van caure en un proc\u00e9s de degradaci\u00f3 i atacs vand\u00e0lics.<\/p>\n<p style=\"text-align: justify;\">Diversos anys de reivindicacions ve\u00efnals i de negociacions amb l\u2019Ajuntament es van traduir primer en una restauraci\u00f3 de les edificacions i en una neteja dels voltants. Despr\u00e9s, a partir de l\u2019any 2007, se\u2019n va completar la reforma i es van dividir i sortejar una trentena de parcel\u2022les de conreu entre la gent gran del barri. A m\u00e9s, es va plantar un jard\u00ed de flors i herbes arom\u00e0tiques sobre la cobertura del dip\u00f2sit d\u2019aig\u00fces soterrat.<\/p>\n<p style=\"text-align: justify;\">Despr\u00e9s d\u2019una nova restauraci\u00f3 l\u2019any 2015, la Casa de l\u2019Aigua ha culminat la seva transformaci\u00f3. Els dos edificis s\u2019han convertit en un equipament cultural i c\u00edvic per al barri.\u00a0 Els ve\u00efns tamb\u00e9 han guanyat els voltants com a punt de trobada i d\u2019activitats diverses. A m\u00e9s, el paisatge ha canviat completament per convertir-se en un gran jard\u00ed amb un mirador que penja sobre les autopistes d\u2019entrada a la ciutat. I sota terra, s\u2019han rehabilitat els antics dip\u00f2sits, aix\u00ed com el t\u00fanel que connecta la Casa de l\u2019Aigua de la Trinitat Nova amb la de la Trinitat Vella, per sota de la Meridiana.<\/p>\n<p style=\"text-align: justify;\"><strong>Ubicaci\u00f3 de la Casa de l\u2019Aigua:<\/strong><\/p>\n<p><iframe loading=\"lazy\" src=\"https:\/\/maps.google.es\/maps\/ms?msa=0&amp;msid=201141552239115119793.0004cce2a25a23abd27bc&amp;ie=UTF8&amp;t=m&amp;ll=41.453591,2.187513&amp;spn=0.002895,0.006856&amp;z=17&amp;output=embed\" width=\"640\" height=\"360\" frameborder=\"0\" marginwidth=\"0\" marginheight=\"0\" scrolling=\"no\"><\/iframe><br \/>\n<small>Mostra <a style=\"color: #0000ff; text-align: left;\" href=\"https:\/\/maps.google.es\/maps\/ms?msa=0&amp;msid=201141552239115119793.0004cce2a25a23abd27bc&amp;ie=UTF8&amp;t=m&amp;ll=41.453591,2.187513&amp;spn=0.002895,0.006856&amp;z=17&amp;source=embed\">Casa de l&#8217;Aigua<\/a> en un mapa m\u00e9s gran<\/small><\/p>\n","protected":false},"excerpt":{"rendered":"<p>La Casa de l\u2019Aigua avui dia \u00e9s un espai dedicat al jard\u00ed i als horts, per\u00f2 fa 25 anys encara<\/p>\n","protected":false},"author":1,"featured_media":0,"comment_status":"closed","ping_status":"closed","sticky":false,"template":"","format":"standard","meta":{"_monsterinsights_skip_tracking":false,"_monsterinsights_sitenote_active":false,"_monsterinsights_sitenote_note":"","_monsterinsights_sitenote_category":0,"jetpack_post_was_ever_published":false,"_jetpack_newsletter_access":"","_jetpack_dont_email_post_to_subs":false,"_jetpack_newsletter_tier_id":0,"_jetpack_memberships_contains_paywalled_content":false,"_jetpack_memberships_contains_paid_content":false,"footnotes":"","jetpack_publicize_message":"","jetpack_publicize_feature_enabled":true,"jetpack_social_post_already_shared":false,"jetpack_social_options":{"image_generator_settings":{"template":"highway","enabled":false},"version":2}},"categories":[84,75,1],"tags":[],"class_list":["post-198","post","type-post","status-publish","format-standard","hentry","category-videos-en-360-graus","category-la-trinitat-nova","category-uncategorized"],"jetpack_publicize_connections":[],"aioseo_notices":[],"jetpack_featured_media_url":"","jetpack_shortlink":"https:\/\/wp.me\/p5AnUm-3c","jetpack-related-posts":[],"jetpack_sharing_enabled":true,"_links":{"self":[{"href":"https:\/\/www.noubarris.net\/relligantnb\/index.php?rest_route=\/wp\/v2\/posts\/198"}],"collection":[{"href":"https:\/\/www.noubarris.net\/relligantnb\/index.php?rest_route=\/wp\/v2\/posts"}],"about":[{"href":"https:\/\/www.noubarris.net\/relligantnb\/index.php?rest_route=\/wp\/v2\/types\/post"}],"author":[{"embeddable":true,"href":"https:\/\/www.noubarris.net\/relligantnb\/index.php?rest_route=\/wp\/v2\/users\/1"}],"replies":[{"embeddable":true,"href":"https:\/\/www.noubarris.net\/relligantnb\/index.php?rest_route=%2Fwp%2Fv2%2Fcomments&post=198"}],"version-history":[{"count":0,"href":"https:\/\/www.noubarris.net\/relligantnb\/index.php?rest_route=\/wp\/v2\/posts\/198\/revisions"}],"wp:attachment":[{"href":"https:\/\/www.noubarris.net\/relligantnb\/index.php?rest_route=%2Fwp%2Fv2%2Fmedia&parent=198"}],"wp:term":[{"taxonomy":"category","embeddable":true,"href":"https:\/\/www.noubarris.net\/relligantnb\/index.php?rest_route=%2Fwp%2Fv2%2Fcategories&post=198"},{"taxonomy":"post_tag","embeddable":true,"href":"https:\/\/www.noubarris.net\/relligantnb\/index.php?rest_route=%2Fwp%2Fv2%2Ftags&post=198"}],"curies":[{"name":"wp","href":"https:\/\/api.w.org\/{rel}","templated":true}]}}