{"id":205,"date":"2012-11-28T12:13:48","date_gmt":"2012-11-28T12:13:48","guid":{"rendered":"http:\/\/www.noubarris.net\/relligantnb\/?p=205"},"modified":"2014-03-19T20:22:08","modified_gmt":"2014-03-19T19:22:08","slug":"esglesia-del-mental","status":"publish","type":"post","link":"https:\/\/www.noubarris.net\/relligantnb\/?p=205","title":{"rendered":"Esgl\u00e9sia del Mental"},"content":{"rendered":"<p style=\"text-align: justify;\">L\u2019esgl\u00e9sia de Sant Rafael pertanyia al recinte de l\u2019Institut Mental de la Santa Creu, creat pel doctor Emili Pi i Molist i basat en centres psiqui\u00e0trics pioners. L\u2019arquitecte Josep Oriol i Bernadet va dissenyar el sanatori l\u2019any 1859 i es va construir sota la direcci\u00f3 dels arquitectes Josep Artigas i Elies Rogent.<\/p>\n<p><iframe loading=\"lazy\" src=\"http:\/\/www.youtube.com\/embed\/TK_lXtirqto\" height=\"360\" width=\"640\" allowfullscreen=\"\" frameborder=\"0\"><\/iframe><\/p>\n<p style=\"text-align: justify;\">Despr\u00e9s d\u2019anys d\u2019obres, el manicomi va entrar en funcionament el 1889, juntament amb l\u2019esgl\u00e9sia. Es tracta d\u2019un temple sim\u00e8tric d\u2019estil neocl\u00e0ssic que estava situat al cos central del manicomi. Va ser batejat en honor a Sant Rafael perqu\u00e8 el nom d\u2019aquest arc\u00e0ngel significa \u201cD\u00e9u sana\u201d o b\u00e9 \u201cmedicina de D\u00e9u\u201d.<\/p>\n<p><a style=\"color: #ff4b33; line-height: 26.666667938232422px; font-size: 15.555556297302246px;\" href=\"http:\/\/www.noubarris.net\/relligantnb\/?attachment_id=864\" rel=\"attachment wp-att-864\"><img loading=\"lazy\" decoding=\"async\" class=\"alignright size-medium wp-image-864\" style=\"margin: 0px 0px 20px 15px;\" alt=\"Esgl\u00e9sia del Mental\" src=\"http:\/\/www.noubarris.net\/relligantnb\/wp-content\/uploads\/marc2_IGLESIA-MENTAL2-300x216.png\" width=\"300\" height=\"216\" srcset=\"https:\/\/www.noubarris.net\/relligantnb\/wp-content\/uploads\/marc2_IGLESIA-MENTAL2-300x216.png 300w, https:\/\/www.noubarris.net\/relligantnb\/wp-content\/uploads\/marc2_IGLESIA-MENTAL2-768x553.png 768w, https:\/\/www.noubarris.net\/relligantnb\/wp-content\/uploads\/marc2_IGLESIA-MENTAL2-150x108.png 150w, https:\/\/www.noubarris.net\/relligantnb\/wp-content\/uploads\/marc2_IGLESIA-MENTAL2.png 800w\" sizes=\"(max-width: 300px) 100vw, 300px\" \/><\/a><\/p>\n<p style=\"text-align: justify;\">L\u2019esgl\u00e9sia era el centre religi\u00f3s de les persones\u00a0ingressades al sanatori i del personal que hi treballava. Era lloc de preg\u00e0ria i d\u2019oraci\u00f3, i els diumenges i festius s\u2019hi feien les misses. Amb l\u2019esclat de la Guerra Civil, uns milicians republicans la van saquejar i se\u2019n van endur tota mena d\u2019objectes de valor. Durant la postguerra va tornar a funcionar, per\u00f2, a mesura que l\u2019Institut Mental va iniciar el proc\u00e9s de decad\u00e8ncia i l\u2019enderroc progressiu dels pavellons, el temple va anar perdent activitat per la disminuci\u00f3 del nombre de pacients ingressats. Finalment, l\u2019Institut Mental va tancar l\u2019any 1986. El temple va ser abandonat i va comen\u00e7ar un lent proc\u00e9s de degradaci\u00f3.<\/p>\n<p style=\"text-align: justify;\"><strong>Ubicaci\u00f3 de l&#8217;Esgl\u00e9sia del Mental:<\/strong><\/p>\n<p><iframe loading=\"lazy\" src=\"https:\/\/maps.google.es\/maps\/ms?msa=0&amp;msid=201141552239115119793.0004cce2e28fa28bf3c43&amp;ie=UTF8&amp;t=m&amp;ll=41.437732,2.170701&amp;spn=0.002896,0.006856&amp;z=17&amp;output=embed\" height=\"360\" width=\"640\" frameborder=\"0\" marginwidth=\"0\" marginheight=\"0\" scrolling=\"no\"><\/iframe><br \/>\n<small>Mostra <a style=\"color: #0000ff; text-align: left;\" href=\"https:\/\/maps.google.es\/maps\/ms?msa=0&amp;msid=201141552239115119793.0004cce2e28fa28bf3c43&amp;ie=UTF8&amp;t=m&amp;ll=41.437732,2.170701&amp;spn=0.002896,0.006856&amp;z=17&amp;source=embed\">Esgl\u00e9sia del Mental<\/a> en un mapa m\u00e9s gran<\/small><\/p>\n","protected":false},"excerpt":{"rendered":"<p>L\u2019esgl\u00e9sia de Sant Rafael pertanyia al recinte de l\u2019Institut Mental de la Santa Creu, creat pel doctor Emili Pi i<\/p>\n","protected":false},"author":1,"featured_media":0,"comment_status":"closed","ping_status":"closed","sticky":false,"template":"","format":"standard","meta":{"_monsterinsights_skip_tracking":false,"_monsterinsights_sitenote_active":false,"_monsterinsights_sitenote_note":"","_monsterinsights_sitenote_category":0,"jetpack_post_was_ever_published":false,"_jetpack_newsletter_access":"","_jetpack_dont_email_post_to_subs":false,"_jetpack_newsletter_tier_id":0,"_jetpack_memberships_contains_paywalled_content":false,"_jetpack_memberships_contains_paid_content":false,"footnotes":"","jetpack_publicize_message":"","jetpack_publicize_feature_enabled":true,"jetpack_social_post_already_shared":false,"jetpack_social_options":{"image_generator_settings":{"template":"highway","enabled":false},"version":2}},"categories":[70,1],"tags":[],"class_list":["post-205","post","type-post","status-publish","format-standard","hentry","category-la-guineueta","category-uncategorized"],"jetpack_publicize_connections":[],"aioseo_notices":[],"jetpack_featured_media_url":"","jetpack_shortlink":"https:\/\/wp.me\/p5AnUm-3j","jetpack-related-posts":[],"jetpack_sharing_enabled":true,"_links":{"self":[{"href":"https:\/\/www.noubarris.net\/relligantnb\/index.php?rest_route=\/wp\/v2\/posts\/205"}],"collection":[{"href":"https:\/\/www.noubarris.net\/relligantnb\/index.php?rest_route=\/wp\/v2\/posts"}],"about":[{"href":"https:\/\/www.noubarris.net\/relligantnb\/index.php?rest_route=\/wp\/v2\/types\/post"}],"author":[{"embeddable":true,"href":"https:\/\/www.noubarris.net\/relligantnb\/index.php?rest_route=\/wp\/v2\/users\/1"}],"replies":[{"embeddable":true,"href":"https:\/\/www.noubarris.net\/relligantnb\/index.php?rest_route=%2Fwp%2Fv2%2Fcomments&post=205"}],"version-history":[{"count":0,"href":"https:\/\/www.noubarris.net\/relligantnb\/index.php?rest_route=\/wp\/v2\/posts\/205\/revisions"}],"wp:attachment":[{"href":"https:\/\/www.noubarris.net\/relligantnb\/index.php?rest_route=%2Fwp%2Fv2%2Fmedia&parent=205"}],"wp:term":[{"taxonomy":"category","embeddable":true,"href":"https:\/\/www.noubarris.net\/relligantnb\/index.php?rest_route=%2Fwp%2Fv2%2Fcategories&post=205"},{"taxonomy":"post_tag","embeddable":true,"href":"https:\/\/www.noubarris.net\/relligantnb\/index.php?rest_route=%2Fwp%2Fv2%2Ftags&post=205"}],"curies":[{"name":"wp","href":"https:\/\/api.w.org\/{rel}","templated":true}]}}