{"id":209,"date":"2012-11-28T12:14:38","date_gmt":"2012-11-28T12:14:38","guid":{"rendered":"http:\/\/www.noubarris.net\/relligantnb\/?p=209"},"modified":"2022-06-27T09:47:13","modified_gmt":"2022-06-27T08:47:13","slug":"passatge-de-lesperanca","status":"publish","type":"post","link":"https:\/\/www.noubarris.net\/relligantnb\/?p=209","title":{"rendered":"Passatge de l\u2019Esperan\u00e7a"},"content":{"rendered":"<p style=\"text-align: justify;\">El passatge de l\u2019Esperan\u00e7a \u00e9s un rac\u00f3 tranquil i poc conegut. Les fa\u00e7anes de les cases s\u00f3n d\u2019estil noucentista amb pinzellades d\u2019art dec\u00f3. Les finestres i les portes estan decorades amb sanefes i motius florals, mentre que als frontons dels terrats, petits i arrodonits, s\u2019hi poden veure grans poms de flors esgrafiats.<\/p>\n<div class=\"jetpack-video-wrapper\"><iframe loading=\"lazy\" title=\"Passatge de l&#039;Esperan\u00e7a\" width=\"800\" height=\"450\" src=\"https:\/\/www.youtube.com\/embed\/kRX5ZEM2ilk?feature=oembed\" frameborder=\"0\" allow=\"accelerometer; autoplay; clipboard-write; encrypted-media; gyroscope; picture-in-picture; web-share\" referrerpolicy=\"strict-origin-when-cross-origin\" allowfullscreen><\/iframe><\/div>\n<p style=\"text-align: justify;\">Els habitatges del passatge van ser constru\u00efts per la Sociedad Cooperativa de Cargadores y Descargadores de Algod\u00f3n, una cooperativa creada pels estibadors de cot\u00f3 del port de Barcelona l\u2019any 1925. Precisament, el passatge du el nom de l\u2019Esperan\u00e7a en honor de la patrona dels cotoners.<\/p>\n<div class=\"jetpack-video-wrapper\"><iframe loading=\"lazy\" title=\"Passatge de l&#039;Esperan\u00e7a\" width=\"800\" height=\"450\" src=\"https:\/\/www.youtube.com\/embed\/W7rkUF0FI90?feature=oembed\" frameborder=\"0\" allow=\"accelerometer; autoplay; clipboard-write; encrypted-media; gyroscope; picture-in-picture; web-share\" referrerpolicy=\"strict-origin-when-cross-origin\" allowfullscreen><\/iframe><\/div>\n<p style=\"text-align: center;\"><em>Si fas servir un tel\u00e8fon intel\u00b7ligent o tauleta, gaudir\u00e0s m\u00e9s de l\u2019experi\u00e8ncia obrint<br \/>\n<\/em><em>el v\u00eddeo en mode ulleres 360\u00ba a\u00a0<\/em><strong><em><a href=\"https:\/\/www.youtube.com\/embed\/dykc1pop8ls\">l\u2019App de YouTube<\/a>\u00a0.<\/em><\/strong><\/p>\n<p style=\"text-align: justify;\">El 30 de mar\u00e7 del 1926 la cooperativa va comprar els terrenys a la barriada de Santa Eul\u00e0lia de Vilapicina, molt a prop de les masies de Can Sitj\u00e0 i Can Garrig\u00f3. Aquestes finques eren propietat de Maria Dolors de C\u00e0rcer i de Ros, que posse\u00efa els t\u00edtols de marquesa de Castellbell i baronessa de Mald\u00e0 i Maldanell, entre d\u2019altres. Les cases es van acabar de construir el 1928. Aleshores es va fundar la Cooperativa Obrera de Consumo de l&#8217;Esperan\u00e7a.<\/p>\n<p style=\"text-align: justify;\"><a style=\"color: #ff4b33; line-height: 24px; font-size: 16px; text-align: justify;\" href=\"http:\/\/www.noubarris.net\/relligantnb\/?attachment_id=845\" rel=\"attachment wp-att-845\"><img loading=\"lazy\" decoding=\"async\" class=\"size-medium wp-image-845 alignleft\" style=\"margin: 10px 10px 10px 0px;\" src=\"http:\/\/www.noubarris.net\/relligantnb\/wp-content\/uploads\/marc1_esperanca-300x216.png\" alt=\"Passatge de l\u2019Esperan\u00e7a\" width=\"300\" height=\"216\" srcset=\"https:\/\/www.noubarris.net\/relligantnb\/wp-content\/uploads\/marc1_esperanca-300x216.png 300w, https:\/\/www.noubarris.net\/relligantnb\/wp-content\/uploads\/marc1_esperanca-768x553.png 768w, https:\/\/www.noubarris.net\/relligantnb\/wp-content\/uploads\/marc1_esperanca-150x108.png 150w, https:\/\/www.noubarris.net\/relligantnb\/wp-content\/uploads\/marc1_esperanca.png 800w\" sizes=\"(max-width: 300px) 100vw, 300px\" \/><\/a><\/p>\n<p style=\"text-align: justify;\">Viure a la barriada de Santa Eul\u00e0lia de Vilapicina suposava un gran esfor\u00e7 per als estibadors. Els obligava a sortir de casa a les quatre de la matinada per baixar caminant fins al port. D\u2019altra banda, els ve\u00efns van continuar lligats al centre de la ciutat, i fins i tot participaven en les festes del Corpus Christi portant els gegants de Barcelona. M\u00e9s endavant, els socis van comprar un terreny per construir-hi la seu de la cooperativa a la cantonada del carrer d\u2019Arnau d\u2019Oms amb carrer de la Jota. El local va funcionar primer com a botiga de queviures, bar i sala de reuni\u00f3. Posteriorment, van comprar una casa annexa al carrer de la Jota i van crear-hi un centre cultural, un dels pocs espais d\u2019esbarjo de la zona. L\u2019edifici va desapar\u00e8ixer als anys 70. A la cantonada del passatge de l\u2019Esperan\u00e7a amb el carrer d\u2019Arnau d\u2019Oms, s\u2019hi pot veure una placa dedicada a Llu\u00eds Jover Castells, cotoner i promotor destacat de la cooperativa i del projecte d\u2019habitatges. Amb el temps el ve\u00efnat es va renovar i avui dia hi queden pocs ve\u00efns procedents de les fam\u00edlies d\u2019estibadors.<\/p>\n<p style=\"text-align: justify;\">De fet, de la trentena de casetes originals, nom\u00e9s en resten 16. L\u2019especulaci\u00f3 i les transformacions urban\u00edstiques han provocat molts canvis a les fa\u00e7anes i a l\u2019estructura interior de les cases. Per aix\u00f2, l\u2019Ajuntament ha catalogat tot l\u2019espai com a patrimoni hist\u00f2ric. Fa uns anys es va obrir el passatge als vianants i la pau que hi ha permet gaudir dels esgrafiats, els colors i la singularitat del conjunt.<\/p>\n<p style=\"text-align: justify;\"><strong>Ubicaci\u00f3 del Passatge de l\u2019Esperan\u00e7a:<\/strong><\/p>\n<p><iframe loading=\"lazy\" src=\"https:\/\/maps.google.es\/maps\/ms?msa=0&amp;msid=201141552239115119793.0004cfb9457983f8d7866&amp;ie=UTF8&amp;t=m&amp;ll=41.429053,2.177181&amp;spn=0.005792,0.013754&amp;z=16&amp;output=embed\" width=\"640\" height=\"360\" frameborder=\"0\" marginwidth=\"0\" marginheight=\"0\" scrolling=\"no\"><\/iframe><br \/>\n<small>Mostra <a style=\"text-align: left;\" href=\"https:\/\/maps.google.es\/maps\/ms?msa=0&amp;msid=201141552239115119793.0004cfb9457983f8d7866&amp;ie=UTF8&amp;t=m&amp;ll=41.429053,2.177181&amp;spn=0.005792,0.013754&amp;z=16&amp;source=embed\">Passatge de l&#8217;Esperan\u00e7a<\/a> en un mapa m\u00e9s gran<\/small><\/p>\n","protected":false},"excerpt":{"rendered":"<p>El passatge de l\u2019Esperan\u00e7a \u00e9s un rac\u00f3 tranquil i poc conegut. Les fa\u00e7anes de les cases s\u00f3n d\u2019estil noucentista amb<\/p>\n","protected":false},"author":1,"featured_media":0,"comment_status":"closed","ping_status":"closed","sticky":false,"template":"","format":"standard","meta":{"_monsterinsights_skip_tracking":false,"_monsterinsights_sitenote_active":false,"_monsterinsights_sitenote_note":"","_monsterinsights_sitenote_category":0,"jetpack_post_was_ever_published":false,"_jetpack_newsletter_access":"","_jetpack_dont_email_post_to_subs":false,"_jetpack_newsletter_tier_id":0,"_jetpack_memberships_contains_paywalled_content":false,"_jetpack_memberships_contains_paid_content":false,"footnotes":"","jetpack_publicize_message":"","jetpack_publicize_feature_enabled":true,"jetpack_social_post_already_shared":false,"jetpack_social_options":{"image_generator_settings":{"template":"highway","enabled":false},"version":2}},"categories":[84,1,81],"tags":[],"class_list":["post-209","post","type-post","status-publish","format-standard","hentry","category-videos-en-360-graus","category-uncategorized","category-vilapicina-i-la-torrellobeta"],"jetpack_publicize_connections":[],"aioseo_notices":[],"jetpack_featured_media_url":"","jetpack_shortlink":"https:\/\/wp.me\/p5AnUm-3n","jetpack-related-posts":[],"jetpack_sharing_enabled":true,"_links":{"self":[{"href":"https:\/\/www.noubarris.net\/relligantnb\/index.php?rest_route=\/wp\/v2\/posts\/209"}],"collection":[{"href":"https:\/\/www.noubarris.net\/relligantnb\/index.php?rest_route=\/wp\/v2\/posts"}],"about":[{"href":"https:\/\/www.noubarris.net\/relligantnb\/index.php?rest_route=\/wp\/v2\/types\/post"}],"author":[{"embeddable":true,"href":"https:\/\/www.noubarris.net\/relligantnb\/index.php?rest_route=\/wp\/v2\/users\/1"}],"replies":[{"embeddable":true,"href":"https:\/\/www.noubarris.net\/relligantnb\/index.php?rest_route=%2Fwp%2Fv2%2Fcomments&post=209"}],"version-history":[{"count":2,"href":"https:\/\/www.noubarris.net\/relligantnb\/index.php?rest_route=\/wp\/v2\/posts\/209\/revisions"}],"predecessor-version":[{"id":3079,"href":"https:\/\/www.noubarris.net\/relligantnb\/index.php?rest_route=\/wp\/v2\/posts\/209\/revisions\/3079"}],"wp:attachment":[{"href":"https:\/\/www.noubarris.net\/relligantnb\/index.php?rest_route=%2Fwp%2Fv2%2Fmedia&parent=209"}],"wp:term":[{"taxonomy":"category","embeddable":true,"href":"https:\/\/www.noubarris.net\/relligantnb\/index.php?rest_route=%2Fwp%2Fv2%2Fcategories&post=209"},{"taxonomy":"post_tag","embeddable":true,"href":"https:\/\/www.noubarris.net\/relligantnb\/index.php?rest_route=%2Fwp%2Fv2%2Ftags&post=209"}],"curies":[{"name":"wp","href":"https:\/\/api.w.org\/{rel}","templated":true}]}}