{"id":218,"date":"2012-11-28T12:15:32","date_gmt":"2012-11-28T12:15:32","guid":{"rendered":"http:\/\/www.noubarris.net\/relligantnb\/?p=218"},"modified":"2014-03-19T20:28:20","modified_gmt":"2014-03-19T19:28:20","slug":"refugi-antiaeri-de-can-peguera","status":"publish","type":"post","link":"https:\/\/www.noubarris.net\/relligantnb\/?p=218","title":{"rendered":"Refugi antiaeri de Can Peguera"},"content":{"rendered":"<p style=\"text-align: justify;\">El de Can Peguera \u00e9s l\u2019\u00fanic refugi antiaeri que es conserva a Nou Barris. Els ve\u00efns el van construir en comen\u00e7ar a la zona els bombardejos dels avions italians.<\/p>\n<p><iframe loading=\"lazy\" src=\"http:\/\/www.youtube.com\/embed\/8AuW0mU9JDk\" height=\"360\" width=\"640\" allowfullscreen=\"\" frameborder=\"0\"><\/iframe><\/p>\n<p style=\"text-align: justify;\">El refugi antiaeri 647 es va construir a la part m\u00e9s alta del barri, al carrer de Cornudella, i s\u2019endinsava per l\u2019interior del Tur\u00f3 de la Peira a trav\u00e9s del mur de contenci\u00f3. Tenia dues entrades separades per poc m\u00e9s d\u2019una cinquantena de metres, amb dues galeries que hi penetraven perpendicularment i es comunicaven pel final.<\/p>\n<p style=\"text-align: justify;\"><a style=\"color: #ff4b33; line-height: 26.666667938232422px; font-size: 15.555556297302246px; text-align: justify;\" href=\"http:\/\/www.noubarris.net\/relligantnb\/?attachment_id=798\" rel=\"attachment wp-att-798\"><img loading=\"lazy\" decoding=\"async\" class=\"alignleft  wp-image-798\" style=\"margin: 0px 15px 5px 0px;\" alt=\"Pl\u00e0nol refugi Cna Carreres\" src=\"http:\/\/www.noubarris.net\/relligantnb\/wp-content\/uploads\/marc1_REFUGI-CAN_CARRERES_3V-216x300.png\" width=\"216\" height=\"300\" srcset=\"https:\/\/www.noubarris.net\/relligantnb\/wp-content\/uploads\/marc1_REFUGI-CAN_CARRERES_3V-216x300.png 216w, https:\/\/www.noubarris.net\/relligantnb\/wp-content\/uploads\/marc1_REFUGI-CAN_CARRERES_3V-150x208.png 150w, https:\/\/www.noubarris.net\/relligantnb\/wp-content\/uploads\/marc1_REFUGI-CAN_CARRERES_3V.png 432w\" sizes=\"(max-width: 216px) 100vw, 216px\" \/><\/a>Les galeries estaven cobertes de totxanes en la major part del recorregut des de l\u2019entrada. Tant l\u2019amplada com l\u2019al\u00e7\u00e0ria del refugi superaven els dos metres. Les portes, de dimensions m\u00e9s redu\u00efdes, estaven refor\u00e7ades amb totxanes disposades horitzontalment. Al llarg del carrer de Cornudella hi ha un total de quatre entrades d\u2019una factura similar, tancades per portes met\u00e0l\u2022liques.<\/p>\n<p style=\"text-align: justify;\">El refugi reunia les condicions de seguretat recomanades, interiors refor\u00e7ats i dimensions que fugien dels espais amplis, per evitar ensorraments. A m\u00e9s, els refugis havien de tenir una farmaciola i material com pics i pales.<a href=\"http:\/\/www.noubarris.net\/relligantnb\/?attachment_id=799\" rel=\"attachment wp-att-799\"><img loading=\"lazy\" decoding=\"async\" class=\"alignright  wp-image-799\" style=\"margin: 10px 0px 10px 15px;\" alt=\"Entrada refugi Can Carreres\" src=\"http:\/\/www.noubarris.net\/relligantnb\/wp-content\/uploads\/marc2_REFUGI-CAN_CARRERES_1-300x216.png\" width=\"300\" height=\"216\" srcset=\"https:\/\/www.noubarris.net\/relligantnb\/wp-content\/uploads\/marc2_REFUGI-CAN_CARRERES_1-300x216.png 300w, https:\/\/www.noubarris.net\/relligantnb\/wp-content\/uploads\/marc2_REFUGI-CAN_CARRERES_1.png 800w\" sizes=\"(max-width: 300px) 100vw, 300px\" \/><\/a><\/p>\n<p style=\"text-align: justify;\">A Nou Barris es van construir m\u00e9s refugis. \u00a0A la Prosperitat, n\u2019hi havia a la via J\u00falia, al carrer de Flor de Neu, al carrer del Conveni, al carrer del Pou, al carrer de Badosa i al carrer del Jap\u00f3. A les Roquetes, en tenien un al carrer de les Torres i els de Porta, al carrer de Casas i Amig\u00f3.<\/p>\n<p style=\"text-align: justify;\">L\u2019any 1998 l\u2019associaci\u00f3 de ve\u00efns va visitar el refugi de Can Peguera i va comprovar que es trobava en bon estat de conservaci\u00f3. Actualment, l\u2019Ajuntament estudia obrir el refugi al p\u00fablic.<\/p>\n<p style=\"text-align: justify;\"><strong>Ubicaci\u00f3 del Refugi antiaeri de Can Peguera:<\/strong><\/p>\n<p><iframe loading=\"lazy\" src=\"https:\/\/maps.google.es\/maps\/ms?msa=0&amp;msid=201141552239115119793.0004cce2c6bfe7ffbada1&amp;ie=UTF8&amp;t=m&amp;ll=41.434096,2.165369&amp;spn=0.002896,0.006856&amp;z=17&amp;output=embed\" height=\"360\" width=\"640\" frameborder=\"0\" marginwidth=\"0\" marginheight=\"0\" scrolling=\"no\"><\/iframe><br \/>\n<small>Mostra <a style=\"color: #0000ff; text-align: left;\" href=\"https:\/\/maps.google.es\/maps\/ms?msa=0&amp;msid=201141552239115119793.0004cce2c6bfe7ffbada1&amp;ie=UTF8&amp;t=m&amp;ll=41.434096,2.165369&amp;spn=0.002896,0.006856&amp;z=17&amp;source=embed\">Refugi antiaeri de Can Peguera<\/a> en un mapa m\u00e9s gran<\/small><\/p>\n","protected":false},"excerpt":{"rendered":"<p>El de Can Peguera \u00e9s l\u2019\u00fanic refugi antiaeri que es conserva a Nou Barris. Els ve\u00efns el van construir en<\/p>\n","protected":false},"author":1,"featured_media":0,"comment_status":"closed","ping_status":"closed","sticky":false,"template":"","format":"standard","meta":{"_monsterinsights_skip_tracking":false,"_monsterinsights_sitenote_active":false,"_monsterinsights_sitenote_note":"","_monsterinsights_sitenote_category":0,"jetpack_post_was_ever_published":false,"_jetpack_newsletter_access":"","_jetpack_dont_email_post_to_subs":false,"_jetpack_newsletter_tier_id":0,"_jetpack_memberships_contains_paywalled_content":false,"_jetpack_memberships_contains_paid_content":false,"footnotes":"","jetpack_publicize_message":"","jetpack_publicize_feature_enabled":true,"jetpack_social_post_already_shared":false,"jetpack_social_options":{"image_generator_settings":{"template":"highway","enabled":false},"version":2}},"categories":[71,1],"tags":[],"class_list":["post-218","post","type-post","status-publish","format-standard","hentry","category-can-peguera","category-uncategorized"],"jetpack_publicize_connections":[],"aioseo_notices":[],"jetpack_featured_media_url":"","jetpack_shortlink":"https:\/\/wp.me\/p5AnUm-3w","jetpack-related-posts":[],"jetpack_sharing_enabled":true,"_links":{"self":[{"href":"https:\/\/www.noubarris.net\/relligantnb\/index.php?rest_route=\/wp\/v2\/posts\/218"}],"collection":[{"href":"https:\/\/www.noubarris.net\/relligantnb\/index.php?rest_route=\/wp\/v2\/posts"}],"about":[{"href":"https:\/\/www.noubarris.net\/relligantnb\/index.php?rest_route=\/wp\/v2\/types\/post"}],"author":[{"embeddable":true,"href":"https:\/\/www.noubarris.net\/relligantnb\/index.php?rest_route=\/wp\/v2\/users\/1"}],"replies":[{"embeddable":true,"href":"https:\/\/www.noubarris.net\/relligantnb\/index.php?rest_route=%2Fwp%2Fv2%2Fcomments&post=218"}],"version-history":[{"count":0,"href":"https:\/\/www.noubarris.net\/relligantnb\/index.php?rest_route=\/wp\/v2\/posts\/218\/revisions"}],"wp:attachment":[{"href":"https:\/\/www.noubarris.net\/relligantnb\/index.php?rest_route=%2Fwp%2Fv2%2Fmedia&parent=218"}],"wp:term":[{"taxonomy":"category","embeddable":true,"href":"https:\/\/www.noubarris.net\/relligantnb\/index.php?rest_route=%2Fwp%2Fv2%2Fcategories&post=218"},{"taxonomy":"post_tag","embeddable":true,"href":"https:\/\/www.noubarris.net\/relligantnb\/index.php?rest_route=%2Fwp%2Fv2%2Ftags&post=218"}],"curies":[{"name":"wp","href":"https:\/\/api.w.org\/{rel}","templated":true}]}}