{"id":2230,"date":"2015-05-09T18:20:22","date_gmt":"2015-05-09T17:20:22","guid":{"rendered":"http:\/\/www.noubarris.net\/relligantnb\/?p=2230"},"modified":"2016-07-15T15:19:03","modified_gmt":"2016-07-15T14:19:03","slug":"la-cultura-va-de-festa","status":"publish","type":"post","link":"https:\/\/www.noubarris.net\/relligantnb\/?p=2230","title":{"rendered":"La Cultura va de Festa"},"content":{"rendered":"<p style=\"text-align: justify;\">Any rere any, el segon diumenge de maig el Parc de la Guineueta es transforma per un dia en el gran aparador de les entitats de Nou Barris amb motiu de La Cultura Va de Festa.<\/p>\n<p><iframe loading=\"lazy\" src=\"https:\/\/www.youtube.com\/embed\/S3ruoSh54lI\" width=\"640\" height=\"360\" frameborder=\"0\" allowfullscreen=\"allowfullscreen\"><\/iframe><\/p>\n<p style=\"text-align: justify;\">Per entendre l\u2019origen d\u2019aquesta mostra d\u2019entitats cal parlar de l\u2019escola d\u2019adults Freire. L\u2019any 1971 algunes dones del barri, preocupades per les mancances educatives, van comen\u00e7ar a fer classes a casa. Aviat el ve\u00efnat va reclamar que aquesta iniciativa tingu\u00e9s un espai propi i es convert\u00eds en escola p\u00fablica, fet que es va aconseguir el curs 77-78.<\/p>\n<p style=\"text-align: justify;\"><a href=\"http:\/\/www.noubarris.net\/relligantnb\/wp-content\/uploads\/cultura1.png\"><img loading=\"lazy\" decoding=\"async\" class=\"alignnone size-medium wp-image-2260\" src=\"http:\/\/www.noubarris.net\/relligantnb\/wp-content\/uploads\/cultura1-300x218.png\" alt=\"cultura1\" width=\"300\" height=\"218\" srcset=\"https:\/\/www.noubarris.net\/relligantnb\/wp-content\/uploads\/cultura1.png 300w, https:\/\/www.noubarris.net\/relligantnb\/wp-content\/uploads\/cultura1-150x109.png 150w\" sizes=\"(max-width: 300px) 100vw, 300px\" \/><\/a><\/p>\n<p style=\"text-align: justify;\">L\u2019escola Freire, per\u00f2, encara tenia manca d\u2019espai i havia de realitzar les activitats als locals prestats per la parr\u00f2quia de Sant Sebasti\u00e0 i al col\u00b7legi Luz Casanovas, que eren insuficients. L\u2019any 1979 es va comen\u00e7ar a construir l\u2019escola, que va engegar l\u2019any seg\u00fcent.<\/p>\n<p style=\"text-align: justify;\"><img loading=\"lazy\" decoding=\"async\" class=\"alignnone size-medium wp-image-2261\" src=\"http:\/\/www.noubarris.net\/relligantnb\/wp-content\/uploads\/cultura2-300x217.png\" alt=\"cultura2\" width=\"300\" height=\"217\" \/><\/p>\n<p style=\"text-align: justify;\">L\u2019any 1980, per promocionar l\u2019escola i augmentar el nombre d\u2019alumnes del centre, els mestres van decidir treure els tallers i les classes al parc. Va ser un gran esfor\u00e7 per part de mestres i alumnes, que es va veure recompensat amb molt \u00e8xit de participaci\u00f3 i m\u00e9s de 400 alumnes nous. La jornada va finalitzar amb una sardinada.<\/p>\n<p style=\"text-align: justify;\">Ben aviat les entitats del districte es van sumar a aquesta jornada. Amb el pas dels anys La Cultura Va de Festa s\u2019ha consolidat com un dels grans esdeveniments de Nou Barris. Una jornada popular en qu\u00e8 el ve\u00efnat pot descobrir tota l\u2019oferta associativa i cultural del districte, mentre gaudeixen d\u2019un dia ple d\u2019espectacles, m\u00fasica i animaci\u00f3.<\/p>\n<p><iframe loading=\"lazy\" src=\"https:\/\/mapsengine.google.com\/map\/embed?mid=zURixVzSMC0M.kMiodZHnDFxs\" width=\"640\" height=\"360\"><\/iframe><\/p>\n","protected":false},"excerpt":{"rendered":"<p>Any rere any, el segon diumenge de maig el Parc de la Guineueta es transforma per un dia en el<\/p>\n","protected":false},"author":1,"featured_media":0,"comment_status":"closed","ping_status":"closed","sticky":false,"template":"","format":"standard","meta":{"_monsterinsights_skip_tracking":false,"_monsterinsights_sitenote_active":false,"_monsterinsights_sitenote_note":"","_monsterinsights_sitenote_category":0,"jetpack_post_was_ever_published":false,"_jetpack_newsletter_access":"","_jetpack_dont_email_post_to_subs":false,"_jetpack_newsletter_tier_id":0,"_jetpack_memberships_contains_paywalled_content":false,"_jetpack_memberships_contains_paid_content":false,"footnotes":"","jetpack_publicize_message":"","jetpack_publicize_feature_enabled":true,"jetpack_social_post_already_shared":true,"jetpack_social_options":{"image_generator_settings":{"template":"highway","enabled":false},"version":2}},"categories":[70,1],"tags":[],"class_list":["post-2230","post","type-post","status-publish","format-standard","hentry","category-la-guineueta","category-uncategorized"],"jetpack_publicize_connections":[],"aioseo_notices":[],"jetpack_featured_media_url":"","jetpack_shortlink":"https:\/\/wp.me\/p5AnUm-zY","jetpack-related-posts":[],"jetpack_sharing_enabled":true,"_links":{"self":[{"href":"https:\/\/www.noubarris.net\/relligantnb\/index.php?rest_route=\/wp\/v2\/posts\/2230"}],"collection":[{"href":"https:\/\/www.noubarris.net\/relligantnb\/index.php?rest_route=\/wp\/v2\/posts"}],"about":[{"href":"https:\/\/www.noubarris.net\/relligantnb\/index.php?rest_route=\/wp\/v2\/types\/post"}],"author":[{"embeddable":true,"href":"https:\/\/www.noubarris.net\/relligantnb\/index.php?rest_route=\/wp\/v2\/users\/1"}],"replies":[{"embeddable":true,"href":"https:\/\/www.noubarris.net\/relligantnb\/index.php?rest_route=%2Fwp%2Fv2%2Fcomments&post=2230"}],"version-history":[{"count":0,"href":"https:\/\/www.noubarris.net\/relligantnb\/index.php?rest_route=\/wp\/v2\/posts\/2230\/revisions"}],"wp:attachment":[{"href":"https:\/\/www.noubarris.net\/relligantnb\/index.php?rest_route=%2Fwp%2Fv2%2Fmedia&parent=2230"}],"wp:term":[{"taxonomy":"category","embeddable":true,"href":"https:\/\/www.noubarris.net\/relligantnb\/index.php?rest_route=%2Fwp%2Fv2%2Fcategories&post=2230"},{"taxonomy":"post_tag","embeddable":true,"href":"https:\/\/www.noubarris.net\/relligantnb\/index.php?rest_route=%2Fwp%2Fv2%2Ftags&post=2230"}],"curies":[{"name":"wp","href":"https:\/\/api.w.org\/{rel}","templated":true}]}}