{"id":2232,"date":"2015-05-09T18:23:06","date_gmt":"2015-05-09T17:23:06","guid":{"rendered":"http:\/\/www.noubarris.net\/relligantnb\/?p=2232"},"modified":"2015-05-09T18:23:06","modified_gmt":"2015-05-09T17:23:06","slug":"casal-de-barri-de-la-prosperitat","status":"publish","type":"post","link":"https:\/\/www.noubarris.net\/relligantnb\/?p=2232","title":{"rendered":"Casal de Barri de la Prosperitat"},"content":{"rendered":"<p style=\"text-align: justify;\">La Prosperitat, nascuda als anys 20, va cr\u00e9ixer sense previsi\u00f3, en un moment en qu\u00e8 la poblaci\u00f3 de Barcelona es multiplicava. Aquest fet va motivar l\u2019alta densitat del barri i la manca d\u2019espais oberts.<\/p>\n<p><iframe loading=\"lazy\" src=\"https:\/\/www.youtube.com\/embed\/PQhQ86xlCY0\" width=\"640\" height=\"360\" frameborder=\"0\" allowfullscreen=\"allowfullscreen\"><\/iframe><\/p>\n<p style=\"text-align: justify;\">L&#8217;any 1970 una promoci\u00f3 immobili\u00e0ria fraudulenta va deixar molts ve\u00efns sense habitatge al pla de Santa Engr\u00e0cia, l\u2019actual pla\u00e7a d&#8217;\u00c0ngel Pesta\u00f1a. Algunes d\u2019aquestes fam\u00edlies van haver d\u2019instal\u00b7lar-se en barraques al pla. Aquest va ser l\u2019inici d\u2019una llarga lluita per aconseguir habitatges dignes i un barri en condicions.<img loading=\"lazy\" decoding=\"async\" class=\"alignnone size-medium wp-image-2251\" src=\"http:\/\/www.noubarris.net\/relligantnb\/wp-content\/uploads\/prospe1-300x217.png\" alt=\"prospe1\" width=\"300\" height=\"217\" srcset=\"https:\/\/www.noubarris.net\/relligantnb\/wp-content\/uploads\/prospe1.png 300w, https:\/\/www.noubarris.net\/relligantnb\/wp-content\/uploads\/prospe1-150x109.png 150w\" sizes=\"(max-width: 300px) 100vw, 300px\" \/><\/p>\n<p style=\"text-align: justify;\">Aviat la lluita dels ve\u00efns del pla de Santa Engr\u00e0cia es va fer extensiva a tots aquells que volien millores a tot el barri. Entre les reivindicacions del ve\u00efnat destacaven la urbanitzaci\u00f3 del pla i la creaci\u00f3 d\u2019un local social per dinamitzar la Prosperitat socialment i culturalment.<\/p>\n<p style=\"text-align: justify;\"><img loading=\"lazy\" decoding=\"async\" class=\"alignnone size-medium wp-image-2252\" src=\"http:\/\/www.noubarris.net\/relligantnb\/wp-content\/uploads\/prospe2-300x204.png\" alt=\"prospe2\" width=\"300\" height=\"204\" \/><\/p>\n<p style=\"text-align: justify;\">L\u2019any 1886 es va inaugurar la pla\u00e7a d\u2019Angel Pesta\u00f1a i, dos anys m\u00e9s tard, despr\u00e9s de 17 anys de lluita, es va inaugurar oficialment el casal de barri. Durant els primers anys l\u2019equipament va ser gestionat per una comissi\u00f3 formada per membres de l\u2019associaci\u00f3 ve\u00efns, per entitats del barri i per persones compromeses amb un projecte.<\/p>\n<p style=\"text-align: justify;\">Des de l\u2019inici l\u2019equipament ha mantingut una rica vida sociocultural i ha acollit tot tipus d\u2019activitats. Tamb\u00e9 ha ofert un espai de reuni\u00f3 a les entitats i una plataforma per promoure campanyes i programar activitats. El casal tamb\u00e9 participa activament de la Coordinadora Cultural de Nou Barris en activitats com la Nit d&#8217;\u00e0nimes, el Carnaval, La Cultura Va de Festa o a la Festa Major de la Prosperitat i d\u00f3na suport a col\u00b7lectius i entitats com la Xarxa 9 Barris Acull o el Prospe Beach.<\/p>\n<p style=\"text-align: justify;\">Una traject\u00f2ria de m\u00e9s de 25 anys que han convertit aquest equipament autogestionat en un dels epicentres de la Prosperitat, on es concentren activitats i lluites, per\u00f2 tamb\u00e9 on es facilita la integraci\u00f3 ve\u00efnal.<\/p>\n<p><iframe loading=\"lazy\" src=\"https:\/\/mapsengine.google.com\/map\/embed?mid=zURixVzSMC0M.keU4RUWdWozk\" width=\"640\" height=\"360\"><\/iframe><\/p>\n","protected":false},"excerpt":{"rendered":"<p>La Prosperitat, nascuda als anys 20, va cr\u00e9ixer sense previsi\u00f3, en un moment en qu\u00e8 la poblaci\u00f3 de Barcelona es<\/p>\n","protected":false},"author":1,"featured_media":0,"comment_status":"closed","ping_status":"closed","sticky":false,"template":"","format":"standard","meta":{"_monsterinsights_skip_tracking":false,"_monsterinsights_sitenote_active":false,"_monsterinsights_sitenote_note":"","_monsterinsights_sitenote_category":0,"jetpack_post_was_ever_published":false,"_jetpack_newsletter_access":"","_jetpack_dont_email_post_to_subs":false,"_jetpack_newsletter_tier_id":0,"_jetpack_memberships_contains_paywalled_content":false,"_jetpack_memberships_contains_paid_content":false,"footnotes":"","jetpack_publicize_message":"","jetpack_publicize_feature_enabled":true,"jetpack_social_post_already_shared":true,"jetpack_social_options":{"image_generator_settings":{"template":"highway","enabled":false},"version":2}},"categories":[74,1],"tags":[],"class_list":["post-2232","post","type-post","status-publish","format-standard","hentry","category-la-prosperitat","category-uncategorized"],"jetpack_publicize_connections":[],"aioseo_notices":[],"jetpack_featured_media_url":"","jetpack_shortlink":"https:\/\/wp.me\/p5AnUm-A0","jetpack-related-posts":[],"jetpack_sharing_enabled":true,"_links":{"self":[{"href":"https:\/\/www.noubarris.net\/relligantnb\/index.php?rest_route=\/wp\/v2\/posts\/2232"}],"collection":[{"href":"https:\/\/www.noubarris.net\/relligantnb\/index.php?rest_route=\/wp\/v2\/posts"}],"about":[{"href":"https:\/\/www.noubarris.net\/relligantnb\/index.php?rest_route=\/wp\/v2\/types\/post"}],"author":[{"embeddable":true,"href":"https:\/\/www.noubarris.net\/relligantnb\/index.php?rest_route=\/wp\/v2\/users\/1"}],"replies":[{"embeddable":true,"href":"https:\/\/www.noubarris.net\/relligantnb\/index.php?rest_route=%2Fwp%2Fv2%2Fcomments&post=2232"}],"version-history":[{"count":0,"href":"https:\/\/www.noubarris.net\/relligantnb\/index.php?rest_route=\/wp\/v2\/posts\/2232\/revisions"}],"wp:attachment":[{"href":"https:\/\/www.noubarris.net\/relligantnb\/index.php?rest_route=%2Fwp%2Fv2%2Fmedia&parent=2232"}],"wp:term":[{"taxonomy":"category","embeddable":true,"href":"https:\/\/www.noubarris.net\/relligantnb\/index.php?rest_route=%2Fwp%2Fv2%2Fcategories&post=2232"},{"taxonomy":"post_tag","embeddable":true,"href":"https:\/\/www.noubarris.net\/relligantnb\/index.php?rest_route=%2Fwp%2Fv2%2Ftags&post=2232"}],"curies":[{"name":"wp","href":"https:\/\/api.w.org\/{rel}","templated":true}]}}