{"id":2240,"date":"2015-05-04T18:11:39","date_gmt":"2015-05-04T17:11:39","guid":{"rendered":"http:\/\/www.noubarris.net\/relligantnb\/?p=2240"},"modified":"2019-10-02T14:00:00","modified_gmt":"2019-10-02T13:00:00","slug":"els-aurigues-olimpics-de-can-drago","status":"publish","type":"post","link":"https:\/\/www.noubarris.net\/relligantnb\/?p=2240","title":{"rendered":"Els Aurigues Ol\u00edmpics de Can Drag\u00f3"},"content":{"rendered":"<p style=\"text-align: justify;\">L\u2019any 1928 l\u2019escultor Pau Gargallo va rebre dos enc\u00e0rrecs. Un conjunt escult\u00f2ric format per dos atletes a cavall i un altre conjunt format per dos aurigues conduint dues bigues. Les escultures havien de presidir l\u2019Estadi Ol\u00edmpic de Montju\u00efc, que es va inaugurar l\u2019any 1929 amb motiu de l\u2019Exposici\u00f3 Internacional de Barcelona.<\/p>\n<p style=\"text-align: center;\"><iframe loading=\"lazy\" src=\"https:\/\/www.youtube.com\/embed\/jK_qr5tgBnQ\" width=\"640\" height=\"360\" frameborder=\"0\" allowfullscreen=\"allowfullscreen\"><\/iframe><\/p>\n<p style=\"text-align: justify;\">En \u00e8poca de l\u2019imperi rom\u00e0 els aurigues eren els esclaus que condu\u00efen els carros en les curses de cavalls. D\u2019aquesta manera, a principis del segle XX, en ple Noucentisme, es va recuperar una figura del passat cl\u00e0ssic. Els aurigues de Gargallo van decorar la porta de Marat\u00f3 de l\u2019estadi de Montju\u00efc, que havia estat pensat amb l\u2019esperan\u00e7a que la ciutat acoll\u00eds un jocs ol\u00edmpics.<\/p>\n<p style=\"text-align: center;\"><iframe loading=\"lazy\" src=\"https:\/\/www.youtube.com\/embed\/dykc1pop8ls\" width=\"640\" height=\"360\" frameborder=\"0\" allowfullscreen=\"allowfullscreen\"><span data-mce-type=\"bookmark\" style=\"display: inline-block; width: 0px; overflow: hidden; line-height: 0;\" class=\"mce_SELRES_start\">\ufeff<\/span><\/iframe><\/p>\n<p style=\"text-align: center;\"><span style=\"color: #ff9900;\"><em>Si fas servir un tel\u00e8fon intel\u00b7ligent o tauleta, gaudir\u00e0s m\u00e9s de l&#8217;experi\u00e8ncia obrint<br \/>\n<\/em><\/span><span style=\"color: #ff9900;\"><em>el v\u00eddeo en mode ulleres 360\u00ba a <\/em><strong><em><a style=\"color: #ff9900;\" href=\"https:\/\/www.youtube.com\/embed\/dykc1pop8ls\"> l&#8217;App de YouTube<\/a> .<\/em><\/strong><\/span><\/p>\n<p style=\"text-align: justify;\">Des dels anys 60 l\u2019estadi va restar sense \u00fas, fins a estar gaireb\u00e9 en ru\u00efna, i els aurigues de Gargallo es van malmetre.La pedra artificial amb qu\u00e8 havien estat fets s\u2019havia degradat.<\/p>\n<p style=\"text-align: justify;\"><img loading=\"lazy\" decoding=\"async\" class=\"size-medium wp-image-2264 alignright\" src=\"http:\/\/www.noubarris.net\/relligantnb\/wp-content\/uploads\/Aurigues2-300x189.png\" alt=\"Aurigues2\" width=\"300\" height=\"189\" srcset=\"https:\/\/www.noubarris.net\/relligantnb\/wp-content\/uploads\/Aurigues2.png 300w, https:\/\/www.noubarris.net\/relligantnb\/wp-content\/uploads\/Aurigues2-150x95.png 150w\" sizes=\"(max-width: 300px) 100vw, 300px\" \/><\/p>\n<p style=\"text-align: justify;\">Amb els preparatius dels Jocs Ol\u00edmpics de 1992 l\u2019estadi es va recuperar i van fer uns motlles de guix dels aurigues, cosa que van permetre fer-ne una c\u00f2pia en fibra de vidre. Aquesta r\u00e8plica va coronar l\u2019estadi l\u2019estiu de 1989.<\/p>\n<p style=\"text-align: justify;\"><img loading=\"lazy\" decoding=\"async\" class=\"alignnone size-medium wp-image-2263\" src=\"http:\/\/www.noubarris.net\/relligantnb\/wp-content\/uploads\/Aurigues1-300x213.png\" alt=\"Aurigues1\" width=\"300\" height=\"213\" \/><\/p>\n<p style=\"text-align: justify;\">El mateix any tamb\u00e9 es va encarregar una altra c\u00f2pia en bronze de la pe\u00e7a a la mateixa escultora que l\u2019havia restaurada, Marta Polo. A finals dels anys 80 i principis dels 90, l&#8217;Ajuntament va guarnir Nou Barris amb diversos monuments, un dels quals va ser aquesta segona r\u00e8plica dels aurigues ol\u00edmpics. El 13 de maig de 1991 l\u2019obra va ser col\u00b7locada al nou complex esportiu de Can Drag\u00f3 i va quedar integrada al parc en un turonet dissenyat per l\u2019arquitecte municipal Enric Peric\u00e0s.<\/p>\n<p style=\"text-align: justify;\">El fet de tenir-ne dues r\u00e8pliques ens permet observar les escultures des de dos punts de vista diferents. A Nou Barris, situats al capdamunt del tur\u00f3, els aurigues guanyen un contrapicat que els atorga dinamisme i for\u00e7a. I la possibilitat d&#8217;accedir al cim i situar-se al costat de les escultures tamb\u00e9 permet observar-ne tots els detalls.<\/p>\n<p><iframe loading=\"lazy\" src=\"https:\/\/mapsengine.google.com\/map\/embed?mid=zURixVzSMC0M.kjrmn5m_4GKg\" width=\"640\" height=\"360\"><\/iframe><\/p>\n","protected":false},"excerpt":{"rendered":"<p>L\u2019any 1928 l\u2019escultor Pau Gargallo va rebre dos enc\u00e0rrecs. Un conjunt escult\u00f2ric format per dos atletes a cavall i un<\/p>\n","protected":false},"author":1,"featured_media":0,"comment_status":"closed","ping_status":"closed","sticky":false,"template":"","format":"standard","meta":{"_monsterinsights_skip_tracking":false,"_monsterinsights_sitenote_active":false,"_monsterinsights_sitenote_note":"","_monsterinsights_sitenote_category":0,"jetpack_post_was_ever_published":false,"_jetpack_newsletter_access":"","_jetpack_dont_email_post_to_subs":false,"_jetpack_newsletter_tier_id":0,"_jetpack_memberships_contains_paywalled_content":false,"_jetpack_memberships_contains_paid_content":false,"footnotes":"","jetpack_publicize_message":"","jetpack_publicize_feature_enabled":true,"jetpack_social_post_already_shared":true,"jetpack_social_options":{"image_generator_settings":{"template":"highway","enabled":false},"version":2}},"categories":[84,77,1],"tags":[],"class_list":["post-2240","post","type-post","status-publish","format-standard","hentry","category-videos-en-360-graus","category-porta","category-uncategorized"],"jetpack_publicize_connections":[],"aioseo_notices":[],"jetpack_featured_media_url":"","jetpack_shortlink":"https:\/\/wp.me\/p5AnUm-A8","jetpack-related-posts":[],"jetpack_sharing_enabled":true,"_links":{"self":[{"href":"https:\/\/www.noubarris.net\/relligantnb\/index.php?rest_route=\/wp\/v2\/posts\/2240"}],"collection":[{"href":"https:\/\/www.noubarris.net\/relligantnb\/index.php?rest_route=\/wp\/v2\/posts"}],"about":[{"href":"https:\/\/www.noubarris.net\/relligantnb\/index.php?rest_route=\/wp\/v2\/types\/post"}],"author":[{"embeddable":true,"href":"https:\/\/www.noubarris.net\/relligantnb\/index.php?rest_route=\/wp\/v2\/users\/1"}],"replies":[{"embeddable":true,"href":"https:\/\/www.noubarris.net\/relligantnb\/index.php?rest_route=%2Fwp%2Fv2%2Fcomments&post=2240"}],"version-history":[{"count":0,"href":"https:\/\/www.noubarris.net\/relligantnb\/index.php?rest_route=\/wp\/v2\/posts\/2240\/revisions"}],"wp:attachment":[{"href":"https:\/\/www.noubarris.net\/relligantnb\/index.php?rest_route=%2Fwp%2Fv2%2Fmedia&parent=2240"}],"wp:term":[{"taxonomy":"category","embeddable":true,"href":"https:\/\/www.noubarris.net\/relligantnb\/index.php?rest_route=%2Fwp%2Fv2%2Fcategories&post=2240"},{"taxonomy":"post_tag","embeddable":true,"href":"https:\/\/www.noubarris.net\/relligantnb\/index.php?rest_route=%2Fwp%2Fv2%2Ftags&post=2240"}],"curies":[{"name":"wp","href":"https:\/\/api.w.org\/{rel}","templated":true}]}}