{"id":2322,"date":"2016-04-05T18:20:36","date_gmt":"2016-04-05T17:20:36","guid":{"rendered":"http:\/\/www.noubarris.net\/relligantnb\/?p=2322"},"modified":"2022-06-27T10:05:45","modified_gmt":"2022-06-27T09:05:45","slug":"placa-dangel-pestana","status":"publish","type":"post","link":"https:\/\/www.noubarris.net\/relligantnb\/?p=2322","title":{"rendered":"Pla\u00e7a d\u2019\u00c0ngel Pesta\u00f1a"},"content":{"rendered":"<p style=\"text-align: justify;\">Les lluites ve\u00efnals han marcat els carrers i les places del districte de Nou Barris. Un bon exemple \u00e9s la pla\u00e7a d\u2019\u00c1ngel Pesta\u00f1a, un espai p\u00fablic que ha esdevingut el cor de la vida social del barri de la Prosperitat.<\/p>\n<p><iframe loading=\"lazy\" src=\"https:\/\/www.youtube.com\/embed\/jLaoSB_Bw3k\" width=\"640\" height=\"360\" frameborder=\"0\" allowfullscreen=\"allowfullscreen\"><\/iframe><\/p>\n<p style=\"text-align: justify;\">Per\u00f2 abans que aquesta pla\u00e7a fos un espai emblem\u00e0tic del districte era un descampat degradat conegut amb el nom del Pla de Santa Engr\u00e0cia. A principis dels anys seixanta un empresari va deixar a mitges la construcci\u00f3 d&#8217;uns habitatges entre els carrers de Casanovas i Sant Francesc Xavier. Uns pisos que havia venut a dos o tres compradors simult\u00e0niament.<\/p>\n<p style=\"text-align: justify;\">El constructor va ser condemnat per\u00f2 els pisos van quedar a mig fer i alguns dels ve\u00efns afectats van ocupar-los. Algunes fam\u00edlies van instal\u2022lar-se en barraques al pla de Santa Engr\u00e0cia en unes condicions molt prec\u00e0ries, sense aigua o llum o serveis. Uns infrahabitatges que ni tan sols apareixien als informes de l\u2019ajuntament.<\/p>\n<p>&nbsp;<\/p>\n<div class=\"jetpack-video-wrapper\"><iframe loading=\"lazy\" title=\"Pla\u00e7a d&#039;\u00c0ngel Pesta\u00f1a | RNB 360 |\" width=\"800\" height=\"450\" src=\"https:\/\/www.youtube.com\/embed\/CZ0XOw_enSk?feature=oembed\" frameborder=\"0\" allow=\"accelerometer; autoplay; clipboard-write; encrypted-media; gyroscope; picture-in-picture; web-share\" referrerpolicy=\"strict-origin-when-cross-origin\" allowfullscreen><\/iframe><\/div>\n<p style=\"text-align: center;\"><em>Si fas servir un tel\u00e8fon intel\u00b7ligent o tauleta, gaudir\u00e0s m\u00e9s de l\u2019experi\u00e8ncia obrint<br \/>\n<\/em><em>el v\u00eddeo en mode ulleres 360\u00ba a\u00a0<\/em><strong><em><a href=\"https:\/\/www.youtube.com\/embed\/dykc1pop8ls\">l\u2019App de YouTube<\/a>\u00a0.<\/em><\/strong><\/p>\n<p style=\"text-align: justify;\">Aquest va ser l&#8217;inici de les reivindicacions ve\u00efnals per aconseguir habitatges dignes i millores en aquest espai castigat per un urbanisme ca\u00f2tic i basat en l\u2019especulaci\u00f3. Despr\u00e9s d\u2019anys de lluites les associacions de ve\u00efns van aconseguir que l\u2019any 1983 els barraquistes fossin traslladats als nous habitatges de Renfe-Meridiana.<\/p>\n<p style=\"text-align: justify;\">L\u2019any 1986 es va inaugurar la pla\u00e7a, que va dur el nom d\u2019\u00c1ngel Pesta\u00f1a, en record d\u2019aquest important anarcosindicalista del segle XX.<\/p>\n<p style=\"text-align: justify;\">Un exemple de les lluites que ha viscut va ser la que va enfrontar el ve\u00efnat amb FECSA. L\u2019empresa volia posar un transformador en el forat on actualment s&#8217;ubica el Casal de Barri per\u00f2 els ve\u00efns van fer una protesta i van evitar-ho. Van arrossegar cotxes abandonats cap al solar, tamb\u00e9 per demanar que es traiessin els vehicles del barri.<\/p>\n<p style=\"text-align: justify;\">La inauguraci\u00f3 del Casal de Barri de la Prosperitat l\u2019any 1988 va permetre que el que havia sigut un espai degradat amb el temps faci la funci\u00f3 de pla\u00e7a major del barri de la Prosperitat. \u00c9s l\u2019escenari d\u2019assemblees, mobilitzacions per\u00f2 tamb\u00e9 de nombrosos actes culturals i festius. El m\u00e9s curi\u00f3s \u00e9s el Prospebeach, que converteix els estius la pla\u00e7a en una platja.<\/p>\n<p style=\"text-align: justify;\">L\u2019\u00fas i la manca de manteniment van obligar a remodelar la pla\u00e7a l\u2019any 2001. Unes obres que van haver de fer-se i corregir-se en tres fases i que van durar 10 anys. Els ve\u00efns volien mantenir el car\u00e0cter amable de la pla\u00e7a, per\u00f2 el projecte de construcci\u00f3 d\u2019un aparcament subterrani va hipotecar-ne la fesomia final. Tot i aix\u00f2, l\u2019espai continua sent el cor del barri, i conserva un dels seus s\u00edmbols m\u00e9s emblem\u00e0tics: la Font Mutant d\u2019Enric Pladevall.<\/p>\n<p style=\"text-align: justify;\"><strong>Ubicaci\u00f3 de la Pla\u00e7a d&#8217;\u00c0ngel Pesta\u00f1a:<\/strong><\/p>\n<p><iframe loading=\"lazy\" src=\"https:\/\/www.google.com\/maps\/d\/embed?mid=zURixVzSMC0M.k7KUJja4Xfa0\" width=\"640\" height=\"360\"><\/iframe><\/p>\n","protected":false},"excerpt":{"rendered":"<p>Les lluites ve\u00efnals han marcat els carrers i les places del districte de Nou Barris. Un bon exemple \u00e9s la<\/p>\n","protected":false},"author":1,"featured_media":0,"comment_status":"closed","ping_status":"closed","sticky":false,"template":"","format":"standard","meta":{"_monsterinsights_skip_tracking":false,"_monsterinsights_sitenote_active":false,"_monsterinsights_sitenote_note":"","_monsterinsights_sitenote_category":0,"jetpack_post_was_ever_published":false,"_jetpack_newsletter_access":"","_jetpack_dont_email_post_to_subs":false,"_jetpack_newsletter_tier_id":0,"_jetpack_memberships_contains_paywalled_content":false,"_jetpack_memberships_contains_paid_content":false,"footnotes":"","jetpack_publicize_message":"","jetpack_publicize_feature_enabled":true,"jetpack_social_post_already_shared":true,"jetpack_social_options":{"image_generator_settings":{"template":"highway","enabled":false},"version":2}},"categories":[84,74,1],"tags":[],"class_list":["post-2322","post","type-post","status-publish","format-standard","hentry","category-videos-en-360-graus","category-la-prosperitat","category-uncategorized"],"jetpack_publicize_connections":[],"aioseo_notices":[],"jetpack_featured_media_url":"","jetpack_shortlink":"https:\/\/wp.me\/p5AnUm-Bs","jetpack-related-posts":[],"jetpack_sharing_enabled":true,"_links":{"self":[{"href":"https:\/\/www.noubarris.net\/relligantnb\/index.php?rest_route=\/wp\/v2\/posts\/2322"}],"collection":[{"href":"https:\/\/www.noubarris.net\/relligantnb\/index.php?rest_route=\/wp\/v2\/posts"}],"about":[{"href":"https:\/\/www.noubarris.net\/relligantnb\/index.php?rest_route=\/wp\/v2\/types\/post"}],"author":[{"embeddable":true,"href":"https:\/\/www.noubarris.net\/relligantnb\/index.php?rest_route=\/wp\/v2\/users\/1"}],"replies":[{"embeddable":true,"href":"https:\/\/www.noubarris.net\/relligantnb\/index.php?rest_route=%2Fwp%2Fv2%2Fcomments&post=2322"}],"version-history":[{"count":1,"href":"https:\/\/www.noubarris.net\/relligantnb\/index.php?rest_route=\/wp\/v2\/posts\/2322\/revisions"}],"predecessor-version":[{"id":3056,"href":"https:\/\/www.noubarris.net\/relligantnb\/index.php?rest_route=\/wp\/v2\/posts\/2322\/revisions\/3056"}],"wp:attachment":[{"href":"https:\/\/www.noubarris.net\/relligantnb\/index.php?rest_route=%2Fwp%2Fv2%2Fmedia&parent=2322"}],"wp:term":[{"taxonomy":"category","embeddable":true,"href":"https:\/\/www.noubarris.net\/relligantnb\/index.php?rest_route=%2Fwp%2Fv2%2Fcategories&post=2322"},{"taxonomy":"post_tag","embeddable":true,"href":"https:\/\/www.noubarris.net\/relligantnb\/index.php?rest_route=%2Fwp%2Fv2%2Ftags&post=2322"}],"curies":[{"name":"wp","href":"https:\/\/api.w.org\/{rel}","templated":true}]}}