{"id":2419,"date":"2017-04-07T13:19:58","date_gmt":"2017-04-07T12:19:58","guid":{"rendered":"http:\/\/www.noubarris.net\/relligantnb\/?p=2419"},"modified":"2017-05-23T12:27:50","modified_gmt":"2017-05-23T11:27:50","slug":"passatge-de-santa-eulalia","status":"publish","type":"post","link":"https:\/\/www.noubarris.net\/relligantnb\/?p=2419","title":{"rendered":"Passatge de Santa Eul\u00e0lia"},"content":{"rendered":"<p>El passatge de santa Eul\u00e0lia t\u00e9 una estreta relaci\u00f3 amb el pintor modernista Ramon Casas. Una cosina de l&#8217;artista, \u00c0ngels Puig Espa\u00f1a, va comprar el 1900 tota l&#8217;heretat de Can Garrig\u00f3 amb la intenci\u00f3 de parcel\u00b7lar la finca i vendre-la en terrenys. Molts dels compradors van ser familiars i socis de la seva f\u00e0brica t\u00e8xtil de Sant Benet de Bages. Can Garrig\u00f3 comprenia els terrenys des de l&#8217;actual carrer de Concepci\u00f3 Arenal fins al carrer d&#8217;Arnau d&#8217;Oms i des de la Riera d&#8217;Horta fins al que seria pr\u00e0cticament el passeig de Fabra i Puig.<\/p>\n<p><iframe loading=\"lazy\" width=\"640\" height=\"360\" src=\"https:\/\/www.youtube.com\/embed\/GzL59Qtn2ks\" frameborder=\"0\" allowfullscreen><\/iframe><\/p>\n<p>L&#8217;any 1912, Ramon Casas i les seves dues germanes van heretar de la seva mare una part dels terrenys. All\u00e0 un Nebot de Ramon Casas, Santiago Codina, va construir una s\u00e8rie de cases amb estil brit\u00e0nic entre els anys 1928 i 1931, obra de l&#8217;arquitecte Josep Maria Ros i Vila. Molts dels inquilins dels nous habitatges seran treballadors dels Tallers del Nord o de la Hispano-Suiza.<\/p>\n<p>En un principi l&#8217;illa de cases estava bastant a\u00efllada fins que la urbanitzaci\u00f3 les va envoltar. L&#8217;any 1976 l&#8217;ajuntament va aprovar un pla urban\u00edstic que amena\u00e7ava de convertir en zona verda i blocs de pisos les 36 cases de l&#8217;illa del passatge de Santa Eul\u00e0lia.<\/p>\n<p>Durant 40 anys els ve\u00efns han lluitat per suspendre aquesta afectaci\u00f3 urban\u00edstica i salvar casa seva. Enmig d&#8217;aquesta lluita, un ve\u00ed va descobrir la relaci\u00f3 del passatge amb la fam\u00edlia de Ramon Casas, un argument que han fet servir per aconseguir la seva fita. Finalment, l&#8217;any 2016 l&#8217;Ajuntament va iniciar el proc\u00e9s de desafectaci\u00f3 i conservaci\u00f3 de les cases i del passatge.<\/p>\n<p><strong>Ubicaci\u00f3 del Passatge de Santa Eul\u00e0lia:<\/strong><\/p>\n<p><iframe loading=\"lazy\" src=\"https:\/\/www.google.com\/maps\/d\/embed?mid=1iVqUFj6BGXqHvUMNb92JZ_hjNEA\" width=\"640\" height=\"360\"><\/iframe><\/p>\n","protected":false},"excerpt":{"rendered":"<p>El passatge de santa Eul\u00e0lia t\u00e9 una estreta relaci\u00f3 amb el pintor modernista Ramon Casas. Una cosina de l&#8217;artista, \u00c0ngels<\/p>\n","protected":false},"author":1,"featured_media":0,"comment_status":"closed","ping_status":"closed","sticky":false,"template":"","format":"standard","meta":{"_monsterinsights_skip_tracking":false,"_monsterinsights_sitenote_active":false,"_monsterinsights_sitenote_note":"","_monsterinsights_sitenote_category":0,"jetpack_post_was_ever_published":false,"_jetpack_newsletter_access":"","_jetpack_dont_email_post_to_subs":false,"_jetpack_newsletter_tier_id":0,"_jetpack_memberships_contains_paywalled_content":false,"_jetpack_memberships_contains_paid_content":false,"footnotes":"","jetpack_publicize_message":"","jetpack_publicize_feature_enabled":true,"jetpack_social_post_already_shared":true,"jetpack_social_options":{"image_generator_settings":{"template":"highway","enabled":false},"version":2}},"categories":[81],"tags":[],"class_list":["post-2419","post","type-post","status-publish","format-standard","hentry","category-vilapicina-i-la-torrellobeta"],"jetpack_publicize_connections":[],"aioseo_notices":[],"jetpack_featured_media_url":"","jetpack_shortlink":"https:\/\/wp.me\/p5AnUm-D1","jetpack-related-posts":[],"jetpack_sharing_enabled":true,"_links":{"self":[{"href":"https:\/\/www.noubarris.net\/relligantnb\/index.php?rest_route=\/wp\/v2\/posts\/2419"}],"collection":[{"href":"https:\/\/www.noubarris.net\/relligantnb\/index.php?rest_route=\/wp\/v2\/posts"}],"about":[{"href":"https:\/\/www.noubarris.net\/relligantnb\/index.php?rest_route=\/wp\/v2\/types\/post"}],"author":[{"embeddable":true,"href":"https:\/\/www.noubarris.net\/relligantnb\/index.php?rest_route=\/wp\/v2\/users\/1"}],"replies":[{"embeddable":true,"href":"https:\/\/www.noubarris.net\/relligantnb\/index.php?rest_route=%2Fwp%2Fv2%2Fcomments&post=2419"}],"version-history":[{"count":0,"href":"https:\/\/www.noubarris.net\/relligantnb\/index.php?rest_route=\/wp\/v2\/posts\/2419\/revisions"}],"wp:attachment":[{"href":"https:\/\/www.noubarris.net\/relligantnb\/index.php?rest_route=%2Fwp%2Fv2%2Fmedia&parent=2419"}],"wp:term":[{"taxonomy":"category","embeddable":true,"href":"https:\/\/www.noubarris.net\/relligantnb\/index.php?rest_route=%2Fwp%2Fv2%2Fcategories&post=2419"},{"taxonomy":"post_tag","embeddable":true,"href":"https:\/\/www.noubarris.net\/relligantnb\/index.php?rest_route=%2Fwp%2Fv2%2Ftags&post=2419"}],"curies":[{"name":"wp","href":"https:\/\/api.w.org\/{rel}","templated":true}]}}