{"id":2421,"date":"2017-04-07T13:18:02","date_gmt":"2017-04-07T12:18:02","guid":{"rendered":"http:\/\/www.noubarris.net\/relligantnb\/?p=2421"},"modified":"2017-05-04T15:08:57","modified_gmt":"2017-05-04T14:08:57","slug":"placa-roja-de-la-ciutat-meridiana","status":"publish","type":"post","link":"https:\/\/www.noubarris.net\/relligantnb\/?p=2421","title":{"rendered":"Pla\u00e7a Roja de Ciutat Meridiana"},"content":{"rendered":"<p>Ciutat Meridiana es va crear a mitjans dels seixanta, com a resultat d&#8217;anys d&#8217;especulaci\u00f3. En un principi la zona havia d&#8217;acollir un nou cementiri per a Barcelona, per\u00f2 el projecte va ser desestimat perqu\u00e8 la zona era massa humida i els terrenys es trobaven a la zona m\u00e9s ombr\u00edvola de la serra.<\/p>\n<p><iframe loading=\"lazy\" width=\"640\" height=\"360\" src=\"https:\/\/www.youtube.com\/embed\/toTIa5qJJNE\" frameborder=\"0\" allowfullscreen><\/iframe><\/p>\n<p>Els terrenys eren propietat d&#8217;Enric Ban\u00fas, l&#8217;impulsor de Puerto Ban\u00fas, qui va redirigir la inversi\u00f3 cap al sector immobiliari. Ban\u00fas, amb la col\u00b7laboraci\u00f3 de Juan Antonio Samaranch i l&#8217;alcalde Porcioles, entre altres, va impulsar l&#8217;aprovaci\u00f3 d&#8217;un pla urbanitzar un nou barri de 33 hect\u00e0rees. Els blocs es van construir en quatre anys, per\u00f2 Ciutat Meridiana va quedar inacabada, sense equipaments ni urbanitzaci\u00f3, com \u00e9s el cas d&#8217;altres pol\u00edgons de l&#8217;\u00e8poca. Els compradors d&#8217;aquells habitatges van ser sobretot gent jove procedent de tot l&#8217;estat.<br \/>\nA m\u00e9s de les mancances del barri, els ve\u00efns van haver d&#8217;afrontar problemes i defici\u00e8ncies als pisos, com ara humitats. L&#8217;any 1970 hi van haver m\u00e9s de 300 den\u00fancies en aquest sentit.<br \/>\nTot plegat va generar diverses lluites ve\u00efnals amb un punt de trobada concret: l&#8217;actual pla\u00e7a Roja. Aleshores era un descampat en qu\u00e8 els ve\u00efns, que se sentien estafats, es manifestaven i reunien. Fins i tot va ser l&#8217;escenari d&#8217;un concurs de cacera de rates l&#8217;any 73.<\/p>\n<p>Aquestes mobilitzacions solien acabar en escaramusses amb els grisos. I precisament van ser les autoritats franquistes qui van originar el nom de la pla\u00e7a Roja, ja que van donar als ve\u00efns fama de rojos. Quan va arribar el moment de batejar oficialment la pla\u00e7a, els ve\u00efns van triar la pla\u00e7a Roja com a record d&#8217;aquells temps de lluita.<\/p>\n<p>Durant molts anys, el local de l&#8217;associaci\u00f3 de ve\u00efns estava a la pla\u00e7a, en un local que havia estat un pis mostra. Fins que el local es va demolir i traslladar per ampliar l&#8217;estaci\u00f3 de tren. A poc a poc el paisatge es va transformar.<\/p>\n<p>El barri va millorar en urbanitzaci\u00f3 i serveis, sempre reclamats des de la pla\u00e7a Roja. Un exemple \u00e9s la parada simb\u00f2lica de metro que es va inaugurar entre el mercat i la pla\u00e7a.<\/p>\n<p><strong>Ubicaci\u00f3 de la Pla\u00e7a Roja de Ciutat Meridiana:<\/strong><\/p>\n<p><iframe loading=\"lazy\" src=\"https:\/\/www.google.com\/maps\/d\/embed?mid=1uzwEcJfvn7DKxf3bVK2eQCLHyYg\" width=\"640\" height=\"360\"><\/iframe><\/p>\n","protected":false},"excerpt":{"rendered":"<p>Ciutat Meridiana es va crear a mitjans dels seixanta, com a resultat d&#8217;anys d&#8217;especulaci\u00f3. En un principi la zona havia<\/p>\n","protected":false},"author":1,"featured_media":0,"comment_status":"closed","ping_status":"closed","sticky":false,"template":"","format":"standard","meta":{"_monsterinsights_skip_tracking":false,"_monsterinsights_sitenote_active":false,"_monsterinsights_sitenote_note":"","_monsterinsights_sitenote_category":0,"jetpack_post_was_ever_published":false,"_jetpack_newsletter_access":"","_jetpack_dont_email_post_to_subs":false,"_jetpack_newsletter_tier_id":0,"_jetpack_memberships_contains_paywalled_content":false,"_jetpack_memberships_contains_paid_content":false,"footnotes":"","jetpack_publicize_message":"","jetpack_publicize_feature_enabled":true,"jetpack_social_post_already_shared":true,"jetpack_social_options":{"image_generator_settings":{"template":"highway","enabled":false},"version":2}},"categories":[82],"tags":[],"class_list":["post-2421","post","type-post","status-publish","format-standard","hentry","category-ciutat-meridiana"],"jetpack_publicize_connections":[],"aioseo_notices":[],"jetpack_featured_media_url":"","jetpack_shortlink":"https:\/\/wp.me\/p5AnUm-D3","jetpack-related-posts":[],"jetpack_sharing_enabled":true,"_links":{"self":[{"href":"https:\/\/www.noubarris.net\/relligantnb\/index.php?rest_route=\/wp\/v2\/posts\/2421"}],"collection":[{"href":"https:\/\/www.noubarris.net\/relligantnb\/index.php?rest_route=\/wp\/v2\/posts"}],"about":[{"href":"https:\/\/www.noubarris.net\/relligantnb\/index.php?rest_route=\/wp\/v2\/types\/post"}],"author":[{"embeddable":true,"href":"https:\/\/www.noubarris.net\/relligantnb\/index.php?rest_route=\/wp\/v2\/users\/1"}],"replies":[{"embeddable":true,"href":"https:\/\/www.noubarris.net\/relligantnb\/index.php?rest_route=%2Fwp%2Fv2%2Fcomments&post=2421"}],"version-history":[{"count":0,"href":"https:\/\/www.noubarris.net\/relligantnb\/index.php?rest_route=\/wp\/v2\/posts\/2421\/revisions"}],"wp:attachment":[{"href":"https:\/\/www.noubarris.net\/relligantnb\/index.php?rest_route=%2Fwp%2Fv2%2Fmedia&parent=2421"}],"wp:term":[{"taxonomy":"category","embeddable":true,"href":"https:\/\/www.noubarris.net\/relligantnb\/index.php?rest_route=%2Fwp%2Fv2%2Fcategories&post=2421"},{"taxonomy":"post_tag","embeddable":true,"href":"https:\/\/www.noubarris.net\/relligantnb\/index.php?rest_route=%2Fwp%2Fv2%2Ftags&post=2421"}],"curies":[{"name":"wp","href":"https:\/\/api.w.org\/{rel}","templated":true}]}}