{"id":2423,"date":"2017-04-07T13:13:23","date_gmt":"2017-04-07T12:13:23","guid":{"rendered":"http:\/\/www.noubarris.net\/relligantnb\/?p=2423"},"modified":"2022-06-27T10:07:22","modified_gmt":"2022-06-27T09:07:22","slug":"placa-de-les-roquetes","status":"publish","type":"post","link":"https:\/\/www.noubarris.net\/relligantnb\/?p=2423","title":{"rendered":"Pla\u00e7a de les Roquetes"},"content":{"rendered":"<p>La pla\u00e7a de les Roquetes \u00e9s un dels punts de trobada m\u00e9s importants del barri, ja que \u00e9s un dels espais m\u00e9s grans que t\u00e9 el barri.<\/p>\n<p><iframe loading=\"lazy\" src=\"https:\/\/www.youtube.com\/embed\/9bWJdFg9otY\" width=\"640\" height=\"360\" frameborder=\"0\" allowfullscreen=\"allowfullscreen\"><\/iframe><\/p>\n<p>Origin\u00e0riament era un barranc entre els carrers de la Mina de la Ciutat i de Vidal i Guasch. Va esdevenir el primer escenari de les reunions de l&#8217;associaci\u00f3 de ve\u00efns de les Roquetes. All\u00e0 hi feien les assemblees i all\u00e0 hi comen\u00e7aven les manifestacions ve\u00efnals per protestar per les moltes mancances del barri. A la zona s&#8217;hi acumulava la vegetaci\u00f3, la brossa i l&#8217;aigua d&#8217;una riera. Tamb\u00e9 hi havia la porta d&#8217;una mina de xampinyons que s&#8217;estenia por sota del carrer de la Mina de la Ciutat.<\/p>\n<p>&nbsp;<\/p>\n<div class=\"jetpack-video-wrapper\"><iframe loading=\"lazy\" title=\"Pla\u00e7a de les Roquetes | RNB360 |\" width=\"800\" height=\"450\" src=\"https:\/\/www.youtube.com\/embed\/zualwl8RF4k?feature=oembed\" frameborder=\"0\" allow=\"accelerometer; autoplay; clipboard-write; encrypted-media; gyroscope; picture-in-picture; web-share\" referrerpolicy=\"strict-origin-when-cross-origin\" allowfullscreen><\/iframe><\/div>\n<p style=\"text-align: center;\"><em>Si fas servir un tel\u00e8fon intel\u00b7ligent o tauleta, gaudir\u00e0s m\u00e9s de l\u2019experi\u00e8ncia obrint<br \/>\n<\/em><em>el v\u00eddeo en mode ulleres 360\u00ba a\u00a0<\/em><strong><em><a href=\"https:\/\/www.youtube.com\/embed\/dykc1pop8ls\">l\u2019App de YouTube<\/a>\u00a0.<\/em><\/strong><\/p>\n<p>Als anys 80 els ve\u00efns van veure la necessitat de dotar al barri d&#8217;un aparcament i d&#8217;una pla\u00e7a de trobada. El projecte de construir un aparcament amb una pla\u00e7a damunt solucionava els dos problemes i a m\u00e9s, acabava amb les males olors del barranc.<\/p>\n<p>El 13 de maig de 1993 van comen\u00e7ar les obres per materialitzar aquest projecte. Els anys seg\u00fcents, per\u00f2, van ser complicats per la llarga llista de problemes que va patir l&#8217;espai. A m\u00e9s d&#8217;acumular retard a les obres, va caure la marquesina i les pluges van inundar la pla\u00e7a.<br \/>\nFinalment tot es va superar i la pla\u00e7a ha quedat empla\u00e7ada, amb el temps, en un lloc estrat\u00e8gic. Just davant de la seu de l&#8217;associaci\u00f3 de ve\u00efns de les Roquetes, prop dels equipaments escolars i infantils, de serveis socials i del metro. Escales mec\u00e0niques i un ascensor connecten la pla\u00e7a amb la part alta i baixa del barri. A m\u00e9s, ha esdevingut un gran mirador de Barcelona.<\/p>\n<p>Amb tot aix\u00f2 no \u00e9s d&#8217;estranyar que sigui l&#8217;epicentre de les festes majors, de les festes de la Primavera, del Dia de la Pinya i, des de fa alguns anys, tamb\u00e9 de la Roquetes Fashion Week.<\/p>\n<p><strong>Ubicaci\u00f3 de la Pla\u00e7a de les Roquetes:<\/strong><br \/>\n<iframe loading=\"lazy\" src=\"https:\/\/www.google.com\/maps\/d\/embed?mid=1HumbJU_9XT3qPs-iB_8HwoUe9dk\" width=\"640\" height=\"360\"><\/iframe><\/p>\n","protected":false},"excerpt":{"rendered":"<p>La pla\u00e7a de les Roquetes \u00e9s un dels punts de trobada m\u00e9s importants del barri, ja que \u00e9s un dels<\/p>\n","protected":false},"author":1,"featured_media":0,"comment_status":"closed","ping_status":"closed","sticky":false,"template":"","format":"standard","meta":{"_monsterinsights_skip_tracking":false,"_monsterinsights_sitenote_active":false,"_monsterinsights_sitenote_note":"","_monsterinsights_sitenote_category":0,"jetpack_post_was_ever_published":false,"_jetpack_newsletter_access":"","_jetpack_dont_email_post_to_subs":true,"_jetpack_newsletter_tier_id":0,"_jetpack_memberships_contains_paywalled_content":false,"_jetpack_memberships_contains_paid_content":false,"footnotes":"","jetpack_publicize_message":"","jetpack_publicize_feature_enabled":true,"jetpack_social_post_already_shared":true,"jetpack_social_options":{"image_generator_settings":{"template":"highway","enabled":false},"version":2}},"categories":[84,76],"tags":[],"class_list":["post-2423","post","type-post","status-publish","format-standard","hentry","category-videos-en-360-graus","category-les-roquetes"],"jetpack_publicize_connections":[],"aioseo_notices":[],"jetpack_featured_media_url":"","jetpack_shortlink":"https:\/\/wp.me\/p5AnUm-D5","jetpack-related-posts":[],"jetpack_sharing_enabled":true,"_links":{"self":[{"href":"https:\/\/www.noubarris.net\/relligantnb\/index.php?rest_route=\/wp\/v2\/posts\/2423"}],"collection":[{"href":"https:\/\/www.noubarris.net\/relligantnb\/index.php?rest_route=\/wp\/v2\/posts"}],"about":[{"href":"https:\/\/www.noubarris.net\/relligantnb\/index.php?rest_route=\/wp\/v2\/types\/post"}],"author":[{"embeddable":true,"href":"https:\/\/www.noubarris.net\/relligantnb\/index.php?rest_route=\/wp\/v2\/users\/1"}],"replies":[{"embeddable":true,"href":"https:\/\/www.noubarris.net\/relligantnb\/index.php?rest_route=%2Fwp%2Fv2%2Fcomments&post=2423"}],"version-history":[{"count":1,"href":"https:\/\/www.noubarris.net\/relligantnb\/index.php?rest_route=\/wp\/v2\/posts\/2423\/revisions"}],"predecessor-version":[{"id":3055,"href":"https:\/\/www.noubarris.net\/relligantnb\/index.php?rest_route=\/wp\/v2\/posts\/2423\/revisions\/3055"}],"wp:attachment":[{"href":"https:\/\/www.noubarris.net\/relligantnb\/index.php?rest_route=%2Fwp%2Fv2%2Fmedia&parent=2423"}],"wp:term":[{"taxonomy":"category","embeddable":true,"href":"https:\/\/www.noubarris.net\/relligantnb\/index.php?rest_route=%2Fwp%2Fv2%2Fcategories&post=2423"},{"taxonomy":"post_tag","embeddable":true,"href":"https:\/\/www.noubarris.net\/relligantnb\/index.php?rest_route=%2Fwp%2Fv2%2Ftags&post=2423"}],"curies":[{"name":"wp","href":"https:\/\/api.w.org\/{rel}","templated":true}]}}