{"id":2425,"date":"2017-04-07T13:11:13","date_gmt":"2017-04-07T12:11:13","guid":{"rendered":"http:\/\/www.noubarris.net\/relligantnb\/?p=2425"},"modified":"2017-05-23T12:37:32","modified_gmt":"2017-05-23T11:37:32","slug":"placa-de-santa-eulalia","status":"publish","type":"post","link":"https:\/\/www.noubarris.net\/relligantnb\/?p=2425","title":{"rendered":"Pla\u00e7a de Santa Eul\u00e0lia"},"content":{"rendered":"<p>La de Santa Eul\u00e0lia \u00e9s la pla\u00e7a m\u00e9s antiga del districte de Nou Barris. T\u00e9 aquest nom des de 1922, tot i que va n\u00e9ixer a la segona meitat del segle XIX com a pla\u00e7a de la Vict\u00f2ria, coincidint amb la Revoluci\u00f3 de 1868. Un cop restablerta la monarquia borb\u00f2nica es canvia el nom per pla\u00e7a Nacional. Finalment, l\u2019any 1922 l\u2019alcalde Ferran Fabra i Puig la rebateja com a Santa Eul\u00e0lia en homenatge al barri, Santa Eul\u00e0lia de Vilapicina.<\/p>\n<p><iframe loading=\"lazy\" width=\"640\" height=\"360\" src=\"https:\/\/www.youtube.com\/embed\/kyNQHQe60DI\" frameborder=\"0\" allowfullscreen><\/iframe><\/p>\n<p>La pla\u00e7a de Santa Eul\u00e0lia es va construir en terrenys de Can Bast\u00e9 i Can Costa dels Xiprers, i van ser els propietaris d\u2019aquestes dues masies, Pere Pous i Matilde Viguer, qui van urbanitzar-la.<\/p>\n<p>A partir de l\u2019any 1867 es comencen a comprar parcel\u00b7les i edificar cases noves a la pla\u00e7a. La primera \u00e9s la del mestre d\u2019obres Josep Guix i Vila als n\u00fameros 1-2 i 3 de la pla\u00e7a. Aquesta casa ja no es conserva. S\u00ed que es mant\u00e9 dempeus la casa del n\u00famero 10 i aquesta altra que encara conserva la placa de \u201cCalle de los Amigos\u201d de l\u2019\u00e8poca en qu\u00e8 Sant Andreu de Palomar era poble independent. En una altra parcel\u00b7la es construir\u00e0 el 1903 el centre Eulalienc, tamb\u00e9 conegut com El Casinet. Aquesta entitat tenia com a funci\u00f3 principal el socors mutu entre els associats en cas de malaltia, treballar a favor dels interessos de la barriada i procurar diversi\u00f3, esbarjo i actes culturals a socis i familiars. El Centre Eulalienc \u2018El Casinet\u2019 va esdevenir un lloc molt conegut a tota la ciutat de Barcelona per les representacions teatrals i els balls socials. L\u2019edifici original es va enderrocar i reformar completament, per\u00f2 l\u2019entitat continua.<\/p>\n<p><strong>Ubicaci\u00f3 de la Pla\u00e7a de Santa Eul\u00e0lia:<\/strong><br \/>\n<iframe loading=\"lazy\" src=\"https:\/\/www.google.com\/maps\/d\/embed?mid=1YiIYxJTAJOcKmbmRPz5ItUIlKAs\" width=\"640\" height=\"360\"><\/iframe><\/p>\n","protected":false},"excerpt":{"rendered":"<p>La de Santa Eul\u00e0lia \u00e9s la pla\u00e7a m\u00e9s antiga del districte de Nou Barris. T\u00e9 aquest nom des de 1922,<\/p>\n","protected":false},"author":1,"featured_media":0,"comment_status":"closed","ping_status":"closed","sticky":false,"template":"","format":"standard","meta":{"_monsterinsights_skip_tracking":false,"_monsterinsights_sitenote_active":false,"_monsterinsights_sitenote_note":"","_monsterinsights_sitenote_category":0,"jetpack_post_was_ever_published":false,"_jetpack_newsletter_access":"","_jetpack_dont_email_post_to_subs":false,"_jetpack_newsletter_tier_id":0,"_jetpack_memberships_contains_paywalled_content":false,"_jetpack_memberships_contains_paid_content":false,"footnotes":"","jetpack_publicize_message":"","jetpack_publicize_feature_enabled":true,"jetpack_social_post_already_shared":true,"jetpack_social_options":{"image_generator_settings":{"template":"highway","enabled":false},"version":2}},"categories":[81],"tags":[],"class_list":["post-2425","post","type-post","status-publish","format-standard","hentry","category-vilapicina-i-la-torrellobeta"],"jetpack_publicize_connections":[],"aioseo_notices":[],"jetpack_featured_media_url":"","jetpack_shortlink":"https:\/\/wp.me\/p5AnUm-D7","jetpack-related-posts":[],"jetpack_sharing_enabled":true,"_links":{"self":[{"href":"https:\/\/www.noubarris.net\/relligantnb\/index.php?rest_route=\/wp\/v2\/posts\/2425"}],"collection":[{"href":"https:\/\/www.noubarris.net\/relligantnb\/index.php?rest_route=\/wp\/v2\/posts"}],"about":[{"href":"https:\/\/www.noubarris.net\/relligantnb\/index.php?rest_route=\/wp\/v2\/types\/post"}],"author":[{"embeddable":true,"href":"https:\/\/www.noubarris.net\/relligantnb\/index.php?rest_route=\/wp\/v2\/users\/1"}],"replies":[{"embeddable":true,"href":"https:\/\/www.noubarris.net\/relligantnb\/index.php?rest_route=%2Fwp%2Fv2%2Fcomments&post=2425"}],"version-history":[{"count":0,"href":"https:\/\/www.noubarris.net\/relligantnb\/index.php?rest_route=\/wp\/v2\/posts\/2425\/revisions"}],"wp:attachment":[{"href":"https:\/\/www.noubarris.net\/relligantnb\/index.php?rest_route=%2Fwp%2Fv2%2Fmedia&parent=2425"}],"wp:term":[{"taxonomy":"category","embeddable":true,"href":"https:\/\/www.noubarris.net\/relligantnb\/index.php?rest_route=%2Fwp%2Fv2%2Fcategories&post=2425"},{"taxonomy":"post_tag","embeddable":true,"href":"https:\/\/www.noubarris.net\/relligantnb\/index.php?rest_route=%2Fwp%2Fv2%2Ftags&post=2425"}],"curies":[{"name":"wp","href":"https:\/\/api.w.org\/{rel}","templated":true}]}}