{"id":2507,"date":"2018-03-20T11:59:30","date_gmt":"2018-03-20T10:59:30","guid":{"rendered":"http:\/\/www.noubarris.net\/relligantnb\/?p=2507"},"modified":"2018-07-11T17:34:22","modified_gmt":"2018-07-11T16:34:22","slug":"la-via-julia","status":"publish","type":"post","link":"https:\/\/www.noubarris.net\/relligantnb\/?p=2507","title":{"rendered":"La via J\u00falia"},"content":{"rendered":"<p style=\"text-align: justify;\">La via J\u00falia \u00e9s un dels carrers m\u00e9s transitats de Nou Barris. Va ser dissenyada sobre pl\u00e0nol l\u2019any 1905 dins el Pla Jaussely com una via per millorar les comunicacions entre els municipis agregats a Barcelona. Durant molt de temps va ser un descampat ple d\u2019horts o de cotxes, que es va anar poblant mentre s\u2019edificava a l\u2019entorn.<\/p>\n<p><iframe loading=\"lazy\" src=\"https:\/\/www.youtube.com\/embed\/ekjwhwWQ0ws\" width=\"640\" height=\"360\" frameborder=\"0\" allowfullscreen=\"allowfullscreen\"><\/iframe><\/p>\n<p style=\"text-align: justify;\">En un primer moment es parlava de la via J\u00falia com el passeig de la Muntanya, nom que ha perviscut amb el club de futbol Muntanyesa, amb seu a la via J\u00falia. Tamb\u00e9 se la van anomenar els Quaranta Metres per la seva amplada, de la mateixa manera que la ve\u00efna via Fav\u00e8ncia la van batejar com Seixanta Metres. Per\u00f2 al llarg de la seva hist\u00f2ria el carrer ha tingut m\u00e9s noms. L\u2019any 1931 es va passar a dir Carlos Marx i des de 1942 ha quedat oficialment com a via J\u00falia.<\/p>\n<p style=\"text-align: justify;\">Els quaranta metres d\u2019amplada estaven reservats origin\u00e0riament a la construcci\u00f3 de l\u2019eix de comunicaci\u00f3, i per aix\u00f2, es va anar edificant a l\u2019entorn i el centre del carrer va quedar sense urbanitzar. En aquests descampats s\u2019hi van aixecar envelats, paradetes de llaminadures, horts i, fins i tot, una escola constru\u00efda pel Patronat Escolar de l\u2019Ajuntament de Barcelona amb la fusta procedent del pavell\u00f3 de Su\u00e8cia a l\u2019Exposici\u00f3 Universal de 1929. Aquesta escola va ser remodelada durant el franquisme i va perviure fins a l\u2019any 1974, quan es va inaugurar l\u2019actual Escola Prosperitat.<\/p>\n<p style=\"text-align: justify;\">La urbanitzaci\u00f3 va arribar de mica en mica, primer amb l\u2019arribada de tramvies i busos, i finalment amb la construcci\u00f3 del metro. L\u2019estaci\u00f3 es va inaugurar l\u2019any 1982 amb el nom de Roquetes, un nom que va mantenir durant 17 anys fins a rebatejar-se com a via J\u00falia. Acabades les obres del metro, els arquitectes Bernardo de Sala i Josep M. Juli\u00e0 van afrontar el repte d\u2019endre\u00e7ar urban\u00edsticament un carrer que havia quedat dividit en dos nivells en alguns trams per la caixa del t\u00fanel del metro. El desnivell de 2,5 metres que hi havia el van salvar amb una rambla amb escales i rampes. L\u2019obra es va rematar amb la instal\u00b7laci\u00f3 d\u2019escultures, com la Columna de Llum o Torre Fav\u00e8ncia, d\u2019Antoni Rossell\u00f3, l\u2019escultura J\u00falia de Sergi Aguilar o l\u2019Escullera de Jaume Plensa. I sobretot, la Marquesina, punt de trobada i escenari de moltes celebracions populars.<\/p>\n<p style=\"text-align: justify;\">M\u00e9s d\u2019un segle despr\u00e9s, la via J\u00falia s\u2019ha convertit en un eix c\u00edvic, on s\u2019apleguen entitats i s&#8217;organitzen festes, i \u00e9s una de les vies comercials m\u00e9s importants de Nou Barris. T\u00e9 una llargada d\u2019un quil\u00f2metre, el qual enlla\u00e7a la pla\u00e7a de la Rep\u00fablica i la cru\u00eflla amb la via Fav\u00e8ncia. El seu tra\u00e7at divideix dos barris: Verdun i la Prosperitat.<\/p>\n<p><iframe loading=\"lazy\" src=\"https:\/\/www.google.com\/maps\/d\/embed?mid=1MRAM3LSk359mU88CSxpf16USnVwkQ50x&amp;ll\" width=\"640\" height=\"360\"><span data-mce-type=\"bookmark\" style=\"display: inline-block; width: 0px; overflow: hidden; line-height: 0;\" class=\"mce_SELRES_start\">\ufeff<\/span><\/iframe><\/p>\n","protected":false},"excerpt":{"rendered":"<p>La via J\u00falia \u00e9s un dels carrers m\u00e9s transitats de Nou Barris. Va ser dissenyada sobre pl\u00e0nol l\u2019any 1905 dins<\/p>\n","protected":false},"author":1,"featured_media":0,"comment_status":"closed","ping_status":"closed","sticky":false,"template":"","format":"standard","meta":{"_monsterinsights_skip_tracking":false,"_monsterinsights_sitenote_active":false,"_monsterinsights_sitenote_note":"","_monsterinsights_sitenote_category":0,"jetpack_post_was_ever_published":false,"_jetpack_newsletter_access":"","_jetpack_dont_email_post_to_subs":false,"_jetpack_newsletter_tier_id":0,"_jetpack_memberships_contains_paywalled_content":false,"_jetpack_memberships_contains_paid_content":false,"footnotes":"","jetpack_publicize_message":"","jetpack_publicize_feature_enabled":true,"jetpack_social_post_already_shared":true,"jetpack_social_options":{"image_generator_settings":{"template":"highway","enabled":false},"version":2}},"categories":[74,80],"tags":[],"class_list":["post-2507","post","type-post","status-publish","format-standard","hentry","category-la-prosperitat","category-verdun"],"jetpack_publicize_connections":[],"aioseo_notices":[],"jetpack_featured_media_url":"","jetpack_shortlink":"https:\/\/wp.me\/p5AnUm-Er","jetpack-related-posts":[],"jetpack_sharing_enabled":true,"_links":{"self":[{"href":"https:\/\/www.noubarris.net\/relligantnb\/index.php?rest_route=\/wp\/v2\/posts\/2507"}],"collection":[{"href":"https:\/\/www.noubarris.net\/relligantnb\/index.php?rest_route=\/wp\/v2\/posts"}],"about":[{"href":"https:\/\/www.noubarris.net\/relligantnb\/index.php?rest_route=\/wp\/v2\/types\/post"}],"author":[{"embeddable":true,"href":"https:\/\/www.noubarris.net\/relligantnb\/index.php?rest_route=\/wp\/v2\/users\/1"}],"replies":[{"embeddable":true,"href":"https:\/\/www.noubarris.net\/relligantnb\/index.php?rest_route=%2Fwp%2Fv2%2Fcomments&post=2507"}],"version-history":[{"count":0,"href":"https:\/\/www.noubarris.net\/relligantnb\/index.php?rest_route=\/wp\/v2\/posts\/2507\/revisions"}],"wp:attachment":[{"href":"https:\/\/www.noubarris.net\/relligantnb\/index.php?rest_route=%2Fwp%2Fv2%2Fmedia&parent=2507"}],"wp:term":[{"taxonomy":"category","embeddable":true,"href":"https:\/\/www.noubarris.net\/relligantnb\/index.php?rest_route=%2Fwp%2Fv2%2Fcategories&post=2507"},{"taxonomy":"post_tag","embeddable":true,"href":"https:\/\/www.noubarris.net\/relligantnb\/index.php?rest_route=%2Fwp%2Fv2%2Ftags&post=2507"}],"curies":[{"name":"wp","href":"https:\/\/api.w.org\/{rel}","templated":true}]}}