{"id":58383,"date":"1999-05-31T00:00:00","date_gmt":"1999-05-31T00:00:00","guid":{"rendered":"http:\/\/www.noubarris.net\/web40\/?p=58383"},"modified":"2015-07-09T12:31:28","modified_gmt":"2015-07-09T12:31:28","slug":"la-muntanyesa-puja-a-preferent","status":"publish","type":"post","link":"https:\/\/www.noubarris.net\/web40\/la-muntanyesa-puja-a-preferent\/","title":{"rendered":"LA MUNTANYESA PUJA A PREFERENT"},"content":{"rendered":"<p><strong>La base de l\u2019equip es mantindr\u00e0 la pr\u00f2xima temporada<\/strong><\/p>\n<p>L\u2019equip de la Muntanyesa de Nou Barris ascendeix a la categ\u00f2ria de Regional preferent per la pr\u00f2xima temporada esportiva. La Muntanyesa, entrenada per \u201cPuchi\u201d, ha fet una temporada brillant sembrant una gran quantitat de vict\u00f2ries i proclamant-se l\u00edder del seu grup quatre jornades abans de que s\u2019acabes la temporada, ahir diumenge 30.<br \/>\nDespr\u00e9s d\u2019empatar el seu \u00faltim partit, jugat a casa contra el Calella per 2 a 2, la Muntanyesa ha obtingut un balan\u00e7 final de 81 punts, amb 25 partits guanyats, sis de empatats i ha perdut tres dels 34 encontres disputats.<br \/>\nLa temporada futbol\u00edstica 98-99 ha estat molt profitosa pels equips de Nou barris que han pogut col\u00b7locar-se entre els cinc primers llocs de la classificaci\u00f3: Muntanyesa, Corte Ingl\u00e9s, Alzamora i Torre Llobeta, respectivament, i el Cerro TP, est\u00e0 col\u00b7locat en la 13a. posici\u00f3. El Torre Llobeta, que va ascendir la temporada passada de categ\u00f2ria, ha arribat als primers llocs de la taula. Per aquest motiu, tothom el reconeix com l\u2019equip revel.laci\u00f3 de la temporada encara que al final hi hagi perdut empenta.<\/p>\n","protected":false},"excerpt":{"rendered":"<p>La base de l\u2019equip es mantindr\u00e0 la pr\u00f2xima temporada L\u2019equip de la Muntanyesa de Nou Barris ascendeix a la categ\u00f2ria<\/p>\n","protected":false},"author":2,"featured_media":0,"comment_status":"closed","ping_status":"closed","sticky":false,"template":"","format":"standard","meta":{"colormag_page_layout":"default_layout","_monsterinsights_skip_tracking":false,"_monsterinsights_sitenote_active":false,"_monsterinsights_sitenote_note":"","_monsterinsights_sitenote_category":0,"footnotes":""},"categories":[128,1,134,142],"tags":[181,73,43],"class_list":["post-58383","post","type-post","status-publish","format-standard","hentry","category-esports","category-nou-barris","category-porta","category-vilapicina-i-la-torre-llobeta","tag-alzamora-cf","tag-esport","tag-vilapicina-y-la-torre-llobeta"],"yoast_head":"<!-- This site is optimized with the Yoast SEO plugin v25.3 - https:\/\/yoast.com\/wordpress\/plugins\/seo\/ -->\n<title>LA MUNTANYESA PUJA A PREFERENT - NouBarris.Net<\/title>\n<meta name=\"robots\" content=\"index, follow, max-snippet:-1, max-image-preview:large, max-video-preview:-1\" \/>\n<link rel=\"canonical\" href=\"https:\/\/www.noubarris.net\/web40\/la-muntanyesa-puja-a-preferent\/\" \/>\n<meta property=\"og:locale\" content=\"ca_ES\" \/>\n<meta property=\"og:type\" content=\"article\" \/>\n<meta property=\"og:title\" content=\"LA MUNTANYESA PUJA A PREFERENT - NouBarris.Net\" \/>\n<meta property=\"og:description\" content=\"La base de l\u2019equip es mantindr\u00e0 la pr\u00f2xima temporada L\u2019equip de la Muntanyesa de Nou Barris ascendeix a la categ\u00f2ria\" \/>\n<meta property=\"og:url\" content=\"https:\/\/www.noubarris.net\/web40\/la-muntanyesa-puja-a-preferent\/\" \/>\n<meta property=\"og:site_name\" content=\"NouBarris.Net\" \/>\n<meta property=\"article:publisher\" content=\"https:\/\/www.facebook.com\/NouBarris.net\/?locale=es_ES\" \/>\n<meta property=\"article:published_time\" content=\"1999-05-31T00:00:00+00:00\" \/>\n<meta property=\"article:modified_time\" content=\"2015-07-09T12:31:28+00:00\" \/>\n<meta name=\"author\" content=\"Informatius\" \/>\n<meta name=\"twitter:card\" content=\"summary_large_image\" \/>\n<meta name=\"twitter:creator\" content=\"@9BTV\" \/>\n<meta name=\"twitter:site\" content=\"@9BTV\" \/>\n<meta name=\"twitter:label1\" content=\"Escrit per\" \/>\n\t<meta name=\"twitter:data1\" content=\"Informatius\" \/>\n\t<meta name=\"twitter:label2\" content=\"Temps estimat de lectura\" \/>\n\t<meta name=\"twitter:data2\" content=\"1 minut\" \/>\n<script type=\"application\/ld+json\" class=\"yoast-schema-graph\">{\"@context\":\"https:\/\/schema.org\",\"@graph\":[{\"@type\":\"Article\",\"@id\":\"https:\/\/www.noubarris.net\/web40\/la-muntanyesa-puja-a-preferent\/#article\",\"isPartOf\":{\"@id\":\"https:\/\/www.noubarris.net\/web40\/la-muntanyesa-puja-a-preferent\/\"},\"author\":{\"name\":\"Informatius\",\"@id\":\"https:\/\/www.noubarris.net\/web40\/#\/schema\/person\/1827f92aaa316c54abbf4dac0de76069\"},\"headline\":\"LA MUNTANYESA PUJA A PREFERENT\",\"datePublished\":\"1999-05-31T00:00:00+00:00\",\"dateModified\":\"2015-07-09T12:31:28+00:00\",\"mainEntityOfPage\":{\"@id\":\"https:\/\/www.noubarris.net\/web40\/la-muntanyesa-puja-a-preferent\/\"},\"wordCount\":200,\"publisher\":{\"@id\":\"https:\/\/www.noubarris.net\/web40\/#organization\"},\"keywords\":[\"Alzamora CF\",\"Esport\",\"Vilapicina i La Torre Llobeta\"],\"articleSection\":[\"Esports\",\"Nou Barris\",\"Porta\",\"Vilapicina i la Torre Llobeta\"],\"inLanguage\":\"ca\"},{\"@type\":\"WebPage\",\"@id\":\"https:\/\/www.noubarris.net\/web40\/la-muntanyesa-puja-a-preferent\/\",\"url\":\"https:\/\/www.noubarris.net\/web40\/la-muntanyesa-puja-a-preferent\/\",\"name\":\"LA MUNTANYESA PUJA A PREFERENT - NouBarris.Net\",\"isPartOf\":{\"@id\":\"https:\/\/www.noubarris.net\/web40\/#website\"},\"datePublished\":\"1999-05-31T00:00:00+00:00\",\"dateModified\":\"2015-07-09T12:31:28+00:00\",\"breadcrumb\":{\"@id\":\"https:\/\/www.noubarris.net\/web40\/la-muntanyesa-puja-a-preferent\/#breadcrumb\"},\"inLanguage\":\"ca\",\"potentialAction\":[{\"@type\":\"ReadAction\",\"target\":[\"https:\/\/www.noubarris.net\/web40\/la-muntanyesa-puja-a-preferent\/\"]}]},{\"@type\":\"BreadcrumbList\",\"@id\":\"https:\/\/www.noubarris.net\/web40\/la-muntanyesa-puja-a-preferent\/#breadcrumb\",\"itemListElement\":[{\"@type\":\"ListItem\",\"position\":1,\"name\":\"Inici\",\"item\":\"https:\/\/www.noubarris.net\/web40\/\"},{\"@type\":\"ListItem\",\"position\":2,\"name\":\"LA MUNTANYESA PUJA A PREFERENT\"}]},{\"@type\":\"WebSite\",\"@id\":\"https:\/\/www.noubarris.net\/web40\/#website\",\"url\":\"https:\/\/www.noubarris.net\/web40\/\",\"name\":\"NouBarris.Net\",\"description\":\"Seguint la vida de Nou Barris des de 1985\",\"publisher\":{\"@id\":\"https:\/\/www.noubarris.net\/web40\/#organization\"},\"potentialAction\":[{\"@type\":\"SearchAction\",\"target\":{\"@type\":\"EntryPoint\",\"urlTemplate\":\"https:\/\/www.noubarris.net\/web40\/?s={search_term_string}\"},\"query-input\":{\"@type\":\"PropertyValueSpecification\",\"valueRequired\":true,\"valueName\":\"search_term_string\"}}],\"inLanguage\":\"ca\"},{\"@type\":\"Organization\",\"@id\":\"https:\/\/www.noubarris.net\/web40\/#organization\",\"name\":\"NouBarris.Net\",\"url\":\"https:\/\/www.noubarris.net\/web40\/\",\"logo\":{\"@type\":\"ImageObject\",\"inLanguage\":\"ca\",\"@id\":\"https:\/\/www.noubarris.net\/web40\/#\/schema\/logo\/image\/\",\"url\":\"https:\/\/www.noubarris.net\/web40\/wp-content\/uploads\/2024\/11\/cropped-cropped-LOGO_9BTV-2024_Insta-1.jpg\",\"contentUrl\":\"https:\/\/www.noubarris.net\/web40\/wp-content\/uploads\/2024\/11\/cropped-cropped-LOGO_9BTV-2024_Insta-1.jpg\",\"width\":512,\"height\":512,\"caption\":\"NouBarris.Net\"},\"image\":{\"@id\":\"https:\/\/www.noubarris.net\/web40\/#\/schema\/logo\/image\/\"},\"sameAs\":[\"https:\/\/www.facebook.com\/NouBarris.net\/?locale=es_ES\",\"https:\/\/x.com\/9BTV\"]},{\"@type\":\"Person\",\"@id\":\"https:\/\/www.noubarris.net\/web40\/#\/schema\/person\/1827f92aaa316c54abbf4dac0de76069\",\"name\":\"Informatius\",\"image\":{\"@type\":\"ImageObject\",\"inLanguage\":\"ca\",\"@id\":\"https:\/\/www.noubarris.net\/web40\/#\/schema\/person\/image\/\",\"url\":\"https:\/\/secure.gravatar.com\/avatar\/87a3b47928835fc72c6ee5b0e1a7263ef0c2d05003a98189bc14926c5f11bcdb?s=96&d=mm&r=g\",\"contentUrl\":\"https:\/\/secure.gravatar.com\/avatar\/87a3b47928835fc72c6ee5b0e1a7263ef0c2d05003a98189bc14926c5f11bcdb?s=96&d=mm&r=g\",\"caption\":\"Informatius\"},\"url\":\"https:\/\/www.noubarris.net\/web40\/author\/tele\/\"}]}<\/script>\n<!-- \/ Yoast SEO plugin. -->","yoast_head_json":{"title":"LA MUNTANYESA PUJA A PREFERENT - NouBarris.Net","robots":{"index":"index","follow":"follow","max-snippet":"max-snippet:-1","max-image-preview":"max-image-preview:large","max-video-preview":"max-video-preview:-1"},"canonical":"https:\/\/www.noubarris.net\/web40\/la-muntanyesa-puja-a-preferent\/","og_locale":"ca_ES","og_type":"article","og_title":"LA MUNTANYESA PUJA A PREFERENT - NouBarris.Net","og_description":"La base de l\u2019equip es mantindr\u00e0 la pr\u00f2xima temporada L\u2019equip de la Muntanyesa de Nou Barris ascendeix a la categ\u00f2ria","og_url":"https:\/\/www.noubarris.net\/web40\/la-muntanyesa-puja-a-preferent\/","og_site_name":"NouBarris.Net","article_publisher":"https:\/\/www.facebook.com\/NouBarris.net\/?locale=es_ES","article_published_time":"1999-05-31T00:00:00+00:00","article_modified_time":"2015-07-09T12:31:28+00:00","author":"Informatius","twitter_card":"summary_large_image","twitter_creator":"@9BTV","twitter_site":"@9BTV","twitter_misc":{"Escrit per":"Informatius","Temps estimat de lectura":"1 minut"},"schema":{"@context":"https:\/\/schema.org","@graph":[{"@type":"Article","@id":"https:\/\/www.noubarris.net\/web40\/la-muntanyesa-puja-a-preferent\/#article","isPartOf":{"@id":"https:\/\/www.noubarris.net\/web40\/la-muntanyesa-puja-a-preferent\/"},"author":{"name":"Informatius","@id":"https:\/\/www.noubarris.net\/web40\/#\/schema\/person\/1827f92aaa316c54abbf4dac0de76069"},"headline":"LA MUNTANYESA PUJA A PREFERENT","datePublished":"1999-05-31T00:00:00+00:00","dateModified":"2015-07-09T12:31:28+00:00","mainEntityOfPage":{"@id":"https:\/\/www.noubarris.net\/web40\/la-muntanyesa-puja-a-preferent\/"},"wordCount":200,"publisher":{"@id":"https:\/\/www.noubarris.net\/web40\/#organization"},"keywords":["Alzamora CF","Esport","Vilapicina i La Torre Llobeta"],"articleSection":["Esports","Nou Barris","Porta","Vilapicina i la Torre Llobeta"],"inLanguage":"ca"},{"@type":"WebPage","@id":"https:\/\/www.noubarris.net\/web40\/la-muntanyesa-puja-a-preferent\/","url":"https:\/\/www.noubarris.net\/web40\/la-muntanyesa-puja-a-preferent\/","name":"LA MUNTANYESA PUJA A PREFERENT - NouBarris.Net","isPartOf":{"@id":"https:\/\/www.noubarris.net\/web40\/#website"},"datePublished":"1999-05-31T00:00:00+00:00","dateModified":"2015-07-09T12:31:28+00:00","breadcrumb":{"@id":"https:\/\/www.noubarris.net\/web40\/la-muntanyesa-puja-a-preferent\/#breadcrumb"},"inLanguage":"ca","potentialAction":[{"@type":"ReadAction","target":["https:\/\/www.noubarris.net\/web40\/la-muntanyesa-puja-a-preferent\/"]}]},{"@type":"BreadcrumbList","@id":"https:\/\/www.noubarris.net\/web40\/la-muntanyesa-puja-a-preferent\/#breadcrumb","itemListElement":[{"@type":"ListItem","position":1,"name":"Inici","item":"https:\/\/www.noubarris.net\/web40\/"},{"@type":"ListItem","position":2,"name":"LA MUNTANYESA PUJA A PREFERENT"}]},{"@type":"WebSite","@id":"https:\/\/www.noubarris.net\/web40\/#website","url":"https:\/\/www.noubarris.net\/web40\/","name":"NouBarris.Net","description":"Seguint la vida de Nou Barris des de 1985","publisher":{"@id":"https:\/\/www.noubarris.net\/web40\/#organization"},"potentialAction":[{"@type":"SearchAction","target":{"@type":"EntryPoint","urlTemplate":"https:\/\/www.noubarris.net\/web40\/?s={search_term_string}"},"query-input":{"@type":"PropertyValueSpecification","valueRequired":true,"valueName":"search_term_string"}}],"inLanguage":"ca"},{"@type":"Organization","@id":"https:\/\/www.noubarris.net\/web40\/#organization","name":"NouBarris.Net","url":"https:\/\/www.noubarris.net\/web40\/","logo":{"@type":"ImageObject","inLanguage":"ca","@id":"https:\/\/www.noubarris.net\/web40\/#\/schema\/logo\/image\/","url":"https:\/\/www.noubarris.net\/web40\/wp-content\/uploads\/2024\/11\/cropped-cropped-LOGO_9BTV-2024_Insta-1.jpg","contentUrl":"https:\/\/www.noubarris.net\/web40\/wp-content\/uploads\/2024\/11\/cropped-cropped-LOGO_9BTV-2024_Insta-1.jpg","width":512,"height":512,"caption":"NouBarris.Net"},"image":{"@id":"https:\/\/www.noubarris.net\/web40\/#\/schema\/logo\/image\/"},"sameAs":["https:\/\/www.facebook.com\/NouBarris.net\/?locale=es_ES","https:\/\/x.com\/9BTV"]},{"@type":"Person","@id":"https:\/\/www.noubarris.net\/web40\/#\/schema\/person\/1827f92aaa316c54abbf4dac0de76069","name":"Informatius","image":{"@type":"ImageObject","inLanguage":"ca","@id":"https:\/\/www.noubarris.net\/web40\/#\/schema\/person\/image\/","url":"https:\/\/secure.gravatar.com\/avatar\/87a3b47928835fc72c6ee5b0e1a7263ef0c2d05003a98189bc14926c5f11bcdb?s=96&d=mm&r=g","contentUrl":"https:\/\/secure.gravatar.com\/avatar\/87a3b47928835fc72c6ee5b0e1a7263ef0c2d05003a98189bc14926c5f11bcdb?s=96&d=mm&r=g","caption":"Informatius"},"url":"https:\/\/www.noubarris.net\/web40\/author\/tele\/"}]}},"_links":{"self":[{"href":"https:\/\/www.noubarris.net\/web40\/wp-json\/wp\/v2\/posts\/58383","targetHints":{"allow":["GET"]}}],"collection":[{"href":"https:\/\/www.noubarris.net\/web40\/wp-json\/wp\/v2\/posts"}],"about":[{"href":"https:\/\/www.noubarris.net\/web40\/wp-json\/wp\/v2\/types\/post"}],"author":[{"embeddable":true,"href":"https:\/\/www.noubarris.net\/web40\/wp-json\/wp\/v2\/users\/2"}],"replies":[{"embeddable":true,"href":"https:\/\/www.noubarris.net\/web40\/wp-json\/wp\/v2\/comments?post=58383"}],"version-history":[{"count":0,"href":"https:\/\/www.noubarris.net\/web40\/wp-json\/wp\/v2\/posts\/58383\/revisions"}],"wp:attachment":[{"href":"https:\/\/www.noubarris.net\/web40\/wp-json\/wp\/v2\/media?parent=58383"}],"wp:term":[{"taxonomy":"category","embeddable":true,"href":"https:\/\/www.noubarris.net\/web40\/wp-json\/wp\/v2\/categories?post=58383"},{"taxonomy":"post_tag","embeddable":true,"href":"https:\/\/www.noubarris.net\/web40\/wp-json\/wp\/v2\/tags?post=58383"}],"curies":[{"name":"wp","href":"https:\/\/api.w.org\/{rel}","templated":true}]}}