{"id":60608,"date":"2005-08-23T00:00:00","date_gmt":"2005-08-23T00:00:00","guid":{"rendered":"http:\/\/www.noubarris.net\/web40\/?p=60608"},"modified":"2015-07-07T12:41:40","modified_gmt":"2015-07-07T12:41:40","slug":"la-linia-11-de-metro-comptara-amb-un-sistema-automatitzat-a-les-andanes","status":"publish","type":"post","link":"https:\/\/www.noubarris.net\/web40\/la-linia-11-de-metro-comptara-amb-un-sistema-automatitzat-a-les-andanes\/","title":{"rendered":"La l\u00ednia 11 de metro comptar\u00e0 amb un sistema automatitzat a les andanes"},"content":{"rendered":"<p><strong>El Departament de Pol\u00edtica Territorial i Obres P\u00fabliques ha adjudicat les obres de millora al metro lleuger amb un cost de 1,4 milions d&#8217;euros<\/strong><\/p>\n<p>El Departament de Pol\u00edtica Territorial i Obres P\u00fabliques ha adjudicat els treballs d\u2019instal\u00b7laci\u00f3 i posada en marxa d\u2019un sistema de tancament automatitzat d\u2019andanes per a les estacions del metro lleuger de la l\u00ednia 11 (Casa de l\u2019Aigua, Torre Bar\u00f3, Ciutat Meridiana i Can Cui\u00e0s). Aquesta actuaci\u00f3 suposar\u00e0 una millora notable en la seguretat a les andanes i permetr\u00e0, conjuntament amb el sistema de senyalitzaci\u00f3 ferrovi\u00e0ria que s\u2019est\u00e0 implantant, la conducci\u00f3 autom\u00e0tica de trens a la l\u00ednia 11 del metro de Barcelona. Les obres comen\u00e7aran en breu i tindran un termini d\u2019execuci\u00f3 de 7 mesos i un cost d&#8217;1,4 milions d&#8217;euros.<\/p>\n<p>El sistema estar\u00e0 integrat en una fa\u00e7ana de tancament, formada pels seg\u00fcents elements:<\/p>\n<p>&#8211; El sistema de tancament d\u2019andanes, que inclour\u00e0 la franja de portes, de 2 metres d\u2019al\u00e7ada, on s\u2019integraran diferents tipus de m\u00f2duls: m\u00f2dul de portes lliscants, m\u00f2dul de portes d\u2019emerg\u00e8ncia, m\u00f2duls de panells fixos i m\u00f2duls de portes d\u2019acc\u00e9s a via, en aquelles estacions que aix\u00ed ho requereixin. Tots els panells estaran formats per un marc met\u00e0l\u00b7lic amb un vidre que ocupar\u00e0 tota l\u2019al\u00e7ada i amplada del m\u00f2dul, per tal d\u2019augmentar el grau de confort dels passatgers a l\u2019andana.<\/p>\n<p>&#8211; La franja de mecanismes i senyalitzaci\u00f3 per sobre de les portes al llarg de tota l\u2019andana, que contindr\u00e0, en el seu interior, tots els mecanismes, dispositius i equips associats a la funcionalitat dels diferents m\u00f2duls. Per la cara exterior hi haur\u00e0 la senyalitzaci\u00f3 visual, ac\u00fastica i lluminosa.<\/p>\n<p>&#8211; L\u2019estructura met\u00e0l\u00b7lica de la fa\u00e7ana, fixada a l\u2019estaci\u00f3 en la seva part inferior. En la part superior, quedar\u00e0 oberta.<\/p>\n<p>Not\u00edcia publicada per <a href=\"http:\/\/www.noubarris.net\/9btv\" target=\"_blank\">Nou Barris Televisi\u00f3<\/a><\/p>\n","protected":false},"excerpt":{"rendered":"<p>El Departament de Pol\u00edtica Territorial i Obres P\u00fabliques ha adjudicat les obres de millora al metro lleuger amb un cost<\/p>\n","protected":false},"author":2,"featured_media":7823,"comment_status":"closed","ping_status":"closed","sticky":false,"template":"","format":"standard","meta":{"colormag_page_layout":"default_layout","_monsterinsights_skip_tracking":false,"_monsterinsights_sitenote_active":false,"_monsterinsights_sitenote_note":"","_monsterinsights_sitenote_category":0,"footnotes":""},"categories":[132,1,137],"tags":[112,54,53],"class_list":["post-60608","post","type-post","status-publish","format-standard","has-post-thumbnail","hentry","category-ciutat-meridiana","category-nou-barris","category-torre-baro","tag-casa-de-laigua","tag-ciutat-meridiana","tag-torre-baro"],"yoast_head":"<!-- This site is optimized with the Yoast SEO plugin v25.3 - https:\/\/yoast.com\/wordpress\/plugins\/seo\/ -->\n<title>La l\u00ednia 11 de metro comptar\u00e0 amb un sistema automatitzat a les andanes - NouBarris.Net<\/title>\n<meta name=\"robots\" content=\"index, follow, max-snippet:-1, max-image-preview:large, max-video-preview:-1\" \/>\n<link rel=\"canonical\" href=\"https:\/\/www.noubarris.net\/web40\/la-linia-11-de-metro-comptara-amb-un-sistema-automatitzat-a-les-andanes\/\" \/>\n<meta property=\"og:locale\" content=\"ca_ES\" \/>\n<meta property=\"og:type\" content=\"article\" \/>\n<meta property=\"og:title\" content=\"La l\u00ednia 11 de metro comptar\u00e0 amb un sistema automatitzat a les andanes - NouBarris.Net\" \/>\n<meta property=\"og:description\" content=\"El Departament de Pol\u00edtica Territorial i Obres P\u00fabliques ha adjudicat les obres de millora al metro lleuger amb un cost\" \/>\n<meta property=\"og:url\" content=\"https:\/\/www.noubarris.net\/web40\/la-linia-11-de-metro-comptara-amb-un-sistema-automatitzat-a-les-andanes\/\" \/>\n<meta property=\"og:site_name\" content=\"NouBarris.Net\" \/>\n<meta property=\"article:publisher\" content=\"https:\/\/www.facebook.com\/NouBarris.net\/?locale=es_ES\" \/>\n<meta property=\"article:published_time\" content=\"2005-08-23T00:00:00+00:00\" \/>\n<meta property=\"article:modified_time\" content=\"2015-07-07T12:41:40+00:00\" \/>\n<meta property=\"og:image\" content=\"https:\/\/www.noubarris.net\/web40\/wp-content\/uploads\/2015\/06\/i0508231.jpg\" \/>\n\t<meta property=\"og:image:width\" content=\"192\" \/>\n\t<meta property=\"og:image:height\" content=\"144\" \/>\n\t<meta property=\"og:image:type\" content=\"image\/jpeg\" \/>\n<meta name=\"author\" content=\"Informatius\" \/>\n<meta name=\"twitter:card\" content=\"summary_large_image\" \/>\n<meta name=\"twitter:creator\" content=\"@9BTV\" \/>\n<meta name=\"twitter:site\" content=\"@9BTV\" \/>\n<meta name=\"twitter:label1\" content=\"Escrit per\" \/>\n\t<meta name=\"twitter:data1\" content=\"Informatius\" \/>\n\t<meta name=\"twitter:label2\" content=\"Temps estimat de lectura\" \/>\n\t<meta name=\"twitter:data2\" content=\"2 minuts\" \/>\n<script type=\"application\/ld+json\" class=\"yoast-schema-graph\">{\"@context\":\"https:\/\/schema.org\",\"@graph\":[{\"@type\":\"Article\",\"@id\":\"https:\/\/www.noubarris.net\/web40\/la-linia-11-de-metro-comptara-amb-un-sistema-automatitzat-a-les-andanes\/#article\",\"isPartOf\":{\"@id\":\"https:\/\/www.noubarris.net\/web40\/la-linia-11-de-metro-comptara-amb-un-sistema-automatitzat-a-les-andanes\/\"},\"author\":{\"name\":\"Informatius\",\"@id\":\"https:\/\/www.noubarris.net\/web40\/#\/schema\/person\/1827f92aaa316c54abbf4dac0de76069\"},\"headline\":\"La l\u00ednia 11 de metro comptar\u00e0 amb un sistema automatitzat a les andanes\",\"datePublished\":\"2005-08-23T00:00:00+00:00\",\"dateModified\":\"2015-07-07T12:41:40+00:00\",\"mainEntityOfPage\":{\"@id\":\"https:\/\/www.noubarris.net\/web40\/la-linia-11-de-metro-comptara-amb-un-sistema-automatitzat-a-les-andanes\/\"},\"wordCount\":348,\"publisher\":{\"@id\":\"https:\/\/www.noubarris.net\/web40\/#organization\"},\"image\":{\"@id\":\"https:\/\/www.noubarris.net\/web40\/la-linia-11-de-metro-comptara-amb-un-sistema-automatitzat-a-les-andanes\/#primaryimage\"},\"thumbnailUrl\":\"https:\/\/www.noubarris.net\/web40\/wp-content\/uploads\/2015\/06\/i0508231.jpg\",\"keywords\":[\"Casa de l'Aigua\",\"Ciutat Meridiana\",\"Torre Bar\u00f3\"],\"articleSection\":[\"Ciutat Meridiana\",\"Nou Barris\",\"Torre Bar\u00f3\"],\"inLanguage\":\"ca\"},{\"@type\":\"WebPage\",\"@id\":\"https:\/\/www.noubarris.net\/web40\/la-linia-11-de-metro-comptara-amb-un-sistema-automatitzat-a-les-andanes\/\",\"url\":\"https:\/\/www.noubarris.net\/web40\/la-linia-11-de-metro-comptara-amb-un-sistema-automatitzat-a-les-andanes\/\",\"name\":\"La l\u00ednia 11 de metro comptar\u00e0 amb un sistema automatitzat a les andanes - NouBarris.Net\",\"isPartOf\":{\"@id\":\"https:\/\/www.noubarris.net\/web40\/#website\"},\"primaryImageOfPage\":{\"@id\":\"https:\/\/www.noubarris.net\/web40\/la-linia-11-de-metro-comptara-amb-un-sistema-automatitzat-a-les-andanes\/#primaryimage\"},\"image\":{\"@id\":\"https:\/\/www.noubarris.net\/web40\/la-linia-11-de-metro-comptara-amb-un-sistema-automatitzat-a-les-andanes\/#primaryimage\"},\"thumbnailUrl\":\"https:\/\/www.noubarris.net\/web40\/wp-content\/uploads\/2015\/06\/i0508231.jpg\",\"datePublished\":\"2005-08-23T00:00:00+00:00\",\"dateModified\":\"2015-07-07T12:41:40+00:00\",\"breadcrumb\":{\"@id\":\"https:\/\/www.noubarris.net\/web40\/la-linia-11-de-metro-comptara-amb-un-sistema-automatitzat-a-les-andanes\/#breadcrumb\"},\"inLanguage\":\"ca\",\"potentialAction\":[{\"@type\":\"ReadAction\",\"target\":[\"https:\/\/www.noubarris.net\/web40\/la-linia-11-de-metro-comptara-amb-un-sistema-automatitzat-a-les-andanes\/\"]}]},{\"@type\":\"ImageObject\",\"inLanguage\":\"ca\",\"@id\":\"https:\/\/www.noubarris.net\/web40\/la-linia-11-de-metro-comptara-amb-un-sistema-automatitzat-a-les-andanes\/#primaryimage\",\"url\":\"https:\/\/www.noubarris.net\/web40\/wp-content\/uploads\/2015\/06\/i0508231.jpg\",\"contentUrl\":\"https:\/\/www.noubarris.net\/web40\/wp-content\/uploads\/2015\/06\/i0508231.jpg\",\"width\":192,\"height\":144},{\"@type\":\"BreadcrumbList\",\"@id\":\"https:\/\/www.noubarris.net\/web40\/la-linia-11-de-metro-comptara-amb-un-sistema-automatitzat-a-les-andanes\/#breadcrumb\",\"itemListElement\":[{\"@type\":\"ListItem\",\"position\":1,\"name\":\"Inici\",\"item\":\"https:\/\/www.noubarris.net\/web40\/\"},{\"@type\":\"ListItem\",\"position\":2,\"name\":\"La l\u00ednia 11 de metro comptar\u00e0 amb un sistema automatitzat a les andanes\"}]},{\"@type\":\"WebSite\",\"@id\":\"https:\/\/www.noubarris.net\/web40\/#website\",\"url\":\"https:\/\/www.noubarris.net\/web40\/\",\"name\":\"NouBarris.Net\",\"description\":\"Seguint la vida de Nou Barris des de 1985\",\"publisher\":{\"@id\":\"https:\/\/www.noubarris.net\/web40\/#organization\"},\"potentialAction\":[{\"@type\":\"SearchAction\",\"target\":{\"@type\":\"EntryPoint\",\"urlTemplate\":\"https:\/\/www.noubarris.net\/web40\/?s={search_term_string}\"},\"query-input\":{\"@type\":\"PropertyValueSpecification\",\"valueRequired\":true,\"valueName\":\"search_term_string\"}}],\"inLanguage\":\"ca\"},{\"@type\":\"Organization\",\"@id\":\"https:\/\/www.noubarris.net\/web40\/#organization\",\"name\":\"NouBarris.Net\",\"url\":\"https:\/\/www.noubarris.net\/web40\/\",\"logo\":{\"@type\":\"ImageObject\",\"inLanguage\":\"ca\",\"@id\":\"https:\/\/www.noubarris.net\/web40\/#\/schema\/logo\/image\/\",\"url\":\"https:\/\/www.noubarris.net\/web40\/wp-content\/uploads\/2024\/11\/cropped-cropped-LOGO_9BTV-2024_Insta-1.jpg\",\"contentUrl\":\"https:\/\/www.noubarris.net\/web40\/wp-content\/uploads\/2024\/11\/cropped-cropped-LOGO_9BTV-2024_Insta-1.jpg\",\"width\":512,\"height\":512,\"caption\":\"NouBarris.Net\"},\"image\":{\"@id\":\"https:\/\/www.noubarris.net\/web40\/#\/schema\/logo\/image\/\"},\"sameAs\":[\"https:\/\/www.facebook.com\/NouBarris.net\/?locale=es_ES\",\"https:\/\/x.com\/9BTV\"]},{\"@type\":\"Person\",\"@id\":\"https:\/\/www.noubarris.net\/web40\/#\/schema\/person\/1827f92aaa316c54abbf4dac0de76069\",\"name\":\"Informatius\",\"image\":{\"@type\":\"ImageObject\",\"inLanguage\":\"ca\",\"@id\":\"https:\/\/www.noubarris.net\/web40\/#\/schema\/person\/image\/\",\"url\":\"https:\/\/secure.gravatar.com\/avatar\/87a3b47928835fc72c6ee5b0e1a7263ef0c2d05003a98189bc14926c5f11bcdb?s=96&d=mm&r=g\",\"contentUrl\":\"https:\/\/secure.gravatar.com\/avatar\/87a3b47928835fc72c6ee5b0e1a7263ef0c2d05003a98189bc14926c5f11bcdb?s=96&d=mm&r=g\",\"caption\":\"Informatius\"},\"url\":\"https:\/\/www.noubarris.net\/web40\/author\/tele\/\"}]}<\/script>\n<!-- \/ Yoast SEO plugin. -->","yoast_head_json":{"title":"La l\u00ednia 11 de metro comptar\u00e0 amb un sistema automatitzat a les andanes - NouBarris.Net","robots":{"index":"index","follow":"follow","max-snippet":"max-snippet:-1","max-image-preview":"max-image-preview:large","max-video-preview":"max-video-preview:-1"},"canonical":"https:\/\/www.noubarris.net\/web40\/la-linia-11-de-metro-comptara-amb-un-sistema-automatitzat-a-les-andanes\/","og_locale":"ca_ES","og_type":"article","og_title":"La l\u00ednia 11 de metro comptar\u00e0 amb un sistema automatitzat a les andanes - NouBarris.Net","og_description":"El Departament de Pol\u00edtica Territorial i Obres P\u00fabliques ha adjudicat les obres de millora al metro lleuger amb un cost","og_url":"https:\/\/www.noubarris.net\/web40\/la-linia-11-de-metro-comptara-amb-un-sistema-automatitzat-a-les-andanes\/","og_site_name":"NouBarris.Net","article_publisher":"https:\/\/www.facebook.com\/NouBarris.net\/?locale=es_ES","article_published_time":"2005-08-23T00:00:00+00:00","article_modified_time":"2015-07-07T12:41:40+00:00","og_image":[{"width":192,"height":144,"url":"https:\/\/www.noubarris.net\/web40\/wp-content\/uploads\/2015\/06\/i0508231.jpg","type":"image\/jpeg"}],"author":"Informatius","twitter_card":"summary_large_image","twitter_creator":"@9BTV","twitter_site":"@9BTV","twitter_misc":{"Escrit per":"Informatius","Temps estimat de lectura":"2 minuts"},"schema":{"@context":"https:\/\/schema.org","@graph":[{"@type":"Article","@id":"https:\/\/www.noubarris.net\/web40\/la-linia-11-de-metro-comptara-amb-un-sistema-automatitzat-a-les-andanes\/#article","isPartOf":{"@id":"https:\/\/www.noubarris.net\/web40\/la-linia-11-de-metro-comptara-amb-un-sistema-automatitzat-a-les-andanes\/"},"author":{"name":"Informatius","@id":"https:\/\/www.noubarris.net\/web40\/#\/schema\/person\/1827f92aaa316c54abbf4dac0de76069"},"headline":"La l\u00ednia 11 de metro comptar\u00e0 amb un sistema automatitzat a les andanes","datePublished":"2005-08-23T00:00:00+00:00","dateModified":"2015-07-07T12:41:40+00:00","mainEntityOfPage":{"@id":"https:\/\/www.noubarris.net\/web40\/la-linia-11-de-metro-comptara-amb-un-sistema-automatitzat-a-les-andanes\/"},"wordCount":348,"publisher":{"@id":"https:\/\/www.noubarris.net\/web40\/#organization"},"image":{"@id":"https:\/\/www.noubarris.net\/web40\/la-linia-11-de-metro-comptara-amb-un-sistema-automatitzat-a-les-andanes\/#primaryimage"},"thumbnailUrl":"https:\/\/www.noubarris.net\/web40\/wp-content\/uploads\/2015\/06\/i0508231.jpg","keywords":["Casa de l'Aigua","Ciutat Meridiana","Torre Bar\u00f3"],"articleSection":["Ciutat Meridiana","Nou Barris","Torre Bar\u00f3"],"inLanguage":"ca"},{"@type":"WebPage","@id":"https:\/\/www.noubarris.net\/web40\/la-linia-11-de-metro-comptara-amb-un-sistema-automatitzat-a-les-andanes\/","url":"https:\/\/www.noubarris.net\/web40\/la-linia-11-de-metro-comptara-amb-un-sistema-automatitzat-a-les-andanes\/","name":"La l\u00ednia 11 de metro comptar\u00e0 amb un sistema automatitzat a les andanes - NouBarris.Net","isPartOf":{"@id":"https:\/\/www.noubarris.net\/web40\/#website"},"primaryImageOfPage":{"@id":"https:\/\/www.noubarris.net\/web40\/la-linia-11-de-metro-comptara-amb-un-sistema-automatitzat-a-les-andanes\/#primaryimage"},"image":{"@id":"https:\/\/www.noubarris.net\/web40\/la-linia-11-de-metro-comptara-amb-un-sistema-automatitzat-a-les-andanes\/#primaryimage"},"thumbnailUrl":"https:\/\/www.noubarris.net\/web40\/wp-content\/uploads\/2015\/06\/i0508231.jpg","datePublished":"2005-08-23T00:00:00+00:00","dateModified":"2015-07-07T12:41:40+00:00","breadcrumb":{"@id":"https:\/\/www.noubarris.net\/web40\/la-linia-11-de-metro-comptara-amb-un-sistema-automatitzat-a-les-andanes\/#breadcrumb"},"inLanguage":"ca","potentialAction":[{"@type":"ReadAction","target":["https:\/\/www.noubarris.net\/web40\/la-linia-11-de-metro-comptara-amb-un-sistema-automatitzat-a-les-andanes\/"]}]},{"@type":"ImageObject","inLanguage":"ca","@id":"https:\/\/www.noubarris.net\/web40\/la-linia-11-de-metro-comptara-amb-un-sistema-automatitzat-a-les-andanes\/#primaryimage","url":"https:\/\/www.noubarris.net\/web40\/wp-content\/uploads\/2015\/06\/i0508231.jpg","contentUrl":"https:\/\/www.noubarris.net\/web40\/wp-content\/uploads\/2015\/06\/i0508231.jpg","width":192,"height":144},{"@type":"BreadcrumbList","@id":"https:\/\/www.noubarris.net\/web40\/la-linia-11-de-metro-comptara-amb-un-sistema-automatitzat-a-les-andanes\/#breadcrumb","itemListElement":[{"@type":"ListItem","position":1,"name":"Inici","item":"https:\/\/www.noubarris.net\/web40\/"},{"@type":"ListItem","position":2,"name":"La l\u00ednia 11 de metro comptar\u00e0 amb un sistema automatitzat a les andanes"}]},{"@type":"WebSite","@id":"https:\/\/www.noubarris.net\/web40\/#website","url":"https:\/\/www.noubarris.net\/web40\/","name":"NouBarris.Net","description":"Seguint la vida de Nou Barris des de 1985","publisher":{"@id":"https:\/\/www.noubarris.net\/web40\/#organization"},"potentialAction":[{"@type":"SearchAction","target":{"@type":"EntryPoint","urlTemplate":"https:\/\/www.noubarris.net\/web40\/?s={search_term_string}"},"query-input":{"@type":"PropertyValueSpecification","valueRequired":true,"valueName":"search_term_string"}}],"inLanguage":"ca"},{"@type":"Organization","@id":"https:\/\/www.noubarris.net\/web40\/#organization","name":"NouBarris.Net","url":"https:\/\/www.noubarris.net\/web40\/","logo":{"@type":"ImageObject","inLanguage":"ca","@id":"https:\/\/www.noubarris.net\/web40\/#\/schema\/logo\/image\/","url":"https:\/\/www.noubarris.net\/web40\/wp-content\/uploads\/2024\/11\/cropped-cropped-LOGO_9BTV-2024_Insta-1.jpg","contentUrl":"https:\/\/www.noubarris.net\/web40\/wp-content\/uploads\/2024\/11\/cropped-cropped-LOGO_9BTV-2024_Insta-1.jpg","width":512,"height":512,"caption":"NouBarris.Net"},"image":{"@id":"https:\/\/www.noubarris.net\/web40\/#\/schema\/logo\/image\/"},"sameAs":["https:\/\/www.facebook.com\/NouBarris.net\/?locale=es_ES","https:\/\/x.com\/9BTV"]},{"@type":"Person","@id":"https:\/\/www.noubarris.net\/web40\/#\/schema\/person\/1827f92aaa316c54abbf4dac0de76069","name":"Informatius","image":{"@type":"ImageObject","inLanguage":"ca","@id":"https:\/\/www.noubarris.net\/web40\/#\/schema\/person\/image\/","url":"https:\/\/secure.gravatar.com\/avatar\/87a3b47928835fc72c6ee5b0e1a7263ef0c2d05003a98189bc14926c5f11bcdb?s=96&d=mm&r=g","contentUrl":"https:\/\/secure.gravatar.com\/avatar\/87a3b47928835fc72c6ee5b0e1a7263ef0c2d05003a98189bc14926c5f11bcdb?s=96&d=mm&r=g","caption":"Informatius"},"url":"https:\/\/www.noubarris.net\/web40\/author\/tele\/"}]}},"_links":{"self":[{"href":"https:\/\/www.noubarris.net\/web40\/wp-json\/wp\/v2\/posts\/60608","targetHints":{"allow":["GET"]}}],"collection":[{"href":"https:\/\/www.noubarris.net\/web40\/wp-json\/wp\/v2\/posts"}],"about":[{"href":"https:\/\/www.noubarris.net\/web40\/wp-json\/wp\/v2\/types\/post"}],"author":[{"embeddable":true,"href":"https:\/\/www.noubarris.net\/web40\/wp-json\/wp\/v2\/users\/2"}],"replies":[{"embeddable":true,"href":"https:\/\/www.noubarris.net\/web40\/wp-json\/wp\/v2\/comments?post=60608"}],"version-history":[{"count":0,"href":"https:\/\/www.noubarris.net\/web40\/wp-json\/wp\/v2\/posts\/60608\/revisions"}],"wp:featuredmedia":[{"embeddable":true,"href":"https:\/\/www.noubarris.net\/web40\/wp-json\/wp\/v2\/media\/7823"}],"wp:attachment":[{"href":"https:\/\/www.noubarris.net\/web40\/wp-json\/wp\/v2\/media?parent=60608"}],"wp:term":[{"taxonomy":"category","embeddable":true,"href":"https:\/\/www.noubarris.net\/web40\/wp-json\/wp\/v2\/categories?post=60608"},{"taxonomy":"post_tag","embeddable":true,"href":"https:\/\/www.noubarris.net\/web40\/wp-json\/wp\/v2\/tags?post=60608"}],"curies":[{"name":"wp","href":"https:\/\/api.w.org\/{rel}","templated":true}]}}