{"id":60801,"date":"2006-06-30T00:00:00","date_gmt":"2006-06-30T00:00:00","guid":{"rendered":"http:\/\/www.noubarris.net\/web40\/?p=60801"},"modified":"2015-07-13T11:49:58","modified_gmt":"2015-07-13T11:49:58","slug":"prossegueixen-les-festes-majors-a-nou-barris","status":"publish","type":"post","link":"https:\/\/www.noubarris.net\/web40\/prossegueixen-les-festes-majors-a-nou-barris\/","title":{"rendered":"Prossegueixen les festes majors a Nou Barris"},"content":{"rendered":"<p><strong>Torre Bar\u00f3 concentra aquest cap de setmana una amplia programaci\u00f3 per a tothom<\/strong><\/p>\n<p>Com cada any, despr\u00e9s de la Festa Major de Nou Barris t\u00e9 lloc la celebraci\u00f3 de nombroses festes majors dels barris del districte. M\u00fasica, ball, tradicions populars, esports i moltes altres activitats formen part de les programacions d\u2019aquestes festes, organitzades per les comissions de festes de les associacions de ve\u00efns amb esfor\u00e7 i il\u00b7lusi\u00f3.<\/p>\n<p>Un cop passades les festes de Nou Barris, Prosperitat, Can Peguera, Tur\u00f3 de la Peira-Vilapicina, Ciutat Meridiana, Guineueta, Porta i Trinitat Nova, aquest cap de setmana podrem gaudir amb les festes majors de Roquetes i Torre Bar\u00f3. A continuaci\u00f3 us oferim la programaci\u00f3 d\u2019aquesta \u00faltima:<\/p>\n<p>Festa Major de Torre Bar\u00f3<br \/>\nDel 30 de juny al 2 de juliol<\/p>\n<p>Programa:<\/p>\n<p>30 de juny<\/p>\n<p>19.30 h: Campionat de Futbol Sala. Pista Font dels Eucaliptus de Torre Bar\u00f3.<br \/>\n20 h: \u00b4Chupinazo\u00b4 de inauguraci\u00f3 Festes Majors i Rua a c\u00e0rrec de Batuabaroa.<br \/>\nPla\u00e7a del bus 82.<br \/>\n21 h: Preg\u00f3 de Festes Majors. Antic pati de l\u00b4escola de la Font dels Eucaliptus<br \/>\n21.30 h: Sopar \u00b4con traje\u00b4: \u00b4yo traje tortilla de papas, tu traes un jamoncito, \u00e9l trae la bebida\u00b4. Antic pati de l\u00b4escola de la Font dels Eucaliptus.<br \/>\n21.30 h: Teatre-forum a c\u00e0rrec del grup de teatre social \u00b4Per a qui vulgui\u00b4.<br \/>\nTeatre Zona Nord.<br \/>\n22 h: Orquestra SETSON. Antic pati de l\u00b4escola de la Font dels Eucaliptus.<br \/>\n24 h: Concert Stoy ke Trino, Le Many\u00e0 i Hijos del Agobio. Associaci\u00f3 de m\u00fasics i creadors de Torre Bar\u00f3 \u00b4El Arbusto\u00b4, c\/ Castelldefels<\/p>\n<p>1 de juliol<\/p>\n<p>10 h a 23 h: Campionat Futbol Sala. Pista Font dels Eucaliptus de Torre Bar\u00f3.<br \/>\n11 h: El rac\u00ed infantil \u00b4TorreBar\u00f3landia\u00b4.<br \/>\nAntic pati de l\u00b4escola de la Font dels Eucaliptus:<br \/>\n11 h: Conta-contes<br \/>\n11 h: Tallers de reciclatge a c\u00e0rrec de Acci\u00f3 Catacrac<br \/>\n12 h: Espectacle infantil: Animatic Duo<br \/>\n13 h: Festa de l\u00b4Escuma<br \/>\n14 h: Butifarrada popular. Antic pati de l\u00b4escola de la Font dels Eucaliptus.<br \/>\n18 h: Grup de teatre: \u00b4Sala de espera\u00b4, a c\u00e0rrec de Dones de Porta.<br \/>\nParr\u00f2quia Santa Bernardeta, c\/ Sant Quirze de Safaja n\u00ba 3<br \/>\n19 h: Festival de Flamenco amb:<br \/>\nQuadre de flamenc: Servalabari<br \/>\nAlumnes de Mar\u00eda Sanchez<br \/>\nLos Romeros<br \/>\nAntic pati de l\u00b4escola de la \u00b4Font dels Eucaliptus\u00b4.<br \/>\n21 h: Actuaci\u00f3 de Itran, versions. Antic pati de l\u00b4escola de la Font dels Eucaliptus.<br \/>\n22.30 h: Discomobil. Antic pati de l\u00b4escola de la \u00b4Font dels Eucaliptus\u00b4.<\/p>\n<p>2 de juliol<\/p>\n<p>9 h: Campionat de petanca. Pistes de petanca al costat del Campillo de la Virgen.<br \/>\n10 h a 14 h: Campionat Futbol Sala. Pista Font dels Eucaliptus de Torre Bar\u00f3.<br \/>\n11 h: Actuaci\u00f3 dels grups de jazz-flamenc i de ball del Centre Cultural Estrellas Altas. Parr\u00f2quia Santa Bernardeta, c\/ Sant Quirze de Safaja n\u00ba 3<br \/>\n17 h: Final del campionat de petanca. Pista petanca c\/ Escolapi C\u00e1ncer s\/n, al costat de l\u00b4associaci\u00f3 de ve\u00efns.<br \/>\n17.30 h: Festa tropical. Exhibici\u00f3 del grup de salsa del Casal de Barri de Torre Bar\u00f3 i sessi\u00f3 participativa de salsa. Antic pati de l\u00b4escola de la Font dels Eucaliptus.<br \/>\n19 h: Discomobil. Antic pati de l\u00b4escola de la Font dels Eucliptus.<br \/>\n21 h: Lliurament dels trofeus. Antic pati de l\u00b4escola de la Font dels Eucaliptus.<br \/>\n22 h: Focs artificials i diables.<\/p>\n<p>Not\u00edcia publicada per <a href=\"http:\/\/www.noubarris.net\/9btv\" target=\"_blank\">Nou Barris Televisi\u00f3 <\/a><\/p>\n","protected":false},"excerpt":{"rendered":"<p>Torre Bar\u00f3 concentra aquest cap de setmana una amplia programaci\u00f3 per a tothom Com cada any, despr\u00e9s de la Festa<\/p>\n","protected":false},"author":2,"featured_media":9399,"comment_status":"closed","ping_status":"closed","sticky":false,"template":"","format":"standard","meta":{"colormag_page_layout":"default_layout","_monsterinsights_skip_tracking":false,"_monsterinsights_sitenote_active":false,"_monsterinsights_sitenote_note":"","_monsterinsights_sitenote_category":0,"footnotes":""},"categories":[130,132,129,128,133,135,138,136,125,1,137,142],"tags":[46,162,54,101,73,63,64,103,47,51,52,53,43],"class_list":["post-60801","post","type-post","status-publish","format-standard","has-post-thumbnail","hentry","category-can-peguera","category-ciutat-meridiana","category-cultura","category-esports","category-la-guineueta","category-la-prosperitat","category-la-trinitat-nova","category-les-roquetes","category-mobilitat","category-nou-barris","category-torre-baro","category-vilapicina-i-la-torre-llobeta","tag-can-peguera","tag-casal-de-barri","tag-ciutat-meridiana","tag-concert","tag-esport","tag-festa-major","tag-festes","tag-jazz","tag-la-guineueta","tag-la-prosperitat","tag-la-trinitat-nova","tag-torre-baro","tag-vilapicina-y-la-torre-llobeta"],"yoast_head":"<!-- This site is optimized with the Yoast SEO plugin v25.3 - https:\/\/yoast.com\/wordpress\/plugins\/seo\/ -->\n<title>Prossegueixen les festes majors a Nou Barris - NouBarris.Net<\/title>\n<meta name=\"robots\" content=\"index, follow, max-snippet:-1, max-image-preview:large, max-video-preview:-1\" \/>\n<link rel=\"canonical\" href=\"https:\/\/www.noubarris.net\/web40\/prossegueixen-les-festes-majors-a-nou-barris\/\" \/>\n<meta property=\"og:locale\" content=\"ca_ES\" \/>\n<meta property=\"og:type\" content=\"article\" \/>\n<meta property=\"og:title\" content=\"Prossegueixen les festes majors a Nou Barris - NouBarris.Net\" \/>\n<meta property=\"og:description\" content=\"Torre Bar\u00f3 concentra aquest cap de setmana una amplia programaci\u00f3 per a tothom Com cada any, despr\u00e9s de la Festa\" \/>\n<meta property=\"og:url\" content=\"https:\/\/www.noubarris.net\/web40\/prossegueixen-les-festes-majors-a-nou-barris\/\" \/>\n<meta property=\"og:site_name\" content=\"NouBarris.Net\" \/>\n<meta property=\"article:publisher\" content=\"https:\/\/www.facebook.com\/NouBarris.net\/?locale=es_ES\" \/>\n<meta property=\"article:published_time\" content=\"2006-06-30T00:00:00+00:00\" \/>\n<meta property=\"article:modified_time\" content=\"2015-07-13T11:49:58+00:00\" \/>\n<meta property=\"og:image\" content=\"https:\/\/www.noubarris.net\/web40\/wp-content\/uploads\/2015\/06\/i0606301.gif\" \/>\n\t<meta property=\"og:image:width\" content=\"235\" \/>\n\t<meta property=\"og:image:height\" content=\"309\" \/>\n\t<meta property=\"og:image:type\" content=\"image\/gif\" \/>\n<meta name=\"author\" content=\"Informatius\" \/>\n<meta name=\"twitter:card\" content=\"summary_large_image\" \/>\n<meta name=\"twitter:creator\" content=\"@9BTV\" \/>\n<meta name=\"twitter:site\" content=\"@9BTV\" \/>\n<meta name=\"twitter:label1\" content=\"Escrit per\" \/>\n\t<meta name=\"twitter:data1\" content=\"Informatius\" \/>\n\t<meta name=\"twitter:label2\" content=\"Temps estimat de lectura\" \/>\n\t<meta name=\"twitter:data2\" content=\"3 minuts\" \/>\n<script type=\"application\/ld+json\" class=\"yoast-schema-graph\">{\"@context\":\"https:\/\/schema.org\",\"@graph\":[{\"@type\":\"Article\",\"@id\":\"https:\/\/www.noubarris.net\/web40\/prossegueixen-les-festes-majors-a-nou-barris\/#article\",\"isPartOf\":{\"@id\":\"https:\/\/www.noubarris.net\/web40\/prossegueixen-les-festes-majors-a-nou-barris\/\"},\"author\":{\"name\":\"Informatius\",\"@id\":\"https:\/\/www.noubarris.net\/web40\/#\/schema\/person\/1827f92aaa316c54abbf4dac0de76069\"},\"headline\":\"Prossegueixen les festes majors a Nou Barris\",\"datePublished\":\"2006-06-30T00:00:00+00:00\",\"dateModified\":\"2015-07-13T11:49:58+00:00\",\"mainEntityOfPage\":{\"@id\":\"https:\/\/www.noubarris.net\/web40\/prossegueixen-les-festes-majors-a-nou-barris\/\"},\"wordCount\":550,\"publisher\":{\"@id\":\"https:\/\/www.noubarris.net\/web40\/#organization\"},\"image\":{\"@id\":\"https:\/\/www.noubarris.net\/web40\/prossegueixen-les-festes-majors-a-nou-barris\/#primaryimage\"},\"thumbnailUrl\":\"https:\/\/www.noubarris.net\/web40\/wp-content\/uploads\/2015\/06\/i0606301.gif\",\"keywords\":[\"Can Peguera\",\"Casal de Barri\",\"Ciutat Meridiana\",\"Concert\",\"Esport\",\"Festa Major\",\"Festes\",\"Jazz\",\"La Guineueta\",\"La Prosperitat\",\"La Trinitat Nova\",\"Torre Bar\u00f3\",\"Vilapicina i La Torre Llobeta\"],\"articleSection\":[\"Can Peguera\",\"Ciutat Meridiana\",\"Cultura\",\"Esports\",\"La Guineueta\",\"La Prosperitat\",\"La Trinitat Nova\",\"Les Roquetes\",\"Mobilitat\",\"Nou Barris\",\"Torre Bar\u00f3\",\"Vilapicina i la Torre Llobeta\"],\"inLanguage\":\"ca\"},{\"@type\":\"WebPage\",\"@id\":\"https:\/\/www.noubarris.net\/web40\/prossegueixen-les-festes-majors-a-nou-barris\/\",\"url\":\"https:\/\/www.noubarris.net\/web40\/prossegueixen-les-festes-majors-a-nou-barris\/\",\"name\":\"Prossegueixen les festes majors a Nou Barris - NouBarris.Net\",\"isPartOf\":{\"@id\":\"https:\/\/www.noubarris.net\/web40\/#website\"},\"primaryImageOfPage\":{\"@id\":\"https:\/\/www.noubarris.net\/web40\/prossegueixen-les-festes-majors-a-nou-barris\/#primaryimage\"},\"image\":{\"@id\":\"https:\/\/www.noubarris.net\/web40\/prossegueixen-les-festes-majors-a-nou-barris\/#primaryimage\"},\"thumbnailUrl\":\"https:\/\/www.noubarris.net\/web40\/wp-content\/uploads\/2015\/06\/i0606301.gif\",\"datePublished\":\"2006-06-30T00:00:00+00:00\",\"dateModified\":\"2015-07-13T11:49:58+00:00\",\"breadcrumb\":{\"@id\":\"https:\/\/www.noubarris.net\/web40\/prossegueixen-les-festes-majors-a-nou-barris\/#breadcrumb\"},\"inLanguage\":\"ca\",\"potentialAction\":[{\"@type\":\"ReadAction\",\"target\":[\"https:\/\/www.noubarris.net\/web40\/prossegueixen-les-festes-majors-a-nou-barris\/\"]}]},{\"@type\":\"ImageObject\",\"inLanguage\":\"ca\",\"@id\":\"https:\/\/www.noubarris.net\/web40\/prossegueixen-les-festes-majors-a-nou-barris\/#primaryimage\",\"url\":\"https:\/\/www.noubarris.net\/web40\/wp-content\/uploads\/2015\/06\/i0606301.gif\",\"contentUrl\":\"https:\/\/www.noubarris.net\/web40\/wp-content\/uploads\/2015\/06\/i0606301.gif\",\"width\":235,\"height\":309},{\"@type\":\"BreadcrumbList\",\"@id\":\"https:\/\/www.noubarris.net\/web40\/prossegueixen-les-festes-majors-a-nou-barris\/#breadcrumb\",\"itemListElement\":[{\"@type\":\"ListItem\",\"position\":1,\"name\":\"Inici\",\"item\":\"https:\/\/www.noubarris.net\/web40\/\"},{\"@type\":\"ListItem\",\"position\":2,\"name\":\"Prossegueixen les festes majors a Nou Barris\"}]},{\"@type\":\"WebSite\",\"@id\":\"https:\/\/www.noubarris.net\/web40\/#website\",\"url\":\"https:\/\/www.noubarris.net\/web40\/\",\"name\":\"NouBarris.Net\",\"description\":\"Seguint la vida de Nou Barris des de 1985\",\"publisher\":{\"@id\":\"https:\/\/www.noubarris.net\/web40\/#organization\"},\"potentialAction\":[{\"@type\":\"SearchAction\",\"target\":{\"@type\":\"EntryPoint\",\"urlTemplate\":\"https:\/\/www.noubarris.net\/web40\/?s={search_term_string}\"},\"query-input\":{\"@type\":\"PropertyValueSpecification\",\"valueRequired\":true,\"valueName\":\"search_term_string\"}}],\"inLanguage\":\"ca\"},{\"@type\":\"Organization\",\"@id\":\"https:\/\/www.noubarris.net\/web40\/#organization\",\"name\":\"NouBarris.Net\",\"url\":\"https:\/\/www.noubarris.net\/web40\/\",\"logo\":{\"@type\":\"ImageObject\",\"inLanguage\":\"ca\",\"@id\":\"https:\/\/www.noubarris.net\/web40\/#\/schema\/logo\/image\/\",\"url\":\"https:\/\/www.noubarris.net\/web40\/wp-content\/uploads\/2024\/11\/cropped-cropped-LOGO_9BTV-2024_Insta-1.jpg\",\"contentUrl\":\"https:\/\/www.noubarris.net\/web40\/wp-content\/uploads\/2024\/11\/cropped-cropped-LOGO_9BTV-2024_Insta-1.jpg\",\"width\":512,\"height\":512,\"caption\":\"NouBarris.Net\"},\"image\":{\"@id\":\"https:\/\/www.noubarris.net\/web40\/#\/schema\/logo\/image\/\"},\"sameAs\":[\"https:\/\/www.facebook.com\/NouBarris.net\/?locale=es_ES\",\"https:\/\/x.com\/9BTV\"]},{\"@type\":\"Person\",\"@id\":\"https:\/\/www.noubarris.net\/web40\/#\/schema\/person\/1827f92aaa316c54abbf4dac0de76069\",\"name\":\"Informatius\",\"image\":{\"@type\":\"ImageObject\",\"inLanguage\":\"ca\",\"@id\":\"https:\/\/www.noubarris.net\/web40\/#\/schema\/person\/image\/\",\"url\":\"https:\/\/secure.gravatar.com\/avatar\/87a3b47928835fc72c6ee5b0e1a7263ef0c2d05003a98189bc14926c5f11bcdb?s=96&d=mm&r=g\",\"contentUrl\":\"https:\/\/secure.gravatar.com\/avatar\/87a3b47928835fc72c6ee5b0e1a7263ef0c2d05003a98189bc14926c5f11bcdb?s=96&d=mm&r=g\",\"caption\":\"Informatius\"},\"url\":\"https:\/\/www.noubarris.net\/web40\/author\/tele\/\"}]}<\/script>\n<!-- \/ Yoast SEO plugin. -->","yoast_head_json":{"title":"Prossegueixen les festes majors a Nou Barris - NouBarris.Net","robots":{"index":"index","follow":"follow","max-snippet":"max-snippet:-1","max-image-preview":"max-image-preview:large","max-video-preview":"max-video-preview:-1"},"canonical":"https:\/\/www.noubarris.net\/web40\/prossegueixen-les-festes-majors-a-nou-barris\/","og_locale":"ca_ES","og_type":"article","og_title":"Prossegueixen les festes majors a Nou Barris - NouBarris.Net","og_description":"Torre Bar\u00f3 concentra aquest cap de setmana una amplia programaci\u00f3 per a tothom Com cada any, despr\u00e9s de la Festa","og_url":"https:\/\/www.noubarris.net\/web40\/prossegueixen-les-festes-majors-a-nou-barris\/","og_site_name":"NouBarris.Net","article_publisher":"https:\/\/www.facebook.com\/NouBarris.net\/?locale=es_ES","article_published_time":"2006-06-30T00:00:00+00:00","article_modified_time":"2015-07-13T11:49:58+00:00","og_image":[{"width":235,"height":309,"url":"https:\/\/www.noubarris.net\/web40\/wp-content\/uploads\/2015\/06\/i0606301.gif","type":"image\/gif"}],"author":"Informatius","twitter_card":"summary_large_image","twitter_creator":"@9BTV","twitter_site":"@9BTV","twitter_misc":{"Escrit per":"Informatius","Temps estimat de lectura":"3 minuts"},"schema":{"@context":"https:\/\/schema.org","@graph":[{"@type":"Article","@id":"https:\/\/www.noubarris.net\/web40\/prossegueixen-les-festes-majors-a-nou-barris\/#article","isPartOf":{"@id":"https:\/\/www.noubarris.net\/web40\/prossegueixen-les-festes-majors-a-nou-barris\/"},"author":{"name":"Informatius","@id":"https:\/\/www.noubarris.net\/web40\/#\/schema\/person\/1827f92aaa316c54abbf4dac0de76069"},"headline":"Prossegueixen les festes majors a Nou Barris","datePublished":"2006-06-30T00:00:00+00:00","dateModified":"2015-07-13T11:49:58+00:00","mainEntityOfPage":{"@id":"https:\/\/www.noubarris.net\/web40\/prossegueixen-les-festes-majors-a-nou-barris\/"},"wordCount":550,"publisher":{"@id":"https:\/\/www.noubarris.net\/web40\/#organization"},"image":{"@id":"https:\/\/www.noubarris.net\/web40\/prossegueixen-les-festes-majors-a-nou-barris\/#primaryimage"},"thumbnailUrl":"https:\/\/www.noubarris.net\/web40\/wp-content\/uploads\/2015\/06\/i0606301.gif","keywords":["Can Peguera","Casal de Barri","Ciutat Meridiana","Concert","Esport","Festa Major","Festes","Jazz","La Guineueta","La Prosperitat","La Trinitat Nova","Torre Bar\u00f3","Vilapicina i La Torre Llobeta"],"articleSection":["Can Peguera","Ciutat Meridiana","Cultura","Esports","La Guineueta","La Prosperitat","La Trinitat Nova","Les Roquetes","Mobilitat","Nou Barris","Torre Bar\u00f3","Vilapicina i la Torre Llobeta"],"inLanguage":"ca"},{"@type":"WebPage","@id":"https:\/\/www.noubarris.net\/web40\/prossegueixen-les-festes-majors-a-nou-barris\/","url":"https:\/\/www.noubarris.net\/web40\/prossegueixen-les-festes-majors-a-nou-barris\/","name":"Prossegueixen les festes majors a Nou Barris - NouBarris.Net","isPartOf":{"@id":"https:\/\/www.noubarris.net\/web40\/#website"},"primaryImageOfPage":{"@id":"https:\/\/www.noubarris.net\/web40\/prossegueixen-les-festes-majors-a-nou-barris\/#primaryimage"},"image":{"@id":"https:\/\/www.noubarris.net\/web40\/prossegueixen-les-festes-majors-a-nou-barris\/#primaryimage"},"thumbnailUrl":"https:\/\/www.noubarris.net\/web40\/wp-content\/uploads\/2015\/06\/i0606301.gif","datePublished":"2006-06-30T00:00:00+00:00","dateModified":"2015-07-13T11:49:58+00:00","breadcrumb":{"@id":"https:\/\/www.noubarris.net\/web40\/prossegueixen-les-festes-majors-a-nou-barris\/#breadcrumb"},"inLanguage":"ca","potentialAction":[{"@type":"ReadAction","target":["https:\/\/www.noubarris.net\/web40\/prossegueixen-les-festes-majors-a-nou-barris\/"]}]},{"@type":"ImageObject","inLanguage":"ca","@id":"https:\/\/www.noubarris.net\/web40\/prossegueixen-les-festes-majors-a-nou-barris\/#primaryimage","url":"https:\/\/www.noubarris.net\/web40\/wp-content\/uploads\/2015\/06\/i0606301.gif","contentUrl":"https:\/\/www.noubarris.net\/web40\/wp-content\/uploads\/2015\/06\/i0606301.gif","width":235,"height":309},{"@type":"BreadcrumbList","@id":"https:\/\/www.noubarris.net\/web40\/prossegueixen-les-festes-majors-a-nou-barris\/#breadcrumb","itemListElement":[{"@type":"ListItem","position":1,"name":"Inici","item":"https:\/\/www.noubarris.net\/web40\/"},{"@type":"ListItem","position":2,"name":"Prossegueixen les festes majors a Nou Barris"}]},{"@type":"WebSite","@id":"https:\/\/www.noubarris.net\/web40\/#website","url":"https:\/\/www.noubarris.net\/web40\/","name":"NouBarris.Net","description":"Seguint la vida de Nou Barris des de 1985","publisher":{"@id":"https:\/\/www.noubarris.net\/web40\/#organization"},"potentialAction":[{"@type":"SearchAction","target":{"@type":"EntryPoint","urlTemplate":"https:\/\/www.noubarris.net\/web40\/?s={search_term_string}"},"query-input":{"@type":"PropertyValueSpecification","valueRequired":true,"valueName":"search_term_string"}}],"inLanguage":"ca"},{"@type":"Organization","@id":"https:\/\/www.noubarris.net\/web40\/#organization","name":"NouBarris.Net","url":"https:\/\/www.noubarris.net\/web40\/","logo":{"@type":"ImageObject","inLanguage":"ca","@id":"https:\/\/www.noubarris.net\/web40\/#\/schema\/logo\/image\/","url":"https:\/\/www.noubarris.net\/web40\/wp-content\/uploads\/2024\/11\/cropped-cropped-LOGO_9BTV-2024_Insta-1.jpg","contentUrl":"https:\/\/www.noubarris.net\/web40\/wp-content\/uploads\/2024\/11\/cropped-cropped-LOGO_9BTV-2024_Insta-1.jpg","width":512,"height":512,"caption":"NouBarris.Net"},"image":{"@id":"https:\/\/www.noubarris.net\/web40\/#\/schema\/logo\/image\/"},"sameAs":["https:\/\/www.facebook.com\/NouBarris.net\/?locale=es_ES","https:\/\/x.com\/9BTV"]},{"@type":"Person","@id":"https:\/\/www.noubarris.net\/web40\/#\/schema\/person\/1827f92aaa316c54abbf4dac0de76069","name":"Informatius","image":{"@type":"ImageObject","inLanguage":"ca","@id":"https:\/\/www.noubarris.net\/web40\/#\/schema\/person\/image\/","url":"https:\/\/secure.gravatar.com\/avatar\/87a3b47928835fc72c6ee5b0e1a7263ef0c2d05003a98189bc14926c5f11bcdb?s=96&d=mm&r=g","contentUrl":"https:\/\/secure.gravatar.com\/avatar\/87a3b47928835fc72c6ee5b0e1a7263ef0c2d05003a98189bc14926c5f11bcdb?s=96&d=mm&r=g","caption":"Informatius"},"url":"https:\/\/www.noubarris.net\/web40\/author\/tele\/"}]}},"_links":{"self":[{"href":"https:\/\/www.noubarris.net\/web40\/wp-json\/wp\/v2\/posts\/60801","targetHints":{"allow":["GET"]}}],"collection":[{"href":"https:\/\/www.noubarris.net\/web40\/wp-json\/wp\/v2\/posts"}],"about":[{"href":"https:\/\/www.noubarris.net\/web40\/wp-json\/wp\/v2\/types\/post"}],"author":[{"embeddable":true,"href":"https:\/\/www.noubarris.net\/web40\/wp-json\/wp\/v2\/users\/2"}],"replies":[{"embeddable":true,"href":"https:\/\/www.noubarris.net\/web40\/wp-json\/wp\/v2\/comments?post=60801"}],"version-history":[{"count":0,"href":"https:\/\/www.noubarris.net\/web40\/wp-json\/wp\/v2\/posts\/60801\/revisions"}],"wp:featuredmedia":[{"embeddable":true,"href":"https:\/\/www.noubarris.net\/web40\/wp-json\/wp\/v2\/media\/9399"}],"wp:attachment":[{"href":"https:\/\/www.noubarris.net\/web40\/wp-json\/wp\/v2\/media?parent=60801"}],"wp:term":[{"taxonomy":"category","embeddable":true,"href":"https:\/\/www.noubarris.net\/web40\/wp-json\/wp\/v2\/categories?post=60801"},{"taxonomy":"post_tag","embeddable":true,"href":"https:\/\/www.noubarris.net\/web40\/wp-json\/wp\/v2\/tags?post=60801"}],"curies":[{"name":"wp","href":"https:\/\/api.w.org\/{rel}","templated":true}]}}