{"id":61513,"date":"2008-06-07T00:00:00","date_gmt":"2008-06-07T00:00:00","guid":{"rendered":"http:\/\/www.noubarris.net\/web40\/?p=61513"},"modified":"2015-07-13T11:55:09","modified_gmt":"2015-07-13T11:55:09","slug":"festes-majors-a-la-prosperitat","status":"publish","type":"post","link":"https:\/\/www.noubarris.net\/web40\/festes-majors-a-la-prosperitat\/","title":{"rendered":"Festes majors a la Prosperitat"},"content":{"rendered":"<p><strong>Les penyes animen les celebracions populars per a tots els gustos<\/strong><\/p>\n<p>El barri de la Prosperitat viu aquest cap de setmana la recta final de les seves festes majors. Unes celebracions marcades en aquest barri per les seves famoses \u00b4penyes\u00b4, que han organitzat les m\u00e9s esborrajades i originals activitats. Un exemple s\u00f3n les de dem\u00e0 a la matinada, quan es proposen despertar mig barri primer amb una conga a les 5.30h que acabar\u00e0 al Poliesportiu Valldaura, i despr\u00e9s, un cop hagin jugat a \u00b4balontiro\u00b4 amb \u00b4diana i xaranga\u00b4. I \u00e9s que cal apurar les festes majors fins al final. Ja hi haur\u00e0 temps de dormir! A continuaci\u00f3 us facilitem el programa de festes per avui i dem\u00e0:<\/p>\n<p>DISSABTE:<\/p>\n<p>10h. Torneig de petanca i jocs aut\u00f2ctons. Petanques R\u00edo de Janeiro<br \/>\nOrganitza: Casal de la Gent Gran<\/p>\n<p>12h. Tallers de manualitats a la Pl. \u00c0ngel Pestanya<br \/>\nPe\u00f1a, Pe\u00f1ita, Pe\u00f1a<\/p>\n<p>12h. Marat\u00f3 gastron\u00f2mic interpenyes<br \/>\nInici: Bar Cazorla, final: Pl. \u00c0ngel Pesta\u00f1a<\/p>\n<p>14h. Castellers i botifarrada amb els Falcons de Barcelona a la Pl. \u00c0ngel Pestanya<br \/>\nPe\u00f1a Xarnecs de la Prospe<\/p>\n<p>16h. Fases finals \u00b424 hores de futbol sala\u00b4. Secci\u00f3 Veterans<br \/>\nPoliesportiu Valldaura<br \/>\nPenya Barcelonista Prosperitat-Nou Barris i Escola de F\u00fatbol Sala de Prosperitat<\/p>\n<p>17h. Jocs per a petits i grans al c\/Mol\u00ed<br \/>\nVe\u00efns del c\/Mol\u00ed<\/p>\n<p>18h. Passabars<br \/>\nRecorregut: Bar Cazorla, Cervecer\u00eda 3 Pinos, Bar Com a Casa, Bar Maxi, Bar Justindun<br \/>\nPe\u00f1a Amigos de la Pe\u00f1a<\/p>\n<p>18:30 Xocolata al c\/Mol\u00ed<br \/>\nVe\u00efns del c\/Mol\u00ed<\/p>\n<p>19h. Taller de capgrossos i correfoc infantil<br \/>\nP\u00e7a zona verda fins Pl. Nou Barris<\/p>\n<p>19h. Havaneres i rom a la Pl. Prosperitat<br \/>\nAV de Prosperitat<\/p>\n<p>19:30 M\u00e0gia al c\/Mol\u00ed<br \/>\nVe\u00efns del c\/Moli<\/p>\n<p>20:30 Lliurament del Porr\u00f3 d\u00b4Or i la Cullera de Pal a la millor i pitjor penya<br \/>\nBodega Eduardo (c\/Joaquim Valls, 66)<br \/>\nPe\u00f1a Zapatilla<\/p>\n<p>21h. Concert a la Bodega Eduardo (c\/Joaquim Valls, 66)<br \/>\nPe\u00f1a Mil Duros<\/p>\n<p>21h. Sopar &#8216;de traje&#8217; al c\/Mol\u00ed<\/p>\n<p>21h. Party Music Show G\u00fcein al c\/Boada<br \/>\nL\u2019asosi<\/p>\n<p>21h. ll Concurs de Drag Queens al c\/Baltasar Gracian<br \/>\nPenya \u00b4Los Tetes\u00b4<br \/>\nBar La torrada i Petit d\u00f6ner kebab<\/p>\n<p>22h. Disco m\u00f2bil<br \/>\nBar Los Peques (c\/Joaquim Valls 23)<\/p>\n<p>22h. Concert de hip-hop amb Alita, Espont\u00e1neos, Tercera Orden, Ruliwaka, Su lengua enferma, Doble Zero, El Vecino y L4.<br \/>\nP\u00e7a Harry Walker<br \/>\nCriminal Menda i Pe\u00f1a el Puntillo<\/p>\n<p>22h. Electroasis a la Pl. Zona Verda<br \/>\nOperative System<\/p>\n<p>23h. Gran Ball a la Pl. \u00c0ngel Pestanya<br \/>\nComissi\u00f3 Central<\/p>\n<p>23h. Concert amb Sof\u00e0s Mart\u00ednez i DJ Perlita de la Trinidad<br \/>\nc\/Mol\u00ed<\/p>\n<p>DIUMENGE<\/p>\n<p>5.30h. La Big Conga, des de la Pl. Angel Pesta\u00f1a fins el Poliesportiu Valldaura<br \/>\nPe\u00f1a En la torre de Collserola ya no cresen amapolas<\/p>\n<p>6h. Balontiro al Poliesportiu Valldaura<br \/>\nInterpenyes<\/p>\n<p>7h. Ressop\u00f3 al Bar Justindun<\/p>\n<p>7h. Diana i xaranga \u00b430 de Huesca\u00b4<br \/>\nInici: Bar Justindun<br \/>\nComissi\u00f3 Central<\/p>\n<p>9h. Esmorzar Restas de Penyes al Bar Ancris<br \/>\nPe\u00f1as: Jajansklinka y Pigme@s revoltos@s<\/p>\n<p>10h. 1a milla atl\u00e8tica de Prosperitat a la Via J\u00falia<br \/>\nClub d\u2019Atletisme de Nou Barris<\/p>\n<p>12h. Gran Gimkana a la Pl. \u00c0ngel Pesta\u00f1a<br \/>\nLudo La Guineu, Esplai Santa Engracia i Esplai Druida<\/p>\n<p>19h. Transmarat\u00f3 d\u00b4espectacles a la Pl. \u00c0ngel Pesta\u00f1a<br \/>\nComissi\u00f3 Central<\/p>\n<p>21:30 CORREFOC a c\u00e0rrec dels diables de Nou Barris i Guineueta<br \/>\nComen\u00e7a a la Pl Nou Barris<br \/>\nComissi\u00f3 Central<\/p>\n<p>22:30 Dansa vertical a la Pl. Harry Walker<br \/>\nComissi\u00f3 Central<\/p>\n<p>23h. Piromusical a la Pl. Harry Walker<br \/>\nComissi\u00f3 Central<\/p>\n<p>Not\u00edcia publicada per <a href=\"http:\/\/www.noubarris.net\/9btv\" target=\"_blank\">Nou Barris Televisi\u00f3 <\/a><\/p>\n","protected":false},"excerpt":{"rendered":"<p>Les penyes animen les celebracions populars per a tots els gustos El barri de la Prosperitat viu aquest cap de<\/p>\n","protected":false},"author":2,"featured_media":6945,"comment_status":"closed","ping_status":"closed","sticky":false,"template":"","format":"standard","meta":{"colormag_page_layout":"default_layout","_monsterinsights_skip_tracking":false,"_monsterinsights_sitenote_active":false,"_monsterinsights_sitenote_note":"","_monsterinsights_sitenote_category":0,"footnotes":""},"categories":[129,128,133,135,1],"tags":[101,164,107,73,64,47,51,172,240],"class_list":["post-61513","post","type-post","status-publish","format-standard","has-post-thumbnail","hentry","category-cultura","category-esports","category-la-guineueta","category-la-prosperitat","category-nou-barris","tag-concert","tag-dansa","tag-espectacles","tag-esport","tag-festes","tag-la-guineueta","tag-la-prosperitat","tag-santa-engracia","tag-via-julia"],"yoast_head":"<!-- This site is optimized with the Yoast SEO plugin v25.3 - https:\/\/yoast.com\/wordpress\/plugins\/seo\/ -->\n<title>Festes majors a la Prosperitat - NouBarris.Net<\/title>\n<meta name=\"robots\" content=\"index, follow, max-snippet:-1, max-image-preview:large, max-video-preview:-1\" \/>\n<link rel=\"canonical\" href=\"https:\/\/www.noubarris.net\/web40\/festes-majors-a-la-prosperitat\/\" \/>\n<meta property=\"og:locale\" content=\"ca_ES\" \/>\n<meta property=\"og:type\" content=\"article\" \/>\n<meta property=\"og:title\" content=\"Festes majors a la Prosperitat - NouBarris.Net\" \/>\n<meta property=\"og:description\" content=\"Les penyes animen les celebracions populars per a tots els gustos El barri de la Prosperitat viu aquest cap de\" \/>\n<meta property=\"og:url\" content=\"https:\/\/www.noubarris.net\/web40\/festes-majors-a-la-prosperitat\/\" \/>\n<meta property=\"og:site_name\" content=\"NouBarris.Net\" \/>\n<meta property=\"article:publisher\" content=\"https:\/\/www.facebook.com\/NouBarris.net\/?locale=es_ES\" \/>\n<meta property=\"article:published_time\" content=\"2008-06-07T00:00:00+00:00\" \/>\n<meta property=\"article:modified_time\" content=\"2015-07-13T11:55:09+00:00\" \/>\n<meta property=\"og:image\" content=\"https:\/\/www.noubarris.net\/web40\/wp-content\/uploads\/2015\/06\/i0806071.jpg\" \/>\n\t<meta property=\"og:image:width\" content=\"220\" \/>\n\t<meta property=\"og:image:height\" content=\"305\" \/>\n\t<meta property=\"og:image:type\" content=\"image\/jpeg\" \/>\n<meta name=\"author\" content=\"Informatius\" \/>\n<meta name=\"twitter:card\" content=\"summary_large_image\" \/>\n<meta name=\"twitter:creator\" content=\"@9BTV\" \/>\n<meta name=\"twitter:site\" content=\"@9BTV\" \/>\n<meta name=\"twitter:label1\" content=\"Escrit per\" \/>\n\t<meta name=\"twitter:data1\" content=\"Informatius\" \/>\n\t<meta name=\"twitter:label2\" content=\"Temps estimat de lectura\" \/>\n\t<meta name=\"twitter:data2\" content=\"3 minuts\" \/>\n<script type=\"application\/ld+json\" class=\"yoast-schema-graph\">{\"@context\":\"https:\/\/schema.org\",\"@graph\":[{\"@type\":\"Article\",\"@id\":\"https:\/\/www.noubarris.net\/web40\/festes-majors-a-la-prosperitat\/#article\",\"isPartOf\":{\"@id\":\"https:\/\/www.noubarris.net\/web40\/festes-majors-a-la-prosperitat\/\"},\"author\":{\"name\":\"Informatius\",\"@id\":\"https:\/\/www.noubarris.net\/web40\/#\/schema\/person\/1827f92aaa316c54abbf4dac0de76069\"},\"headline\":\"Festes majors a la Prosperitat\",\"datePublished\":\"2008-06-07T00:00:00+00:00\",\"dateModified\":\"2015-07-13T11:55:09+00:00\",\"mainEntityOfPage\":{\"@id\":\"https:\/\/www.noubarris.net\/web40\/festes-majors-a-la-prosperitat\/\"},\"wordCount\":608,\"publisher\":{\"@id\":\"https:\/\/www.noubarris.net\/web40\/#organization\"},\"image\":{\"@id\":\"https:\/\/www.noubarris.net\/web40\/festes-majors-a-la-prosperitat\/#primaryimage\"},\"thumbnailUrl\":\"https:\/\/www.noubarris.net\/web40\/wp-content\/uploads\/2015\/06\/i0806071.jpg\",\"keywords\":[\"Concert\",\"Dansa\",\"Espectacles\",\"Esport\",\"Festes\",\"La Guineueta\",\"La Prosperitat\",\"Santa Engr\u00e0cia\",\"Via J\u00falia\"],\"articleSection\":[\"Cultura\",\"Esports\",\"La Guineueta\",\"La Prosperitat\",\"Nou Barris\"],\"inLanguage\":\"ca\"},{\"@type\":\"WebPage\",\"@id\":\"https:\/\/www.noubarris.net\/web40\/festes-majors-a-la-prosperitat\/\",\"url\":\"https:\/\/www.noubarris.net\/web40\/festes-majors-a-la-prosperitat\/\",\"name\":\"Festes majors a la Prosperitat - NouBarris.Net\",\"isPartOf\":{\"@id\":\"https:\/\/www.noubarris.net\/web40\/#website\"},\"primaryImageOfPage\":{\"@id\":\"https:\/\/www.noubarris.net\/web40\/festes-majors-a-la-prosperitat\/#primaryimage\"},\"image\":{\"@id\":\"https:\/\/www.noubarris.net\/web40\/festes-majors-a-la-prosperitat\/#primaryimage\"},\"thumbnailUrl\":\"https:\/\/www.noubarris.net\/web40\/wp-content\/uploads\/2015\/06\/i0806071.jpg\",\"datePublished\":\"2008-06-07T00:00:00+00:00\",\"dateModified\":\"2015-07-13T11:55:09+00:00\",\"breadcrumb\":{\"@id\":\"https:\/\/www.noubarris.net\/web40\/festes-majors-a-la-prosperitat\/#breadcrumb\"},\"inLanguage\":\"ca\",\"potentialAction\":[{\"@type\":\"ReadAction\",\"target\":[\"https:\/\/www.noubarris.net\/web40\/festes-majors-a-la-prosperitat\/\"]}]},{\"@type\":\"ImageObject\",\"inLanguage\":\"ca\",\"@id\":\"https:\/\/www.noubarris.net\/web40\/festes-majors-a-la-prosperitat\/#primaryimage\",\"url\":\"https:\/\/www.noubarris.net\/web40\/wp-content\/uploads\/2015\/06\/i0806071.jpg\",\"contentUrl\":\"https:\/\/www.noubarris.net\/web40\/wp-content\/uploads\/2015\/06\/i0806071.jpg\",\"width\":220,\"height\":305},{\"@type\":\"BreadcrumbList\",\"@id\":\"https:\/\/www.noubarris.net\/web40\/festes-majors-a-la-prosperitat\/#breadcrumb\",\"itemListElement\":[{\"@type\":\"ListItem\",\"position\":1,\"name\":\"Inici\",\"item\":\"https:\/\/www.noubarris.net\/web40\/\"},{\"@type\":\"ListItem\",\"position\":2,\"name\":\"Festes majors a la Prosperitat\"}]},{\"@type\":\"WebSite\",\"@id\":\"https:\/\/www.noubarris.net\/web40\/#website\",\"url\":\"https:\/\/www.noubarris.net\/web40\/\",\"name\":\"NouBarris.Net\",\"description\":\"Seguint la vida de Nou Barris des de 1985\",\"publisher\":{\"@id\":\"https:\/\/www.noubarris.net\/web40\/#organization\"},\"potentialAction\":[{\"@type\":\"SearchAction\",\"target\":{\"@type\":\"EntryPoint\",\"urlTemplate\":\"https:\/\/www.noubarris.net\/web40\/?s={search_term_string}\"},\"query-input\":{\"@type\":\"PropertyValueSpecification\",\"valueRequired\":true,\"valueName\":\"search_term_string\"}}],\"inLanguage\":\"ca\"},{\"@type\":\"Organization\",\"@id\":\"https:\/\/www.noubarris.net\/web40\/#organization\",\"name\":\"NouBarris.Net\",\"url\":\"https:\/\/www.noubarris.net\/web40\/\",\"logo\":{\"@type\":\"ImageObject\",\"inLanguage\":\"ca\",\"@id\":\"https:\/\/www.noubarris.net\/web40\/#\/schema\/logo\/image\/\",\"url\":\"https:\/\/www.noubarris.net\/web40\/wp-content\/uploads\/2024\/11\/cropped-cropped-LOGO_9BTV-2024_Insta-1.jpg\",\"contentUrl\":\"https:\/\/www.noubarris.net\/web40\/wp-content\/uploads\/2024\/11\/cropped-cropped-LOGO_9BTV-2024_Insta-1.jpg\",\"width\":512,\"height\":512,\"caption\":\"NouBarris.Net\"},\"image\":{\"@id\":\"https:\/\/www.noubarris.net\/web40\/#\/schema\/logo\/image\/\"},\"sameAs\":[\"https:\/\/www.facebook.com\/NouBarris.net\/?locale=es_ES\",\"https:\/\/x.com\/9BTV\"]},{\"@type\":\"Person\",\"@id\":\"https:\/\/www.noubarris.net\/web40\/#\/schema\/person\/1827f92aaa316c54abbf4dac0de76069\",\"name\":\"Informatius\",\"image\":{\"@type\":\"ImageObject\",\"inLanguage\":\"ca\",\"@id\":\"https:\/\/www.noubarris.net\/web40\/#\/schema\/person\/image\/\",\"url\":\"https:\/\/secure.gravatar.com\/avatar\/87a3b47928835fc72c6ee5b0e1a7263ef0c2d05003a98189bc14926c5f11bcdb?s=96&d=mm&r=g\",\"contentUrl\":\"https:\/\/secure.gravatar.com\/avatar\/87a3b47928835fc72c6ee5b0e1a7263ef0c2d05003a98189bc14926c5f11bcdb?s=96&d=mm&r=g\",\"caption\":\"Informatius\"},\"url\":\"https:\/\/www.noubarris.net\/web40\/author\/tele\/\"}]}<\/script>\n<!-- \/ Yoast SEO plugin. -->","yoast_head_json":{"title":"Festes majors a la Prosperitat - NouBarris.Net","robots":{"index":"index","follow":"follow","max-snippet":"max-snippet:-1","max-image-preview":"max-image-preview:large","max-video-preview":"max-video-preview:-1"},"canonical":"https:\/\/www.noubarris.net\/web40\/festes-majors-a-la-prosperitat\/","og_locale":"ca_ES","og_type":"article","og_title":"Festes majors a la Prosperitat - NouBarris.Net","og_description":"Les penyes animen les celebracions populars per a tots els gustos El barri de la Prosperitat viu aquest cap de","og_url":"https:\/\/www.noubarris.net\/web40\/festes-majors-a-la-prosperitat\/","og_site_name":"NouBarris.Net","article_publisher":"https:\/\/www.facebook.com\/NouBarris.net\/?locale=es_ES","article_published_time":"2008-06-07T00:00:00+00:00","article_modified_time":"2015-07-13T11:55:09+00:00","og_image":[{"width":220,"height":305,"url":"https:\/\/www.noubarris.net\/web40\/wp-content\/uploads\/2015\/06\/i0806071.jpg","type":"image\/jpeg"}],"author":"Informatius","twitter_card":"summary_large_image","twitter_creator":"@9BTV","twitter_site":"@9BTV","twitter_misc":{"Escrit per":"Informatius","Temps estimat de lectura":"3 minuts"},"schema":{"@context":"https:\/\/schema.org","@graph":[{"@type":"Article","@id":"https:\/\/www.noubarris.net\/web40\/festes-majors-a-la-prosperitat\/#article","isPartOf":{"@id":"https:\/\/www.noubarris.net\/web40\/festes-majors-a-la-prosperitat\/"},"author":{"name":"Informatius","@id":"https:\/\/www.noubarris.net\/web40\/#\/schema\/person\/1827f92aaa316c54abbf4dac0de76069"},"headline":"Festes majors a la Prosperitat","datePublished":"2008-06-07T00:00:00+00:00","dateModified":"2015-07-13T11:55:09+00:00","mainEntityOfPage":{"@id":"https:\/\/www.noubarris.net\/web40\/festes-majors-a-la-prosperitat\/"},"wordCount":608,"publisher":{"@id":"https:\/\/www.noubarris.net\/web40\/#organization"},"image":{"@id":"https:\/\/www.noubarris.net\/web40\/festes-majors-a-la-prosperitat\/#primaryimage"},"thumbnailUrl":"https:\/\/www.noubarris.net\/web40\/wp-content\/uploads\/2015\/06\/i0806071.jpg","keywords":["Concert","Dansa","Espectacles","Esport","Festes","La Guineueta","La Prosperitat","Santa Engr\u00e0cia","Via J\u00falia"],"articleSection":["Cultura","Esports","La Guineueta","La Prosperitat","Nou Barris"],"inLanguage":"ca"},{"@type":"WebPage","@id":"https:\/\/www.noubarris.net\/web40\/festes-majors-a-la-prosperitat\/","url":"https:\/\/www.noubarris.net\/web40\/festes-majors-a-la-prosperitat\/","name":"Festes majors a la Prosperitat - NouBarris.Net","isPartOf":{"@id":"https:\/\/www.noubarris.net\/web40\/#website"},"primaryImageOfPage":{"@id":"https:\/\/www.noubarris.net\/web40\/festes-majors-a-la-prosperitat\/#primaryimage"},"image":{"@id":"https:\/\/www.noubarris.net\/web40\/festes-majors-a-la-prosperitat\/#primaryimage"},"thumbnailUrl":"https:\/\/www.noubarris.net\/web40\/wp-content\/uploads\/2015\/06\/i0806071.jpg","datePublished":"2008-06-07T00:00:00+00:00","dateModified":"2015-07-13T11:55:09+00:00","breadcrumb":{"@id":"https:\/\/www.noubarris.net\/web40\/festes-majors-a-la-prosperitat\/#breadcrumb"},"inLanguage":"ca","potentialAction":[{"@type":"ReadAction","target":["https:\/\/www.noubarris.net\/web40\/festes-majors-a-la-prosperitat\/"]}]},{"@type":"ImageObject","inLanguage":"ca","@id":"https:\/\/www.noubarris.net\/web40\/festes-majors-a-la-prosperitat\/#primaryimage","url":"https:\/\/www.noubarris.net\/web40\/wp-content\/uploads\/2015\/06\/i0806071.jpg","contentUrl":"https:\/\/www.noubarris.net\/web40\/wp-content\/uploads\/2015\/06\/i0806071.jpg","width":220,"height":305},{"@type":"BreadcrumbList","@id":"https:\/\/www.noubarris.net\/web40\/festes-majors-a-la-prosperitat\/#breadcrumb","itemListElement":[{"@type":"ListItem","position":1,"name":"Inici","item":"https:\/\/www.noubarris.net\/web40\/"},{"@type":"ListItem","position":2,"name":"Festes majors a la Prosperitat"}]},{"@type":"WebSite","@id":"https:\/\/www.noubarris.net\/web40\/#website","url":"https:\/\/www.noubarris.net\/web40\/","name":"NouBarris.Net","description":"Seguint la vida de Nou Barris des de 1985","publisher":{"@id":"https:\/\/www.noubarris.net\/web40\/#organization"},"potentialAction":[{"@type":"SearchAction","target":{"@type":"EntryPoint","urlTemplate":"https:\/\/www.noubarris.net\/web40\/?s={search_term_string}"},"query-input":{"@type":"PropertyValueSpecification","valueRequired":true,"valueName":"search_term_string"}}],"inLanguage":"ca"},{"@type":"Organization","@id":"https:\/\/www.noubarris.net\/web40\/#organization","name":"NouBarris.Net","url":"https:\/\/www.noubarris.net\/web40\/","logo":{"@type":"ImageObject","inLanguage":"ca","@id":"https:\/\/www.noubarris.net\/web40\/#\/schema\/logo\/image\/","url":"https:\/\/www.noubarris.net\/web40\/wp-content\/uploads\/2024\/11\/cropped-cropped-LOGO_9BTV-2024_Insta-1.jpg","contentUrl":"https:\/\/www.noubarris.net\/web40\/wp-content\/uploads\/2024\/11\/cropped-cropped-LOGO_9BTV-2024_Insta-1.jpg","width":512,"height":512,"caption":"NouBarris.Net"},"image":{"@id":"https:\/\/www.noubarris.net\/web40\/#\/schema\/logo\/image\/"},"sameAs":["https:\/\/www.facebook.com\/NouBarris.net\/?locale=es_ES","https:\/\/x.com\/9BTV"]},{"@type":"Person","@id":"https:\/\/www.noubarris.net\/web40\/#\/schema\/person\/1827f92aaa316c54abbf4dac0de76069","name":"Informatius","image":{"@type":"ImageObject","inLanguage":"ca","@id":"https:\/\/www.noubarris.net\/web40\/#\/schema\/person\/image\/","url":"https:\/\/secure.gravatar.com\/avatar\/87a3b47928835fc72c6ee5b0e1a7263ef0c2d05003a98189bc14926c5f11bcdb?s=96&d=mm&r=g","contentUrl":"https:\/\/secure.gravatar.com\/avatar\/87a3b47928835fc72c6ee5b0e1a7263ef0c2d05003a98189bc14926c5f11bcdb?s=96&d=mm&r=g","caption":"Informatius"},"url":"https:\/\/www.noubarris.net\/web40\/author\/tele\/"}]}},"_links":{"self":[{"href":"https:\/\/www.noubarris.net\/web40\/wp-json\/wp\/v2\/posts\/61513","targetHints":{"allow":["GET"]}}],"collection":[{"href":"https:\/\/www.noubarris.net\/web40\/wp-json\/wp\/v2\/posts"}],"about":[{"href":"https:\/\/www.noubarris.net\/web40\/wp-json\/wp\/v2\/types\/post"}],"author":[{"embeddable":true,"href":"https:\/\/www.noubarris.net\/web40\/wp-json\/wp\/v2\/users\/2"}],"replies":[{"embeddable":true,"href":"https:\/\/www.noubarris.net\/web40\/wp-json\/wp\/v2\/comments?post=61513"}],"version-history":[{"count":0,"href":"https:\/\/www.noubarris.net\/web40\/wp-json\/wp\/v2\/posts\/61513\/revisions"}],"wp:featuredmedia":[{"embeddable":true,"href":"https:\/\/www.noubarris.net\/web40\/wp-json\/wp\/v2\/media\/6945"}],"wp:attachment":[{"href":"https:\/\/www.noubarris.net\/web40\/wp-json\/wp\/v2\/media?parent=61513"}],"wp:term":[{"taxonomy":"category","embeddable":true,"href":"https:\/\/www.noubarris.net\/web40\/wp-json\/wp\/v2\/categories?post=61513"},{"taxonomy":"post_tag","embeddable":true,"href":"https:\/\/www.noubarris.net\/web40\/wp-json\/wp\/v2\/tags?post=61513"}],"curies":[{"name":"wp","href":"https:\/\/api.w.org\/{rel}","templated":true}]}}