{"id":62749,"date":"2012-01-30T00:00:00","date_gmt":"2012-01-30T00:00:00","guid":{"rendered":"http:\/\/www.noubarris.net\/web40\/?p=62749"},"modified":"2015-07-09T12:26:55","modified_gmt":"2015-07-09T12:26:55","slug":"lactualitat-de-nou-barris-a-barcelona-televisio-9","status":"publish","type":"post","link":"https:\/\/www.noubarris.net\/web40\/lactualitat-de-nou-barris-a-barcelona-televisio-9\/","title":{"rendered":"L\u00b4actualitat de Nou Barris a Barcelona Televisi\u00f3"},"content":{"rendered":"<p><strong>El club de futbol Alzamora lluita per conservar la gesti\u00f3 de les instal\u2022lacions<\/strong><\/p>\n<p>Barcelona Televisi\u00f3 emet avui l\u2019Infobarris, el recull de l\u00b4actualitat del districte elaborat per Nou Barris Televisi\u00f3, amb un nou horari: a les 12.05h (despr\u00e9s de l\u2019avan\u00e7 informatiu) i a les 20.30h (despr\u00e9s de l\u2019Infovespre) en redifusi\u00f3, sense oblidar la possibilitat de seguir les not\u00edcies al web btvnoticies.cat i al servei \u2018a la carta\u2019 del web de Barcelona Televisi\u00f3.<\/p>\n<p>Avui parlarem d\u00b4una entitat que porta 30 anys treballant al barri de Porta. Es tracta del Club de Futbol Alzamora, que lluita per no perdre la gesti\u00f3 del seu camp de futbol. Al concurs per la gesti\u00f3 van guanyar en primera inst\u00e0ncia, per\u00f2 despr\u00e9s que es repet\u00eds el concurs, la gesti\u00f3 queda en mans d\u00b4una fundaci\u00f3 de fora de Nou Barris. L\u00b4Alzamora, per\u00f2, pensa lluitar per conservar les instal\u2022lacions, on fins i tot han invertit diners per posar-hi gespa artificial.<\/p>\n<p>Tamb\u00e9 coneixerem l\u00b4equip de b\u00e0squet Trininova, una iniciativa del Pla Comunitari Trinitat Nova que treballa per la integraci\u00f3 i la conviv\u00e8ncia entre joves i que per aquesta ra\u00f3 opten a un dels premis Nafent.<\/p>\n<p>Us recordem que som la vostra veu i estem al vostre servei i, per tant, podeu contactar sempre que vulgueu amb nosaltres per fer-nos arribar les vostres not\u00edcies i activitats al mail nbtv@noubarris.net o al noubarris@btv.cat<\/p>\n","protected":false},"excerpt":{"rendered":"<p>El club de futbol Alzamora lluita per conservar la gesti\u00f3 de les instal\u2022lacions Barcelona Televisi\u00f3 emet avui l\u2019Infobarris, el recull<\/p>\n","protected":false},"author":2,"featured_media":6076,"comment_status":"closed","ping_status":"closed","sticky":false,"template":"","format":"standard","meta":{"colormag_page_layout":"default_layout","_monsterinsights_skip_tracking":false,"_monsterinsights_sitenote_active":false,"_monsterinsights_sitenote_note":"","_monsterinsights_sitenote_category":0,"footnotes":""},"categories":[128,138,1,134],"tags":[181,52,116],"class_list":["post-62749","post","type-post","status-publish","format-standard","has-post-thumbnail","hentry","category-esports","category-la-trinitat-nova","category-nou-barris","category-porta","tag-alzamora-cf","tag-la-trinitat-nova","tag-pla-comunitari"],"yoast_head":"<!-- This site is optimized with the Yoast SEO plugin v25.3 - https:\/\/yoast.com\/wordpress\/plugins\/seo\/ -->\n<title>L\u00b4actualitat de Nou Barris a Barcelona Televisi\u00f3 - NouBarris.Net<\/title>\n<meta name=\"robots\" content=\"index, follow, max-snippet:-1, max-image-preview:large, max-video-preview:-1\" \/>\n<link rel=\"canonical\" href=\"https:\/\/www.noubarris.net\/web40\/lactualitat-de-nou-barris-a-barcelona-televisio-9\/\" \/>\n<meta property=\"og:locale\" content=\"ca_ES\" \/>\n<meta property=\"og:type\" content=\"article\" \/>\n<meta property=\"og:title\" content=\"L\u00b4actualitat de Nou Barris a Barcelona Televisi\u00f3 - NouBarris.Net\" \/>\n<meta property=\"og:description\" content=\"El club de futbol Alzamora lluita per conservar la gesti\u00f3 de les instal\u2022lacions Barcelona Televisi\u00f3 emet avui l\u2019Infobarris, el recull\" \/>\n<meta property=\"og:url\" content=\"https:\/\/www.noubarris.net\/web40\/lactualitat-de-nou-barris-a-barcelona-televisio-9\/\" \/>\n<meta property=\"og:site_name\" content=\"NouBarris.Net\" \/>\n<meta property=\"article:publisher\" content=\"https:\/\/www.facebook.com\/NouBarris.net\/?locale=es_ES\" \/>\n<meta property=\"article:published_time\" content=\"2012-01-30T00:00:00+00:00\" \/>\n<meta property=\"article:modified_time\" content=\"2015-07-09T12:26:55+00:00\" \/>\n<meta property=\"og:image\" content=\"https:\/\/www.noubarris.net\/web40\/wp-content\/uploads\/2015\/06\/infobarrisnou.jpg\" \/>\n\t<meta property=\"og:image:width\" content=\"220\" \/>\n\t<meta property=\"og:image:height\" content=\"220\" \/>\n\t<meta property=\"og:image:type\" content=\"image\/jpeg\" \/>\n<meta name=\"author\" content=\"Informatius\" \/>\n<meta name=\"twitter:card\" content=\"summary_large_image\" \/>\n<meta name=\"twitter:creator\" content=\"@9BTV\" \/>\n<meta name=\"twitter:site\" content=\"@9BTV\" \/>\n<meta name=\"twitter:label1\" content=\"Escrit per\" \/>\n\t<meta name=\"twitter:data1\" content=\"Informatius\" \/>\n\t<meta name=\"twitter:label2\" content=\"Temps estimat de lectura\" \/>\n\t<meta name=\"twitter:data2\" content=\"1 minut\" \/>\n<script type=\"application\/ld+json\" class=\"yoast-schema-graph\">{\"@context\":\"https:\/\/schema.org\",\"@graph\":[{\"@type\":\"Article\",\"@id\":\"https:\/\/www.noubarris.net\/web40\/lactualitat-de-nou-barris-a-barcelona-televisio-9\/#article\",\"isPartOf\":{\"@id\":\"https:\/\/www.noubarris.net\/web40\/lactualitat-de-nou-barris-a-barcelona-televisio-9\/\"},\"author\":{\"name\":\"Informatius\",\"@id\":\"https:\/\/www.noubarris.net\/web40\/#\/schema\/person\/1827f92aaa316c54abbf4dac0de76069\"},\"headline\":\"L\u00b4actualitat de Nou Barris a Barcelona Televisi\u00f3\",\"datePublished\":\"2012-01-30T00:00:00+00:00\",\"dateModified\":\"2015-07-09T12:26:55+00:00\",\"mainEntityOfPage\":{\"@id\":\"https:\/\/www.noubarris.net\/web40\/lactualitat-de-nou-barris-a-barcelona-televisio-9\/\"},\"wordCount\":252,\"publisher\":{\"@id\":\"https:\/\/www.noubarris.net\/web40\/#organization\"},\"image\":{\"@id\":\"https:\/\/www.noubarris.net\/web40\/lactualitat-de-nou-barris-a-barcelona-televisio-9\/#primaryimage\"},\"thumbnailUrl\":\"https:\/\/www.noubarris.net\/web40\/wp-content\/uploads\/2015\/06\/infobarrisnou.jpg\",\"keywords\":[\"Alzamora CF\",\"La Trinitat Nova\",\"Pla comunitari\"],\"articleSection\":[\"Esports\",\"La Trinitat Nova\",\"Nou Barris\",\"Porta\"],\"inLanguage\":\"ca\"},{\"@type\":\"WebPage\",\"@id\":\"https:\/\/www.noubarris.net\/web40\/lactualitat-de-nou-barris-a-barcelona-televisio-9\/\",\"url\":\"https:\/\/www.noubarris.net\/web40\/lactualitat-de-nou-barris-a-barcelona-televisio-9\/\",\"name\":\"L\u00b4actualitat de Nou Barris a Barcelona Televisi\u00f3 - NouBarris.Net\",\"isPartOf\":{\"@id\":\"https:\/\/www.noubarris.net\/web40\/#website\"},\"primaryImageOfPage\":{\"@id\":\"https:\/\/www.noubarris.net\/web40\/lactualitat-de-nou-barris-a-barcelona-televisio-9\/#primaryimage\"},\"image\":{\"@id\":\"https:\/\/www.noubarris.net\/web40\/lactualitat-de-nou-barris-a-barcelona-televisio-9\/#primaryimage\"},\"thumbnailUrl\":\"https:\/\/www.noubarris.net\/web40\/wp-content\/uploads\/2015\/06\/infobarrisnou.jpg\",\"datePublished\":\"2012-01-30T00:00:00+00:00\",\"dateModified\":\"2015-07-09T12:26:55+00:00\",\"breadcrumb\":{\"@id\":\"https:\/\/www.noubarris.net\/web40\/lactualitat-de-nou-barris-a-barcelona-televisio-9\/#breadcrumb\"},\"inLanguage\":\"ca\",\"potentialAction\":[{\"@type\":\"ReadAction\",\"target\":[\"https:\/\/www.noubarris.net\/web40\/lactualitat-de-nou-barris-a-barcelona-televisio-9\/\"]}]},{\"@type\":\"ImageObject\",\"inLanguage\":\"ca\",\"@id\":\"https:\/\/www.noubarris.net\/web40\/lactualitat-de-nou-barris-a-barcelona-televisio-9\/#primaryimage\",\"url\":\"https:\/\/www.noubarris.net\/web40\/wp-content\/uploads\/2015\/06\/infobarrisnou.jpg\",\"contentUrl\":\"https:\/\/www.noubarris.net\/web40\/wp-content\/uploads\/2015\/06\/infobarrisnou.jpg\",\"width\":220,\"height\":220},{\"@type\":\"BreadcrumbList\",\"@id\":\"https:\/\/www.noubarris.net\/web40\/lactualitat-de-nou-barris-a-barcelona-televisio-9\/#breadcrumb\",\"itemListElement\":[{\"@type\":\"ListItem\",\"position\":1,\"name\":\"Inici\",\"item\":\"https:\/\/www.noubarris.net\/web40\/\"},{\"@type\":\"ListItem\",\"position\":2,\"name\":\"L\u00b4actualitat de Nou Barris a Barcelona Televisi\u00f3\"}]},{\"@type\":\"WebSite\",\"@id\":\"https:\/\/www.noubarris.net\/web40\/#website\",\"url\":\"https:\/\/www.noubarris.net\/web40\/\",\"name\":\"NouBarris.Net\",\"description\":\"Seguint la vida de Nou Barris des de 1985\",\"publisher\":{\"@id\":\"https:\/\/www.noubarris.net\/web40\/#organization\"},\"potentialAction\":[{\"@type\":\"SearchAction\",\"target\":{\"@type\":\"EntryPoint\",\"urlTemplate\":\"https:\/\/www.noubarris.net\/web40\/?s={search_term_string}\"},\"query-input\":{\"@type\":\"PropertyValueSpecification\",\"valueRequired\":true,\"valueName\":\"search_term_string\"}}],\"inLanguage\":\"ca\"},{\"@type\":\"Organization\",\"@id\":\"https:\/\/www.noubarris.net\/web40\/#organization\",\"name\":\"NouBarris.Net\",\"url\":\"https:\/\/www.noubarris.net\/web40\/\",\"logo\":{\"@type\":\"ImageObject\",\"inLanguage\":\"ca\",\"@id\":\"https:\/\/www.noubarris.net\/web40\/#\/schema\/logo\/image\/\",\"url\":\"https:\/\/www.noubarris.net\/web40\/wp-content\/uploads\/2024\/11\/cropped-cropped-LOGO_9BTV-2024_Insta-1.jpg\",\"contentUrl\":\"https:\/\/www.noubarris.net\/web40\/wp-content\/uploads\/2024\/11\/cropped-cropped-LOGO_9BTV-2024_Insta-1.jpg\",\"width\":512,\"height\":512,\"caption\":\"NouBarris.Net\"},\"image\":{\"@id\":\"https:\/\/www.noubarris.net\/web40\/#\/schema\/logo\/image\/\"},\"sameAs\":[\"https:\/\/www.facebook.com\/NouBarris.net\/?locale=es_ES\",\"https:\/\/x.com\/9BTV\"]},{\"@type\":\"Person\",\"@id\":\"https:\/\/www.noubarris.net\/web40\/#\/schema\/person\/1827f92aaa316c54abbf4dac0de76069\",\"name\":\"Informatius\",\"image\":{\"@type\":\"ImageObject\",\"inLanguage\":\"ca\",\"@id\":\"https:\/\/www.noubarris.net\/web40\/#\/schema\/person\/image\/\",\"url\":\"https:\/\/secure.gravatar.com\/avatar\/87a3b47928835fc72c6ee5b0e1a7263ef0c2d05003a98189bc14926c5f11bcdb?s=96&d=mm&r=g\",\"contentUrl\":\"https:\/\/secure.gravatar.com\/avatar\/87a3b47928835fc72c6ee5b0e1a7263ef0c2d05003a98189bc14926c5f11bcdb?s=96&d=mm&r=g\",\"caption\":\"Informatius\"},\"url\":\"https:\/\/www.noubarris.net\/web40\/author\/tele\/\"}]}<\/script>\n<!-- \/ Yoast SEO plugin. -->","yoast_head_json":{"title":"L\u00b4actualitat de Nou Barris a Barcelona Televisi\u00f3 - NouBarris.Net","robots":{"index":"index","follow":"follow","max-snippet":"max-snippet:-1","max-image-preview":"max-image-preview:large","max-video-preview":"max-video-preview:-1"},"canonical":"https:\/\/www.noubarris.net\/web40\/lactualitat-de-nou-barris-a-barcelona-televisio-9\/","og_locale":"ca_ES","og_type":"article","og_title":"L\u00b4actualitat de Nou Barris a Barcelona Televisi\u00f3 - NouBarris.Net","og_description":"El club de futbol Alzamora lluita per conservar la gesti\u00f3 de les instal\u2022lacions Barcelona Televisi\u00f3 emet avui l\u2019Infobarris, el recull","og_url":"https:\/\/www.noubarris.net\/web40\/lactualitat-de-nou-barris-a-barcelona-televisio-9\/","og_site_name":"NouBarris.Net","article_publisher":"https:\/\/www.facebook.com\/NouBarris.net\/?locale=es_ES","article_published_time":"2012-01-30T00:00:00+00:00","article_modified_time":"2015-07-09T12:26:55+00:00","og_image":[{"width":220,"height":220,"url":"https:\/\/www.noubarris.net\/web40\/wp-content\/uploads\/2015\/06\/infobarrisnou.jpg","type":"image\/jpeg"}],"author":"Informatius","twitter_card":"summary_large_image","twitter_creator":"@9BTV","twitter_site":"@9BTV","twitter_misc":{"Escrit per":"Informatius","Temps estimat de lectura":"1 minut"},"schema":{"@context":"https:\/\/schema.org","@graph":[{"@type":"Article","@id":"https:\/\/www.noubarris.net\/web40\/lactualitat-de-nou-barris-a-barcelona-televisio-9\/#article","isPartOf":{"@id":"https:\/\/www.noubarris.net\/web40\/lactualitat-de-nou-barris-a-barcelona-televisio-9\/"},"author":{"name":"Informatius","@id":"https:\/\/www.noubarris.net\/web40\/#\/schema\/person\/1827f92aaa316c54abbf4dac0de76069"},"headline":"L\u00b4actualitat de Nou Barris a Barcelona Televisi\u00f3","datePublished":"2012-01-30T00:00:00+00:00","dateModified":"2015-07-09T12:26:55+00:00","mainEntityOfPage":{"@id":"https:\/\/www.noubarris.net\/web40\/lactualitat-de-nou-barris-a-barcelona-televisio-9\/"},"wordCount":252,"publisher":{"@id":"https:\/\/www.noubarris.net\/web40\/#organization"},"image":{"@id":"https:\/\/www.noubarris.net\/web40\/lactualitat-de-nou-barris-a-barcelona-televisio-9\/#primaryimage"},"thumbnailUrl":"https:\/\/www.noubarris.net\/web40\/wp-content\/uploads\/2015\/06\/infobarrisnou.jpg","keywords":["Alzamora CF","La Trinitat Nova","Pla comunitari"],"articleSection":["Esports","La Trinitat Nova","Nou Barris","Porta"],"inLanguage":"ca"},{"@type":"WebPage","@id":"https:\/\/www.noubarris.net\/web40\/lactualitat-de-nou-barris-a-barcelona-televisio-9\/","url":"https:\/\/www.noubarris.net\/web40\/lactualitat-de-nou-barris-a-barcelona-televisio-9\/","name":"L\u00b4actualitat de Nou Barris a Barcelona Televisi\u00f3 - NouBarris.Net","isPartOf":{"@id":"https:\/\/www.noubarris.net\/web40\/#website"},"primaryImageOfPage":{"@id":"https:\/\/www.noubarris.net\/web40\/lactualitat-de-nou-barris-a-barcelona-televisio-9\/#primaryimage"},"image":{"@id":"https:\/\/www.noubarris.net\/web40\/lactualitat-de-nou-barris-a-barcelona-televisio-9\/#primaryimage"},"thumbnailUrl":"https:\/\/www.noubarris.net\/web40\/wp-content\/uploads\/2015\/06\/infobarrisnou.jpg","datePublished":"2012-01-30T00:00:00+00:00","dateModified":"2015-07-09T12:26:55+00:00","breadcrumb":{"@id":"https:\/\/www.noubarris.net\/web40\/lactualitat-de-nou-barris-a-barcelona-televisio-9\/#breadcrumb"},"inLanguage":"ca","potentialAction":[{"@type":"ReadAction","target":["https:\/\/www.noubarris.net\/web40\/lactualitat-de-nou-barris-a-barcelona-televisio-9\/"]}]},{"@type":"ImageObject","inLanguage":"ca","@id":"https:\/\/www.noubarris.net\/web40\/lactualitat-de-nou-barris-a-barcelona-televisio-9\/#primaryimage","url":"https:\/\/www.noubarris.net\/web40\/wp-content\/uploads\/2015\/06\/infobarrisnou.jpg","contentUrl":"https:\/\/www.noubarris.net\/web40\/wp-content\/uploads\/2015\/06\/infobarrisnou.jpg","width":220,"height":220},{"@type":"BreadcrumbList","@id":"https:\/\/www.noubarris.net\/web40\/lactualitat-de-nou-barris-a-barcelona-televisio-9\/#breadcrumb","itemListElement":[{"@type":"ListItem","position":1,"name":"Inici","item":"https:\/\/www.noubarris.net\/web40\/"},{"@type":"ListItem","position":2,"name":"L\u00b4actualitat de Nou Barris a Barcelona Televisi\u00f3"}]},{"@type":"WebSite","@id":"https:\/\/www.noubarris.net\/web40\/#website","url":"https:\/\/www.noubarris.net\/web40\/","name":"NouBarris.Net","description":"Seguint la vida de Nou Barris des de 1985","publisher":{"@id":"https:\/\/www.noubarris.net\/web40\/#organization"},"potentialAction":[{"@type":"SearchAction","target":{"@type":"EntryPoint","urlTemplate":"https:\/\/www.noubarris.net\/web40\/?s={search_term_string}"},"query-input":{"@type":"PropertyValueSpecification","valueRequired":true,"valueName":"search_term_string"}}],"inLanguage":"ca"},{"@type":"Organization","@id":"https:\/\/www.noubarris.net\/web40\/#organization","name":"NouBarris.Net","url":"https:\/\/www.noubarris.net\/web40\/","logo":{"@type":"ImageObject","inLanguage":"ca","@id":"https:\/\/www.noubarris.net\/web40\/#\/schema\/logo\/image\/","url":"https:\/\/www.noubarris.net\/web40\/wp-content\/uploads\/2024\/11\/cropped-cropped-LOGO_9BTV-2024_Insta-1.jpg","contentUrl":"https:\/\/www.noubarris.net\/web40\/wp-content\/uploads\/2024\/11\/cropped-cropped-LOGO_9BTV-2024_Insta-1.jpg","width":512,"height":512,"caption":"NouBarris.Net"},"image":{"@id":"https:\/\/www.noubarris.net\/web40\/#\/schema\/logo\/image\/"},"sameAs":["https:\/\/www.facebook.com\/NouBarris.net\/?locale=es_ES","https:\/\/x.com\/9BTV"]},{"@type":"Person","@id":"https:\/\/www.noubarris.net\/web40\/#\/schema\/person\/1827f92aaa316c54abbf4dac0de76069","name":"Informatius","image":{"@type":"ImageObject","inLanguage":"ca","@id":"https:\/\/www.noubarris.net\/web40\/#\/schema\/person\/image\/","url":"https:\/\/secure.gravatar.com\/avatar\/87a3b47928835fc72c6ee5b0e1a7263ef0c2d05003a98189bc14926c5f11bcdb?s=96&d=mm&r=g","contentUrl":"https:\/\/secure.gravatar.com\/avatar\/87a3b47928835fc72c6ee5b0e1a7263ef0c2d05003a98189bc14926c5f11bcdb?s=96&d=mm&r=g","caption":"Informatius"},"url":"https:\/\/www.noubarris.net\/web40\/author\/tele\/"}]}},"_links":{"self":[{"href":"https:\/\/www.noubarris.net\/web40\/wp-json\/wp\/v2\/posts\/62749","targetHints":{"allow":["GET"]}}],"collection":[{"href":"https:\/\/www.noubarris.net\/web40\/wp-json\/wp\/v2\/posts"}],"about":[{"href":"https:\/\/www.noubarris.net\/web40\/wp-json\/wp\/v2\/types\/post"}],"author":[{"embeddable":true,"href":"https:\/\/www.noubarris.net\/web40\/wp-json\/wp\/v2\/users\/2"}],"replies":[{"embeddable":true,"href":"https:\/\/www.noubarris.net\/web40\/wp-json\/wp\/v2\/comments?post=62749"}],"version-history":[{"count":0,"href":"https:\/\/www.noubarris.net\/web40\/wp-json\/wp\/v2\/posts\/62749\/revisions"}],"wp:featuredmedia":[{"embeddable":true,"href":"https:\/\/www.noubarris.net\/web40\/wp-json\/wp\/v2\/media\/6076"}],"wp:attachment":[{"href":"https:\/\/www.noubarris.net\/web40\/wp-json\/wp\/v2\/media?parent=62749"}],"wp:term":[{"taxonomy":"category","embeddable":true,"href":"https:\/\/www.noubarris.net\/web40\/wp-json\/wp\/v2\/categories?post=62749"},{"taxonomy":"post_tag","embeddable":true,"href":"https:\/\/www.noubarris.net\/web40\/wp-json\/wp\/v2\/tags?post=62749"}],"curies":[{"name":"wp","href":"https:\/\/api.w.org\/{rel}","templated":true}]}}