{"id":62765,"date":"2012-02-15T00:00:00","date_gmt":"2012-02-15T00:00:00","guid":{"rendered":"http:\/\/www.noubarris.net\/web40\/?p=62765"},"modified":"2015-07-09T12:26:44","modified_gmt":"2015-07-09T12:26:44","slug":"lalzamora-atura-les-mobilitzacions-a-lespera-de-la-decisio-de-la-comissio-juridica","status":"publish","type":"post","link":"https:\/\/www.noubarris.net\/web40\/lalzamora-atura-les-mobilitzacions-a-lespera-de-la-decisio-de-la-comissio-juridica\/","title":{"rendered":"L&#8217;Alzamora atura les mobilitzacions a l&#8217;espera de la decisi\u00f3 de la comissi\u00f3 jur\u00eddica"},"content":{"rendered":"<p><strong>El club de futbol mant\u00e9 l&#8217;esperan\u00e7a de conservar la gesti\u00f3 de les instal\u00b7lacions del camp municipal de Porta<\/strong><\/p>\n<p>Ja fa un mes de la celebraci\u00f3 del concurs municipal, per\u00f2 la concesi\u00f3 de la gesti\u00f3 del camp municipal de Porta encara no ha estat adjudicada. L&#8217;Alzamora Club de Futbol, l&#8217;entitat encarregada de les instal\u00b7lacions fins ara, va perdre en segona inst\u00e0ncia aquest concurs. El club i els ve\u00efns consideren que la resoluci\u00f3 \u00e9s injusta i per aix\u00f2 van decidir mobilitzar-se fins ahir al vespre. Dilluns, diversos equips del club van entrenar davant la Seu del Districte de Nou Barris com a mesura de protesta.<br \/>\nAhir al vespre, el club va convocar una assemblea al barri de Porta on van assistir respresentants del Districte que van explicar la situaci\u00f3 en la que es troba el concurs. Ara mateix, la decisi\u00f3 sobre la futura gesti\u00f3 del camp la t\u00e9 una comissi\u00f3 jur\u00eddica, que estudia les al\u00b7legacions. Tant els representants del districte com la resta de partits pol\u00edtics de l&#8217;oposici\u00f3 assistents a la reuni\u00f3 van acordar impugnar el concurs si la decissi\u00f3 final no cedeix la gesti\u00f3 a l&#8217;Alzamora.<br \/>\nEs per aix\u00f2 que el club ha decidit, de moment, suspendre el calendari de mobililitzacions previstes per aquesta setmana.<br \/>\nL\u2019Alzamora Club de Futbol gestiona el camp municipal de Porta des de la construcci\u00f3 de les instal\u2022lacions l\u2019any 92. En aquests 30 anys, el club ha fet una gran aposta pel futbol base, agafant sobretot jugadors del barri per transmetre els valors de l\u2019esport als m\u00e9s petits. El club fins i tot ha invertit una part del patrimoni de l\u2019enitat per millorar les instal\u2022lacions del camp de futbol de Porta.<\/p>\n","protected":false},"excerpt":{"rendered":"<p>El club de futbol mant\u00e9 l&#8217;esperan\u00e7a de conservar la gesti\u00f3 de les instal\u00b7lacions del camp municipal de Porta Ja fa<\/p>\n","protected":false},"author":2,"featured_media":9042,"comment_status":"closed","ping_status":"closed","sticky":false,"template":"","format":"standard","meta":{"colormag_page_layout":"default_layout","_monsterinsights_skip_tracking":false,"_monsterinsights_sitenote_active":false,"_monsterinsights_sitenote_note":"","_monsterinsights_sitenote_category":0,"footnotes":""},"categories":[128,1,134],"tags":[181,73,235,44],"class_list":["post-62765","post","type-post","status-publish","format-standard","has-post-thumbnail","hentry","category-esports","category-nou-barris","category-porta","tag-alzamora-cf","tag-esport","tag-patrimoni","tag-porta"],"yoast_head":"<!-- This site is optimized with the Yoast SEO plugin v25.3 - https:\/\/yoast.com\/wordpress\/plugins\/seo\/ -->\n<title>L&#039;Alzamora atura les mobilitzacions a l&#039;espera de la decisi\u00f3 de la comissi\u00f3 jur\u00eddica - NouBarris.Net<\/title>\n<meta name=\"robots\" content=\"index, follow, max-snippet:-1, max-image-preview:large, max-video-preview:-1\" \/>\n<link rel=\"canonical\" href=\"https:\/\/www.noubarris.net\/web40\/lalzamora-atura-les-mobilitzacions-a-lespera-de-la-decisio-de-la-comissio-juridica\/\" \/>\n<meta property=\"og:locale\" content=\"ca_ES\" \/>\n<meta property=\"og:type\" content=\"article\" \/>\n<meta property=\"og:title\" content=\"L&#039;Alzamora atura les mobilitzacions a l&#039;espera de la decisi\u00f3 de la comissi\u00f3 jur\u00eddica - NouBarris.Net\" \/>\n<meta property=\"og:description\" content=\"El club de futbol mant\u00e9 l&#8217;esperan\u00e7a de conservar la gesti\u00f3 de les instal\u00b7lacions del camp municipal de Porta Ja fa\" \/>\n<meta property=\"og:url\" content=\"https:\/\/www.noubarris.net\/web40\/lalzamora-atura-les-mobilitzacions-a-lespera-de-la-decisio-de-la-comissio-juridica\/\" \/>\n<meta property=\"og:site_name\" content=\"NouBarris.Net\" \/>\n<meta property=\"article:publisher\" content=\"https:\/\/www.facebook.com\/NouBarris.net\/?locale=es_ES\" \/>\n<meta property=\"article:published_time\" content=\"2012-02-15T00:00:00+00:00\" \/>\n<meta property=\"article:modified_time\" content=\"2015-07-09T12:26:44+00:00\" \/>\n<meta property=\"og:image\" content=\"https:\/\/www.noubarris.net\/web40\/wp-content\/uploads\/2015\/06\/alzamora2.jpg\" \/>\n\t<meta property=\"og:image:width\" content=\"220\" \/>\n\t<meta property=\"og:image:height\" content=\"220\" \/>\n\t<meta property=\"og:image:type\" content=\"image\/jpeg\" \/>\n<meta name=\"author\" content=\"Informatius\" \/>\n<meta name=\"twitter:card\" content=\"summary_large_image\" \/>\n<meta name=\"twitter:creator\" content=\"@9BTV\" \/>\n<meta name=\"twitter:site\" content=\"@9BTV\" \/>\n<meta name=\"twitter:label1\" content=\"Escrit per\" \/>\n\t<meta name=\"twitter:data1\" content=\"Informatius\" \/>\n\t<meta name=\"twitter:label2\" content=\"Temps estimat de lectura\" \/>\n\t<meta name=\"twitter:data2\" content=\"1 minut\" \/>\n<script type=\"application\/ld+json\" class=\"yoast-schema-graph\">{\"@context\":\"https:\/\/schema.org\",\"@graph\":[{\"@type\":\"Article\",\"@id\":\"https:\/\/www.noubarris.net\/web40\/lalzamora-atura-les-mobilitzacions-a-lespera-de-la-decisio-de-la-comissio-juridica\/#article\",\"isPartOf\":{\"@id\":\"https:\/\/www.noubarris.net\/web40\/lalzamora-atura-les-mobilitzacions-a-lespera-de-la-decisio-de-la-comissio-juridica\/\"},\"author\":{\"name\":\"Informatius\",\"@id\":\"https:\/\/www.noubarris.net\/web40\/#\/schema\/person\/1827f92aaa316c54abbf4dac0de76069\"},\"headline\":\"L&#8217;Alzamora atura les mobilitzacions a l&#8217;espera de la decisi\u00f3 de la comissi\u00f3 jur\u00eddica\",\"datePublished\":\"2012-02-15T00:00:00+00:00\",\"dateModified\":\"2015-07-09T12:26:44+00:00\",\"mainEntityOfPage\":{\"@id\":\"https:\/\/www.noubarris.net\/web40\/lalzamora-atura-les-mobilitzacions-a-lespera-de-la-decisio-de-la-comissio-juridica\/\"},\"wordCount\":308,\"publisher\":{\"@id\":\"https:\/\/www.noubarris.net\/web40\/#organization\"},\"image\":{\"@id\":\"https:\/\/www.noubarris.net\/web40\/lalzamora-atura-les-mobilitzacions-a-lespera-de-la-decisio-de-la-comissio-juridica\/#primaryimage\"},\"thumbnailUrl\":\"https:\/\/www.noubarris.net\/web40\/wp-content\/uploads\/2015\/06\/alzamora2.jpg\",\"keywords\":[\"Alzamora CF\",\"Esport\",\"patrimoni\",\"Porta\"],\"articleSection\":[\"Esports\",\"Nou Barris\",\"Porta\"],\"inLanguage\":\"ca\"},{\"@type\":\"WebPage\",\"@id\":\"https:\/\/www.noubarris.net\/web40\/lalzamora-atura-les-mobilitzacions-a-lespera-de-la-decisio-de-la-comissio-juridica\/\",\"url\":\"https:\/\/www.noubarris.net\/web40\/lalzamora-atura-les-mobilitzacions-a-lespera-de-la-decisio-de-la-comissio-juridica\/\",\"name\":\"L'Alzamora atura les mobilitzacions a l'espera de la decisi\u00f3 de la comissi\u00f3 jur\u00eddica - NouBarris.Net\",\"isPartOf\":{\"@id\":\"https:\/\/www.noubarris.net\/web40\/#website\"},\"primaryImageOfPage\":{\"@id\":\"https:\/\/www.noubarris.net\/web40\/lalzamora-atura-les-mobilitzacions-a-lespera-de-la-decisio-de-la-comissio-juridica\/#primaryimage\"},\"image\":{\"@id\":\"https:\/\/www.noubarris.net\/web40\/lalzamora-atura-les-mobilitzacions-a-lespera-de-la-decisio-de-la-comissio-juridica\/#primaryimage\"},\"thumbnailUrl\":\"https:\/\/www.noubarris.net\/web40\/wp-content\/uploads\/2015\/06\/alzamora2.jpg\",\"datePublished\":\"2012-02-15T00:00:00+00:00\",\"dateModified\":\"2015-07-09T12:26:44+00:00\",\"breadcrumb\":{\"@id\":\"https:\/\/www.noubarris.net\/web40\/lalzamora-atura-les-mobilitzacions-a-lespera-de-la-decisio-de-la-comissio-juridica\/#breadcrumb\"},\"inLanguage\":\"ca\",\"potentialAction\":[{\"@type\":\"ReadAction\",\"target\":[\"https:\/\/www.noubarris.net\/web40\/lalzamora-atura-les-mobilitzacions-a-lespera-de-la-decisio-de-la-comissio-juridica\/\"]}]},{\"@type\":\"ImageObject\",\"inLanguage\":\"ca\",\"@id\":\"https:\/\/www.noubarris.net\/web40\/lalzamora-atura-les-mobilitzacions-a-lespera-de-la-decisio-de-la-comissio-juridica\/#primaryimage\",\"url\":\"https:\/\/www.noubarris.net\/web40\/wp-content\/uploads\/2015\/06\/alzamora2.jpg\",\"contentUrl\":\"https:\/\/www.noubarris.net\/web40\/wp-content\/uploads\/2015\/06\/alzamora2.jpg\",\"width\":220,\"height\":220},{\"@type\":\"BreadcrumbList\",\"@id\":\"https:\/\/www.noubarris.net\/web40\/lalzamora-atura-les-mobilitzacions-a-lespera-de-la-decisio-de-la-comissio-juridica\/#breadcrumb\",\"itemListElement\":[{\"@type\":\"ListItem\",\"position\":1,\"name\":\"Inici\",\"item\":\"https:\/\/www.noubarris.net\/web40\/\"},{\"@type\":\"ListItem\",\"position\":2,\"name\":\"L&#8217;Alzamora atura les mobilitzacions a l&#8217;espera de la decisi\u00f3 de la comissi\u00f3 jur\u00eddica\"}]},{\"@type\":\"WebSite\",\"@id\":\"https:\/\/www.noubarris.net\/web40\/#website\",\"url\":\"https:\/\/www.noubarris.net\/web40\/\",\"name\":\"NouBarris.Net\",\"description\":\"Seguint la vida de Nou Barris des de 1985\",\"publisher\":{\"@id\":\"https:\/\/www.noubarris.net\/web40\/#organization\"},\"potentialAction\":[{\"@type\":\"SearchAction\",\"target\":{\"@type\":\"EntryPoint\",\"urlTemplate\":\"https:\/\/www.noubarris.net\/web40\/?s={search_term_string}\"},\"query-input\":{\"@type\":\"PropertyValueSpecification\",\"valueRequired\":true,\"valueName\":\"search_term_string\"}}],\"inLanguage\":\"ca\"},{\"@type\":\"Organization\",\"@id\":\"https:\/\/www.noubarris.net\/web40\/#organization\",\"name\":\"NouBarris.Net\",\"url\":\"https:\/\/www.noubarris.net\/web40\/\",\"logo\":{\"@type\":\"ImageObject\",\"inLanguage\":\"ca\",\"@id\":\"https:\/\/www.noubarris.net\/web40\/#\/schema\/logo\/image\/\",\"url\":\"https:\/\/www.noubarris.net\/web40\/wp-content\/uploads\/2024\/11\/cropped-cropped-LOGO_9BTV-2024_Insta-1.jpg\",\"contentUrl\":\"https:\/\/www.noubarris.net\/web40\/wp-content\/uploads\/2024\/11\/cropped-cropped-LOGO_9BTV-2024_Insta-1.jpg\",\"width\":512,\"height\":512,\"caption\":\"NouBarris.Net\"},\"image\":{\"@id\":\"https:\/\/www.noubarris.net\/web40\/#\/schema\/logo\/image\/\"},\"sameAs\":[\"https:\/\/www.facebook.com\/NouBarris.net\/?locale=es_ES\",\"https:\/\/x.com\/9BTV\"]},{\"@type\":\"Person\",\"@id\":\"https:\/\/www.noubarris.net\/web40\/#\/schema\/person\/1827f92aaa316c54abbf4dac0de76069\",\"name\":\"Informatius\",\"image\":{\"@type\":\"ImageObject\",\"inLanguage\":\"ca\",\"@id\":\"https:\/\/www.noubarris.net\/web40\/#\/schema\/person\/image\/\",\"url\":\"https:\/\/secure.gravatar.com\/avatar\/87a3b47928835fc72c6ee5b0e1a7263ef0c2d05003a98189bc14926c5f11bcdb?s=96&d=mm&r=g\",\"contentUrl\":\"https:\/\/secure.gravatar.com\/avatar\/87a3b47928835fc72c6ee5b0e1a7263ef0c2d05003a98189bc14926c5f11bcdb?s=96&d=mm&r=g\",\"caption\":\"Informatius\"},\"url\":\"https:\/\/www.noubarris.net\/web40\/author\/tele\/\"}]}<\/script>\n<!-- \/ Yoast SEO plugin. -->","yoast_head_json":{"title":"L'Alzamora atura les mobilitzacions a l'espera de la decisi\u00f3 de la comissi\u00f3 jur\u00eddica - NouBarris.Net","robots":{"index":"index","follow":"follow","max-snippet":"max-snippet:-1","max-image-preview":"max-image-preview:large","max-video-preview":"max-video-preview:-1"},"canonical":"https:\/\/www.noubarris.net\/web40\/lalzamora-atura-les-mobilitzacions-a-lespera-de-la-decisio-de-la-comissio-juridica\/","og_locale":"ca_ES","og_type":"article","og_title":"L'Alzamora atura les mobilitzacions a l'espera de la decisi\u00f3 de la comissi\u00f3 jur\u00eddica - NouBarris.Net","og_description":"El club de futbol mant\u00e9 l&#8217;esperan\u00e7a de conservar la gesti\u00f3 de les instal\u00b7lacions del camp municipal de Porta Ja fa","og_url":"https:\/\/www.noubarris.net\/web40\/lalzamora-atura-les-mobilitzacions-a-lespera-de-la-decisio-de-la-comissio-juridica\/","og_site_name":"NouBarris.Net","article_publisher":"https:\/\/www.facebook.com\/NouBarris.net\/?locale=es_ES","article_published_time":"2012-02-15T00:00:00+00:00","article_modified_time":"2015-07-09T12:26:44+00:00","og_image":[{"width":220,"height":220,"url":"https:\/\/www.noubarris.net\/web40\/wp-content\/uploads\/2015\/06\/alzamora2.jpg","type":"image\/jpeg"}],"author":"Informatius","twitter_card":"summary_large_image","twitter_creator":"@9BTV","twitter_site":"@9BTV","twitter_misc":{"Escrit per":"Informatius","Temps estimat de lectura":"1 minut"},"schema":{"@context":"https:\/\/schema.org","@graph":[{"@type":"Article","@id":"https:\/\/www.noubarris.net\/web40\/lalzamora-atura-les-mobilitzacions-a-lespera-de-la-decisio-de-la-comissio-juridica\/#article","isPartOf":{"@id":"https:\/\/www.noubarris.net\/web40\/lalzamora-atura-les-mobilitzacions-a-lespera-de-la-decisio-de-la-comissio-juridica\/"},"author":{"name":"Informatius","@id":"https:\/\/www.noubarris.net\/web40\/#\/schema\/person\/1827f92aaa316c54abbf4dac0de76069"},"headline":"L&#8217;Alzamora atura les mobilitzacions a l&#8217;espera de la decisi\u00f3 de la comissi\u00f3 jur\u00eddica","datePublished":"2012-02-15T00:00:00+00:00","dateModified":"2015-07-09T12:26:44+00:00","mainEntityOfPage":{"@id":"https:\/\/www.noubarris.net\/web40\/lalzamora-atura-les-mobilitzacions-a-lespera-de-la-decisio-de-la-comissio-juridica\/"},"wordCount":308,"publisher":{"@id":"https:\/\/www.noubarris.net\/web40\/#organization"},"image":{"@id":"https:\/\/www.noubarris.net\/web40\/lalzamora-atura-les-mobilitzacions-a-lespera-de-la-decisio-de-la-comissio-juridica\/#primaryimage"},"thumbnailUrl":"https:\/\/www.noubarris.net\/web40\/wp-content\/uploads\/2015\/06\/alzamora2.jpg","keywords":["Alzamora CF","Esport","patrimoni","Porta"],"articleSection":["Esports","Nou Barris","Porta"],"inLanguage":"ca"},{"@type":"WebPage","@id":"https:\/\/www.noubarris.net\/web40\/lalzamora-atura-les-mobilitzacions-a-lespera-de-la-decisio-de-la-comissio-juridica\/","url":"https:\/\/www.noubarris.net\/web40\/lalzamora-atura-les-mobilitzacions-a-lespera-de-la-decisio-de-la-comissio-juridica\/","name":"L'Alzamora atura les mobilitzacions a l'espera de la decisi\u00f3 de la comissi\u00f3 jur\u00eddica - NouBarris.Net","isPartOf":{"@id":"https:\/\/www.noubarris.net\/web40\/#website"},"primaryImageOfPage":{"@id":"https:\/\/www.noubarris.net\/web40\/lalzamora-atura-les-mobilitzacions-a-lespera-de-la-decisio-de-la-comissio-juridica\/#primaryimage"},"image":{"@id":"https:\/\/www.noubarris.net\/web40\/lalzamora-atura-les-mobilitzacions-a-lespera-de-la-decisio-de-la-comissio-juridica\/#primaryimage"},"thumbnailUrl":"https:\/\/www.noubarris.net\/web40\/wp-content\/uploads\/2015\/06\/alzamora2.jpg","datePublished":"2012-02-15T00:00:00+00:00","dateModified":"2015-07-09T12:26:44+00:00","breadcrumb":{"@id":"https:\/\/www.noubarris.net\/web40\/lalzamora-atura-les-mobilitzacions-a-lespera-de-la-decisio-de-la-comissio-juridica\/#breadcrumb"},"inLanguage":"ca","potentialAction":[{"@type":"ReadAction","target":["https:\/\/www.noubarris.net\/web40\/lalzamora-atura-les-mobilitzacions-a-lespera-de-la-decisio-de-la-comissio-juridica\/"]}]},{"@type":"ImageObject","inLanguage":"ca","@id":"https:\/\/www.noubarris.net\/web40\/lalzamora-atura-les-mobilitzacions-a-lespera-de-la-decisio-de-la-comissio-juridica\/#primaryimage","url":"https:\/\/www.noubarris.net\/web40\/wp-content\/uploads\/2015\/06\/alzamora2.jpg","contentUrl":"https:\/\/www.noubarris.net\/web40\/wp-content\/uploads\/2015\/06\/alzamora2.jpg","width":220,"height":220},{"@type":"BreadcrumbList","@id":"https:\/\/www.noubarris.net\/web40\/lalzamora-atura-les-mobilitzacions-a-lespera-de-la-decisio-de-la-comissio-juridica\/#breadcrumb","itemListElement":[{"@type":"ListItem","position":1,"name":"Inici","item":"https:\/\/www.noubarris.net\/web40\/"},{"@type":"ListItem","position":2,"name":"L&#8217;Alzamora atura les mobilitzacions a l&#8217;espera de la decisi\u00f3 de la comissi\u00f3 jur\u00eddica"}]},{"@type":"WebSite","@id":"https:\/\/www.noubarris.net\/web40\/#website","url":"https:\/\/www.noubarris.net\/web40\/","name":"NouBarris.Net","description":"Seguint la vida de Nou Barris des de 1985","publisher":{"@id":"https:\/\/www.noubarris.net\/web40\/#organization"},"potentialAction":[{"@type":"SearchAction","target":{"@type":"EntryPoint","urlTemplate":"https:\/\/www.noubarris.net\/web40\/?s={search_term_string}"},"query-input":{"@type":"PropertyValueSpecification","valueRequired":true,"valueName":"search_term_string"}}],"inLanguage":"ca"},{"@type":"Organization","@id":"https:\/\/www.noubarris.net\/web40\/#organization","name":"NouBarris.Net","url":"https:\/\/www.noubarris.net\/web40\/","logo":{"@type":"ImageObject","inLanguage":"ca","@id":"https:\/\/www.noubarris.net\/web40\/#\/schema\/logo\/image\/","url":"https:\/\/www.noubarris.net\/web40\/wp-content\/uploads\/2024\/11\/cropped-cropped-LOGO_9BTV-2024_Insta-1.jpg","contentUrl":"https:\/\/www.noubarris.net\/web40\/wp-content\/uploads\/2024\/11\/cropped-cropped-LOGO_9BTV-2024_Insta-1.jpg","width":512,"height":512,"caption":"NouBarris.Net"},"image":{"@id":"https:\/\/www.noubarris.net\/web40\/#\/schema\/logo\/image\/"},"sameAs":["https:\/\/www.facebook.com\/NouBarris.net\/?locale=es_ES","https:\/\/x.com\/9BTV"]},{"@type":"Person","@id":"https:\/\/www.noubarris.net\/web40\/#\/schema\/person\/1827f92aaa316c54abbf4dac0de76069","name":"Informatius","image":{"@type":"ImageObject","inLanguage":"ca","@id":"https:\/\/www.noubarris.net\/web40\/#\/schema\/person\/image\/","url":"https:\/\/secure.gravatar.com\/avatar\/87a3b47928835fc72c6ee5b0e1a7263ef0c2d05003a98189bc14926c5f11bcdb?s=96&d=mm&r=g","contentUrl":"https:\/\/secure.gravatar.com\/avatar\/87a3b47928835fc72c6ee5b0e1a7263ef0c2d05003a98189bc14926c5f11bcdb?s=96&d=mm&r=g","caption":"Informatius"},"url":"https:\/\/www.noubarris.net\/web40\/author\/tele\/"}]}},"_links":{"self":[{"href":"https:\/\/www.noubarris.net\/web40\/wp-json\/wp\/v2\/posts\/62765","targetHints":{"allow":["GET"]}}],"collection":[{"href":"https:\/\/www.noubarris.net\/web40\/wp-json\/wp\/v2\/posts"}],"about":[{"href":"https:\/\/www.noubarris.net\/web40\/wp-json\/wp\/v2\/types\/post"}],"author":[{"embeddable":true,"href":"https:\/\/www.noubarris.net\/web40\/wp-json\/wp\/v2\/users\/2"}],"replies":[{"embeddable":true,"href":"https:\/\/www.noubarris.net\/web40\/wp-json\/wp\/v2\/comments?post=62765"}],"version-history":[{"count":0,"href":"https:\/\/www.noubarris.net\/web40\/wp-json\/wp\/v2\/posts\/62765\/revisions"}],"wp:featuredmedia":[{"embeddable":true,"href":"https:\/\/www.noubarris.net\/web40\/wp-json\/wp\/v2\/media\/9042"}],"wp:attachment":[{"href":"https:\/\/www.noubarris.net\/web40\/wp-json\/wp\/v2\/media?parent=62765"}],"wp:term":[{"taxonomy":"category","embeddable":true,"href":"https:\/\/www.noubarris.net\/web40\/wp-json\/wp\/v2\/categories?post=62765"},{"taxonomy":"post_tag","embeddable":true,"href":"https:\/\/www.noubarris.net\/web40\/wp-json\/wp\/v2\/tags?post=62765"}],"curies":[{"name":"wp","href":"https:\/\/api.w.org\/{rel}","templated":true}]}}