{"id":62770,"date":"2012-02-20T00:00:00","date_gmt":"2012-02-20T00:00:00","guid":{"rendered":"http:\/\/www.noubarris.net\/web40\/?p=62770"},"modified":"2015-07-09T12:26:30","modified_gmt":"2015-07-09T12:26:30","slug":"lactualitat-de-nou-barris-a-barcelona-televisio-8","status":"publish","type":"post","link":"https:\/\/www.noubarris.net\/web40\/lactualitat-de-nou-barris-a-barcelona-televisio-8\/","title":{"rendered":"L\u00b4actualitat de Nou Barris a Barcelona Televisi\u00f3"},"content":{"rendered":"<p><strong>L\u00b4Alzamora CF atura les mobilitzacions a l\u00b4espera de la decisi\u00f3 de la comissi\u00f3 jur\u00eddica<\/strong><\/p>\n<p>Barcelona Televisi\u00f3 emet avui l\u2019Infobarris, el recull de l\u00b4actualitat del districte elaborat per Nou Barris Televisi\u00f3 a les 12.05h (despr\u00e9s de l\u2019avan\u00e7 informatiu) i a les 20.30h (despr\u00e9s de l\u2019Infovespre) en redifusi\u00f3, sense oblidar la possibilitat de seguir les not\u00edcies al web btvnoticies.cat i al servei \u2018a la carta\u2019 del web de Barcelona Televisi\u00f3.<\/p>\n<p>Ja fa dos mesos de la celebraci\u00f3 del concurs municipal, per\u00f2 la concesi\u00f3 de la gesti\u00f3 del camp municipal de Porta encara no ha estat adjudicada. L\u00b4Alzamora Club de Futbol, l\u00b4entitat encarregada de les instal\u2022lacions fins ara, va perdre en segona inst\u00e0ncia aquest concurs. El club i els ve\u00efns consideren que la resoluci\u00f3 \u00e9s injusta. L\u2019Alzamora gestiona el camp municipal de Porta des de la construcci\u00f3 de les instal\u2022lacions l\u2019any 92. El club fins i tot ha invertit una part del patrimoni de l\u2019entitat per millorar les instal\u2022lacions del camp.<br \/>\nL\u2019Alzamora Club de Futbol es mant\u00e9 ara a l\u2019espera de la decisi\u00f3 d\u2019una comissi\u00f3 jur\u00eddica que determinar\u00e0 si continua amb la gesti\u00f3 del camp municipal de Porta.<br \/>\nEl club, que va perdre en segona inst\u00e0ncia el concurs d\u2019adjudicaci\u00f3, ha decidit aturar de moment les mobilitzacions previstes com a mesura de protesta.<br \/>\nAra mateix, la decisi\u00f3 sobre la futura gesti\u00f3 del camp, la tenen els serveis jur\u00eddics, que estudien les al\u2022legacions. Segons l\u2019interventor, un error en els criteris de valoraci\u00f3 va fer que l\u2019Alzamora guany\u00e9s en primera inst\u00e0ncia el concurs i la Fundaci\u00f3 Marcet, en segona. \u00b4Si li treuen la instal\u2022laci\u00f3 a un club que fa quaranta anys que hi \u00e9s ha de ser per motius de gesti\u00f3, motius de que la instal\u2022laci\u00f3 no la conserven b\u00e9, que no es fa inversions, per\u00f2 en un tema com el de la instal\u2022laci\u00f3 municipal Porta, que \u00e9s una instal\u2022laci\u00f3 que tothom, incl\u00fas ells reconeixen que est\u00e0 molt ben gestionada no hi ha cap motiu per que vingui un club de fora i li treguin la gesti\u00f3\u00b4, argumenta el president de l\u00b4Alzamora CF, Jes\u00fas Tejero.<br \/>\nL\u2019altra cara de la moneda \u00e9s la Fundaci\u00f3 Marcet, que tamb\u00e9 es mant\u00e9 a l\u2019espera. El projecte que van presentar est\u00e0 pensat per ser compatible amb els horaris i usos de l\u2019Alzamora. \u00b4El concurs establia que l\u2019Alzamora era un usuari preferent amb la qual cosa ser\u00e0 qui tindr\u00e0 prioritat a l\u2019hora d\u2019escollir la calendaritzaci\u00f3 de les seves activitats. &#8211; explica Juan Carlos Altamirano, gerent del districte de Nou Barris. &#8211; A m\u00e9s a m\u00e9s, la Fundaci\u00f3 Marcet li havia presentat una oferta de baixa respecte als preus p\u00fablics per a l\u2019Alzamora, o sigui, no li cobrarien el preu p\u00fablic establert, sin\u00f3 una quantitat menor.\u00b4<br \/>\nSigui quin en sigui el resultat final, el club podr\u00e0 continuar fent \u00fas del camp. Per\u00f2 en el cas que no s\u2019adjudiqui la gesti\u00f3 del camp a l\u00b4Alzamora, els partits pol\u00edtics de l\u00b4oposici\u00f3 ja han acordat impugnar el concurs.<\/p>\n<p>Us recordem que som la vostra veu i estem al vostre servei i, per tant, podeu contactar sempre que vulgueu amb nosaltres per fer-nos arribar les vostres not\u00edcies i activitats al mail nbtv@noubarris.net o al noubarris@btv.cat<\/p>\n","protected":false},"excerpt":{"rendered":"<p>L\u00b4Alzamora CF atura les mobilitzacions a l\u00b4espera de la decisi\u00f3 de la comissi\u00f3 jur\u00eddica Barcelona Televisi\u00f3 emet avui l\u2019Infobarris, el<\/p>\n","protected":false},"author":2,"featured_media":6076,"comment_status":"closed","ping_status":"closed","sticky":false,"template":"","format":"standard","meta":{"colormag_page_layout":"default_layout","_monsterinsights_skip_tracking":false,"_monsterinsights_sitenote_active":false,"_monsterinsights_sitenote_note":"","_monsterinsights_sitenote_category":0,"footnotes":""},"categories":[128,1,134],"tags":[181,182,235],"class_list":["post-62770","post","type-post","status-publish","format-standard","has-post-thumbnail","hentry","category-esports","category-nou-barris","category-porta","tag-alzamora-cf","tag-fundacio-marcet","tag-patrimoni"],"yoast_head":"<!-- This site is optimized with the Yoast SEO plugin v25.3 - https:\/\/yoast.com\/wordpress\/plugins\/seo\/ -->\n<title>L\u00b4actualitat de Nou Barris a Barcelona Televisi\u00f3 - NouBarris.Net<\/title>\n<meta name=\"robots\" content=\"index, follow, max-snippet:-1, max-image-preview:large, max-video-preview:-1\" \/>\n<link rel=\"canonical\" href=\"https:\/\/www.noubarris.net\/web40\/lactualitat-de-nou-barris-a-barcelona-televisio-8\/\" \/>\n<meta property=\"og:locale\" content=\"ca_ES\" \/>\n<meta property=\"og:type\" content=\"article\" \/>\n<meta property=\"og:title\" content=\"L\u00b4actualitat de Nou Barris a Barcelona Televisi\u00f3 - NouBarris.Net\" \/>\n<meta property=\"og:description\" content=\"L\u00b4Alzamora CF atura les mobilitzacions a l\u00b4espera de la decisi\u00f3 de la comissi\u00f3 jur\u00eddica Barcelona Televisi\u00f3 emet avui l\u2019Infobarris, el\" \/>\n<meta property=\"og:url\" content=\"https:\/\/www.noubarris.net\/web40\/lactualitat-de-nou-barris-a-barcelona-televisio-8\/\" \/>\n<meta property=\"og:site_name\" content=\"NouBarris.Net\" \/>\n<meta property=\"article:publisher\" content=\"https:\/\/www.facebook.com\/NouBarris.net\/?locale=es_ES\" \/>\n<meta property=\"article:published_time\" content=\"2012-02-20T00:00:00+00:00\" \/>\n<meta property=\"article:modified_time\" content=\"2015-07-09T12:26:30+00:00\" \/>\n<meta property=\"og:image\" content=\"https:\/\/www.noubarris.net\/web40\/wp-content\/uploads\/2015\/06\/infobarrisnou.jpg\" \/>\n\t<meta property=\"og:image:width\" content=\"220\" \/>\n\t<meta property=\"og:image:height\" content=\"220\" \/>\n\t<meta property=\"og:image:type\" content=\"image\/jpeg\" \/>\n<meta name=\"author\" content=\"Informatius\" \/>\n<meta name=\"twitter:card\" content=\"summary_large_image\" \/>\n<meta name=\"twitter:creator\" content=\"@9BTV\" \/>\n<meta name=\"twitter:site\" content=\"@9BTV\" \/>\n<meta name=\"twitter:label1\" content=\"Escrit per\" \/>\n\t<meta name=\"twitter:data1\" content=\"Informatius\" \/>\n\t<meta name=\"twitter:label2\" content=\"Temps estimat de lectura\" \/>\n\t<meta name=\"twitter:data2\" content=\"3 minuts\" \/>\n<script type=\"application\/ld+json\" class=\"yoast-schema-graph\">{\"@context\":\"https:\/\/schema.org\",\"@graph\":[{\"@type\":\"Article\",\"@id\":\"https:\/\/www.noubarris.net\/web40\/lactualitat-de-nou-barris-a-barcelona-televisio-8\/#article\",\"isPartOf\":{\"@id\":\"https:\/\/www.noubarris.net\/web40\/lactualitat-de-nou-barris-a-barcelona-televisio-8\/\"},\"author\":{\"name\":\"Informatius\",\"@id\":\"https:\/\/www.noubarris.net\/web40\/#\/schema\/person\/1827f92aaa316c54abbf4dac0de76069\"},\"headline\":\"L\u00b4actualitat de Nou Barris a Barcelona Televisi\u00f3\",\"datePublished\":\"2012-02-20T00:00:00+00:00\",\"dateModified\":\"2015-07-09T12:26:30+00:00\",\"mainEntityOfPage\":{\"@id\":\"https:\/\/www.noubarris.net\/web40\/lactualitat-de-nou-barris-a-barcelona-televisio-8\/\"},\"wordCount\":585,\"publisher\":{\"@id\":\"https:\/\/www.noubarris.net\/web40\/#organization\"},\"image\":{\"@id\":\"https:\/\/www.noubarris.net\/web40\/lactualitat-de-nou-barris-a-barcelona-televisio-8\/#primaryimage\"},\"thumbnailUrl\":\"https:\/\/www.noubarris.net\/web40\/wp-content\/uploads\/2015\/06\/infobarrisnou.jpg\",\"keywords\":[\"Alzamora CF\",\"Fundaci\u00f3 Marcet\",\"patrimoni\"],\"articleSection\":[\"Esports\",\"Nou Barris\",\"Porta\"],\"inLanguage\":\"ca\"},{\"@type\":\"WebPage\",\"@id\":\"https:\/\/www.noubarris.net\/web40\/lactualitat-de-nou-barris-a-barcelona-televisio-8\/\",\"url\":\"https:\/\/www.noubarris.net\/web40\/lactualitat-de-nou-barris-a-barcelona-televisio-8\/\",\"name\":\"L\u00b4actualitat de Nou Barris a Barcelona Televisi\u00f3 - NouBarris.Net\",\"isPartOf\":{\"@id\":\"https:\/\/www.noubarris.net\/web40\/#website\"},\"primaryImageOfPage\":{\"@id\":\"https:\/\/www.noubarris.net\/web40\/lactualitat-de-nou-barris-a-barcelona-televisio-8\/#primaryimage\"},\"image\":{\"@id\":\"https:\/\/www.noubarris.net\/web40\/lactualitat-de-nou-barris-a-barcelona-televisio-8\/#primaryimage\"},\"thumbnailUrl\":\"https:\/\/www.noubarris.net\/web40\/wp-content\/uploads\/2015\/06\/infobarrisnou.jpg\",\"datePublished\":\"2012-02-20T00:00:00+00:00\",\"dateModified\":\"2015-07-09T12:26:30+00:00\",\"breadcrumb\":{\"@id\":\"https:\/\/www.noubarris.net\/web40\/lactualitat-de-nou-barris-a-barcelona-televisio-8\/#breadcrumb\"},\"inLanguage\":\"ca\",\"potentialAction\":[{\"@type\":\"ReadAction\",\"target\":[\"https:\/\/www.noubarris.net\/web40\/lactualitat-de-nou-barris-a-barcelona-televisio-8\/\"]}]},{\"@type\":\"ImageObject\",\"inLanguage\":\"ca\",\"@id\":\"https:\/\/www.noubarris.net\/web40\/lactualitat-de-nou-barris-a-barcelona-televisio-8\/#primaryimage\",\"url\":\"https:\/\/www.noubarris.net\/web40\/wp-content\/uploads\/2015\/06\/infobarrisnou.jpg\",\"contentUrl\":\"https:\/\/www.noubarris.net\/web40\/wp-content\/uploads\/2015\/06\/infobarrisnou.jpg\",\"width\":220,\"height\":220},{\"@type\":\"BreadcrumbList\",\"@id\":\"https:\/\/www.noubarris.net\/web40\/lactualitat-de-nou-barris-a-barcelona-televisio-8\/#breadcrumb\",\"itemListElement\":[{\"@type\":\"ListItem\",\"position\":1,\"name\":\"Inici\",\"item\":\"https:\/\/www.noubarris.net\/web40\/\"},{\"@type\":\"ListItem\",\"position\":2,\"name\":\"L\u00b4actualitat de Nou Barris a Barcelona Televisi\u00f3\"}]},{\"@type\":\"WebSite\",\"@id\":\"https:\/\/www.noubarris.net\/web40\/#website\",\"url\":\"https:\/\/www.noubarris.net\/web40\/\",\"name\":\"NouBarris.Net\",\"description\":\"Seguint la vida de Nou Barris des de 1985\",\"publisher\":{\"@id\":\"https:\/\/www.noubarris.net\/web40\/#organization\"},\"potentialAction\":[{\"@type\":\"SearchAction\",\"target\":{\"@type\":\"EntryPoint\",\"urlTemplate\":\"https:\/\/www.noubarris.net\/web40\/?s={search_term_string}\"},\"query-input\":{\"@type\":\"PropertyValueSpecification\",\"valueRequired\":true,\"valueName\":\"search_term_string\"}}],\"inLanguage\":\"ca\"},{\"@type\":\"Organization\",\"@id\":\"https:\/\/www.noubarris.net\/web40\/#organization\",\"name\":\"NouBarris.Net\",\"url\":\"https:\/\/www.noubarris.net\/web40\/\",\"logo\":{\"@type\":\"ImageObject\",\"inLanguage\":\"ca\",\"@id\":\"https:\/\/www.noubarris.net\/web40\/#\/schema\/logo\/image\/\",\"url\":\"https:\/\/www.noubarris.net\/web40\/wp-content\/uploads\/2024\/11\/cropped-cropped-LOGO_9BTV-2024_Insta-1.jpg\",\"contentUrl\":\"https:\/\/www.noubarris.net\/web40\/wp-content\/uploads\/2024\/11\/cropped-cropped-LOGO_9BTV-2024_Insta-1.jpg\",\"width\":512,\"height\":512,\"caption\":\"NouBarris.Net\"},\"image\":{\"@id\":\"https:\/\/www.noubarris.net\/web40\/#\/schema\/logo\/image\/\"},\"sameAs\":[\"https:\/\/www.facebook.com\/NouBarris.net\/?locale=es_ES\",\"https:\/\/x.com\/9BTV\"]},{\"@type\":\"Person\",\"@id\":\"https:\/\/www.noubarris.net\/web40\/#\/schema\/person\/1827f92aaa316c54abbf4dac0de76069\",\"name\":\"Informatius\",\"image\":{\"@type\":\"ImageObject\",\"inLanguage\":\"ca\",\"@id\":\"https:\/\/www.noubarris.net\/web40\/#\/schema\/person\/image\/\",\"url\":\"https:\/\/secure.gravatar.com\/avatar\/87a3b47928835fc72c6ee5b0e1a7263ef0c2d05003a98189bc14926c5f11bcdb?s=96&d=mm&r=g\",\"contentUrl\":\"https:\/\/secure.gravatar.com\/avatar\/87a3b47928835fc72c6ee5b0e1a7263ef0c2d05003a98189bc14926c5f11bcdb?s=96&d=mm&r=g\",\"caption\":\"Informatius\"},\"url\":\"https:\/\/www.noubarris.net\/web40\/author\/tele\/\"}]}<\/script>\n<!-- \/ Yoast SEO plugin. -->","yoast_head_json":{"title":"L\u00b4actualitat de Nou Barris a Barcelona Televisi\u00f3 - NouBarris.Net","robots":{"index":"index","follow":"follow","max-snippet":"max-snippet:-1","max-image-preview":"max-image-preview:large","max-video-preview":"max-video-preview:-1"},"canonical":"https:\/\/www.noubarris.net\/web40\/lactualitat-de-nou-barris-a-barcelona-televisio-8\/","og_locale":"ca_ES","og_type":"article","og_title":"L\u00b4actualitat de Nou Barris a Barcelona Televisi\u00f3 - NouBarris.Net","og_description":"L\u00b4Alzamora CF atura les mobilitzacions a l\u00b4espera de la decisi\u00f3 de la comissi\u00f3 jur\u00eddica Barcelona Televisi\u00f3 emet avui l\u2019Infobarris, el","og_url":"https:\/\/www.noubarris.net\/web40\/lactualitat-de-nou-barris-a-barcelona-televisio-8\/","og_site_name":"NouBarris.Net","article_publisher":"https:\/\/www.facebook.com\/NouBarris.net\/?locale=es_ES","article_published_time":"2012-02-20T00:00:00+00:00","article_modified_time":"2015-07-09T12:26:30+00:00","og_image":[{"width":220,"height":220,"url":"https:\/\/www.noubarris.net\/web40\/wp-content\/uploads\/2015\/06\/infobarrisnou.jpg","type":"image\/jpeg"}],"author":"Informatius","twitter_card":"summary_large_image","twitter_creator":"@9BTV","twitter_site":"@9BTV","twitter_misc":{"Escrit per":"Informatius","Temps estimat de lectura":"3 minuts"},"schema":{"@context":"https:\/\/schema.org","@graph":[{"@type":"Article","@id":"https:\/\/www.noubarris.net\/web40\/lactualitat-de-nou-barris-a-barcelona-televisio-8\/#article","isPartOf":{"@id":"https:\/\/www.noubarris.net\/web40\/lactualitat-de-nou-barris-a-barcelona-televisio-8\/"},"author":{"name":"Informatius","@id":"https:\/\/www.noubarris.net\/web40\/#\/schema\/person\/1827f92aaa316c54abbf4dac0de76069"},"headline":"L\u00b4actualitat de Nou Barris a Barcelona Televisi\u00f3","datePublished":"2012-02-20T00:00:00+00:00","dateModified":"2015-07-09T12:26:30+00:00","mainEntityOfPage":{"@id":"https:\/\/www.noubarris.net\/web40\/lactualitat-de-nou-barris-a-barcelona-televisio-8\/"},"wordCount":585,"publisher":{"@id":"https:\/\/www.noubarris.net\/web40\/#organization"},"image":{"@id":"https:\/\/www.noubarris.net\/web40\/lactualitat-de-nou-barris-a-barcelona-televisio-8\/#primaryimage"},"thumbnailUrl":"https:\/\/www.noubarris.net\/web40\/wp-content\/uploads\/2015\/06\/infobarrisnou.jpg","keywords":["Alzamora CF","Fundaci\u00f3 Marcet","patrimoni"],"articleSection":["Esports","Nou Barris","Porta"],"inLanguage":"ca"},{"@type":"WebPage","@id":"https:\/\/www.noubarris.net\/web40\/lactualitat-de-nou-barris-a-barcelona-televisio-8\/","url":"https:\/\/www.noubarris.net\/web40\/lactualitat-de-nou-barris-a-barcelona-televisio-8\/","name":"L\u00b4actualitat de Nou Barris a Barcelona Televisi\u00f3 - NouBarris.Net","isPartOf":{"@id":"https:\/\/www.noubarris.net\/web40\/#website"},"primaryImageOfPage":{"@id":"https:\/\/www.noubarris.net\/web40\/lactualitat-de-nou-barris-a-barcelona-televisio-8\/#primaryimage"},"image":{"@id":"https:\/\/www.noubarris.net\/web40\/lactualitat-de-nou-barris-a-barcelona-televisio-8\/#primaryimage"},"thumbnailUrl":"https:\/\/www.noubarris.net\/web40\/wp-content\/uploads\/2015\/06\/infobarrisnou.jpg","datePublished":"2012-02-20T00:00:00+00:00","dateModified":"2015-07-09T12:26:30+00:00","breadcrumb":{"@id":"https:\/\/www.noubarris.net\/web40\/lactualitat-de-nou-barris-a-barcelona-televisio-8\/#breadcrumb"},"inLanguage":"ca","potentialAction":[{"@type":"ReadAction","target":["https:\/\/www.noubarris.net\/web40\/lactualitat-de-nou-barris-a-barcelona-televisio-8\/"]}]},{"@type":"ImageObject","inLanguage":"ca","@id":"https:\/\/www.noubarris.net\/web40\/lactualitat-de-nou-barris-a-barcelona-televisio-8\/#primaryimage","url":"https:\/\/www.noubarris.net\/web40\/wp-content\/uploads\/2015\/06\/infobarrisnou.jpg","contentUrl":"https:\/\/www.noubarris.net\/web40\/wp-content\/uploads\/2015\/06\/infobarrisnou.jpg","width":220,"height":220},{"@type":"BreadcrumbList","@id":"https:\/\/www.noubarris.net\/web40\/lactualitat-de-nou-barris-a-barcelona-televisio-8\/#breadcrumb","itemListElement":[{"@type":"ListItem","position":1,"name":"Inici","item":"https:\/\/www.noubarris.net\/web40\/"},{"@type":"ListItem","position":2,"name":"L\u00b4actualitat de Nou Barris a Barcelona Televisi\u00f3"}]},{"@type":"WebSite","@id":"https:\/\/www.noubarris.net\/web40\/#website","url":"https:\/\/www.noubarris.net\/web40\/","name":"NouBarris.Net","description":"Seguint la vida de Nou Barris des de 1985","publisher":{"@id":"https:\/\/www.noubarris.net\/web40\/#organization"},"potentialAction":[{"@type":"SearchAction","target":{"@type":"EntryPoint","urlTemplate":"https:\/\/www.noubarris.net\/web40\/?s={search_term_string}"},"query-input":{"@type":"PropertyValueSpecification","valueRequired":true,"valueName":"search_term_string"}}],"inLanguage":"ca"},{"@type":"Organization","@id":"https:\/\/www.noubarris.net\/web40\/#organization","name":"NouBarris.Net","url":"https:\/\/www.noubarris.net\/web40\/","logo":{"@type":"ImageObject","inLanguage":"ca","@id":"https:\/\/www.noubarris.net\/web40\/#\/schema\/logo\/image\/","url":"https:\/\/www.noubarris.net\/web40\/wp-content\/uploads\/2024\/11\/cropped-cropped-LOGO_9BTV-2024_Insta-1.jpg","contentUrl":"https:\/\/www.noubarris.net\/web40\/wp-content\/uploads\/2024\/11\/cropped-cropped-LOGO_9BTV-2024_Insta-1.jpg","width":512,"height":512,"caption":"NouBarris.Net"},"image":{"@id":"https:\/\/www.noubarris.net\/web40\/#\/schema\/logo\/image\/"},"sameAs":["https:\/\/www.facebook.com\/NouBarris.net\/?locale=es_ES","https:\/\/x.com\/9BTV"]},{"@type":"Person","@id":"https:\/\/www.noubarris.net\/web40\/#\/schema\/person\/1827f92aaa316c54abbf4dac0de76069","name":"Informatius","image":{"@type":"ImageObject","inLanguage":"ca","@id":"https:\/\/www.noubarris.net\/web40\/#\/schema\/person\/image\/","url":"https:\/\/secure.gravatar.com\/avatar\/87a3b47928835fc72c6ee5b0e1a7263ef0c2d05003a98189bc14926c5f11bcdb?s=96&d=mm&r=g","contentUrl":"https:\/\/secure.gravatar.com\/avatar\/87a3b47928835fc72c6ee5b0e1a7263ef0c2d05003a98189bc14926c5f11bcdb?s=96&d=mm&r=g","caption":"Informatius"},"url":"https:\/\/www.noubarris.net\/web40\/author\/tele\/"}]}},"_links":{"self":[{"href":"https:\/\/www.noubarris.net\/web40\/wp-json\/wp\/v2\/posts\/62770","targetHints":{"allow":["GET"]}}],"collection":[{"href":"https:\/\/www.noubarris.net\/web40\/wp-json\/wp\/v2\/posts"}],"about":[{"href":"https:\/\/www.noubarris.net\/web40\/wp-json\/wp\/v2\/types\/post"}],"author":[{"embeddable":true,"href":"https:\/\/www.noubarris.net\/web40\/wp-json\/wp\/v2\/users\/2"}],"replies":[{"embeddable":true,"href":"https:\/\/www.noubarris.net\/web40\/wp-json\/wp\/v2\/comments?post=62770"}],"version-history":[{"count":0,"href":"https:\/\/www.noubarris.net\/web40\/wp-json\/wp\/v2\/posts\/62770\/revisions"}],"wp:featuredmedia":[{"embeddable":true,"href":"https:\/\/www.noubarris.net\/web40\/wp-json\/wp\/v2\/media\/6076"}],"wp:attachment":[{"href":"https:\/\/www.noubarris.net\/web40\/wp-json\/wp\/v2\/media?parent=62770"}],"wp:term":[{"taxonomy":"category","embeddable":true,"href":"https:\/\/www.noubarris.net\/web40\/wp-json\/wp\/v2\/categories?post=62770"},{"taxonomy":"post_tag","embeddable":true,"href":"https:\/\/www.noubarris.net\/web40\/wp-json\/wp\/v2\/tags?post=62770"}],"curies":[{"name":"wp","href":"https:\/\/api.w.org\/{rel}","templated":true}]}}