{"id":63714,"date":"2015-04-27T00:00:00","date_gmt":"2015-04-27T00:00:00","guid":{"rendered":"http:\/\/www.noubarris.net\/web40\/?p=63714"},"modified":"2015-07-08T16:48:34","modified_gmt":"2015-07-08T16:48:34","slug":"lactualitat-de-nou-barris-a-barcelona-televisio-7","status":"publish","type":"post","link":"https:\/\/www.noubarris.net\/web40\/lactualitat-de-nou-barris-a-barcelona-televisio-7\/","title":{"rendered":"L\u00b4actualitat de Nou Barris a Barcelona Televisi\u00f3"},"content":{"rendered":"<p><strong>L\u2019 ampliaci\u00f3 del Casal Infantil i Juvenil La Tronada es queda petita per als ve\u00efns<\/strong><\/p>\n<p>Barcelona Televisi\u00f3 emet avui l\u2019Infobarris, el recull de l\u00b4actualitat del districte elaborat per Nou Barris Televisi\u00f3, a les 10.45h i a les 14.50h en redifusi\u00f3 (despr\u00e9s del BTV Not\u00edcies Migdia), sense oblidar la possibilitat de seguir les not\u00edcies al web btvnoticies.cat i al servei \u2018a la carta\u2019 del web de Barcelona Televisi\u00f3.<\/p>\n<p>Les obres de reforma i ampliaci\u00f3 de l\u2019antic edifici del Casal La Tronada no s\u00f3n el que els ve\u00efns esperaven. Fa m\u00e9s de vuit anys que reclamaven millorar les instal\u2022lacions de l\u2019Associaci\u00f3 Juvenil Tronada, una entitat que treballa amb nens i joves dels barris de Can Peguera i el Tur\u00f3 de la Peira.<br \/>\nAmb les obres, l\u2019equipament guanyar\u00e0 155m2, per\u00f2 segons l\u2019AV de Can Peguera, aquesta ampliaci\u00f3 no cobrir\u00e0 la demanda d\u2019usuaris, m\u00e9s aviat al contrari. Un cop finalitzin els treballs, La Tronada continuar\u00e0 exercint com a esplai diari i de cap de setmana, per\u00f2 en un futur immediat esdevindr\u00e0 un centre obert infantil. L\u2019ampliaci\u00f3 del Casal La Tronada permetr\u00e0 passar de les 48 places actuals a 60. Segons els ve\u00efns, per\u00f2, la demanda dels nens i joves de Can Peguera i el Tur\u00f3 de la Peira no evitar\u00e0 que hi continu\u00ef havent llista d\u2019espera.<\/p>\n<p>La reforma no t\u00e9 res a veure amb el projecte que es va aprovar en el mandat anterior, que preveia un equipament amb quatre plantes. Segons l\u2019AV de Can Peguera, l\u2019ampliaci\u00f3 de l\u2019edifici que es far\u00e0 no ser\u00e0 del tot \u00fatil. L\u2019espai passar\u00e0 dels 256,10 m2 actuals de superf\u00edcie a tenir un total de 411,10 m2. El cos principal disposar\u00e0 de tres aules i dues zones de banys, instal\u2022lacions i magatzems. A l\u2019exterior s\u2019ampliaran 130m2 que serviran com a espai polivalent i sala de monitors. Aquests metres es guanyaran cobrint la vorera exterior amb una estructura de vidre. Segons l\u2019AV de Can Peguera, l\u2019ampliaci\u00f3 exterior servir\u00e0 com un acc\u00e9s i com a pati obert els dies de pluja, per\u00f2 dif\u00edcilment podr\u00e0 ser aprofitable per a les activitats regulars.<br \/>\nLes obres tenen un pressupost de licitaci\u00f3 de 720.000 euros i est\u00e0 previst que finalitzin a l\u2019octubre. Mentrestant, el casal ha distribu\u00eft l\u2019activitat dels quatre grups en dues escoles del barri i el Casal de Barri la Cosa Nostra.<\/p>\n","protected":false},"excerpt":{"rendered":"<p>L\u2019 ampliaci\u00f3 del Casal Infantil i Juvenil La Tronada es queda petita per als ve\u00efns Barcelona Televisi\u00f3 emet avui l\u2019Infobarris,<\/p>\n","protected":false},"author":2,"featured_media":6079,"comment_status":"closed","ping_status":"closed","sticky":false,"template":"","format":"standard","meta":{"colormag_page_layout":"default_layout","_monsterinsights_skip_tracking":false,"_monsterinsights_sitenote_active":false,"_monsterinsights_sitenote_note":"","_monsterinsights_sitenote_category":0,"footnotes":""},"categories":[130,139,1],"tags":[46,162,150,210,44],"class_list":["post-63714","post","type-post","status-publish","format-standard","has-post-thumbnail","hentry","category-can-peguera","category-el-turo-de-la-peira","category-nou-barris","tag-can-peguera","tag-casal-de-barri","tag-casal-infantil","tag-escoles","tag-porta"],"yoast_head":"<!-- This site is optimized with the Yoast SEO plugin v25.3 - https:\/\/yoast.com\/wordpress\/plugins\/seo\/ -->\n<title>L\u00b4actualitat de Nou Barris a Barcelona Televisi\u00f3 - NouBarris.Net<\/title>\n<meta name=\"robots\" content=\"index, follow, max-snippet:-1, max-image-preview:large, max-video-preview:-1\" \/>\n<link rel=\"canonical\" href=\"https:\/\/www.noubarris.net\/web40\/lactualitat-de-nou-barris-a-barcelona-televisio-7\/\" \/>\n<meta property=\"og:locale\" content=\"ca_ES\" \/>\n<meta property=\"og:type\" content=\"article\" \/>\n<meta property=\"og:title\" content=\"L\u00b4actualitat de Nou Barris a Barcelona Televisi\u00f3 - NouBarris.Net\" \/>\n<meta property=\"og:description\" content=\"L\u2019 ampliaci\u00f3 del Casal Infantil i Juvenil La Tronada es queda petita per als ve\u00efns Barcelona Televisi\u00f3 emet avui l\u2019Infobarris,\" \/>\n<meta property=\"og:url\" content=\"https:\/\/www.noubarris.net\/web40\/lactualitat-de-nou-barris-a-barcelona-televisio-7\/\" \/>\n<meta property=\"og:site_name\" content=\"NouBarris.Net\" \/>\n<meta property=\"article:publisher\" content=\"https:\/\/www.facebook.com\/NouBarris.net\/?locale=es_ES\" \/>\n<meta property=\"article:published_time\" content=\"2015-04-27T00:00:00+00:00\" \/>\n<meta property=\"article:modified_time\" content=\"2015-07-08T16:48:34+00:00\" \/>\n<meta property=\"og:image\" content=\"https:\/\/www.noubarris.net\/web40\/wp-content\/uploads\/2015\/06\/info9barris1.jpg\" \/>\n\t<meta property=\"og:image:width\" content=\"220\" \/>\n\t<meta property=\"og:image:height\" content=\"220\" \/>\n\t<meta property=\"og:image:type\" content=\"image\/jpeg\" \/>\n<meta name=\"author\" content=\"Informatius\" \/>\n<meta name=\"twitter:card\" content=\"summary_large_image\" \/>\n<meta name=\"twitter:creator\" content=\"@9BTV\" \/>\n<meta name=\"twitter:site\" content=\"@9BTV\" \/>\n<meta name=\"twitter:label1\" content=\"Escrit per\" \/>\n\t<meta name=\"twitter:data1\" content=\"Informatius\" \/>\n\t<meta name=\"twitter:label2\" content=\"Temps estimat de lectura\" \/>\n\t<meta name=\"twitter:data2\" content=\"2 minuts\" \/>\n<script type=\"application\/ld+json\" class=\"yoast-schema-graph\">{\"@context\":\"https:\/\/schema.org\",\"@graph\":[{\"@type\":\"Article\",\"@id\":\"https:\/\/www.noubarris.net\/web40\/lactualitat-de-nou-barris-a-barcelona-televisio-7\/#article\",\"isPartOf\":{\"@id\":\"https:\/\/www.noubarris.net\/web40\/lactualitat-de-nou-barris-a-barcelona-televisio-7\/\"},\"author\":{\"name\":\"Informatius\",\"@id\":\"https:\/\/www.noubarris.net\/web40\/#\/schema\/person\/1827f92aaa316c54abbf4dac0de76069\"},\"headline\":\"L\u00b4actualitat de Nou Barris a Barcelona Televisi\u00f3\",\"datePublished\":\"2015-04-27T00:00:00+00:00\",\"dateModified\":\"2015-07-08T16:48:34+00:00\",\"mainEntityOfPage\":{\"@id\":\"https:\/\/www.noubarris.net\/web40\/lactualitat-de-nou-barris-a-barcelona-televisio-7\/\"},\"wordCount\":417,\"publisher\":{\"@id\":\"https:\/\/www.noubarris.net\/web40\/#organization\"},\"image\":{\"@id\":\"https:\/\/www.noubarris.net\/web40\/lactualitat-de-nou-barris-a-barcelona-televisio-7\/#primaryimage\"},\"thumbnailUrl\":\"https:\/\/www.noubarris.net\/web40\/wp-content\/uploads\/2015\/06\/info9barris1.jpg\",\"keywords\":[\"Can Peguera\",\"Casal de Barri\",\"Casal Infantil\",\"Escoles\",\"Porta\"],\"articleSection\":[\"Can Peguera\",\"El Tur\u00f3 de la Peira\",\"Nou Barris\"],\"inLanguage\":\"ca\"},{\"@type\":\"WebPage\",\"@id\":\"https:\/\/www.noubarris.net\/web40\/lactualitat-de-nou-barris-a-barcelona-televisio-7\/\",\"url\":\"https:\/\/www.noubarris.net\/web40\/lactualitat-de-nou-barris-a-barcelona-televisio-7\/\",\"name\":\"L\u00b4actualitat de Nou Barris a Barcelona Televisi\u00f3 - NouBarris.Net\",\"isPartOf\":{\"@id\":\"https:\/\/www.noubarris.net\/web40\/#website\"},\"primaryImageOfPage\":{\"@id\":\"https:\/\/www.noubarris.net\/web40\/lactualitat-de-nou-barris-a-barcelona-televisio-7\/#primaryimage\"},\"image\":{\"@id\":\"https:\/\/www.noubarris.net\/web40\/lactualitat-de-nou-barris-a-barcelona-televisio-7\/#primaryimage\"},\"thumbnailUrl\":\"https:\/\/www.noubarris.net\/web40\/wp-content\/uploads\/2015\/06\/info9barris1.jpg\",\"datePublished\":\"2015-04-27T00:00:00+00:00\",\"dateModified\":\"2015-07-08T16:48:34+00:00\",\"breadcrumb\":{\"@id\":\"https:\/\/www.noubarris.net\/web40\/lactualitat-de-nou-barris-a-barcelona-televisio-7\/#breadcrumb\"},\"inLanguage\":\"ca\",\"potentialAction\":[{\"@type\":\"ReadAction\",\"target\":[\"https:\/\/www.noubarris.net\/web40\/lactualitat-de-nou-barris-a-barcelona-televisio-7\/\"]}]},{\"@type\":\"ImageObject\",\"inLanguage\":\"ca\",\"@id\":\"https:\/\/www.noubarris.net\/web40\/lactualitat-de-nou-barris-a-barcelona-televisio-7\/#primaryimage\",\"url\":\"https:\/\/www.noubarris.net\/web40\/wp-content\/uploads\/2015\/06\/info9barris1.jpg\",\"contentUrl\":\"https:\/\/www.noubarris.net\/web40\/wp-content\/uploads\/2015\/06\/info9barris1.jpg\",\"width\":220,\"height\":220},{\"@type\":\"BreadcrumbList\",\"@id\":\"https:\/\/www.noubarris.net\/web40\/lactualitat-de-nou-barris-a-barcelona-televisio-7\/#breadcrumb\",\"itemListElement\":[{\"@type\":\"ListItem\",\"position\":1,\"name\":\"Inici\",\"item\":\"https:\/\/www.noubarris.net\/web40\/\"},{\"@type\":\"ListItem\",\"position\":2,\"name\":\"L\u00b4actualitat de Nou Barris a Barcelona Televisi\u00f3\"}]},{\"@type\":\"WebSite\",\"@id\":\"https:\/\/www.noubarris.net\/web40\/#website\",\"url\":\"https:\/\/www.noubarris.net\/web40\/\",\"name\":\"NouBarris.Net\",\"description\":\"Seguint la vida de Nou Barris des de 1985\",\"publisher\":{\"@id\":\"https:\/\/www.noubarris.net\/web40\/#organization\"},\"potentialAction\":[{\"@type\":\"SearchAction\",\"target\":{\"@type\":\"EntryPoint\",\"urlTemplate\":\"https:\/\/www.noubarris.net\/web40\/?s={search_term_string}\"},\"query-input\":{\"@type\":\"PropertyValueSpecification\",\"valueRequired\":true,\"valueName\":\"search_term_string\"}}],\"inLanguage\":\"ca\"},{\"@type\":\"Organization\",\"@id\":\"https:\/\/www.noubarris.net\/web40\/#organization\",\"name\":\"NouBarris.Net\",\"url\":\"https:\/\/www.noubarris.net\/web40\/\",\"logo\":{\"@type\":\"ImageObject\",\"inLanguage\":\"ca\",\"@id\":\"https:\/\/www.noubarris.net\/web40\/#\/schema\/logo\/image\/\",\"url\":\"https:\/\/www.noubarris.net\/web40\/wp-content\/uploads\/2024\/11\/cropped-cropped-LOGO_9BTV-2024_Insta-1.jpg\",\"contentUrl\":\"https:\/\/www.noubarris.net\/web40\/wp-content\/uploads\/2024\/11\/cropped-cropped-LOGO_9BTV-2024_Insta-1.jpg\",\"width\":512,\"height\":512,\"caption\":\"NouBarris.Net\"},\"image\":{\"@id\":\"https:\/\/www.noubarris.net\/web40\/#\/schema\/logo\/image\/\"},\"sameAs\":[\"https:\/\/www.facebook.com\/NouBarris.net\/?locale=es_ES\",\"https:\/\/x.com\/9BTV\"]},{\"@type\":\"Person\",\"@id\":\"https:\/\/www.noubarris.net\/web40\/#\/schema\/person\/1827f92aaa316c54abbf4dac0de76069\",\"name\":\"Informatius\",\"image\":{\"@type\":\"ImageObject\",\"inLanguage\":\"ca\",\"@id\":\"https:\/\/www.noubarris.net\/web40\/#\/schema\/person\/image\/\",\"url\":\"https:\/\/secure.gravatar.com\/avatar\/87a3b47928835fc72c6ee5b0e1a7263ef0c2d05003a98189bc14926c5f11bcdb?s=96&d=mm&r=g\",\"contentUrl\":\"https:\/\/secure.gravatar.com\/avatar\/87a3b47928835fc72c6ee5b0e1a7263ef0c2d05003a98189bc14926c5f11bcdb?s=96&d=mm&r=g\",\"caption\":\"Informatius\"},\"url\":\"https:\/\/www.noubarris.net\/web40\/author\/tele\/\"}]}<\/script>\n<!-- \/ Yoast SEO plugin. -->","yoast_head_json":{"title":"L\u00b4actualitat de Nou Barris a Barcelona Televisi\u00f3 - NouBarris.Net","robots":{"index":"index","follow":"follow","max-snippet":"max-snippet:-1","max-image-preview":"max-image-preview:large","max-video-preview":"max-video-preview:-1"},"canonical":"https:\/\/www.noubarris.net\/web40\/lactualitat-de-nou-barris-a-barcelona-televisio-7\/","og_locale":"ca_ES","og_type":"article","og_title":"L\u00b4actualitat de Nou Barris a Barcelona Televisi\u00f3 - NouBarris.Net","og_description":"L\u2019 ampliaci\u00f3 del Casal Infantil i Juvenil La Tronada es queda petita per als ve\u00efns Barcelona Televisi\u00f3 emet avui l\u2019Infobarris,","og_url":"https:\/\/www.noubarris.net\/web40\/lactualitat-de-nou-barris-a-barcelona-televisio-7\/","og_site_name":"NouBarris.Net","article_publisher":"https:\/\/www.facebook.com\/NouBarris.net\/?locale=es_ES","article_published_time":"2015-04-27T00:00:00+00:00","article_modified_time":"2015-07-08T16:48:34+00:00","og_image":[{"width":220,"height":220,"url":"https:\/\/www.noubarris.net\/web40\/wp-content\/uploads\/2015\/06\/info9barris1.jpg","type":"image\/jpeg"}],"author":"Informatius","twitter_card":"summary_large_image","twitter_creator":"@9BTV","twitter_site":"@9BTV","twitter_misc":{"Escrit per":"Informatius","Temps estimat de lectura":"2 minuts"},"schema":{"@context":"https:\/\/schema.org","@graph":[{"@type":"Article","@id":"https:\/\/www.noubarris.net\/web40\/lactualitat-de-nou-barris-a-barcelona-televisio-7\/#article","isPartOf":{"@id":"https:\/\/www.noubarris.net\/web40\/lactualitat-de-nou-barris-a-barcelona-televisio-7\/"},"author":{"name":"Informatius","@id":"https:\/\/www.noubarris.net\/web40\/#\/schema\/person\/1827f92aaa316c54abbf4dac0de76069"},"headline":"L\u00b4actualitat de Nou Barris a Barcelona Televisi\u00f3","datePublished":"2015-04-27T00:00:00+00:00","dateModified":"2015-07-08T16:48:34+00:00","mainEntityOfPage":{"@id":"https:\/\/www.noubarris.net\/web40\/lactualitat-de-nou-barris-a-barcelona-televisio-7\/"},"wordCount":417,"publisher":{"@id":"https:\/\/www.noubarris.net\/web40\/#organization"},"image":{"@id":"https:\/\/www.noubarris.net\/web40\/lactualitat-de-nou-barris-a-barcelona-televisio-7\/#primaryimage"},"thumbnailUrl":"https:\/\/www.noubarris.net\/web40\/wp-content\/uploads\/2015\/06\/info9barris1.jpg","keywords":["Can Peguera","Casal de Barri","Casal Infantil","Escoles","Porta"],"articleSection":["Can Peguera","El Tur\u00f3 de la Peira","Nou Barris"],"inLanguage":"ca"},{"@type":"WebPage","@id":"https:\/\/www.noubarris.net\/web40\/lactualitat-de-nou-barris-a-barcelona-televisio-7\/","url":"https:\/\/www.noubarris.net\/web40\/lactualitat-de-nou-barris-a-barcelona-televisio-7\/","name":"L\u00b4actualitat de Nou Barris a Barcelona Televisi\u00f3 - NouBarris.Net","isPartOf":{"@id":"https:\/\/www.noubarris.net\/web40\/#website"},"primaryImageOfPage":{"@id":"https:\/\/www.noubarris.net\/web40\/lactualitat-de-nou-barris-a-barcelona-televisio-7\/#primaryimage"},"image":{"@id":"https:\/\/www.noubarris.net\/web40\/lactualitat-de-nou-barris-a-barcelona-televisio-7\/#primaryimage"},"thumbnailUrl":"https:\/\/www.noubarris.net\/web40\/wp-content\/uploads\/2015\/06\/info9barris1.jpg","datePublished":"2015-04-27T00:00:00+00:00","dateModified":"2015-07-08T16:48:34+00:00","breadcrumb":{"@id":"https:\/\/www.noubarris.net\/web40\/lactualitat-de-nou-barris-a-barcelona-televisio-7\/#breadcrumb"},"inLanguage":"ca","potentialAction":[{"@type":"ReadAction","target":["https:\/\/www.noubarris.net\/web40\/lactualitat-de-nou-barris-a-barcelona-televisio-7\/"]}]},{"@type":"ImageObject","inLanguage":"ca","@id":"https:\/\/www.noubarris.net\/web40\/lactualitat-de-nou-barris-a-barcelona-televisio-7\/#primaryimage","url":"https:\/\/www.noubarris.net\/web40\/wp-content\/uploads\/2015\/06\/info9barris1.jpg","contentUrl":"https:\/\/www.noubarris.net\/web40\/wp-content\/uploads\/2015\/06\/info9barris1.jpg","width":220,"height":220},{"@type":"BreadcrumbList","@id":"https:\/\/www.noubarris.net\/web40\/lactualitat-de-nou-barris-a-barcelona-televisio-7\/#breadcrumb","itemListElement":[{"@type":"ListItem","position":1,"name":"Inici","item":"https:\/\/www.noubarris.net\/web40\/"},{"@type":"ListItem","position":2,"name":"L\u00b4actualitat de Nou Barris a Barcelona Televisi\u00f3"}]},{"@type":"WebSite","@id":"https:\/\/www.noubarris.net\/web40\/#website","url":"https:\/\/www.noubarris.net\/web40\/","name":"NouBarris.Net","description":"Seguint la vida de Nou Barris des de 1985","publisher":{"@id":"https:\/\/www.noubarris.net\/web40\/#organization"},"potentialAction":[{"@type":"SearchAction","target":{"@type":"EntryPoint","urlTemplate":"https:\/\/www.noubarris.net\/web40\/?s={search_term_string}"},"query-input":{"@type":"PropertyValueSpecification","valueRequired":true,"valueName":"search_term_string"}}],"inLanguage":"ca"},{"@type":"Organization","@id":"https:\/\/www.noubarris.net\/web40\/#organization","name":"NouBarris.Net","url":"https:\/\/www.noubarris.net\/web40\/","logo":{"@type":"ImageObject","inLanguage":"ca","@id":"https:\/\/www.noubarris.net\/web40\/#\/schema\/logo\/image\/","url":"https:\/\/www.noubarris.net\/web40\/wp-content\/uploads\/2024\/11\/cropped-cropped-LOGO_9BTV-2024_Insta-1.jpg","contentUrl":"https:\/\/www.noubarris.net\/web40\/wp-content\/uploads\/2024\/11\/cropped-cropped-LOGO_9BTV-2024_Insta-1.jpg","width":512,"height":512,"caption":"NouBarris.Net"},"image":{"@id":"https:\/\/www.noubarris.net\/web40\/#\/schema\/logo\/image\/"},"sameAs":["https:\/\/www.facebook.com\/NouBarris.net\/?locale=es_ES","https:\/\/x.com\/9BTV"]},{"@type":"Person","@id":"https:\/\/www.noubarris.net\/web40\/#\/schema\/person\/1827f92aaa316c54abbf4dac0de76069","name":"Informatius","image":{"@type":"ImageObject","inLanguage":"ca","@id":"https:\/\/www.noubarris.net\/web40\/#\/schema\/person\/image\/","url":"https:\/\/secure.gravatar.com\/avatar\/87a3b47928835fc72c6ee5b0e1a7263ef0c2d05003a98189bc14926c5f11bcdb?s=96&d=mm&r=g","contentUrl":"https:\/\/secure.gravatar.com\/avatar\/87a3b47928835fc72c6ee5b0e1a7263ef0c2d05003a98189bc14926c5f11bcdb?s=96&d=mm&r=g","caption":"Informatius"},"url":"https:\/\/www.noubarris.net\/web40\/author\/tele\/"}]}},"_links":{"self":[{"href":"https:\/\/www.noubarris.net\/web40\/wp-json\/wp\/v2\/posts\/63714","targetHints":{"allow":["GET"]}}],"collection":[{"href":"https:\/\/www.noubarris.net\/web40\/wp-json\/wp\/v2\/posts"}],"about":[{"href":"https:\/\/www.noubarris.net\/web40\/wp-json\/wp\/v2\/types\/post"}],"author":[{"embeddable":true,"href":"https:\/\/www.noubarris.net\/web40\/wp-json\/wp\/v2\/users\/2"}],"replies":[{"embeddable":true,"href":"https:\/\/www.noubarris.net\/web40\/wp-json\/wp\/v2\/comments?post=63714"}],"version-history":[{"count":0,"href":"https:\/\/www.noubarris.net\/web40\/wp-json\/wp\/v2\/posts\/63714\/revisions"}],"wp:featuredmedia":[{"embeddable":true,"href":"https:\/\/www.noubarris.net\/web40\/wp-json\/wp\/v2\/media\/6079"}],"wp:attachment":[{"href":"https:\/\/www.noubarris.net\/web40\/wp-json\/wp\/v2\/media?parent=63714"}],"wp:term":[{"taxonomy":"category","embeddable":true,"href":"https:\/\/www.noubarris.net\/web40\/wp-json\/wp\/v2\/categories?post=63714"},{"taxonomy":"post_tag","embeddable":true,"href":"https:\/\/www.noubarris.net\/web40\/wp-json\/wp\/v2\/tags?post=63714"}],"curies":[{"name":"wp","href":"https:\/\/api.w.org\/{rel}","templated":true}]}}