{"id":63735,"date":"2015-05-17T00:00:00","date_gmt":"2015-05-17T00:00:00","guid":{"rendered":"http:\/\/www.noubarris.net\/web40\/?p=63735"},"modified":"2015-07-13T11:50:41","modified_gmt":"2015-07-13T11:50:41","slug":"lesport-protagonitza-el-darrer-dia-de-festa-major","status":"publish","type":"post","link":"https:\/\/www.noubarris.net\/web40\/lesport-protagonitza-el-darrer-dia-de-festa-major\/","title":{"rendered":"L\u2019esport protagonitza el darrer dia de festa major"},"content":{"rendered":"<p><strong>La tradicional cursa popular, les caminades i torneigs de petanca i de b\u00e0squet conviden els noubarriencs a comen\u00e7ar la jornada amb energia<\/strong><\/p>\n<p>Despr\u00e9s de cinc dies de festa major, avui us oferim la programaci\u00f3 de la darrera jornada de celebracions oficials. Es tracta de l\u2019agenda m\u00e9s esportiva de la setmana i tamb\u00e9 la m\u00e9s matinera. Per sort, els mercats porten els seus productes a la pla\u00e7a per a degustaci\u00f3 solid\u00e0ria dels participants i de la resta de ve\u00efns. Tots els detalls a continuaci\u00f3, classificats de nou per espais.<\/p>\n<p>&#8211; CAN DRAG\u00d3<br \/>\n29a Cursa popular de Nou Barris<br \/>\n9.30h Cursa inclusiva de 10 km pels carrers del districte. Organitzada pel Club Atletisme Nou Barris.<br \/>\nSortida: paaseid d\u00b4ANDREU NIN, davant Heron City.<br \/>\nArribada: CAN DRAG\u00d3, pistes d\u2019atletisme.<\/p>\n<p>&#8211; PISTES DE PETANCA CANYELLES<br \/>\n9h VI Torneig de petanca. Organitzat pels clubs de petanca de Nou Barris<\/p>\n<p>&#8211; PARC DE JOSEP MARIA SERRA MART\u00cd, Canyelles<br \/>\nMatinal de Motard\u2019s &amp; American cars<br \/>\nDe 9 a 15h Estands de roba i complements. Castells inflables. Exposici\u00f3 de motos i cotxes americans.<br \/>\n10h Concert musical i esmorzar motard.<br \/>\n11h Ball country.<br \/>\n12h Ruta motard per Nou Barris.<br \/>\n13h Concert musical.<br \/>\nOrganitzat per Fugitivos M.C.<\/p>\n<p>&#8211; PLA\u00c7A MAJOR DE NOU BARRIS<br \/>\n10h Campanya de donaci\u00f3 de sang. De 10 a 14 h i de 17.30 a 21.30h<\/p>\n<p>10h 11a Caminada popular de Nou Barris<\/p>\n<p>10h Caminada inclusiva pel districte, 6 km.<br \/>\nSortida i arribada: SEU DEL DISTRICTE<br \/>\nOrganitzada pel Club Atletisme Nou Barris.<\/p>\n<p>De 10 a 20h Mercat modernista. Parades de venda d\u2019artesania, espectacles, jocs infantils i tallers. Ambientaci\u00f3 modernista.<\/p>\n<p>De 10 a 20h Mostra i taller d\u00b4enquadernaci\u00f3 amb material reciclat. Organitzat per GSIS Barcanova.<\/p>\n<p>De 10.30 a 15h Tallers de sensibilitzaci\u00f3 envers les discapacitats. Informaci\u00f3 i recollida de material ortop\u00e8dic per al Banc Solidari. Organitzat per ASENDI NB.<\/p>\n<p>11h 15ena Mostra de mercats. Tast solidari de menjar saludable. Tiquet 2,50\u20ac (recaptaci\u00f3 a favor de l\u2019Esplai Druida). Organitzat per l\u2019Associaci\u00f3 de Concessionaris dels Mercats de la Guineueta i la Merc\u00e8.<\/p>\n<p>11h Passejada en bici per Nou Barris<br \/>\nSortida i arribada: PLA\u00c7A MAJOR DE NOU BARRIS, costat F\u00f2rum.<\/p>\n<p>D\u201911 a 14h Espai de jocs gegants al carrer.<\/p>\n<p>12.30h Mat\u00ed casteller amb els Castellers de Sabadell i els Castellers de Barcelona.<\/p>\n<p>17h Ball cl\u00e0ssic espanyol, al costat oliveres. Organitzat perl C.C. Manuel de Falla.<\/p>\n<p>De 17.30 a 19.30h Exhibici\u00f3 d\u2019esgrima adaptada. Espai de sensibilitzaci\u00f3 vers la discapacitat.<\/p>\n<p>De 17.30 a 20.30h Espai de jocs gegants al carrer.<\/p>\n<p>18h Trobada de corals, al costat oliveres. Org. Coral Ideal d\u2019en Clav\u00e9.<\/p>\n<p>22h Concert amb el grup SAL 150, al costat oliveres.<\/p>\n<p>&#8211; SEU DEL DISTRICTE, sala d\u2019actes<br \/>\nD\u201911 a 14hVisita guiada i teatralitzada per l\u2019antic mental (itinerari A). Reserveu durant la festa a recepci\u00f3 del Districte. Visita cada 30 minuts.<\/p>\n<p>12h Pel\u2022l\u00edcula i xerrada \u2018La tendresa de la bogeria\u2019, a c\u00e0rrec d\u2019extreballadors de l\u2019antic Institut Mental de la Santa Creu. Organitzat pel Memorial per a la Recuperaci\u00f3 Hist\u00f2rica del Mental. Activitat amb interpretaci\u00f3 a llengua de signes.<\/p>\n<p>De 17 a 20h Visita guiada i teatralitzada per l\u2019antic mental (itinerari B). Reserveu durant la festa a recepci\u00f3 del Districte. Visita cada 30 minuts.<\/p>\n<p>&#8211; PARC CENTRAL DE NOU BARRIS<br \/>\nP\u00edcnic de blues.<br \/>\nPrepara\u2019t un p\u00edcnic i vine a gaudir del blues.<br \/>\n17h Big Band de l\u2019Escola de Blues<br \/>\n18.15h Mancuso<br \/>\n19.30h Chino &amp; The Big Bet<br \/>\nOrganitzat per l\u2019Associaci\u00f3 Capibola Blues.<\/p>\n<p>&#8211; PLA\u00c7A DEL VIRREI AMAT<br \/>\nDe 10 a 14 h: B\u00e0squet 3&#215;3 al carrer. A partir de 6 anys.<br \/>\nOrganitzat per la Secci\u00f3 Esportiva Santa Eul\u00e0lia (SESE).<\/p>\n","protected":false},"excerpt":{"rendered":"<p>La tradicional cursa popular, les caminades i torneigs de petanca i de b\u00e0squet conviden els noubarriencs a comen\u00e7ar la jornada<\/p>\n","protected":false},"author":2,"featured_media":8786,"comment_status":"closed","ping_status":"closed","sticky":false,"template":"","format":"standard","meta":{"colormag_page_layout":"default_layout","_monsterinsights_skip_tracking":false,"_monsterinsights_sitenote_active":false,"_monsterinsights_sitenote_note":"","_monsterinsights_sitenote_category":0,"footnotes":""},"categories":[131,129,128,133,1,134],"tags":[209,48,107,73,63,70,216,47,237,44,155],"class_list":["post-63735","post","type-post","status-publish","format-standard","has-post-thumbnail","hentry","category-canyelles","category-cultura","category-esports","category-la-guineueta","category-nou-barris","category-porta","tag-blues","tag-canyelles","tag-espectacles","tag-esport","tag-festa-major","tag-heron-city","tag-institut-mental-de-la-santa-creu-i-sant-pau","tag-la-guineueta","tag-mercat","tag-porta","tag-virrei-amat"],"yoast_head":"<!-- This site is optimized with the Yoast SEO plugin v25.3 - https:\/\/yoast.com\/wordpress\/plugins\/seo\/ -->\n<title>L\u2019esport protagonitza el darrer dia de festa major - NouBarris.Net<\/title>\n<meta name=\"robots\" content=\"index, follow, max-snippet:-1, max-image-preview:large, max-video-preview:-1\" \/>\n<link rel=\"canonical\" href=\"https:\/\/www.noubarris.net\/web40\/lesport-protagonitza-el-darrer-dia-de-festa-major\/\" \/>\n<meta property=\"og:locale\" content=\"ca_ES\" \/>\n<meta property=\"og:type\" content=\"article\" \/>\n<meta property=\"og:title\" content=\"L\u2019esport protagonitza el darrer dia de festa major - NouBarris.Net\" \/>\n<meta property=\"og:description\" content=\"La tradicional cursa popular, les caminades i torneigs de petanca i de b\u00e0squet conviden els noubarriencs a comen\u00e7ar la jornada\" \/>\n<meta property=\"og:url\" content=\"https:\/\/www.noubarris.net\/web40\/lesport-protagonitza-el-darrer-dia-de-festa-major\/\" \/>\n<meta property=\"og:site_name\" content=\"NouBarris.Net\" \/>\n<meta property=\"article:publisher\" content=\"https:\/\/www.facebook.com\/NouBarris.net\/?locale=es_ES\" \/>\n<meta property=\"article:published_time\" content=\"2015-05-17T00:00:00+00:00\" \/>\n<meta property=\"article:modified_time\" content=\"2015-07-13T11:50:41+00:00\" \/>\n<meta property=\"og:image\" content=\"https:\/\/www.noubarris.net\/web40\/wp-content\/uploads\/2015\/06\/cursapop.jpg\" \/>\n\t<meta property=\"og:image:width\" content=\"220\" \/>\n\t<meta property=\"og:image:height\" content=\"220\" \/>\n\t<meta property=\"og:image:type\" content=\"image\/jpeg\" \/>\n<meta name=\"author\" content=\"Informatius\" \/>\n<meta name=\"twitter:card\" content=\"summary_large_image\" \/>\n<meta name=\"twitter:creator\" content=\"@9BTV\" \/>\n<meta name=\"twitter:site\" content=\"@9BTV\" \/>\n<meta name=\"twitter:label1\" content=\"Escrit per\" \/>\n\t<meta name=\"twitter:data1\" content=\"Informatius\" \/>\n\t<meta name=\"twitter:label2\" content=\"Temps estimat de lectura\" \/>\n\t<meta name=\"twitter:data2\" content=\"3 minuts\" \/>\n<script type=\"application\/ld+json\" class=\"yoast-schema-graph\">{\"@context\":\"https:\/\/schema.org\",\"@graph\":[{\"@type\":\"Article\",\"@id\":\"https:\/\/www.noubarris.net\/web40\/lesport-protagonitza-el-darrer-dia-de-festa-major\/#article\",\"isPartOf\":{\"@id\":\"https:\/\/www.noubarris.net\/web40\/lesport-protagonitza-el-darrer-dia-de-festa-major\/\"},\"author\":{\"name\":\"Informatius\",\"@id\":\"https:\/\/www.noubarris.net\/web40\/#\/schema\/person\/1827f92aaa316c54abbf4dac0de76069\"},\"headline\":\"L\u2019esport protagonitza el darrer dia de festa major\",\"datePublished\":\"2015-05-17T00:00:00+00:00\",\"dateModified\":\"2015-07-13T11:50:41+00:00\",\"mainEntityOfPage\":{\"@id\":\"https:\/\/www.noubarris.net\/web40\/lesport-protagonitza-el-darrer-dia-de-festa-major\/\"},\"wordCount\":616,\"publisher\":{\"@id\":\"https:\/\/www.noubarris.net\/web40\/#organization\"},\"image\":{\"@id\":\"https:\/\/www.noubarris.net\/web40\/lesport-protagonitza-el-darrer-dia-de-festa-major\/#primaryimage\"},\"thumbnailUrl\":\"https:\/\/www.noubarris.net\/web40\/wp-content\/uploads\/2015\/06\/cursapop.jpg\",\"keywords\":[\"Blues\",\"Canyelles\",\"Espectacles\",\"Esport\",\"Festa Major\",\"Heron City\",\"Institut Mental de la Santa Creu i Sant Pau\",\"La Guineueta\",\"Mercat\",\"Porta\",\"Virrei Amat\"],\"articleSection\":[\"Canyelles\",\"Cultura\",\"Esports\",\"La Guineueta\",\"Nou Barris\",\"Porta\"],\"inLanguage\":\"ca\"},{\"@type\":\"WebPage\",\"@id\":\"https:\/\/www.noubarris.net\/web40\/lesport-protagonitza-el-darrer-dia-de-festa-major\/\",\"url\":\"https:\/\/www.noubarris.net\/web40\/lesport-protagonitza-el-darrer-dia-de-festa-major\/\",\"name\":\"L\u2019esport protagonitza el darrer dia de festa major - NouBarris.Net\",\"isPartOf\":{\"@id\":\"https:\/\/www.noubarris.net\/web40\/#website\"},\"primaryImageOfPage\":{\"@id\":\"https:\/\/www.noubarris.net\/web40\/lesport-protagonitza-el-darrer-dia-de-festa-major\/#primaryimage\"},\"image\":{\"@id\":\"https:\/\/www.noubarris.net\/web40\/lesport-protagonitza-el-darrer-dia-de-festa-major\/#primaryimage\"},\"thumbnailUrl\":\"https:\/\/www.noubarris.net\/web40\/wp-content\/uploads\/2015\/06\/cursapop.jpg\",\"datePublished\":\"2015-05-17T00:00:00+00:00\",\"dateModified\":\"2015-07-13T11:50:41+00:00\",\"breadcrumb\":{\"@id\":\"https:\/\/www.noubarris.net\/web40\/lesport-protagonitza-el-darrer-dia-de-festa-major\/#breadcrumb\"},\"inLanguage\":\"ca\",\"potentialAction\":[{\"@type\":\"ReadAction\",\"target\":[\"https:\/\/www.noubarris.net\/web40\/lesport-protagonitza-el-darrer-dia-de-festa-major\/\"]}]},{\"@type\":\"ImageObject\",\"inLanguage\":\"ca\",\"@id\":\"https:\/\/www.noubarris.net\/web40\/lesport-protagonitza-el-darrer-dia-de-festa-major\/#primaryimage\",\"url\":\"https:\/\/www.noubarris.net\/web40\/wp-content\/uploads\/2015\/06\/cursapop.jpg\",\"contentUrl\":\"https:\/\/www.noubarris.net\/web40\/wp-content\/uploads\/2015\/06\/cursapop.jpg\",\"width\":220,\"height\":220},{\"@type\":\"BreadcrumbList\",\"@id\":\"https:\/\/www.noubarris.net\/web40\/lesport-protagonitza-el-darrer-dia-de-festa-major\/#breadcrumb\",\"itemListElement\":[{\"@type\":\"ListItem\",\"position\":1,\"name\":\"Inici\",\"item\":\"https:\/\/www.noubarris.net\/web40\/\"},{\"@type\":\"ListItem\",\"position\":2,\"name\":\"L\u2019esport protagonitza el darrer dia de festa major\"}]},{\"@type\":\"WebSite\",\"@id\":\"https:\/\/www.noubarris.net\/web40\/#website\",\"url\":\"https:\/\/www.noubarris.net\/web40\/\",\"name\":\"NouBarris.Net\",\"description\":\"Seguint la vida de Nou Barris des de 1985\",\"publisher\":{\"@id\":\"https:\/\/www.noubarris.net\/web40\/#organization\"},\"potentialAction\":[{\"@type\":\"SearchAction\",\"target\":{\"@type\":\"EntryPoint\",\"urlTemplate\":\"https:\/\/www.noubarris.net\/web40\/?s={search_term_string}\"},\"query-input\":{\"@type\":\"PropertyValueSpecification\",\"valueRequired\":true,\"valueName\":\"search_term_string\"}}],\"inLanguage\":\"ca\"},{\"@type\":\"Organization\",\"@id\":\"https:\/\/www.noubarris.net\/web40\/#organization\",\"name\":\"NouBarris.Net\",\"url\":\"https:\/\/www.noubarris.net\/web40\/\",\"logo\":{\"@type\":\"ImageObject\",\"inLanguage\":\"ca\",\"@id\":\"https:\/\/www.noubarris.net\/web40\/#\/schema\/logo\/image\/\",\"url\":\"https:\/\/www.noubarris.net\/web40\/wp-content\/uploads\/2024\/11\/cropped-cropped-LOGO_9BTV-2024_Insta-1.jpg\",\"contentUrl\":\"https:\/\/www.noubarris.net\/web40\/wp-content\/uploads\/2024\/11\/cropped-cropped-LOGO_9BTV-2024_Insta-1.jpg\",\"width\":512,\"height\":512,\"caption\":\"NouBarris.Net\"},\"image\":{\"@id\":\"https:\/\/www.noubarris.net\/web40\/#\/schema\/logo\/image\/\"},\"sameAs\":[\"https:\/\/www.facebook.com\/NouBarris.net\/?locale=es_ES\",\"https:\/\/x.com\/9BTV\"]},{\"@type\":\"Person\",\"@id\":\"https:\/\/www.noubarris.net\/web40\/#\/schema\/person\/1827f92aaa316c54abbf4dac0de76069\",\"name\":\"Informatius\",\"image\":{\"@type\":\"ImageObject\",\"inLanguage\":\"ca\",\"@id\":\"https:\/\/www.noubarris.net\/web40\/#\/schema\/person\/image\/\",\"url\":\"https:\/\/secure.gravatar.com\/avatar\/87a3b47928835fc72c6ee5b0e1a7263ef0c2d05003a98189bc14926c5f11bcdb?s=96&d=mm&r=g\",\"contentUrl\":\"https:\/\/secure.gravatar.com\/avatar\/87a3b47928835fc72c6ee5b0e1a7263ef0c2d05003a98189bc14926c5f11bcdb?s=96&d=mm&r=g\",\"caption\":\"Informatius\"},\"url\":\"https:\/\/www.noubarris.net\/web40\/author\/tele\/\"}]}<\/script>\n<!-- \/ Yoast SEO plugin. -->","yoast_head_json":{"title":"L\u2019esport protagonitza el darrer dia de festa major - NouBarris.Net","robots":{"index":"index","follow":"follow","max-snippet":"max-snippet:-1","max-image-preview":"max-image-preview:large","max-video-preview":"max-video-preview:-1"},"canonical":"https:\/\/www.noubarris.net\/web40\/lesport-protagonitza-el-darrer-dia-de-festa-major\/","og_locale":"ca_ES","og_type":"article","og_title":"L\u2019esport protagonitza el darrer dia de festa major - NouBarris.Net","og_description":"La tradicional cursa popular, les caminades i torneigs de petanca i de b\u00e0squet conviden els noubarriencs a comen\u00e7ar la jornada","og_url":"https:\/\/www.noubarris.net\/web40\/lesport-protagonitza-el-darrer-dia-de-festa-major\/","og_site_name":"NouBarris.Net","article_publisher":"https:\/\/www.facebook.com\/NouBarris.net\/?locale=es_ES","article_published_time":"2015-05-17T00:00:00+00:00","article_modified_time":"2015-07-13T11:50:41+00:00","og_image":[{"width":220,"height":220,"url":"https:\/\/www.noubarris.net\/web40\/wp-content\/uploads\/2015\/06\/cursapop.jpg","type":"image\/jpeg"}],"author":"Informatius","twitter_card":"summary_large_image","twitter_creator":"@9BTV","twitter_site":"@9BTV","twitter_misc":{"Escrit per":"Informatius","Temps estimat de lectura":"3 minuts"},"schema":{"@context":"https:\/\/schema.org","@graph":[{"@type":"Article","@id":"https:\/\/www.noubarris.net\/web40\/lesport-protagonitza-el-darrer-dia-de-festa-major\/#article","isPartOf":{"@id":"https:\/\/www.noubarris.net\/web40\/lesport-protagonitza-el-darrer-dia-de-festa-major\/"},"author":{"name":"Informatius","@id":"https:\/\/www.noubarris.net\/web40\/#\/schema\/person\/1827f92aaa316c54abbf4dac0de76069"},"headline":"L\u2019esport protagonitza el darrer dia de festa major","datePublished":"2015-05-17T00:00:00+00:00","dateModified":"2015-07-13T11:50:41+00:00","mainEntityOfPage":{"@id":"https:\/\/www.noubarris.net\/web40\/lesport-protagonitza-el-darrer-dia-de-festa-major\/"},"wordCount":616,"publisher":{"@id":"https:\/\/www.noubarris.net\/web40\/#organization"},"image":{"@id":"https:\/\/www.noubarris.net\/web40\/lesport-protagonitza-el-darrer-dia-de-festa-major\/#primaryimage"},"thumbnailUrl":"https:\/\/www.noubarris.net\/web40\/wp-content\/uploads\/2015\/06\/cursapop.jpg","keywords":["Blues","Canyelles","Espectacles","Esport","Festa Major","Heron City","Institut Mental de la Santa Creu i Sant Pau","La Guineueta","Mercat","Porta","Virrei Amat"],"articleSection":["Canyelles","Cultura","Esports","La Guineueta","Nou Barris","Porta"],"inLanguage":"ca"},{"@type":"WebPage","@id":"https:\/\/www.noubarris.net\/web40\/lesport-protagonitza-el-darrer-dia-de-festa-major\/","url":"https:\/\/www.noubarris.net\/web40\/lesport-protagonitza-el-darrer-dia-de-festa-major\/","name":"L\u2019esport protagonitza el darrer dia de festa major - NouBarris.Net","isPartOf":{"@id":"https:\/\/www.noubarris.net\/web40\/#website"},"primaryImageOfPage":{"@id":"https:\/\/www.noubarris.net\/web40\/lesport-protagonitza-el-darrer-dia-de-festa-major\/#primaryimage"},"image":{"@id":"https:\/\/www.noubarris.net\/web40\/lesport-protagonitza-el-darrer-dia-de-festa-major\/#primaryimage"},"thumbnailUrl":"https:\/\/www.noubarris.net\/web40\/wp-content\/uploads\/2015\/06\/cursapop.jpg","datePublished":"2015-05-17T00:00:00+00:00","dateModified":"2015-07-13T11:50:41+00:00","breadcrumb":{"@id":"https:\/\/www.noubarris.net\/web40\/lesport-protagonitza-el-darrer-dia-de-festa-major\/#breadcrumb"},"inLanguage":"ca","potentialAction":[{"@type":"ReadAction","target":["https:\/\/www.noubarris.net\/web40\/lesport-protagonitza-el-darrer-dia-de-festa-major\/"]}]},{"@type":"ImageObject","inLanguage":"ca","@id":"https:\/\/www.noubarris.net\/web40\/lesport-protagonitza-el-darrer-dia-de-festa-major\/#primaryimage","url":"https:\/\/www.noubarris.net\/web40\/wp-content\/uploads\/2015\/06\/cursapop.jpg","contentUrl":"https:\/\/www.noubarris.net\/web40\/wp-content\/uploads\/2015\/06\/cursapop.jpg","width":220,"height":220},{"@type":"BreadcrumbList","@id":"https:\/\/www.noubarris.net\/web40\/lesport-protagonitza-el-darrer-dia-de-festa-major\/#breadcrumb","itemListElement":[{"@type":"ListItem","position":1,"name":"Inici","item":"https:\/\/www.noubarris.net\/web40\/"},{"@type":"ListItem","position":2,"name":"L\u2019esport protagonitza el darrer dia de festa major"}]},{"@type":"WebSite","@id":"https:\/\/www.noubarris.net\/web40\/#website","url":"https:\/\/www.noubarris.net\/web40\/","name":"NouBarris.Net","description":"Seguint la vida de Nou Barris des de 1985","publisher":{"@id":"https:\/\/www.noubarris.net\/web40\/#organization"},"potentialAction":[{"@type":"SearchAction","target":{"@type":"EntryPoint","urlTemplate":"https:\/\/www.noubarris.net\/web40\/?s={search_term_string}"},"query-input":{"@type":"PropertyValueSpecification","valueRequired":true,"valueName":"search_term_string"}}],"inLanguage":"ca"},{"@type":"Organization","@id":"https:\/\/www.noubarris.net\/web40\/#organization","name":"NouBarris.Net","url":"https:\/\/www.noubarris.net\/web40\/","logo":{"@type":"ImageObject","inLanguage":"ca","@id":"https:\/\/www.noubarris.net\/web40\/#\/schema\/logo\/image\/","url":"https:\/\/www.noubarris.net\/web40\/wp-content\/uploads\/2024\/11\/cropped-cropped-LOGO_9BTV-2024_Insta-1.jpg","contentUrl":"https:\/\/www.noubarris.net\/web40\/wp-content\/uploads\/2024\/11\/cropped-cropped-LOGO_9BTV-2024_Insta-1.jpg","width":512,"height":512,"caption":"NouBarris.Net"},"image":{"@id":"https:\/\/www.noubarris.net\/web40\/#\/schema\/logo\/image\/"},"sameAs":["https:\/\/www.facebook.com\/NouBarris.net\/?locale=es_ES","https:\/\/x.com\/9BTV"]},{"@type":"Person","@id":"https:\/\/www.noubarris.net\/web40\/#\/schema\/person\/1827f92aaa316c54abbf4dac0de76069","name":"Informatius","image":{"@type":"ImageObject","inLanguage":"ca","@id":"https:\/\/www.noubarris.net\/web40\/#\/schema\/person\/image\/","url":"https:\/\/secure.gravatar.com\/avatar\/87a3b47928835fc72c6ee5b0e1a7263ef0c2d05003a98189bc14926c5f11bcdb?s=96&d=mm&r=g","contentUrl":"https:\/\/secure.gravatar.com\/avatar\/87a3b47928835fc72c6ee5b0e1a7263ef0c2d05003a98189bc14926c5f11bcdb?s=96&d=mm&r=g","caption":"Informatius"},"url":"https:\/\/www.noubarris.net\/web40\/author\/tele\/"}]}},"_links":{"self":[{"href":"https:\/\/www.noubarris.net\/web40\/wp-json\/wp\/v2\/posts\/63735","targetHints":{"allow":["GET"]}}],"collection":[{"href":"https:\/\/www.noubarris.net\/web40\/wp-json\/wp\/v2\/posts"}],"about":[{"href":"https:\/\/www.noubarris.net\/web40\/wp-json\/wp\/v2\/types\/post"}],"author":[{"embeddable":true,"href":"https:\/\/www.noubarris.net\/web40\/wp-json\/wp\/v2\/users\/2"}],"replies":[{"embeddable":true,"href":"https:\/\/www.noubarris.net\/web40\/wp-json\/wp\/v2\/comments?post=63735"}],"version-history":[{"count":0,"href":"https:\/\/www.noubarris.net\/web40\/wp-json\/wp\/v2\/posts\/63735\/revisions"}],"wp:featuredmedia":[{"embeddable":true,"href":"https:\/\/www.noubarris.net\/web40\/wp-json\/wp\/v2\/media\/8786"}],"wp:attachment":[{"href":"https:\/\/www.noubarris.net\/web40\/wp-json\/wp\/v2\/media?parent=63735"}],"wp:term":[{"taxonomy":"category","embeddable":true,"href":"https:\/\/www.noubarris.net\/web40\/wp-json\/wp\/v2\/categories?post=63735"},{"taxonomy":"post_tag","embeddable":true,"href":"https:\/\/www.noubarris.net\/web40\/wp-json\/wp\/v2\/tags?post=63735"}],"curies":[{"name":"wp","href":"https:\/\/api.w.org\/{rel}","templated":true}]}}