{"id":66810,"date":"2016-05-12T00:00:20","date_gmt":"2016-05-11T23:00:20","guid":{"rendered":"http:\/\/www.noubarris.net\/web40\/?p=66810"},"modified":"2016-05-11T15:01:08","modified_gmt":"2016-05-11T14:01:08","slug":"la-segona-edicio-del-primavera-als-barris-ofereix-avui-concerts-al-turo-de-la-peira","status":"publish","type":"post","link":"https:\/\/www.noubarris.net\/web40\/la-segona-edicio-del-primavera-als-barris-ofereix-avui-concerts-al-turo-de-la-peira\/","title":{"rendered":"La segona edici\u00f3 del Primavera als Barris ofereix avui concerts al Tur\u00f3 de la Peira"},"content":{"rendered":"<p><strong>Els grups Kids From The 90s, Maamut i The Suicide of Western Culture sonen a Les Basses<\/strong><\/p>\n<p>Els dijous del 5 al 26 de maig t\u00e9 lloc la segona entrega de Primavera als Barris, que oferir\u00e0 un total de dotze concerts gratu\u00efts distribu\u00efts en quatre cites que se celebraran en diversos equipaments municipals de la ciutat situats als barris de Les Corts, La Marina de Port, El Parc i la Llacuna del Poblenou i El Tur\u00f3 de la Peira. El cicle est\u00e0 especialment pensat per a dinamitzar la vida cultural d&#8217;aquestes zones que no solen formar part dels circuits habituals del directe i per donar visibilitat al talent que neix d&#8217;all\u00e0. Avui \u00e9s el torn de Nou Barris, amb els concerts de\u00a0Kids From The 90s, Maamut i The Suicide of Western Culture a l&#8217;Espai Jove\u00a0<a href=\"http:\/\/lesbasses.org\/\">Les Basses<\/a> (carrer del Teide, 20). La m\u00fasica comen\u00e7ar\u00e0 a sonar a les 19.30h amb entrada gratu\u00efta.<\/p>\n<p>El duo d&#8217;electr\u00f2nica experimental <a href=\"https:\/\/thesuicideofwesternculture.bandcamp.com\/\">The Suicide Of Western Culture<\/a>\u00a0es troba de\u00a0total actualitat gr\u00e0cies a &#8216;Long Live Death! Down With Intelligence!&#8217;, un \u00e0lbum que s&#8217;ha situat entre el millor del 2015 en els principals mitjans especialitzats. Al costat d&#8217;ells una selecci\u00f3 de grups que assagen i participen en diferents infraestructures municipals, com el post rock de <a href=\"https:\/\/maamut.bandcamp.com\/\">Maamut<\/a> i l&#8217;indie rock de <a href=\"https:\/\/izioq.bandcamp.com\/track\/kids-from-the-90s\">Kids From the 90s<\/a>.<\/p>\n<p>Programaci\u00f3 per avui:<\/p>\n<p>PRIMAVERA SOUND &#8211; PRIMAVERA ALS BARRIS &#8211; el\u00a0Tur\u00f3 de la Peira<\/p>\n<p>20h \u00a0Kids From The 90s<\/p>\n<p>20.45h \u00a0Maamut<\/p>\n<p>21.30h &#8211; The Suicide of Western Culture<\/p>\n<p>Espai Jove Les Basses, Teide, 20<\/p>\n","protected":false},"excerpt":{"rendered":"<p>Els grups Kids From The 90s, Maamut i The Suicide of Western Culture sonen a Les Basses Els dijous del<\/p>\n","protected":false},"author":2,"featured_media":66812,"comment_status":"closed","ping_status":"closed","sticky":false,"template":"","format":"standard","meta":{"colormag_page_layout":"default_layout","_monsterinsights_skip_tracking":false,"_monsterinsights_sitenote_active":false,"_monsterinsights_sitenote_note":"","_monsterinsights_sitenote_category":0,"footnotes":""},"categories":[129,139],"tags":[101,246,123,317],"class_list":["post-66810","post","type-post","status-publish","format-standard","has-post-thumbnail","hentry","category-cultura","category-el-turo-de-la-peira","tag-concert","tag-el-turo-de-la-peira","tag-les-basses","tag-musica"],"yoast_head":"<!-- This site is optimized with the Yoast SEO plugin v25.3 - https:\/\/yoast.com\/wordpress\/plugins\/seo\/ -->\n<title>La segona edici\u00f3 del Primavera als Barris ofereix avui concerts al Tur\u00f3 de la Peira - NouBarris.Net<\/title>\n<meta name=\"robots\" content=\"index, follow, max-snippet:-1, max-image-preview:large, max-video-preview:-1\" \/>\n<link rel=\"canonical\" href=\"https:\/\/www.noubarris.net\/web40\/la-segona-edicio-del-primavera-als-barris-ofereix-avui-concerts-al-turo-de-la-peira\/\" \/>\n<meta property=\"og:locale\" content=\"ca_ES\" \/>\n<meta property=\"og:type\" content=\"article\" \/>\n<meta property=\"og:title\" content=\"La segona edici\u00f3 del Primavera als Barris ofereix avui concerts al Tur\u00f3 de la Peira - NouBarris.Net\" \/>\n<meta property=\"og:description\" content=\"Els grups Kids From The 90s, Maamut i The Suicide of Western Culture sonen a Les Basses Els dijous del\" \/>\n<meta property=\"og:url\" content=\"https:\/\/www.noubarris.net\/web40\/la-segona-edicio-del-primavera-als-barris-ofereix-avui-concerts-al-turo-de-la-peira\/\" \/>\n<meta property=\"og:site_name\" content=\"NouBarris.Net\" \/>\n<meta property=\"article:publisher\" content=\"https:\/\/www.facebook.com\/NouBarris.net\/?locale=es_ES\" \/>\n<meta property=\"article:published_time\" content=\"2016-05-11T23:00:20+00:00\" \/>\n<meta property=\"og:image\" content=\"https:\/\/www.noubarris.net\/web40\/wp-content\/uploads\/2016\/05\/120516.jpg\" \/>\n\t<meta property=\"og:image:width\" content=\"787\" \/>\n\t<meta property=\"og:image:height\" content=\"445\" \/>\n\t<meta property=\"og:image:type\" content=\"image\/jpeg\" \/>\n<meta name=\"author\" content=\"Informatius\" \/>\n<meta name=\"twitter:card\" content=\"summary_large_image\" \/>\n<meta name=\"twitter:creator\" content=\"@9BTV\" \/>\n<meta name=\"twitter:site\" content=\"@9BTV\" \/>\n<meta name=\"twitter:label1\" content=\"Escrit per\" \/>\n\t<meta name=\"twitter:data1\" content=\"Informatius\" \/>\n\t<meta name=\"twitter:label2\" content=\"Temps estimat de lectura\" \/>\n\t<meta name=\"twitter:data2\" content=\"1 minut\" \/>\n<script type=\"application\/ld+json\" class=\"yoast-schema-graph\">{\"@context\":\"https:\/\/schema.org\",\"@graph\":[{\"@type\":\"Article\",\"@id\":\"https:\/\/www.noubarris.net\/web40\/la-segona-edicio-del-primavera-als-barris-ofereix-avui-concerts-al-turo-de-la-peira\/#article\",\"isPartOf\":{\"@id\":\"https:\/\/www.noubarris.net\/web40\/la-segona-edicio-del-primavera-als-barris-ofereix-avui-concerts-al-turo-de-la-peira\/\"},\"author\":{\"name\":\"Informatius\",\"@id\":\"https:\/\/www.noubarris.net\/web40\/#\/schema\/person\/1827f92aaa316c54abbf4dac0de76069\"},\"headline\":\"La segona edici\u00f3 del Primavera als Barris ofereix avui concerts al Tur\u00f3 de la Peira\",\"datePublished\":\"2016-05-11T23:00:20+00:00\",\"mainEntityOfPage\":{\"@id\":\"https:\/\/www.noubarris.net\/web40\/la-segona-edicio-del-primavera-als-barris-ofereix-avui-concerts-al-turo-de-la-peira\/\"},\"wordCount\":278,\"publisher\":{\"@id\":\"https:\/\/www.noubarris.net\/web40\/#organization\"},\"image\":{\"@id\":\"https:\/\/www.noubarris.net\/web40\/la-segona-edicio-del-primavera-als-barris-ofereix-avui-concerts-al-turo-de-la-peira\/#primaryimage\"},\"thumbnailUrl\":\"https:\/\/www.noubarris.net\/web40\/wp-content\/uploads\/2016\/05\/120516.jpg\",\"keywords\":[\"Concert\",\"El Tur\u00f3 de la Peira\",\"Les Basses\",\"M\u00fasica\"],\"articleSection\":[\"Cultura\",\"El Tur\u00f3 de la Peira\"],\"inLanguage\":\"ca\"},{\"@type\":\"WebPage\",\"@id\":\"https:\/\/www.noubarris.net\/web40\/la-segona-edicio-del-primavera-als-barris-ofereix-avui-concerts-al-turo-de-la-peira\/\",\"url\":\"https:\/\/www.noubarris.net\/web40\/la-segona-edicio-del-primavera-als-barris-ofereix-avui-concerts-al-turo-de-la-peira\/\",\"name\":\"La segona edici\u00f3 del Primavera als Barris ofereix avui concerts al Tur\u00f3 de la Peira - NouBarris.Net\",\"isPartOf\":{\"@id\":\"https:\/\/www.noubarris.net\/web40\/#website\"},\"primaryImageOfPage\":{\"@id\":\"https:\/\/www.noubarris.net\/web40\/la-segona-edicio-del-primavera-als-barris-ofereix-avui-concerts-al-turo-de-la-peira\/#primaryimage\"},\"image\":{\"@id\":\"https:\/\/www.noubarris.net\/web40\/la-segona-edicio-del-primavera-als-barris-ofereix-avui-concerts-al-turo-de-la-peira\/#primaryimage\"},\"thumbnailUrl\":\"https:\/\/www.noubarris.net\/web40\/wp-content\/uploads\/2016\/05\/120516.jpg\",\"datePublished\":\"2016-05-11T23:00:20+00:00\",\"breadcrumb\":{\"@id\":\"https:\/\/www.noubarris.net\/web40\/la-segona-edicio-del-primavera-als-barris-ofereix-avui-concerts-al-turo-de-la-peira\/#breadcrumb\"},\"inLanguage\":\"ca\",\"potentialAction\":[{\"@type\":\"ReadAction\",\"target\":[\"https:\/\/www.noubarris.net\/web40\/la-segona-edicio-del-primavera-als-barris-ofereix-avui-concerts-al-turo-de-la-peira\/\"]}]},{\"@type\":\"ImageObject\",\"inLanguage\":\"ca\",\"@id\":\"https:\/\/www.noubarris.net\/web40\/la-segona-edicio-del-primavera-als-barris-ofereix-avui-concerts-al-turo-de-la-peira\/#primaryimage\",\"url\":\"https:\/\/www.noubarris.net\/web40\/wp-content\/uploads\/2016\/05\/120516.jpg\",\"contentUrl\":\"https:\/\/www.noubarris.net\/web40\/wp-content\/uploads\/2016\/05\/120516.jpg\",\"width\":787,\"height\":445},{\"@type\":\"BreadcrumbList\",\"@id\":\"https:\/\/www.noubarris.net\/web40\/la-segona-edicio-del-primavera-als-barris-ofereix-avui-concerts-al-turo-de-la-peira\/#breadcrumb\",\"itemListElement\":[{\"@type\":\"ListItem\",\"position\":1,\"name\":\"Inici\",\"item\":\"https:\/\/www.noubarris.net\/web40\/\"},{\"@type\":\"ListItem\",\"position\":2,\"name\":\"La segona edici\u00f3 del Primavera als Barris ofereix avui concerts al Tur\u00f3 de la Peira\"}]},{\"@type\":\"WebSite\",\"@id\":\"https:\/\/www.noubarris.net\/web40\/#website\",\"url\":\"https:\/\/www.noubarris.net\/web40\/\",\"name\":\"NouBarris.Net\",\"description\":\"Seguint la vida de Nou Barris des de 1985\",\"publisher\":{\"@id\":\"https:\/\/www.noubarris.net\/web40\/#organization\"},\"potentialAction\":[{\"@type\":\"SearchAction\",\"target\":{\"@type\":\"EntryPoint\",\"urlTemplate\":\"https:\/\/www.noubarris.net\/web40\/?s={search_term_string}\"},\"query-input\":{\"@type\":\"PropertyValueSpecification\",\"valueRequired\":true,\"valueName\":\"search_term_string\"}}],\"inLanguage\":\"ca\"},{\"@type\":\"Organization\",\"@id\":\"https:\/\/www.noubarris.net\/web40\/#organization\",\"name\":\"NouBarris.Net\",\"url\":\"https:\/\/www.noubarris.net\/web40\/\",\"logo\":{\"@type\":\"ImageObject\",\"inLanguage\":\"ca\",\"@id\":\"https:\/\/www.noubarris.net\/web40\/#\/schema\/logo\/image\/\",\"url\":\"https:\/\/www.noubarris.net\/web40\/wp-content\/uploads\/2024\/11\/cropped-cropped-LOGO_9BTV-2024_Insta-1.jpg\",\"contentUrl\":\"https:\/\/www.noubarris.net\/web40\/wp-content\/uploads\/2024\/11\/cropped-cropped-LOGO_9BTV-2024_Insta-1.jpg\",\"width\":512,\"height\":512,\"caption\":\"NouBarris.Net\"},\"image\":{\"@id\":\"https:\/\/www.noubarris.net\/web40\/#\/schema\/logo\/image\/\"},\"sameAs\":[\"https:\/\/www.facebook.com\/NouBarris.net\/?locale=es_ES\",\"https:\/\/x.com\/9BTV\"]},{\"@type\":\"Person\",\"@id\":\"https:\/\/www.noubarris.net\/web40\/#\/schema\/person\/1827f92aaa316c54abbf4dac0de76069\",\"name\":\"Informatius\",\"image\":{\"@type\":\"ImageObject\",\"inLanguage\":\"ca\",\"@id\":\"https:\/\/www.noubarris.net\/web40\/#\/schema\/person\/image\/\",\"url\":\"https:\/\/secure.gravatar.com\/avatar\/87a3b47928835fc72c6ee5b0e1a7263ef0c2d05003a98189bc14926c5f11bcdb?s=96&d=mm&r=g\",\"contentUrl\":\"https:\/\/secure.gravatar.com\/avatar\/87a3b47928835fc72c6ee5b0e1a7263ef0c2d05003a98189bc14926c5f11bcdb?s=96&d=mm&r=g\",\"caption\":\"Informatius\"},\"url\":\"https:\/\/www.noubarris.net\/web40\/author\/tele\/\"}]}<\/script>\n<!-- \/ Yoast SEO plugin. -->","yoast_head_json":{"title":"La segona edici\u00f3 del Primavera als Barris ofereix avui concerts al Tur\u00f3 de la Peira - NouBarris.Net","robots":{"index":"index","follow":"follow","max-snippet":"max-snippet:-1","max-image-preview":"max-image-preview:large","max-video-preview":"max-video-preview:-1"},"canonical":"https:\/\/www.noubarris.net\/web40\/la-segona-edicio-del-primavera-als-barris-ofereix-avui-concerts-al-turo-de-la-peira\/","og_locale":"ca_ES","og_type":"article","og_title":"La segona edici\u00f3 del Primavera als Barris ofereix avui concerts al Tur\u00f3 de la Peira - NouBarris.Net","og_description":"Els grups Kids From The 90s, Maamut i The Suicide of Western Culture sonen a Les Basses Els dijous del","og_url":"https:\/\/www.noubarris.net\/web40\/la-segona-edicio-del-primavera-als-barris-ofereix-avui-concerts-al-turo-de-la-peira\/","og_site_name":"NouBarris.Net","article_publisher":"https:\/\/www.facebook.com\/NouBarris.net\/?locale=es_ES","article_published_time":"2016-05-11T23:00:20+00:00","og_image":[{"width":787,"height":445,"url":"https:\/\/www.noubarris.net\/web40\/wp-content\/uploads\/2016\/05\/120516.jpg","type":"image\/jpeg"}],"author":"Informatius","twitter_card":"summary_large_image","twitter_creator":"@9BTV","twitter_site":"@9BTV","twitter_misc":{"Escrit per":"Informatius","Temps estimat de lectura":"1 minut"},"schema":{"@context":"https:\/\/schema.org","@graph":[{"@type":"Article","@id":"https:\/\/www.noubarris.net\/web40\/la-segona-edicio-del-primavera-als-barris-ofereix-avui-concerts-al-turo-de-la-peira\/#article","isPartOf":{"@id":"https:\/\/www.noubarris.net\/web40\/la-segona-edicio-del-primavera-als-barris-ofereix-avui-concerts-al-turo-de-la-peira\/"},"author":{"name":"Informatius","@id":"https:\/\/www.noubarris.net\/web40\/#\/schema\/person\/1827f92aaa316c54abbf4dac0de76069"},"headline":"La segona edici\u00f3 del Primavera als Barris ofereix avui concerts al Tur\u00f3 de la Peira","datePublished":"2016-05-11T23:00:20+00:00","mainEntityOfPage":{"@id":"https:\/\/www.noubarris.net\/web40\/la-segona-edicio-del-primavera-als-barris-ofereix-avui-concerts-al-turo-de-la-peira\/"},"wordCount":278,"publisher":{"@id":"https:\/\/www.noubarris.net\/web40\/#organization"},"image":{"@id":"https:\/\/www.noubarris.net\/web40\/la-segona-edicio-del-primavera-als-barris-ofereix-avui-concerts-al-turo-de-la-peira\/#primaryimage"},"thumbnailUrl":"https:\/\/www.noubarris.net\/web40\/wp-content\/uploads\/2016\/05\/120516.jpg","keywords":["Concert","El Tur\u00f3 de la Peira","Les Basses","M\u00fasica"],"articleSection":["Cultura","El Tur\u00f3 de la Peira"],"inLanguage":"ca"},{"@type":"WebPage","@id":"https:\/\/www.noubarris.net\/web40\/la-segona-edicio-del-primavera-als-barris-ofereix-avui-concerts-al-turo-de-la-peira\/","url":"https:\/\/www.noubarris.net\/web40\/la-segona-edicio-del-primavera-als-barris-ofereix-avui-concerts-al-turo-de-la-peira\/","name":"La segona edici\u00f3 del Primavera als Barris ofereix avui concerts al Tur\u00f3 de la Peira - NouBarris.Net","isPartOf":{"@id":"https:\/\/www.noubarris.net\/web40\/#website"},"primaryImageOfPage":{"@id":"https:\/\/www.noubarris.net\/web40\/la-segona-edicio-del-primavera-als-barris-ofereix-avui-concerts-al-turo-de-la-peira\/#primaryimage"},"image":{"@id":"https:\/\/www.noubarris.net\/web40\/la-segona-edicio-del-primavera-als-barris-ofereix-avui-concerts-al-turo-de-la-peira\/#primaryimage"},"thumbnailUrl":"https:\/\/www.noubarris.net\/web40\/wp-content\/uploads\/2016\/05\/120516.jpg","datePublished":"2016-05-11T23:00:20+00:00","breadcrumb":{"@id":"https:\/\/www.noubarris.net\/web40\/la-segona-edicio-del-primavera-als-barris-ofereix-avui-concerts-al-turo-de-la-peira\/#breadcrumb"},"inLanguage":"ca","potentialAction":[{"@type":"ReadAction","target":["https:\/\/www.noubarris.net\/web40\/la-segona-edicio-del-primavera-als-barris-ofereix-avui-concerts-al-turo-de-la-peira\/"]}]},{"@type":"ImageObject","inLanguage":"ca","@id":"https:\/\/www.noubarris.net\/web40\/la-segona-edicio-del-primavera-als-barris-ofereix-avui-concerts-al-turo-de-la-peira\/#primaryimage","url":"https:\/\/www.noubarris.net\/web40\/wp-content\/uploads\/2016\/05\/120516.jpg","contentUrl":"https:\/\/www.noubarris.net\/web40\/wp-content\/uploads\/2016\/05\/120516.jpg","width":787,"height":445},{"@type":"BreadcrumbList","@id":"https:\/\/www.noubarris.net\/web40\/la-segona-edicio-del-primavera-als-barris-ofereix-avui-concerts-al-turo-de-la-peira\/#breadcrumb","itemListElement":[{"@type":"ListItem","position":1,"name":"Inici","item":"https:\/\/www.noubarris.net\/web40\/"},{"@type":"ListItem","position":2,"name":"La segona edici\u00f3 del Primavera als Barris ofereix avui concerts al Tur\u00f3 de la Peira"}]},{"@type":"WebSite","@id":"https:\/\/www.noubarris.net\/web40\/#website","url":"https:\/\/www.noubarris.net\/web40\/","name":"NouBarris.Net","description":"Seguint la vida de Nou Barris des de 1985","publisher":{"@id":"https:\/\/www.noubarris.net\/web40\/#organization"},"potentialAction":[{"@type":"SearchAction","target":{"@type":"EntryPoint","urlTemplate":"https:\/\/www.noubarris.net\/web40\/?s={search_term_string}"},"query-input":{"@type":"PropertyValueSpecification","valueRequired":true,"valueName":"search_term_string"}}],"inLanguage":"ca"},{"@type":"Organization","@id":"https:\/\/www.noubarris.net\/web40\/#organization","name":"NouBarris.Net","url":"https:\/\/www.noubarris.net\/web40\/","logo":{"@type":"ImageObject","inLanguage":"ca","@id":"https:\/\/www.noubarris.net\/web40\/#\/schema\/logo\/image\/","url":"https:\/\/www.noubarris.net\/web40\/wp-content\/uploads\/2024\/11\/cropped-cropped-LOGO_9BTV-2024_Insta-1.jpg","contentUrl":"https:\/\/www.noubarris.net\/web40\/wp-content\/uploads\/2024\/11\/cropped-cropped-LOGO_9BTV-2024_Insta-1.jpg","width":512,"height":512,"caption":"NouBarris.Net"},"image":{"@id":"https:\/\/www.noubarris.net\/web40\/#\/schema\/logo\/image\/"},"sameAs":["https:\/\/www.facebook.com\/NouBarris.net\/?locale=es_ES","https:\/\/x.com\/9BTV"]},{"@type":"Person","@id":"https:\/\/www.noubarris.net\/web40\/#\/schema\/person\/1827f92aaa316c54abbf4dac0de76069","name":"Informatius","image":{"@type":"ImageObject","inLanguage":"ca","@id":"https:\/\/www.noubarris.net\/web40\/#\/schema\/person\/image\/","url":"https:\/\/secure.gravatar.com\/avatar\/87a3b47928835fc72c6ee5b0e1a7263ef0c2d05003a98189bc14926c5f11bcdb?s=96&d=mm&r=g","contentUrl":"https:\/\/secure.gravatar.com\/avatar\/87a3b47928835fc72c6ee5b0e1a7263ef0c2d05003a98189bc14926c5f11bcdb?s=96&d=mm&r=g","caption":"Informatius"},"url":"https:\/\/www.noubarris.net\/web40\/author\/tele\/"}]}},"_links":{"self":[{"href":"https:\/\/www.noubarris.net\/web40\/wp-json\/wp\/v2\/posts\/66810","targetHints":{"allow":["GET"]}}],"collection":[{"href":"https:\/\/www.noubarris.net\/web40\/wp-json\/wp\/v2\/posts"}],"about":[{"href":"https:\/\/www.noubarris.net\/web40\/wp-json\/wp\/v2\/types\/post"}],"author":[{"embeddable":true,"href":"https:\/\/www.noubarris.net\/web40\/wp-json\/wp\/v2\/users\/2"}],"replies":[{"embeddable":true,"href":"https:\/\/www.noubarris.net\/web40\/wp-json\/wp\/v2\/comments?post=66810"}],"version-history":[{"count":0,"href":"https:\/\/www.noubarris.net\/web40\/wp-json\/wp\/v2\/posts\/66810\/revisions"}],"wp:featuredmedia":[{"embeddable":true,"href":"https:\/\/www.noubarris.net\/web40\/wp-json\/wp\/v2\/media\/66812"}],"wp:attachment":[{"href":"https:\/\/www.noubarris.net\/web40\/wp-json\/wp\/v2\/media?parent=66810"}],"wp:term":[{"taxonomy":"category","embeddable":true,"href":"https:\/\/www.noubarris.net\/web40\/wp-json\/wp\/v2\/categories?post=66810"},{"taxonomy":"post_tag","embeddable":true,"href":"https:\/\/www.noubarris.net\/web40\/wp-json\/wp\/v2\/tags?post=66810"}],"curies":[{"name":"wp","href":"https:\/\/api.w.org\/{rel}","templated":true}]}}