{"id":67310,"date":"2016-06-17T00:00:24","date_gmt":"2016-06-16T23:00:24","guid":{"rendered":"http:\/\/www.noubarris.net\/web40\/?p=67310"},"modified":"2016-06-16T14:36:48","modified_gmt":"2016-06-16T13:36:48","slug":"rebroten-els-horts-urbans-a-la-casa-de-laigua-de-la-trinitat-nova","status":"publish","type":"post","link":"https:\/\/www.noubarris.net\/web40\/rebroten-els-horts-urbans-a-la-casa-de-laigua-de-la-trinitat-nova\/","title":{"rendered":"Rebroten els horts urbans a la Casa de l&#8217;Aigua de la Trinitat Nova"},"content":{"rendered":"<p><strong>Els antics usuaris reprenen el cultiu de les parcel\u00b7les en una nova ubicaci\u00f3 despr\u00e9s de dos anys d&#8217;obres<\/strong><\/p>\n<p>El color verd torna a brotar als horts urbans de la Casa de l\u2019Aigua de la Trinitat Nova despr\u00e9s de dos anys d\u2019inactivitat. L&#8217;activitat\u00a0es reprenen en un altre indret del recinte, amb 30 parcel\u00b7les i cinc anys de concessi\u00f3. \u00a0Les obres al recinte els han reubicat al costat del tal\u00fas de la Meridiana. &#8220;De les 30 parcel\u00b7les noves hi ha una reservada per a les entitats i la resta s\u00f3n del usuaris que ja formaven part del sorteig del 2011. &#8211; explica Pilar Piquer, coordinadora de la xarxa d&#8217;horts urbans de Barcelona &#8211; Se&#8217;ls hi ha recompensat i tornen a iniciar-se altre cop els 5 anys de concessi\u00f3, per compensar-los per les obres i el temps que han estat sense poder cultivar.&#8221;<\/p>\n<p>La majoria dels usuaris, ve\u00efns majors de 65 anys, s\u00f3n els mateixos que tenien parcel\u00b7la adjudicada abans de les obres que ara, un cop reubicats els horts, han recuperat el terreny. Les obres de la Casa de l\u2019Aigua i el seu entorn es van allargar m\u00e9s del previst, \u00e9s per aix\u00f2 que molts usuaris restaven impacients per a l\u2019obertura dels nous horts. \u00a0Ara han repr\u00e9s l\u2019activitat agr\u00edcola amb il\u00b7lusi\u00f3 i ganes, tot i que alguns preferien l\u2019antiga ubicaci\u00f3 dels horts a l\u2019entrada de la Casa de l\u2019Aigua.<\/p>\n<p>El recinte es mant\u00e9 tancat per protegir els conreus i ofereix als usuaris guixetes i un armari per a les eines al peu de cada hort. A m\u00e9s, compten amb boques de reg i serveis.<\/p>\n","protected":false},"excerpt":{"rendered":"<p>Els antics usuaris reprenen el cultiu de les parcel\u00b7les en una nova ubicaci\u00f3 despr\u00e9s de dos anys d&#8217;obres El color<\/p>\n","protected":false},"author":2,"featured_media":67312,"comment_status":"closed","ping_status":"closed","sticky":false,"template":"","format":"standard","meta":{"colormag_page_layout":"default_layout","_monsterinsights_skip_tracking":false,"_monsterinsights_sitenote_active":false,"_monsterinsights_sitenote_note":"","_monsterinsights_sitenote_category":0,"footnotes":""},"categories":[138,1],"tags":[112,316,361,52],"class_list":["post-67310","post","type-post","status-publish","format-standard","has-post-thumbnail","hentry","category-la-trinitat-nova","category-nou-barris","tag-casa-de-laigua","tag-gent-gran","tag-hort","tag-la-trinitat-nova"],"yoast_head":"<!-- This site is optimized with the Yoast SEO plugin v25.3 - https:\/\/yoast.com\/wordpress\/plugins\/seo\/ -->\n<title>Rebroten els horts urbans a la Casa de l&#039;Aigua de la Trinitat Nova - NouBarris.Net<\/title>\n<meta name=\"robots\" content=\"index, follow, max-snippet:-1, max-image-preview:large, max-video-preview:-1\" \/>\n<link rel=\"canonical\" href=\"https:\/\/www.noubarris.net\/web40\/rebroten-els-horts-urbans-a-la-casa-de-laigua-de-la-trinitat-nova\/\" \/>\n<meta property=\"og:locale\" content=\"ca_ES\" \/>\n<meta property=\"og:type\" content=\"article\" \/>\n<meta property=\"og:title\" content=\"Rebroten els horts urbans a la Casa de l&#039;Aigua de la Trinitat Nova - NouBarris.Net\" \/>\n<meta property=\"og:description\" content=\"Els antics usuaris reprenen el cultiu de les parcel\u00b7les en una nova ubicaci\u00f3 despr\u00e9s de dos anys d&#8217;obres El color\" \/>\n<meta property=\"og:url\" content=\"https:\/\/www.noubarris.net\/web40\/rebroten-els-horts-urbans-a-la-casa-de-laigua-de-la-trinitat-nova\/\" \/>\n<meta property=\"og:site_name\" content=\"NouBarris.Net\" \/>\n<meta property=\"article:publisher\" content=\"https:\/\/www.facebook.com\/NouBarris.net\/?locale=es_ES\" \/>\n<meta property=\"article:published_time\" content=\"2016-06-16T23:00:24+00:00\" \/>\n<meta property=\"og:image\" content=\"https:\/\/www.noubarris.net\/web40\/wp-content\/uploads\/2016\/06\/170616.jpg\" \/>\n\t<meta property=\"og:image:width\" content=\"787\" \/>\n\t<meta property=\"og:image:height\" content=\"445\" \/>\n\t<meta property=\"og:image:type\" content=\"image\/jpeg\" \/>\n<meta name=\"author\" content=\"Informatius\" \/>\n<meta name=\"twitter:card\" content=\"summary_large_image\" \/>\n<meta name=\"twitter:creator\" content=\"@9BTV\" \/>\n<meta name=\"twitter:site\" content=\"@9BTV\" \/>\n<meta name=\"twitter:label1\" content=\"Escrit per\" \/>\n\t<meta name=\"twitter:data1\" content=\"Informatius\" \/>\n\t<meta name=\"twitter:label2\" content=\"Temps estimat de lectura\" \/>\n\t<meta name=\"twitter:data2\" content=\"1 minut\" \/>\n<script type=\"application\/ld+json\" class=\"yoast-schema-graph\">{\"@context\":\"https:\/\/schema.org\",\"@graph\":[{\"@type\":\"Article\",\"@id\":\"https:\/\/www.noubarris.net\/web40\/rebroten-els-horts-urbans-a-la-casa-de-laigua-de-la-trinitat-nova\/#article\",\"isPartOf\":{\"@id\":\"https:\/\/www.noubarris.net\/web40\/rebroten-els-horts-urbans-a-la-casa-de-laigua-de-la-trinitat-nova\/\"},\"author\":{\"name\":\"Informatius\",\"@id\":\"https:\/\/www.noubarris.net\/web40\/#\/schema\/person\/1827f92aaa316c54abbf4dac0de76069\"},\"headline\":\"Rebroten els horts urbans a la Casa de l&#8217;Aigua de la Trinitat Nova\",\"datePublished\":\"2016-06-16T23:00:24+00:00\",\"mainEntityOfPage\":{\"@id\":\"https:\/\/www.noubarris.net\/web40\/rebroten-els-horts-urbans-a-la-casa-de-laigua-de-la-trinitat-nova\/\"},\"wordCount\":299,\"publisher\":{\"@id\":\"https:\/\/www.noubarris.net\/web40\/#organization\"},\"image\":{\"@id\":\"https:\/\/www.noubarris.net\/web40\/rebroten-els-horts-urbans-a-la-casa-de-laigua-de-la-trinitat-nova\/#primaryimage\"},\"thumbnailUrl\":\"https:\/\/www.noubarris.net\/web40\/wp-content\/uploads\/2016\/06\/170616.jpg\",\"keywords\":[\"Casa de l'Aigua\",\"Gent Gran\",\"Hort\",\"La Trinitat Nova\"],\"articleSection\":[\"La Trinitat Nova\",\"Nou Barris\"],\"inLanguage\":\"ca\"},{\"@type\":\"WebPage\",\"@id\":\"https:\/\/www.noubarris.net\/web40\/rebroten-els-horts-urbans-a-la-casa-de-laigua-de-la-trinitat-nova\/\",\"url\":\"https:\/\/www.noubarris.net\/web40\/rebroten-els-horts-urbans-a-la-casa-de-laigua-de-la-trinitat-nova\/\",\"name\":\"Rebroten els horts urbans a la Casa de l'Aigua de la Trinitat Nova - NouBarris.Net\",\"isPartOf\":{\"@id\":\"https:\/\/www.noubarris.net\/web40\/#website\"},\"primaryImageOfPage\":{\"@id\":\"https:\/\/www.noubarris.net\/web40\/rebroten-els-horts-urbans-a-la-casa-de-laigua-de-la-trinitat-nova\/#primaryimage\"},\"image\":{\"@id\":\"https:\/\/www.noubarris.net\/web40\/rebroten-els-horts-urbans-a-la-casa-de-laigua-de-la-trinitat-nova\/#primaryimage\"},\"thumbnailUrl\":\"https:\/\/www.noubarris.net\/web40\/wp-content\/uploads\/2016\/06\/170616.jpg\",\"datePublished\":\"2016-06-16T23:00:24+00:00\",\"breadcrumb\":{\"@id\":\"https:\/\/www.noubarris.net\/web40\/rebroten-els-horts-urbans-a-la-casa-de-laigua-de-la-trinitat-nova\/#breadcrumb\"},\"inLanguage\":\"ca\",\"potentialAction\":[{\"@type\":\"ReadAction\",\"target\":[\"https:\/\/www.noubarris.net\/web40\/rebroten-els-horts-urbans-a-la-casa-de-laigua-de-la-trinitat-nova\/\"]}]},{\"@type\":\"ImageObject\",\"inLanguage\":\"ca\",\"@id\":\"https:\/\/www.noubarris.net\/web40\/rebroten-els-horts-urbans-a-la-casa-de-laigua-de-la-trinitat-nova\/#primaryimage\",\"url\":\"https:\/\/www.noubarris.net\/web40\/wp-content\/uploads\/2016\/06\/170616.jpg\",\"contentUrl\":\"https:\/\/www.noubarris.net\/web40\/wp-content\/uploads\/2016\/06\/170616.jpg\",\"width\":787,\"height\":445},{\"@type\":\"BreadcrumbList\",\"@id\":\"https:\/\/www.noubarris.net\/web40\/rebroten-els-horts-urbans-a-la-casa-de-laigua-de-la-trinitat-nova\/#breadcrumb\",\"itemListElement\":[{\"@type\":\"ListItem\",\"position\":1,\"name\":\"Inici\",\"item\":\"https:\/\/www.noubarris.net\/web40\/\"},{\"@type\":\"ListItem\",\"position\":2,\"name\":\"Rebroten els horts urbans a la Casa de l&#8217;Aigua de la Trinitat Nova\"}]},{\"@type\":\"WebSite\",\"@id\":\"https:\/\/www.noubarris.net\/web40\/#website\",\"url\":\"https:\/\/www.noubarris.net\/web40\/\",\"name\":\"NouBarris.Net\",\"description\":\"Seguint la vida de Nou Barris des de 1985\",\"publisher\":{\"@id\":\"https:\/\/www.noubarris.net\/web40\/#organization\"},\"potentialAction\":[{\"@type\":\"SearchAction\",\"target\":{\"@type\":\"EntryPoint\",\"urlTemplate\":\"https:\/\/www.noubarris.net\/web40\/?s={search_term_string}\"},\"query-input\":{\"@type\":\"PropertyValueSpecification\",\"valueRequired\":true,\"valueName\":\"search_term_string\"}}],\"inLanguage\":\"ca\"},{\"@type\":\"Organization\",\"@id\":\"https:\/\/www.noubarris.net\/web40\/#organization\",\"name\":\"NouBarris.Net\",\"url\":\"https:\/\/www.noubarris.net\/web40\/\",\"logo\":{\"@type\":\"ImageObject\",\"inLanguage\":\"ca\",\"@id\":\"https:\/\/www.noubarris.net\/web40\/#\/schema\/logo\/image\/\",\"url\":\"https:\/\/www.noubarris.net\/web40\/wp-content\/uploads\/2024\/11\/cropped-cropped-LOGO_9BTV-2024_Insta-1.jpg\",\"contentUrl\":\"https:\/\/www.noubarris.net\/web40\/wp-content\/uploads\/2024\/11\/cropped-cropped-LOGO_9BTV-2024_Insta-1.jpg\",\"width\":512,\"height\":512,\"caption\":\"NouBarris.Net\"},\"image\":{\"@id\":\"https:\/\/www.noubarris.net\/web40\/#\/schema\/logo\/image\/\"},\"sameAs\":[\"https:\/\/www.facebook.com\/NouBarris.net\/?locale=es_ES\",\"https:\/\/x.com\/9BTV\"]},{\"@type\":\"Person\",\"@id\":\"https:\/\/www.noubarris.net\/web40\/#\/schema\/person\/1827f92aaa316c54abbf4dac0de76069\",\"name\":\"Informatius\",\"image\":{\"@type\":\"ImageObject\",\"inLanguage\":\"ca\",\"@id\":\"https:\/\/www.noubarris.net\/web40\/#\/schema\/person\/image\/\",\"url\":\"https:\/\/secure.gravatar.com\/avatar\/87a3b47928835fc72c6ee5b0e1a7263ef0c2d05003a98189bc14926c5f11bcdb?s=96&d=mm&r=g\",\"contentUrl\":\"https:\/\/secure.gravatar.com\/avatar\/87a3b47928835fc72c6ee5b0e1a7263ef0c2d05003a98189bc14926c5f11bcdb?s=96&d=mm&r=g\",\"caption\":\"Informatius\"},\"url\":\"https:\/\/www.noubarris.net\/web40\/author\/tele\/\"}]}<\/script>\n<!-- \/ Yoast SEO plugin. -->","yoast_head_json":{"title":"Rebroten els horts urbans a la Casa de l'Aigua de la Trinitat Nova - NouBarris.Net","robots":{"index":"index","follow":"follow","max-snippet":"max-snippet:-1","max-image-preview":"max-image-preview:large","max-video-preview":"max-video-preview:-1"},"canonical":"https:\/\/www.noubarris.net\/web40\/rebroten-els-horts-urbans-a-la-casa-de-laigua-de-la-trinitat-nova\/","og_locale":"ca_ES","og_type":"article","og_title":"Rebroten els horts urbans a la Casa de l'Aigua de la Trinitat Nova - NouBarris.Net","og_description":"Els antics usuaris reprenen el cultiu de les parcel\u00b7les en una nova ubicaci\u00f3 despr\u00e9s de dos anys d&#8217;obres El color","og_url":"https:\/\/www.noubarris.net\/web40\/rebroten-els-horts-urbans-a-la-casa-de-laigua-de-la-trinitat-nova\/","og_site_name":"NouBarris.Net","article_publisher":"https:\/\/www.facebook.com\/NouBarris.net\/?locale=es_ES","article_published_time":"2016-06-16T23:00:24+00:00","og_image":[{"width":787,"height":445,"url":"https:\/\/www.noubarris.net\/web40\/wp-content\/uploads\/2016\/06\/170616.jpg","type":"image\/jpeg"}],"author":"Informatius","twitter_card":"summary_large_image","twitter_creator":"@9BTV","twitter_site":"@9BTV","twitter_misc":{"Escrit per":"Informatius","Temps estimat de lectura":"1 minut"},"schema":{"@context":"https:\/\/schema.org","@graph":[{"@type":"Article","@id":"https:\/\/www.noubarris.net\/web40\/rebroten-els-horts-urbans-a-la-casa-de-laigua-de-la-trinitat-nova\/#article","isPartOf":{"@id":"https:\/\/www.noubarris.net\/web40\/rebroten-els-horts-urbans-a-la-casa-de-laigua-de-la-trinitat-nova\/"},"author":{"name":"Informatius","@id":"https:\/\/www.noubarris.net\/web40\/#\/schema\/person\/1827f92aaa316c54abbf4dac0de76069"},"headline":"Rebroten els horts urbans a la Casa de l&#8217;Aigua de la Trinitat Nova","datePublished":"2016-06-16T23:00:24+00:00","mainEntityOfPage":{"@id":"https:\/\/www.noubarris.net\/web40\/rebroten-els-horts-urbans-a-la-casa-de-laigua-de-la-trinitat-nova\/"},"wordCount":299,"publisher":{"@id":"https:\/\/www.noubarris.net\/web40\/#organization"},"image":{"@id":"https:\/\/www.noubarris.net\/web40\/rebroten-els-horts-urbans-a-la-casa-de-laigua-de-la-trinitat-nova\/#primaryimage"},"thumbnailUrl":"https:\/\/www.noubarris.net\/web40\/wp-content\/uploads\/2016\/06\/170616.jpg","keywords":["Casa de l'Aigua","Gent Gran","Hort","La Trinitat Nova"],"articleSection":["La Trinitat Nova","Nou Barris"],"inLanguage":"ca"},{"@type":"WebPage","@id":"https:\/\/www.noubarris.net\/web40\/rebroten-els-horts-urbans-a-la-casa-de-laigua-de-la-trinitat-nova\/","url":"https:\/\/www.noubarris.net\/web40\/rebroten-els-horts-urbans-a-la-casa-de-laigua-de-la-trinitat-nova\/","name":"Rebroten els horts urbans a la Casa de l'Aigua de la Trinitat Nova - NouBarris.Net","isPartOf":{"@id":"https:\/\/www.noubarris.net\/web40\/#website"},"primaryImageOfPage":{"@id":"https:\/\/www.noubarris.net\/web40\/rebroten-els-horts-urbans-a-la-casa-de-laigua-de-la-trinitat-nova\/#primaryimage"},"image":{"@id":"https:\/\/www.noubarris.net\/web40\/rebroten-els-horts-urbans-a-la-casa-de-laigua-de-la-trinitat-nova\/#primaryimage"},"thumbnailUrl":"https:\/\/www.noubarris.net\/web40\/wp-content\/uploads\/2016\/06\/170616.jpg","datePublished":"2016-06-16T23:00:24+00:00","breadcrumb":{"@id":"https:\/\/www.noubarris.net\/web40\/rebroten-els-horts-urbans-a-la-casa-de-laigua-de-la-trinitat-nova\/#breadcrumb"},"inLanguage":"ca","potentialAction":[{"@type":"ReadAction","target":["https:\/\/www.noubarris.net\/web40\/rebroten-els-horts-urbans-a-la-casa-de-laigua-de-la-trinitat-nova\/"]}]},{"@type":"ImageObject","inLanguage":"ca","@id":"https:\/\/www.noubarris.net\/web40\/rebroten-els-horts-urbans-a-la-casa-de-laigua-de-la-trinitat-nova\/#primaryimage","url":"https:\/\/www.noubarris.net\/web40\/wp-content\/uploads\/2016\/06\/170616.jpg","contentUrl":"https:\/\/www.noubarris.net\/web40\/wp-content\/uploads\/2016\/06\/170616.jpg","width":787,"height":445},{"@type":"BreadcrumbList","@id":"https:\/\/www.noubarris.net\/web40\/rebroten-els-horts-urbans-a-la-casa-de-laigua-de-la-trinitat-nova\/#breadcrumb","itemListElement":[{"@type":"ListItem","position":1,"name":"Inici","item":"https:\/\/www.noubarris.net\/web40\/"},{"@type":"ListItem","position":2,"name":"Rebroten els horts urbans a la Casa de l&#8217;Aigua de la Trinitat Nova"}]},{"@type":"WebSite","@id":"https:\/\/www.noubarris.net\/web40\/#website","url":"https:\/\/www.noubarris.net\/web40\/","name":"NouBarris.Net","description":"Seguint la vida de Nou Barris des de 1985","publisher":{"@id":"https:\/\/www.noubarris.net\/web40\/#organization"},"potentialAction":[{"@type":"SearchAction","target":{"@type":"EntryPoint","urlTemplate":"https:\/\/www.noubarris.net\/web40\/?s={search_term_string}"},"query-input":{"@type":"PropertyValueSpecification","valueRequired":true,"valueName":"search_term_string"}}],"inLanguage":"ca"},{"@type":"Organization","@id":"https:\/\/www.noubarris.net\/web40\/#organization","name":"NouBarris.Net","url":"https:\/\/www.noubarris.net\/web40\/","logo":{"@type":"ImageObject","inLanguage":"ca","@id":"https:\/\/www.noubarris.net\/web40\/#\/schema\/logo\/image\/","url":"https:\/\/www.noubarris.net\/web40\/wp-content\/uploads\/2024\/11\/cropped-cropped-LOGO_9BTV-2024_Insta-1.jpg","contentUrl":"https:\/\/www.noubarris.net\/web40\/wp-content\/uploads\/2024\/11\/cropped-cropped-LOGO_9BTV-2024_Insta-1.jpg","width":512,"height":512,"caption":"NouBarris.Net"},"image":{"@id":"https:\/\/www.noubarris.net\/web40\/#\/schema\/logo\/image\/"},"sameAs":["https:\/\/www.facebook.com\/NouBarris.net\/?locale=es_ES","https:\/\/x.com\/9BTV"]},{"@type":"Person","@id":"https:\/\/www.noubarris.net\/web40\/#\/schema\/person\/1827f92aaa316c54abbf4dac0de76069","name":"Informatius","image":{"@type":"ImageObject","inLanguage":"ca","@id":"https:\/\/www.noubarris.net\/web40\/#\/schema\/person\/image\/","url":"https:\/\/secure.gravatar.com\/avatar\/87a3b47928835fc72c6ee5b0e1a7263ef0c2d05003a98189bc14926c5f11bcdb?s=96&d=mm&r=g","contentUrl":"https:\/\/secure.gravatar.com\/avatar\/87a3b47928835fc72c6ee5b0e1a7263ef0c2d05003a98189bc14926c5f11bcdb?s=96&d=mm&r=g","caption":"Informatius"},"url":"https:\/\/www.noubarris.net\/web40\/author\/tele\/"}]}},"_links":{"self":[{"href":"https:\/\/www.noubarris.net\/web40\/wp-json\/wp\/v2\/posts\/67310","targetHints":{"allow":["GET"]}}],"collection":[{"href":"https:\/\/www.noubarris.net\/web40\/wp-json\/wp\/v2\/posts"}],"about":[{"href":"https:\/\/www.noubarris.net\/web40\/wp-json\/wp\/v2\/types\/post"}],"author":[{"embeddable":true,"href":"https:\/\/www.noubarris.net\/web40\/wp-json\/wp\/v2\/users\/2"}],"replies":[{"embeddable":true,"href":"https:\/\/www.noubarris.net\/web40\/wp-json\/wp\/v2\/comments?post=67310"}],"version-history":[{"count":0,"href":"https:\/\/www.noubarris.net\/web40\/wp-json\/wp\/v2\/posts\/67310\/revisions"}],"wp:featuredmedia":[{"embeddable":true,"href":"https:\/\/www.noubarris.net\/web40\/wp-json\/wp\/v2\/media\/67312"}],"wp:attachment":[{"href":"https:\/\/www.noubarris.net\/web40\/wp-json\/wp\/v2\/media?parent=67310"}],"wp:term":[{"taxonomy":"category","embeddable":true,"href":"https:\/\/www.noubarris.net\/web40\/wp-json\/wp\/v2\/categories?post=67310"},{"taxonomy":"post_tag","embeddable":true,"href":"https:\/\/www.noubarris.net\/web40\/wp-json\/wp\/v2\/tags?post=67310"}],"curies":[{"name":"wp","href":"https:\/\/api.w.org\/{rel}","templated":true}]}}