{"id":67316,"date":"2016-06-18T00:00:06","date_gmt":"2016-06-17T23:00:06","guid":{"rendered":"http:\/\/www.noubarris.net\/web40\/?p=67316"},"modified":"2016-06-17T12:07:53","modified_gmt":"2016-06-17T11:07:53","slug":"el-gran-dia-de-la-roquetes-fashion-week-2","status":"publish","type":"post","link":"https:\/\/www.noubarris.net\/web40\/el-gran-dia-de-la-roquetes-fashion-week-2\/","title":{"rendered":"El gran dia de la Roquetes Fashion Week"},"content":{"rendered":"<p><strong>El barri viu avui el dia principal de les seves festes majors amb moda, tallers, m\u00fasica i moltes activitats<\/strong><\/p>\n<p>El taller de costura del Pla Comunitari de les Roquetes ha viscut intensament aquesta setmana fent els darrers preparatius de la col\u2022lecci\u00f3 de la Roquetes Fashion Week d\u2019enguany. Finalment ha arribat el dia i avui els ve\u00efns i ve\u00efnes desfilaran amb la roba que han dissenyat, tallat i cosit. La Roquetes Fashion Week, tamb\u00e9 coneguda ja com la 08042, s\u2019ha convertit en un cl\u00e0ssic de la festa major del barri i serveix per cloure el curs dels tallers de M\u00e9s per menys. Aquests tallers ensenyen al ve\u00efnat a reaprofitar robes, arranjar-les i estalviar d\u2019aquesta manera. A m\u00e9s de la desfilada de vestits per a petits i grans, l\u2019exhibici\u00f3 es tanca amb un vestit de n\u00favia que s\u2019ha confeccionat amb l\u2019ajuda de Rosa Clar\u00e0, que va oferir fa uns mesos un taller de confecci\u00f3 de vestits de n\u00favia al local de l\u2019associaci\u00f3 de ve\u00efns. \u201cVam parlar amb Rosa Clar\u00e0 i va dir que vindrien. \u2013 explica Mari Carmen Olveda, del taller M\u00e9s per Menys- Els darrers dos anys han estat una passada perqu\u00e8, a m\u00e9s que han vingut a porta-nos el g\u00e8nere, tamb\u00e9 porten les idees, veiem com ho fan, va venir un senyor que ensenya a desfilar a les noies&#8230; i ho fan amb molta il\u00b7lusi\u00f3.\u201d Tota la col\u2022lecci\u00f3, incl\u00f3s el vestit de n\u00favia, est\u00e0 feta amb teixits donats i teles reciclades.<\/p>\n<p>L\u2019espectacle de la moda roquetenca comen\u00e7ar\u00e0 a les 20h a la pla\u00e7a de les Roquetes si el temps ho permet. Si plou, es despla\u00e7ar\u00e0 a l\u2019Ateneu Popular de Nou Barris.<\/p>\n<p>A m\u00e9s d\u2019aquest acte, la festa major de les Roquetes ofereix tot un programa per avui i dem\u00e0 que us oferim a continuaci\u00f3:<\/p>\n<p>&#8211;\u00a0\u00a0\u00a0\u00a0\u00a0\u00a0\u00a0\u00a0\u00a0 Avui:<\/p>\n<p>9h Cronoescalada Major, a Roquetes en bicicleta<\/p>\n<p>Sortida: Carretera Alta de Roquetes amb cam\u00ed de St. Ll\u00e0tzer<\/p>\n<p>Activitats a la pla\u00e7a de Les Roquetes:<\/p>\n<p>11h Entrega de premis de la Cronoescalada<\/p>\n<p>Mercat d\u2019Artesania<\/p>\n<p>Tallers d\u2019Artesania, maquillatge infantil i taller per a petita inf\u00e0ncia<\/p>\n<p>11.30h Taller obert de balls en l\u00ednia (Locas por el baile)<\/p>\n<p>12.30h Concurs de Kroketas Roketeras<\/p>\n<p>13h Vermut Musical amb Monique Makon &amp; The Titus Cirkus<\/p>\n<p>14.30h Paella Popular<\/p>\n<p>18.15h Taller de Circ amb Los Herrerita<\/p>\n<p>19.45h Preg\u00f3 de Festa Major de Roquetes a c\u00e0rrec de Rafa Juancadella<\/p>\n<p>20h Roquetes Fashion Week<\/p>\n<p>21.30h Master Class de Zumba<\/p>\n<p>22h Ball amb l\u2019Orquestra Manhattan<\/p>\n<p>Concert Jove amb Muyayo Rif, Rocky Canela i Dj Send0 a l\u2019Amfiteatre de Roquetes<\/p>\n<p>&nbsp;<\/p>\n<p>-Diumenge 19<\/p>\n<p>12h Festa de l\u2019escuma amb l\u2019actuaci\u00f3 de Mestum\u00e0cat<\/p>\n<p>18h Festa de la Multicultura<\/p>\n<p>22h Actuaci\u00f3 dels diables del Clot<\/p>\n","protected":false},"excerpt":{"rendered":"<p>El barri viu avui el dia principal de les seves festes majors amb moda, tallers, m\u00fasica i moltes activitats El<\/p>\n","protected":false},"author":2,"featured_media":67320,"comment_status":"closed","ping_status":"closed","sticky":false,"template":"","format":"standard","meta":{"colormag_page_layout":"default_layout","_monsterinsights_skip_tracking":false,"_monsterinsights_sitenote_active":false,"_monsterinsights_sitenote_note":"","_monsterinsights_sitenote_category":0,"footnotes":""},"categories":[129,136],"tags":[63,49,81],"class_list":["post-67316","post","type-post","status-publish","format-standard","has-post-thumbnail","hentry","category-cultura","category-les-roquetes","tag-festa-major","tag-les-roquetes","tag-roquetes-fashion-week"],"yoast_head":"<!-- This site is optimized with the Yoast SEO plugin v25.3 - https:\/\/yoast.com\/wordpress\/plugins\/seo\/ -->\n<title>El gran dia de la Roquetes Fashion Week - NouBarris.Net<\/title>\n<meta name=\"robots\" content=\"index, follow, max-snippet:-1, max-image-preview:large, max-video-preview:-1\" \/>\n<link rel=\"canonical\" href=\"https:\/\/www.noubarris.net\/web40\/el-gran-dia-de-la-roquetes-fashion-week-2\/\" \/>\n<meta property=\"og:locale\" content=\"ca_ES\" \/>\n<meta property=\"og:type\" content=\"article\" \/>\n<meta property=\"og:title\" content=\"El gran dia de la Roquetes Fashion Week - NouBarris.Net\" \/>\n<meta property=\"og:description\" content=\"El barri viu avui el dia principal de les seves festes majors amb moda, tallers, m\u00fasica i moltes activitats El\" \/>\n<meta property=\"og:url\" content=\"https:\/\/www.noubarris.net\/web40\/el-gran-dia-de-la-roquetes-fashion-week-2\/\" \/>\n<meta property=\"og:site_name\" content=\"NouBarris.Net\" \/>\n<meta property=\"article:publisher\" content=\"https:\/\/www.facebook.com\/NouBarris.net\/?locale=es_ES\" \/>\n<meta property=\"article:published_time\" content=\"2016-06-17T23:00:06+00:00\" \/>\n<meta property=\"og:image\" content=\"https:\/\/www.noubarris.net\/web40\/wp-content\/uploads\/2016\/06\/180616.jpg\" \/>\n\t<meta property=\"og:image:width\" content=\"787\" \/>\n\t<meta property=\"og:image:height\" content=\"445\" \/>\n\t<meta property=\"og:image:type\" content=\"image\/jpeg\" \/>\n<meta name=\"author\" content=\"Informatius\" \/>\n<meta name=\"twitter:card\" content=\"summary_large_image\" \/>\n<meta name=\"twitter:creator\" content=\"@9BTV\" \/>\n<meta name=\"twitter:site\" content=\"@9BTV\" \/>\n<meta name=\"twitter:label1\" content=\"Escrit per\" \/>\n\t<meta name=\"twitter:data1\" content=\"Informatius\" \/>\n\t<meta name=\"twitter:label2\" content=\"Temps estimat de lectura\" \/>\n\t<meta name=\"twitter:data2\" content=\"2 minuts\" \/>\n<script type=\"application\/ld+json\" class=\"yoast-schema-graph\">{\"@context\":\"https:\/\/schema.org\",\"@graph\":[{\"@type\":\"Article\",\"@id\":\"https:\/\/www.noubarris.net\/web40\/el-gran-dia-de-la-roquetes-fashion-week-2\/#article\",\"isPartOf\":{\"@id\":\"https:\/\/www.noubarris.net\/web40\/el-gran-dia-de-la-roquetes-fashion-week-2\/\"},\"author\":{\"name\":\"Informatius\",\"@id\":\"https:\/\/www.noubarris.net\/web40\/#\/schema\/person\/1827f92aaa316c54abbf4dac0de76069\"},\"headline\":\"El gran dia de la Roquetes Fashion Week\",\"datePublished\":\"2016-06-17T23:00:06+00:00\",\"mainEntityOfPage\":{\"@id\":\"https:\/\/www.noubarris.net\/web40\/el-gran-dia-de-la-roquetes-fashion-week-2\/\"},\"wordCount\":486,\"publisher\":{\"@id\":\"https:\/\/www.noubarris.net\/web40\/#organization\"},\"image\":{\"@id\":\"https:\/\/www.noubarris.net\/web40\/el-gran-dia-de-la-roquetes-fashion-week-2\/#primaryimage\"},\"thumbnailUrl\":\"https:\/\/www.noubarris.net\/web40\/wp-content\/uploads\/2016\/06\/180616.jpg\",\"keywords\":[\"Festa Major\",\"Les Roquetes\",\"Roquetes fashion week\"],\"articleSection\":[\"Cultura\",\"Les Roquetes\"],\"inLanguage\":\"ca\"},{\"@type\":\"WebPage\",\"@id\":\"https:\/\/www.noubarris.net\/web40\/el-gran-dia-de-la-roquetes-fashion-week-2\/\",\"url\":\"https:\/\/www.noubarris.net\/web40\/el-gran-dia-de-la-roquetes-fashion-week-2\/\",\"name\":\"El gran dia de la Roquetes Fashion Week - NouBarris.Net\",\"isPartOf\":{\"@id\":\"https:\/\/www.noubarris.net\/web40\/#website\"},\"primaryImageOfPage\":{\"@id\":\"https:\/\/www.noubarris.net\/web40\/el-gran-dia-de-la-roquetes-fashion-week-2\/#primaryimage\"},\"image\":{\"@id\":\"https:\/\/www.noubarris.net\/web40\/el-gran-dia-de-la-roquetes-fashion-week-2\/#primaryimage\"},\"thumbnailUrl\":\"https:\/\/www.noubarris.net\/web40\/wp-content\/uploads\/2016\/06\/180616.jpg\",\"datePublished\":\"2016-06-17T23:00:06+00:00\",\"breadcrumb\":{\"@id\":\"https:\/\/www.noubarris.net\/web40\/el-gran-dia-de-la-roquetes-fashion-week-2\/#breadcrumb\"},\"inLanguage\":\"ca\",\"potentialAction\":[{\"@type\":\"ReadAction\",\"target\":[\"https:\/\/www.noubarris.net\/web40\/el-gran-dia-de-la-roquetes-fashion-week-2\/\"]}]},{\"@type\":\"ImageObject\",\"inLanguage\":\"ca\",\"@id\":\"https:\/\/www.noubarris.net\/web40\/el-gran-dia-de-la-roquetes-fashion-week-2\/#primaryimage\",\"url\":\"https:\/\/www.noubarris.net\/web40\/wp-content\/uploads\/2016\/06\/180616.jpg\",\"contentUrl\":\"https:\/\/www.noubarris.net\/web40\/wp-content\/uploads\/2016\/06\/180616.jpg\",\"width\":787,\"height\":445},{\"@type\":\"BreadcrumbList\",\"@id\":\"https:\/\/www.noubarris.net\/web40\/el-gran-dia-de-la-roquetes-fashion-week-2\/#breadcrumb\",\"itemListElement\":[{\"@type\":\"ListItem\",\"position\":1,\"name\":\"Inici\",\"item\":\"https:\/\/www.noubarris.net\/web40\/\"},{\"@type\":\"ListItem\",\"position\":2,\"name\":\"El gran dia de la Roquetes Fashion Week\"}]},{\"@type\":\"WebSite\",\"@id\":\"https:\/\/www.noubarris.net\/web40\/#website\",\"url\":\"https:\/\/www.noubarris.net\/web40\/\",\"name\":\"NouBarris.Net\",\"description\":\"Seguint la vida de Nou Barris des de 1985\",\"publisher\":{\"@id\":\"https:\/\/www.noubarris.net\/web40\/#organization\"},\"potentialAction\":[{\"@type\":\"SearchAction\",\"target\":{\"@type\":\"EntryPoint\",\"urlTemplate\":\"https:\/\/www.noubarris.net\/web40\/?s={search_term_string}\"},\"query-input\":{\"@type\":\"PropertyValueSpecification\",\"valueRequired\":true,\"valueName\":\"search_term_string\"}}],\"inLanguage\":\"ca\"},{\"@type\":\"Organization\",\"@id\":\"https:\/\/www.noubarris.net\/web40\/#organization\",\"name\":\"NouBarris.Net\",\"url\":\"https:\/\/www.noubarris.net\/web40\/\",\"logo\":{\"@type\":\"ImageObject\",\"inLanguage\":\"ca\",\"@id\":\"https:\/\/www.noubarris.net\/web40\/#\/schema\/logo\/image\/\",\"url\":\"https:\/\/www.noubarris.net\/web40\/wp-content\/uploads\/2024\/11\/cropped-cropped-LOGO_9BTV-2024_Insta-1.jpg\",\"contentUrl\":\"https:\/\/www.noubarris.net\/web40\/wp-content\/uploads\/2024\/11\/cropped-cropped-LOGO_9BTV-2024_Insta-1.jpg\",\"width\":512,\"height\":512,\"caption\":\"NouBarris.Net\"},\"image\":{\"@id\":\"https:\/\/www.noubarris.net\/web40\/#\/schema\/logo\/image\/\"},\"sameAs\":[\"https:\/\/www.facebook.com\/NouBarris.net\/?locale=es_ES\",\"https:\/\/x.com\/9BTV\"]},{\"@type\":\"Person\",\"@id\":\"https:\/\/www.noubarris.net\/web40\/#\/schema\/person\/1827f92aaa316c54abbf4dac0de76069\",\"name\":\"Informatius\",\"image\":{\"@type\":\"ImageObject\",\"inLanguage\":\"ca\",\"@id\":\"https:\/\/www.noubarris.net\/web40\/#\/schema\/person\/image\/\",\"url\":\"https:\/\/secure.gravatar.com\/avatar\/87a3b47928835fc72c6ee5b0e1a7263ef0c2d05003a98189bc14926c5f11bcdb?s=96&d=mm&r=g\",\"contentUrl\":\"https:\/\/secure.gravatar.com\/avatar\/87a3b47928835fc72c6ee5b0e1a7263ef0c2d05003a98189bc14926c5f11bcdb?s=96&d=mm&r=g\",\"caption\":\"Informatius\"},\"url\":\"https:\/\/www.noubarris.net\/web40\/author\/tele\/\"}]}<\/script>\n<!-- \/ Yoast SEO plugin. -->","yoast_head_json":{"title":"El gran dia de la Roquetes Fashion Week - NouBarris.Net","robots":{"index":"index","follow":"follow","max-snippet":"max-snippet:-1","max-image-preview":"max-image-preview:large","max-video-preview":"max-video-preview:-1"},"canonical":"https:\/\/www.noubarris.net\/web40\/el-gran-dia-de-la-roquetes-fashion-week-2\/","og_locale":"ca_ES","og_type":"article","og_title":"El gran dia de la Roquetes Fashion Week - NouBarris.Net","og_description":"El barri viu avui el dia principal de les seves festes majors amb moda, tallers, m\u00fasica i moltes activitats El","og_url":"https:\/\/www.noubarris.net\/web40\/el-gran-dia-de-la-roquetes-fashion-week-2\/","og_site_name":"NouBarris.Net","article_publisher":"https:\/\/www.facebook.com\/NouBarris.net\/?locale=es_ES","article_published_time":"2016-06-17T23:00:06+00:00","og_image":[{"width":787,"height":445,"url":"https:\/\/www.noubarris.net\/web40\/wp-content\/uploads\/2016\/06\/180616.jpg","type":"image\/jpeg"}],"author":"Informatius","twitter_card":"summary_large_image","twitter_creator":"@9BTV","twitter_site":"@9BTV","twitter_misc":{"Escrit per":"Informatius","Temps estimat de lectura":"2 minuts"},"schema":{"@context":"https:\/\/schema.org","@graph":[{"@type":"Article","@id":"https:\/\/www.noubarris.net\/web40\/el-gran-dia-de-la-roquetes-fashion-week-2\/#article","isPartOf":{"@id":"https:\/\/www.noubarris.net\/web40\/el-gran-dia-de-la-roquetes-fashion-week-2\/"},"author":{"name":"Informatius","@id":"https:\/\/www.noubarris.net\/web40\/#\/schema\/person\/1827f92aaa316c54abbf4dac0de76069"},"headline":"El gran dia de la Roquetes Fashion Week","datePublished":"2016-06-17T23:00:06+00:00","mainEntityOfPage":{"@id":"https:\/\/www.noubarris.net\/web40\/el-gran-dia-de-la-roquetes-fashion-week-2\/"},"wordCount":486,"publisher":{"@id":"https:\/\/www.noubarris.net\/web40\/#organization"},"image":{"@id":"https:\/\/www.noubarris.net\/web40\/el-gran-dia-de-la-roquetes-fashion-week-2\/#primaryimage"},"thumbnailUrl":"https:\/\/www.noubarris.net\/web40\/wp-content\/uploads\/2016\/06\/180616.jpg","keywords":["Festa Major","Les Roquetes","Roquetes fashion week"],"articleSection":["Cultura","Les Roquetes"],"inLanguage":"ca"},{"@type":"WebPage","@id":"https:\/\/www.noubarris.net\/web40\/el-gran-dia-de-la-roquetes-fashion-week-2\/","url":"https:\/\/www.noubarris.net\/web40\/el-gran-dia-de-la-roquetes-fashion-week-2\/","name":"El gran dia de la Roquetes Fashion Week - NouBarris.Net","isPartOf":{"@id":"https:\/\/www.noubarris.net\/web40\/#website"},"primaryImageOfPage":{"@id":"https:\/\/www.noubarris.net\/web40\/el-gran-dia-de-la-roquetes-fashion-week-2\/#primaryimage"},"image":{"@id":"https:\/\/www.noubarris.net\/web40\/el-gran-dia-de-la-roquetes-fashion-week-2\/#primaryimage"},"thumbnailUrl":"https:\/\/www.noubarris.net\/web40\/wp-content\/uploads\/2016\/06\/180616.jpg","datePublished":"2016-06-17T23:00:06+00:00","breadcrumb":{"@id":"https:\/\/www.noubarris.net\/web40\/el-gran-dia-de-la-roquetes-fashion-week-2\/#breadcrumb"},"inLanguage":"ca","potentialAction":[{"@type":"ReadAction","target":["https:\/\/www.noubarris.net\/web40\/el-gran-dia-de-la-roquetes-fashion-week-2\/"]}]},{"@type":"ImageObject","inLanguage":"ca","@id":"https:\/\/www.noubarris.net\/web40\/el-gran-dia-de-la-roquetes-fashion-week-2\/#primaryimage","url":"https:\/\/www.noubarris.net\/web40\/wp-content\/uploads\/2016\/06\/180616.jpg","contentUrl":"https:\/\/www.noubarris.net\/web40\/wp-content\/uploads\/2016\/06\/180616.jpg","width":787,"height":445},{"@type":"BreadcrumbList","@id":"https:\/\/www.noubarris.net\/web40\/el-gran-dia-de-la-roquetes-fashion-week-2\/#breadcrumb","itemListElement":[{"@type":"ListItem","position":1,"name":"Inici","item":"https:\/\/www.noubarris.net\/web40\/"},{"@type":"ListItem","position":2,"name":"El gran dia de la Roquetes Fashion Week"}]},{"@type":"WebSite","@id":"https:\/\/www.noubarris.net\/web40\/#website","url":"https:\/\/www.noubarris.net\/web40\/","name":"NouBarris.Net","description":"Seguint la vida de Nou Barris des de 1985","publisher":{"@id":"https:\/\/www.noubarris.net\/web40\/#organization"},"potentialAction":[{"@type":"SearchAction","target":{"@type":"EntryPoint","urlTemplate":"https:\/\/www.noubarris.net\/web40\/?s={search_term_string}"},"query-input":{"@type":"PropertyValueSpecification","valueRequired":true,"valueName":"search_term_string"}}],"inLanguage":"ca"},{"@type":"Organization","@id":"https:\/\/www.noubarris.net\/web40\/#organization","name":"NouBarris.Net","url":"https:\/\/www.noubarris.net\/web40\/","logo":{"@type":"ImageObject","inLanguage":"ca","@id":"https:\/\/www.noubarris.net\/web40\/#\/schema\/logo\/image\/","url":"https:\/\/www.noubarris.net\/web40\/wp-content\/uploads\/2024\/11\/cropped-cropped-LOGO_9BTV-2024_Insta-1.jpg","contentUrl":"https:\/\/www.noubarris.net\/web40\/wp-content\/uploads\/2024\/11\/cropped-cropped-LOGO_9BTV-2024_Insta-1.jpg","width":512,"height":512,"caption":"NouBarris.Net"},"image":{"@id":"https:\/\/www.noubarris.net\/web40\/#\/schema\/logo\/image\/"},"sameAs":["https:\/\/www.facebook.com\/NouBarris.net\/?locale=es_ES","https:\/\/x.com\/9BTV"]},{"@type":"Person","@id":"https:\/\/www.noubarris.net\/web40\/#\/schema\/person\/1827f92aaa316c54abbf4dac0de76069","name":"Informatius","image":{"@type":"ImageObject","inLanguage":"ca","@id":"https:\/\/www.noubarris.net\/web40\/#\/schema\/person\/image\/","url":"https:\/\/secure.gravatar.com\/avatar\/87a3b47928835fc72c6ee5b0e1a7263ef0c2d05003a98189bc14926c5f11bcdb?s=96&d=mm&r=g","contentUrl":"https:\/\/secure.gravatar.com\/avatar\/87a3b47928835fc72c6ee5b0e1a7263ef0c2d05003a98189bc14926c5f11bcdb?s=96&d=mm&r=g","caption":"Informatius"},"url":"https:\/\/www.noubarris.net\/web40\/author\/tele\/"}]}},"_links":{"self":[{"href":"https:\/\/www.noubarris.net\/web40\/wp-json\/wp\/v2\/posts\/67316","targetHints":{"allow":["GET"]}}],"collection":[{"href":"https:\/\/www.noubarris.net\/web40\/wp-json\/wp\/v2\/posts"}],"about":[{"href":"https:\/\/www.noubarris.net\/web40\/wp-json\/wp\/v2\/types\/post"}],"author":[{"embeddable":true,"href":"https:\/\/www.noubarris.net\/web40\/wp-json\/wp\/v2\/users\/2"}],"replies":[{"embeddable":true,"href":"https:\/\/www.noubarris.net\/web40\/wp-json\/wp\/v2\/comments?post=67316"}],"version-history":[{"count":0,"href":"https:\/\/www.noubarris.net\/web40\/wp-json\/wp\/v2\/posts\/67316\/revisions"}],"wp:featuredmedia":[{"embeddable":true,"href":"https:\/\/www.noubarris.net\/web40\/wp-json\/wp\/v2\/media\/67320"}],"wp:attachment":[{"href":"https:\/\/www.noubarris.net\/web40\/wp-json\/wp\/v2\/media?parent=67316"}],"wp:term":[{"taxonomy":"category","embeddable":true,"href":"https:\/\/www.noubarris.net\/web40\/wp-json\/wp\/v2\/categories?post=67316"},{"taxonomy":"post_tag","embeddable":true,"href":"https:\/\/www.noubarris.net\/web40\/wp-json\/wp\/v2\/tags?post=67316"}],"curies":[{"name":"wp","href":"https:\/\/api.w.org\/{rel}","templated":true}]}}