{"id":67323,"date":"2016-06-19T00:00:53","date_gmt":"2016-06-18T23:00:53","guid":{"rendered":"http:\/\/www.noubarris.net\/web40\/?p=67323"},"modified":"2016-06-17T12:27:57","modified_gmt":"2016-06-17T11:27:57","slug":"festa-major-solidaria-al-turo-de-la-peira","status":"publish","type":"post","link":"https:\/\/www.noubarris.net\/web40\/festa-major-solidaria-al-turo-de-la-peira\/","title":{"rendered":"Festa Major solid\u00e0ria al Tur\u00f3 de la Peira"},"content":{"rendered":"<p><strong>La comissi\u00f3 de festes dedica part del programa a recaptar fons per a escolars en risc d\u2019exclusi\u00f3 social<\/strong><\/p>\n<p>El Tur\u00f3 de la Peira es troba en plena festa major. L\u2019agenda i les places s\u2019han omplert de concerts, torneigs esportius i altres actes l\u00fadics. Per\u00f2, a m\u00e9s, molts d\u2019aquests esdeveniments tenen un caire solidari. La comissi\u00f3 de festes del Tur\u00f3 de la Peira vol posar el seu granet de sorra i ajudar als nens i nenes en risc d\u2019exclusi\u00f3 social de les escoles El Tur\u00f3 i Calder\u00f3n de la Barca. Per aquesta ra\u00f3, els diners recaptats en actes com el de la botifarrada popular d\u2019aquest migdia, el bingo de la tarda o el concert d\u2019aquest vespre aniran destinats a aquesta finalitat. L\u2019any passat van recaptar uns 2.400 euros i aquest any esperen igualar o superar aquesta quantitat.\u00a0 Podeu consultar quins s\u00f3n els actes solidaris <a href=\"https:\/\/canbaste.files.wordpress.com\/2016\/06\/web.jpg\">en aquest enlla\u00e7<\/a>.<\/p>\n<p>El programa complet per avui i els propers dies \u00e9s el seg\u00fcent:<\/p>\n<p>-Avui diumenge:<\/p>\n<p>14h Botifarrada Popular. Preu: 2 \u20ac<\/p>\n<p>16h Bingo Solidari<\/p>\n<p>pla\u00e7a d\u2019Humberto Rivas (darrera de Can Bast\u00e9)<\/p>\n<p>18.30h Ball de la Gent Gran a la pla\u00e7a de Can Bast\u00e9<\/p>\n<p>19 h Concert Nut Crackers. Cl\u00e0ssics Italo-Americans . Preu: 3\u20ac<\/p>\n<p>A l\u2019Espai Jove les Basses<\/p>\n<p>&nbsp;<\/p>\n<p>-Dilluns:<\/p>\n<p>17.30h Jornada PLAY Campionat de Ping Pong, FIFA i Just Dance a l\u2019Espai Jove Les Basses<\/p>\n<p>17.30h Torneig de Futbol Solidari Tur\u00f3 de la Peira, al Camp municipal de Futbol Tur\u00f3 de la Peira<\/p>\n<p>&nbsp;<\/p>\n<p>-Dimarts:<\/p>\n<p>17.30h Torneig de Futbol Solidari Tur\u00f3 de la Peira, al Camp municipal de Futbol Tur\u00f3 de la Peira<\/p>\n<p>18h Festa de l\u2019escuma als Jardins d\u2019Ignasi Urenda<\/p>\n<p>19h Exhibici\u00f3 de Country a la pla\u00e7a de Les Basses<\/p>\n<p>&nbsp;<\/p>\n<p>-Dimecres:<\/p>\n<p>De 9 a 22h Comer\u00e7 al Carrer, entre els carrers del Cad\u00ed i l\u2019Aneto<\/p>\n<p>18h Torneig de futbol solidari Tur\u00f3 de la Peira, a l\u2019Escola El Tur\u00f3<\/p>\n<p>18.30h Taller de Titelles a la pla\u00e7a de Can Bast\u00e9<\/p>\n<p>19h Rhythm\u2019n\u2019BASSES. Ballarins\/es joves de Les Basses mostren les seves coreografies. A la pla\u00e7a de Les Basses<\/p>\n<p>22h Cinema a la Fresca al passatge de&#8217;n Pere d&#8217;Art\u00e9s<\/p>\n<p>&nbsp;<\/p>\n<p>-Dijous:<\/p>\n<p>21h Revetlla de Sant Joan a la pla\u00e7a de Can Bast\u00e9<\/p>\n<p>&nbsp;<\/p>\n<p>-Dissabte:<\/p>\n<p>12h Vermut Musical a la pla\u00e7a de Can Bast\u00e9<\/p>\n<p>22.30h Bast\u00e9Sona 2016 amb Afrochi Guawa, rumba i petardeig i Funk Tumaka, disco funk, a la pla\u00e7a de Can Bast\u00e9<\/p>\n<p>&nbsp;<\/p>\n<p>&nbsp;<\/p>\n","protected":false},"excerpt":{"rendered":"<p>La comissi\u00f3 de festes dedica part del programa a recaptar fons per a escolars en risc d\u2019exclusi\u00f3 social El Tur\u00f3<\/p>\n","protected":false},"author":2,"featured_media":67317,"comment_status":"closed","ping_status":"closed","sticky":false,"template":"","format":"standard","meta":{"colormag_page_layout":"default_layout","_monsterinsights_skip_tracking":false,"_monsterinsights_sitenote_active":false,"_monsterinsights_sitenote_note":"","_monsterinsights_sitenote_category":0,"footnotes":""},"categories":[129,139],"tags":[246,63,385],"class_list":["post-67323","post","type-post","status-publish","format-standard","has-post-thumbnail","hentry","category-cultura","category-el-turo-de-la-peira","tag-el-turo-de-la-peira","tag-festa-major","tag-solidaritat"],"yoast_head":"<!-- This site is optimized with the Yoast SEO plugin v25.3 - https:\/\/yoast.com\/wordpress\/plugins\/seo\/ -->\n<title>Festa Major solid\u00e0ria al Tur\u00f3 de la Peira - NouBarris.Net<\/title>\n<meta name=\"robots\" content=\"index, follow, max-snippet:-1, max-image-preview:large, max-video-preview:-1\" \/>\n<link rel=\"canonical\" href=\"https:\/\/www.noubarris.net\/web40\/festa-major-solidaria-al-turo-de-la-peira\/\" \/>\n<meta property=\"og:locale\" content=\"ca_ES\" \/>\n<meta property=\"og:type\" content=\"article\" \/>\n<meta property=\"og:title\" content=\"Festa Major solid\u00e0ria al Tur\u00f3 de la Peira - NouBarris.Net\" \/>\n<meta property=\"og:description\" content=\"La comissi\u00f3 de festes dedica part del programa a recaptar fons per a escolars en risc d\u2019exclusi\u00f3 social El Tur\u00f3\" \/>\n<meta property=\"og:url\" content=\"https:\/\/www.noubarris.net\/web40\/festa-major-solidaria-al-turo-de-la-peira\/\" \/>\n<meta property=\"og:site_name\" content=\"NouBarris.Net\" \/>\n<meta property=\"article:publisher\" content=\"https:\/\/www.facebook.com\/NouBarris.net\/?locale=es_ES\" \/>\n<meta property=\"article:published_time\" content=\"2016-06-18T23:00:53+00:00\" \/>\n<meta property=\"og:image\" content=\"https:\/\/www.noubarris.net\/web40\/wp-content\/uploads\/2016\/06\/190616.jpg\" \/>\n\t<meta property=\"og:image:width\" content=\"787\" \/>\n\t<meta property=\"og:image:height\" content=\"445\" \/>\n\t<meta property=\"og:image:type\" content=\"image\/jpeg\" \/>\n<meta name=\"author\" content=\"Informatius\" \/>\n<meta name=\"twitter:card\" content=\"summary_large_image\" \/>\n<meta name=\"twitter:creator\" content=\"@9BTV\" \/>\n<meta name=\"twitter:site\" content=\"@9BTV\" \/>\n<meta name=\"twitter:label1\" content=\"Escrit per\" \/>\n\t<meta name=\"twitter:data1\" content=\"Informatius\" \/>\n\t<meta name=\"twitter:label2\" content=\"Temps estimat de lectura\" \/>\n\t<meta name=\"twitter:data2\" content=\"2 minuts\" \/>\n<script type=\"application\/ld+json\" class=\"yoast-schema-graph\">{\"@context\":\"https:\/\/schema.org\",\"@graph\":[{\"@type\":\"Article\",\"@id\":\"https:\/\/www.noubarris.net\/web40\/festa-major-solidaria-al-turo-de-la-peira\/#article\",\"isPartOf\":{\"@id\":\"https:\/\/www.noubarris.net\/web40\/festa-major-solidaria-al-turo-de-la-peira\/\"},\"author\":{\"name\":\"Informatius\",\"@id\":\"https:\/\/www.noubarris.net\/web40\/#\/schema\/person\/1827f92aaa316c54abbf4dac0de76069\"},\"headline\":\"Festa Major solid\u00e0ria al Tur\u00f3 de la Peira\",\"datePublished\":\"2016-06-18T23:00:53+00:00\",\"mainEntityOfPage\":{\"@id\":\"https:\/\/www.noubarris.net\/web40\/festa-major-solidaria-al-turo-de-la-peira\/\"},\"wordCount\":426,\"publisher\":{\"@id\":\"https:\/\/www.noubarris.net\/web40\/#organization\"},\"image\":{\"@id\":\"https:\/\/www.noubarris.net\/web40\/festa-major-solidaria-al-turo-de-la-peira\/#primaryimage\"},\"thumbnailUrl\":\"https:\/\/www.noubarris.net\/web40\/wp-content\/uploads\/2016\/06\/190616.jpg\",\"keywords\":[\"El Tur\u00f3 de la Peira\",\"Festa Major\",\"Solidaritat\"],\"articleSection\":[\"Cultura\",\"El Tur\u00f3 de la Peira\"],\"inLanguage\":\"ca\"},{\"@type\":\"WebPage\",\"@id\":\"https:\/\/www.noubarris.net\/web40\/festa-major-solidaria-al-turo-de-la-peira\/\",\"url\":\"https:\/\/www.noubarris.net\/web40\/festa-major-solidaria-al-turo-de-la-peira\/\",\"name\":\"Festa Major solid\u00e0ria al Tur\u00f3 de la Peira - NouBarris.Net\",\"isPartOf\":{\"@id\":\"https:\/\/www.noubarris.net\/web40\/#website\"},\"primaryImageOfPage\":{\"@id\":\"https:\/\/www.noubarris.net\/web40\/festa-major-solidaria-al-turo-de-la-peira\/#primaryimage\"},\"image\":{\"@id\":\"https:\/\/www.noubarris.net\/web40\/festa-major-solidaria-al-turo-de-la-peira\/#primaryimage\"},\"thumbnailUrl\":\"https:\/\/www.noubarris.net\/web40\/wp-content\/uploads\/2016\/06\/190616.jpg\",\"datePublished\":\"2016-06-18T23:00:53+00:00\",\"breadcrumb\":{\"@id\":\"https:\/\/www.noubarris.net\/web40\/festa-major-solidaria-al-turo-de-la-peira\/#breadcrumb\"},\"inLanguage\":\"ca\",\"potentialAction\":[{\"@type\":\"ReadAction\",\"target\":[\"https:\/\/www.noubarris.net\/web40\/festa-major-solidaria-al-turo-de-la-peira\/\"]}]},{\"@type\":\"ImageObject\",\"inLanguage\":\"ca\",\"@id\":\"https:\/\/www.noubarris.net\/web40\/festa-major-solidaria-al-turo-de-la-peira\/#primaryimage\",\"url\":\"https:\/\/www.noubarris.net\/web40\/wp-content\/uploads\/2016\/06\/190616.jpg\",\"contentUrl\":\"https:\/\/www.noubarris.net\/web40\/wp-content\/uploads\/2016\/06\/190616.jpg\",\"width\":787,\"height\":445},{\"@type\":\"BreadcrumbList\",\"@id\":\"https:\/\/www.noubarris.net\/web40\/festa-major-solidaria-al-turo-de-la-peira\/#breadcrumb\",\"itemListElement\":[{\"@type\":\"ListItem\",\"position\":1,\"name\":\"Inici\",\"item\":\"https:\/\/www.noubarris.net\/web40\/\"},{\"@type\":\"ListItem\",\"position\":2,\"name\":\"Festa Major solid\u00e0ria al Tur\u00f3 de la Peira\"}]},{\"@type\":\"WebSite\",\"@id\":\"https:\/\/www.noubarris.net\/web40\/#website\",\"url\":\"https:\/\/www.noubarris.net\/web40\/\",\"name\":\"NouBarris.Net\",\"description\":\"Seguint la vida de Nou Barris des de 1985\",\"publisher\":{\"@id\":\"https:\/\/www.noubarris.net\/web40\/#organization\"},\"potentialAction\":[{\"@type\":\"SearchAction\",\"target\":{\"@type\":\"EntryPoint\",\"urlTemplate\":\"https:\/\/www.noubarris.net\/web40\/?s={search_term_string}\"},\"query-input\":{\"@type\":\"PropertyValueSpecification\",\"valueRequired\":true,\"valueName\":\"search_term_string\"}}],\"inLanguage\":\"ca\"},{\"@type\":\"Organization\",\"@id\":\"https:\/\/www.noubarris.net\/web40\/#organization\",\"name\":\"NouBarris.Net\",\"url\":\"https:\/\/www.noubarris.net\/web40\/\",\"logo\":{\"@type\":\"ImageObject\",\"inLanguage\":\"ca\",\"@id\":\"https:\/\/www.noubarris.net\/web40\/#\/schema\/logo\/image\/\",\"url\":\"https:\/\/www.noubarris.net\/web40\/wp-content\/uploads\/2024\/11\/cropped-cropped-LOGO_9BTV-2024_Insta-1.jpg\",\"contentUrl\":\"https:\/\/www.noubarris.net\/web40\/wp-content\/uploads\/2024\/11\/cropped-cropped-LOGO_9BTV-2024_Insta-1.jpg\",\"width\":512,\"height\":512,\"caption\":\"NouBarris.Net\"},\"image\":{\"@id\":\"https:\/\/www.noubarris.net\/web40\/#\/schema\/logo\/image\/\"},\"sameAs\":[\"https:\/\/www.facebook.com\/NouBarris.net\/?locale=es_ES\",\"https:\/\/x.com\/9BTV\"]},{\"@type\":\"Person\",\"@id\":\"https:\/\/www.noubarris.net\/web40\/#\/schema\/person\/1827f92aaa316c54abbf4dac0de76069\",\"name\":\"Informatius\",\"image\":{\"@type\":\"ImageObject\",\"inLanguage\":\"ca\",\"@id\":\"https:\/\/www.noubarris.net\/web40\/#\/schema\/person\/image\/\",\"url\":\"https:\/\/secure.gravatar.com\/avatar\/87a3b47928835fc72c6ee5b0e1a7263ef0c2d05003a98189bc14926c5f11bcdb?s=96&d=mm&r=g\",\"contentUrl\":\"https:\/\/secure.gravatar.com\/avatar\/87a3b47928835fc72c6ee5b0e1a7263ef0c2d05003a98189bc14926c5f11bcdb?s=96&d=mm&r=g\",\"caption\":\"Informatius\"},\"url\":\"https:\/\/www.noubarris.net\/web40\/author\/tele\/\"}]}<\/script>\n<!-- \/ Yoast SEO plugin. -->","yoast_head_json":{"title":"Festa Major solid\u00e0ria al Tur\u00f3 de la Peira - NouBarris.Net","robots":{"index":"index","follow":"follow","max-snippet":"max-snippet:-1","max-image-preview":"max-image-preview:large","max-video-preview":"max-video-preview:-1"},"canonical":"https:\/\/www.noubarris.net\/web40\/festa-major-solidaria-al-turo-de-la-peira\/","og_locale":"ca_ES","og_type":"article","og_title":"Festa Major solid\u00e0ria al Tur\u00f3 de la Peira - NouBarris.Net","og_description":"La comissi\u00f3 de festes dedica part del programa a recaptar fons per a escolars en risc d\u2019exclusi\u00f3 social El Tur\u00f3","og_url":"https:\/\/www.noubarris.net\/web40\/festa-major-solidaria-al-turo-de-la-peira\/","og_site_name":"NouBarris.Net","article_publisher":"https:\/\/www.facebook.com\/NouBarris.net\/?locale=es_ES","article_published_time":"2016-06-18T23:00:53+00:00","og_image":[{"width":787,"height":445,"url":"https:\/\/www.noubarris.net\/web40\/wp-content\/uploads\/2016\/06\/190616.jpg","type":"image\/jpeg"}],"author":"Informatius","twitter_card":"summary_large_image","twitter_creator":"@9BTV","twitter_site":"@9BTV","twitter_misc":{"Escrit per":"Informatius","Temps estimat de lectura":"2 minuts"},"schema":{"@context":"https:\/\/schema.org","@graph":[{"@type":"Article","@id":"https:\/\/www.noubarris.net\/web40\/festa-major-solidaria-al-turo-de-la-peira\/#article","isPartOf":{"@id":"https:\/\/www.noubarris.net\/web40\/festa-major-solidaria-al-turo-de-la-peira\/"},"author":{"name":"Informatius","@id":"https:\/\/www.noubarris.net\/web40\/#\/schema\/person\/1827f92aaa316c54abbf4dac0de76069"},"headline":"Festa Major solid\u00e0ria al Tur\u00f3 de la Peira","datePublished":"2016-06-18T23:00:53+00:00","mainEntityOfPage":{"@id":"https:\/\/www.noubarris.net\/web40\/festa-major-solidaria-al-turo-de-la-peira\/"},"wordCount":426,"publisher":{"@id":"https:\/\/www.noubarris.net\/web40\/#organization"},"image":{"@id":"https:\/\/www.noubarris.net\/web40\/festa-major-solidaria-al-turo-de-la-peira\/#primaryimage"},"thumbnailUrl":"https:\/\/www.noubarris.net\/web40\/wp-content\/uploads\/2016\/06\/190616.jpg","keywords":["El Tur\u00f3 de la Peira","Festa Major","Solidaritat"],"articleSection":["Cultura","El Tur\u00f3 de la Peira"],"inLanguage":"ca"},{"@type":"WebPage","@id":"https:\/\/www.noubarris.net\/web40\/festa-major-solidaria-al-turo-de-la-peira\/","url":"https:\/\/www.noubarris.net\/web40\/festa-major-solidaria-al-turo-de-la-peira\/","name":"Festa Major solid\u00e0ria al Tur\u00f3 de la Peira - NouBarris.Net","isPartOf":{"@id":"https:\/\/www.noubarris.net\/web40\/#website"},"primaryImageOfPage":{"@id":"https:\/\/www.noubarris.net\/web40\/festa-major-solidaria-al-turo-de-la-peira\/#primaryimage"},"image":{"@id":"https:\/\/www.noubarris.net\/web40\/festa-major-solidaria-al-turo-de-la-peira\/#primaryimage"},"thumbnailUrl":"https:\/\/www.noubarris.net\/web40\/wp-content\/uploads\/2016\/06\/190616.jpg","datePublished":"2016-06-18T23:00:53+00:00","breadcrumb":{"@id":"https:\/\/www.noubarris.net\/web40\/festa-major-solidaria-al-turo-de-la-peira\/#breadcrumb"},"inLanguage":"ca","potentialAction":[{"@type":"ReadAction","target":["https:\/\/www.noubarris.net\/web40\/festa-major-solidaria-al-turo-de-la-peira\/"]}]},{"@type":"ImageObject","inLanguage":"ca","@id":"https:\/\/www.noubarris.net\/web40\/festa-major-solidaria-al-turo-de-la-peira\/#primaryimage","url":"https:\/\/www.noubarris.net\/web40\/wp-content\/uploads\/2016\/06\/190616.jpg","contentUrl":"https:\/\/www.noubarris.net\/web40\/wp-content\/uploads\/2016\/06\/190616.jpg","width":787,"height":445},{"@type":"BreadcrumbList","@id":"https:\/\/www.noubarris.net\/web40\/festa-major-solidaria-al-turo-de-la-peira\/#breadcrumb","itemListElement":[{"@type":"ListItem","position":1,"name":"Inici","item":"https:\/\/www.noubarris.net\/web40\/"},{"@type":"ListItem","position":2,"name":"Festa Major solid\u00e0ria al Tur\u00f3 de la Peira"}]},{"@type":"WebSite","@id":"https:\/\/www.noubarris.net\/web40\/#website","url":"https:\/\/www.noubarris.net\/web40\/","name":"NouBarris.Net","description":"Seguint la vida de Nou Barris des de 1985","publisher":{"@id":"https:\/\/www.noubarris.net\/web40\/#organization"},"potentialAction":[{"@type":"SearchAction","target":{"@type":"EntryPoint","urlTemplate":"https:\/\/www.noubarris.net\/web40\/?s={search_term_string}"},"query-input":{"@type":"PropertyValueSpecification","valueRequired":true,"valueName":"search_term_string"}}],"inLanguage":"ca"},{"@type":"Organization","@id":"https:\/\/www.noubarris.net\/web40\/#organization","name":"NouBarris.Net","url":"https:\/\/www.noubarris.net\/web40\/","logo":{"@type":"ImageObject","inLanguage":"ca","@id":"https:\/\/www.noubarris.net\/web40\/#\/schema\/logo\/image\/","url":"https:\/\/www.noubarris.net\/web40\/wp-content\/uploads\/2024\/11\/cropped-cropped-LOGO_9BTV-2024_Insta-1.jpg","contentUrl":"https:\/\/www.noubarris.net\/web40\/wp-content\/uploads\/2024\/11\/cropped-cropped-LOGO_9BTV-2024_Insta-1.jpg","width":512,"height":512,"caption":"NouBarris.Net"},"image":{"@id":"https:\/\/www.noubarris.net\/web40\/#\/schema\/logo\/image\/"},"sameAs":["https:\/\/www.facebook.com\/NouBarris.net\/?locale=es_ES","https:\/\/x.com\/9BTV"]},{"@type":"Person","@id":"https:\/\/www.noubarris.net\/web40\/#\/schema\/person\/1827f92aaa316c54abbf4dac0de76069","name":"Informatius","image":{"@type":"ImageObject","inLanguage":"ca","@id":"https:\/\/www.noubarris.net\/web40\/#\/schema\/person\/image\/","url":"https:\/\/secure.gravatar.com\/avatar\/87a3b47928835fc72c6ee5b0e1a7263ef0c2d05003a98189bc14926c5f11bcdb?s=96&d=mm&r=g","contentUrl":"https:\/\/secure.gravatar.com\/avatar\/87a3b47928835fc72c6ee5b0e1a7263ef0c2d05003a98189bc14926c5f11bcdb?s=96&d=mm&r=g","caption":"Informatius"},"url":"https:\/\/www.noubarris.net\/web40\/author\/tele\/"}]}},"_links":{"self":[{"href":"https:\/\/www.noubarris.net\/web40\/wp-json\/wp\/v2\/posts\/67323","targetHints":{"allow":["GET"]}}],"collection":[{"href":"https:\/\/www.noubarris.net\/web40\/wp-json\/wp\/v2\/posts"}],"about":[{"href":"https:\/\/www.noubarris.net\/web40\/wp-json\/wp\/v2\/types\/post"}],"author":[{"embeddable":true,"href":"https:\/\/www.noubarris.net\/web40\/wp-json\/wp\/v2\/users\/2"}],"replies":[{"embeddable":true,"href":"https:\/\/www.noubarris.net\/web40\/wp-json\/wp\/v2\/comments?post=67323"}],"version-history":[{"count":0,"href":"https:\/\/www.noubarris.net\/web40\/wp-json\/wp\/v2\/posts\/67323\/revisions"}],"wp:featuredmedia":[{"embeddable":true,"href":"https:\/\/www.noubarris.net\/web40\/wp-json\/wp\/v2\/media\/67317"}],"wp:attachment":[{"href":"https:\/\/www.noubarris.net\/web40\/wp-json\/wp\/v2\/media?parent=67323"}],"wp:term":[{"taxonomy":"category","embeddable":true,"href":"https:\/\/www.noubarris.net\/web40\/wp-json\/wp\/v2\/categories?post=67323"},{"taxonomy":"post_tag","embeddable":true,"href":"https:\/\/www.noubarris.net\/web40\/wp-json\/wp\/v2\/tags?post=67323"}],"curies":[{"name":"wp","href":"https:\/\/api.w.org\/{rel}","templated":true}]}}