{"id":67427,"date":"2016-06-28T00:00:46","date_gmt":"2016-06-27T23:00:46","guid":{"rendered":"http:\/\/www.noubarris.net\/web40\/?p=67427"},"modified":"2016-06-27T15:43:29","modified_gmt":"2016-06-27T14:43:29","slug":"el-parc-daromatiques-que-es-va-quedar-a-mitges","status":"publish","type":"post","link":"https:\/\/www.noubarris.net\/web40\/el-parc-daromatiques-que-es-va-quedar-a-mitges\/","title":{"rendered":"El parc d\u2019arom\u00e0tiques que es va quedar a mitges"},"content":{"rendered":"<p><strong>Un canvi al projecte final va convertir el parc de Rodrigo Caro de les Roquetes en un jard\u00ed mediterrani<\/strong><\/p>\n<p>Els Jardins de Rodrigo Caro es van crear fa 8 anys com a zona de transici\u00f3 entre el barri de les Roquetes i la serra. El temps l\u2019ha convertit en un rac\u00f3 pac\u00edfic i verd. El parc salva 21 metres de desnivell a trav\u00e9s de camins adaptats per a cadires de rodes i envoltats de plantes mediterr\u00e0nies. Tres espais en forma de mitja lluna conviden al descans, al picnic i als jocs infantils. El pla inicial era que l\u2019espai estigu\u00e9s especialitzat en plantes arom\u00e0tiques i serv\u00eds com a punt educatiu per a les escoles i el ve\u00efnat de Barcelona en general. Per\u00f2 a darrera hora es van canviar el plans i es va dedicar l\u2019espai a les plantes mediterr\u00e0nies en general, fins i tot a algunes tretes de context, com algunes caracter\u00edstiques de les platges i el litoral. Tamb\u00e9 inclou d\u2019arom\u00e0tiques com la lavanda o el roman\u00ed, per\u00f2 disperses per tot el recorregut. Aquest fet va molestar els ve\u00efns de les Roquetes i especialment a l\u2019Associaci\u00f3 Mediambiental Grodema, precursora del projecte de les arom\u00e0tiques. \u2018No ens conven\u00e7 perqu\u00e8 la nostra idea del parc d\u2019arom\u00e0tiques tenia un sentit \u2013 explica Jos\u00e9 Antonio Ruiz, de l\u2019Associaci\u00f3 Mediambiental Grodema- Vol\u00edem fer un jard\u00ed tem\u00e0tic que atragu\u00e9s gent d\u2019altres barris a venir a les Roquetes per gaudir d\u2019un parc especial, com passa amb altres parcs de la ciutat.\u201d<\/p>\n<p>Ara, vuit anys despr\u00e9s, volen reconciliar-se amb l\u2019espai i reclamar-ne una millora en el seu manteniment. Males herbes pendents d\u2019arrencar, arbustos per retallar i plantes que envaeixen els camins \u00e9s el paisatge habitual d\u2019aquest parc tranquil.<\/p>\n","protected":false},"excerpt":{"rendered":"<p>Un canvi al projecte final va convertir el parc de Rodrigo Caro de les Roquetes en un jard\u00ed mediterrani Els<\/p>\n","protected":false},"author":2,"featured_media":67428,"comment_status":"closed","ping_status":"closed","sticky":false,"template":"","format":"standard","meta":{"colormag_page_layout":"default_layout","_monsterinsights_skip_tracking":false,"_monsterinsights_sitenote_active":false,"_monsterinsights_sitenote_note":"","_monsterinsights_sitenote_category":0,"footnotes":""},"categories":[136,302],"tags":[49,352,413],"class_list":["post-67427","post","type-post","status-publish","format-standard","has-post-thumbnail","hentry","category-les-roquetes","category-urbanisme","tag-les-roquetes","tag-medi-ambient","tag-parcs"],"yoast_head":"<!-- This site is optimized with the Yoast SEO plugin v25.3 - https:\/\/yoast.com\/wordpress\/plugins\/seo\/ -->\n<title>El parc d\u2019arom\u00e0tiques que es va quedar a mitges - NouBarris.Net<\/title>\n<meta name=\"robots\" content=\"index, follow, max-snippet:-1, max-image-preview:large, max-video-preview:-1\" \/>\n<link rel=\"canonical\" href=\"https:\/\/www.noubarris.net\/web40\/el-parc-daromatiques-que-es-va-quedar-a-mitges\/\" \/>\n<meta property=\"og:locale\" content=\"ca_ES\" \/>\n<meta property=\"og:type\" content=\"article\" \/>\n<meta property=\"og:title\" content=\"El parc d\u2019arom\u00e0tiques que es va quedar a mitges - NouBarris.Net\" \/>\n<meta property=\"og:description\" content=\"Un canvi al projecte final va convertir el parc de Rodrigo Caro de les Roquetes en un jard\u00ed mediterrani Els\" \/>\n<meta property=\"og:url\" content=\"https:\/\/www.noubarris.net\/web40\/el-parc-daromatiques-que-es-va-quedar-a-mitges\/\" \/>\n<meta property=\"og:site_name\" content=\"NouBarris.Net\" \/>\n<meta property=\"article:publisher\" content=\"https:\/\/www.facebook.com\/NouBarris.net\/?locale=es_ES\" \/>\n<meta property=\"article:published_time\" content=\"2016-06-27T23:00:46+00:00\" \/>\n<meta property=\"og:image\" content=\"https:\/\/www.noubarris.net\/web40\/wp-content\/uploads\/2016\/06\/280616.jpg\" \/>\n\t<meta property=\"og:image:width\" content=\"787\" \/>\n\t<meta property=\"og:image:height\" content=\"445\" \/>\n\t<meta property=\"og:image:type\" content=\"image\/jpeg\" \/>\n<meta name=\"author\" content=\"Informatius\" \/>\n<meta name=\"twitter:card\" content=\"summary_large_image\" \/>\n<meta name=\"twitter:creator\" content=\"@9BTV\" \/>\n<meta name=\"twitter:site\" content=\"@9BTV\" \/>\n<meta name=\"twitter:label1\" content=\"Escrit per\" \/>\n\t<meta name=\"twitter:data1\" content=\"Informatius\" \/>\n\t<meta name=\"twitter:label2\" content=\"Temps estimat de lectura\" \/>\n\t<meta name=\"twitter:data2\" content=\"2 minuts\" \/>\n<script type=\"application\/ld+json\" class=\"yoast-schema-graph\">{\"@context\":\"https:\/\/schema.org\",\"@graph\":[{\"@type\":\"Article\",\"@id\":\"https:\/\/www.noubarris.net\/web40\/el-parc-daromatiques-que-es-va-quedar-a-mitges\/#article\",\"isPartOf\":{\"@id\":\"https:\/\/www.noubarris.net\/web40\/el-parc-daromatiques-que-es-va-quedar-a-mitges\/\"},\"author\":{\"name\":\"Informatius\",\"@id\":\"https:\/\/www.noubarris.net\/web40\/#\/schema\/person\/1827f92aaa316c54abbf4dac0de76069\"},\"headline\":\"El parc d\u2019arom\u00e0tiques que es va quedar a mitges\",\"datePublished\":\"2016-06-27T23:00:46+00:00\",\"mainEntityOfPage\":{\"@id\":\"https:\/\/www.noubarris.net\/web40\/el-parc-daromatiques-que-es-va-quedar-a-mitges\/\"},\"wordCount\":316,\"publisher\":{\"@id\":\"https:\/\/www.noubarris.net\/web40\/#organization\"},\"image\":{\"@id\":\"https:\/\/www.noubarris.net\/web40\/el-parc-daromatiques-que-es-va-quedar-a-mitges\/#primaryimage\"},\"thumbnailUrl\":\"https:\/\/www.noubarris.net\/web40\/wp-content\/uploads\/2016\/06\/280616.jpg\",\"keywords\":[\"Les Roquetes\",\"Medi ambient\",\"Parcs\"],\"articleSection\":[\"Les Roquetes\",\"Urbanisme\"],\"inLanguage\":\"ca\"},{\"@type\":\"WebPage\",\"@id\":\"https:\/\/www.noubarris.net\/web40\/el-parc-daromatiques-que-es-va-quedar-a-mitges\/\",\"url\":\"https:\/\/www.noubarris.net\/web40\/el-parc-daromatiques-que-es-va-quedar-a-mitges\/\",\"name\":\"El parc d\u2019arom\u00e0tiques que es va quedar a mitges - NouBarris.Net\",\"isPartOf\":{\"@id\":\"https:\/\/www.noubarris.net\/web40\/#website\"},\"primaryImageOfPage\":{\"@id\":\"https:\/\/www.noubarris.net\/web40\/el-parc-daromatiques-que-es-va-quedar-a-mitges\/#primaryimage\"},\"image\":{\"@id\":\"https:\/\/www.noubarris.net\/web40\/el-parc-daromatiques-que-es-va-quedar-a-mitges\/#primaryimage\"},\"thumbnailUrl\":\"https:\/\/www.noubarris.net\/web40\/wp-content\/uploads\/2016\/06\/280616.jpg\",\"datePublished\":\"2016-06-27T23:00:46+00:00\",\"breadcrumb\":{\"@id\":\"https:\/\/www.noubarris.net\/web40\/el-parc-daromatiques-que-es-va-quedar-a-mitges\/#breadcrumb\"},\"inLanguage\":\"ca\",\"potentialAction\":[{\"@type\":\"ReadAction\",\"target\":[\"https:\/\/www.noubarris.net\/web40\/el-parc-daromatiques-que-es-va-quedar-a-mitges\/\"]}]},{\"@type\":\"ImageObject\",\"inLanguage\":\"ca\",\"@id\":\"https:\/\/www.noubarris.net\/web40\/el-parc-daromatiques-que-es-va-quedar-a-mitges\/#primaryimage\",\"url\":\"https:\/\/www.noubarris.net\/web40\/wp-content\/uploads\/2016\/06\/280616.jpg\",\"contentUrl\":\"https:\/\/www.noubarris.net\/web40\/wp-content\/uploads\/2016\/06\/280616.jpg\",\"width\":787,\"height\":445},{\"@type\":\"BreadcrumbList\",\"@id\":\"https:\/\/www.noubarris.net\/web40\/el-parc-daromatiques-que-es-va-quedar-a-mitges\/#breadcrumb\",\"itemListElement\":[{\"@type\":\"ListItem\",\"position\":1,\"name\":\"Inici\",\"item\":\"https:\/\/www.noubarris.net\/web40\/\"},{\"@type\":\"ListItem\",\"position\":2,\"name\":\"El parc d\u2019arom\u00e0tiques que es va quedar a mitges\"}]},{\"@type\":\"WebSite\",\"@id\":\"https:\/\/www.noubarris.net\/web40\/#website\",\"url\":\"https:\/\/www.noubarris.net\/web40\/\",\"name\":\"NouBarris.Net\",\"description\":\"Seguint la vida de Nou Barris des de 1985\",\"publisher\":{\"@id\":\"https:\/\/www.noubarris.net\/web40\/#organization\"},\"potentialAction\":[{\"@type\":\"SearchAction\",\"target\":{\"@type\":\"EntryPoint\",\"urlTemplate\":\"https:\/\/www.noubarris.net\/web40\/?s={search_term_string}\"},\"query-input\":{\"@type\":\"PropertyValueSpecification\",\"valueRequired\":true,\"valueName\":\"search_term_string\"}}],\"inLanguage\":\"ca\"},{\"@type\":\"Organization\",\"@id\":\"https:\/\/www.noubarris.net\/web40\/#organization\",\"name\":\"NouBarris.Net\",\"url\":\"https:\/\/www.noubarris.net\/web40\/\",\"logo\":{\"@type\":\"ImageObject\",\"inLanguage\":\"ca\",\"@id\":\"https:\/\/www.noubarris.net\/web40\/#\/schema\/logo\/image\/\",\"url\":\"https:\/\/www.noubarris.net\/web40\/wp-content\/uploads\/2024\/11\/cropped-cropped-LOGO_9BTV-2024_Insta-1.jpg\",\"contentUrl\":\"https:\/\/www.noubarris.net\/web40\/wp-content\/uploads\/2024\/11\/cropped-cropped-LOGO_9BTV-2024_Insta-1.jpg\",\"width\":512,\"height\":512,\"caption\":\"NouBarris.Net\"},\"image\":{\"@id\":\"https:\/\/www.noubarris.net\/web40\/#\/schema\/logo\/image\/\"},\"sameAs\":[\"https:\/\/www.facebook.com\/NouBarris.net\/?locale=es_ES\",\"https:\/\/x.com\/9BTV\"]},{\"@type\":\"Person\",\"@id\":\"https:\/\/www.noubarris.net\/web40\/#\/schema\/person\/1827f92aaa316c54abbf4dac0de76069\",\"name\":\"Informatius\",\"image\":{\"@type\":\"ImageObject\",\"inLanguage\":\"ca\",\"@id\":\"https:\/\/www.noubarris.net\/web40\/#\/schema\/person\/image\/\",\"url\":\"https:\/\/secure.gravatar.com\/avatar\/87a3b47928835fc72c6ee5b0e1a7263ef0c2d05003a98189bc14926c5f11bcdb?s=96&d=mm&r=g\",\"contentUrl\":\"https:\/\/secure.gravatar.com\/avatar\/87a3b47928835fc72c6ee5b0e1a7263ef0c2d05003a98189bc14926c5f11bcdb?s=96&d=mm&r=g\",\"caption\":\"Informatius\"},\"url\":\"https:\/\/www.noubarris.net\/web40\/author\/tele\/\"}]}<\/script>\n<!-- \/ Yoast SEO plugin. -->","yoast_head_json":{"title":"El parc d\u2019arom\u00e0tiques que es va quedar a mitges - NouBarris.Net","robots":{"index":"index","follow":"follow","max-snippet":"max-snippet:-1","max-image-preview":"max-image-preview:large","max-video-preview":"max-video-preview:-1"},"canonical":"https:\/\/www.noubarris.net\/web40\/el-parc-daromatiques-que-es-va-quedar-a-mitges\/","og_locale":"ca_ES","og_type":"article","og_title":"El parc d\u2019arom\u00e0tiques que es va quedar a mitges - NouBarris.Net","og_description":"Un canvi al projecte final va convertir el parc de Rodrigo Caro de les Roquetes en un jard\u00ed mediterrani Els","og_url":"https:\/\/www.noubarris.net\/web40\/el-parc-daromatiques-que-es-va-quedar-a-mitges\/","og_site_name":"NouBarris.Net","article_publisher":"https:\/\/www.facebook.com\/NouBarris.net\/?locale=es_ES","article_published_time":"2016-06-27T23:00:46+00:00","og_image":[{"width":787,"height":445,"url":"https:\/\/www.noubarris.net\/web40\/wp-content\/uploads\/2016\/06\/280616.jpg","type":"image\/jpeg"}],"author":"Informatius","twitter_card":"summary_large_image","twitter_creator":"@9BTV","twitter_site":"@9BTV","twitter_misc":{"Escrit per":"Informatius","Temps estimat de lectura":"2 minuts"},"schema":{"@context":"https:\/\/schema.org","@graph":[{"@type":"Article","@id":"https:\/\/www.noubarris.net\/web40\/el-parc-daromatiques-que-es-va-quedar-a-mitges\/#article","isPartOf":{"@id":"https:\/\/www.noubarris.net\/web40\/el-parc-daromatiques-que-es-va-quedar-a-mitges\/"},"author":{"name":"Informatius","@id":"https:\/\/www.noubarris.net\/web40\/#\/schema\/person\/1827f92aaa316c54abbf4dac0de76069"},"headline":"El parc d\u2019arom\u00e0tiques que es va quedar a mitges","datePublished":"2016-06-27T23:00:46+00:00","mainEntityOfPage":{"@id":"https:\/\/www.noubarris.net\/web40\/el-parc-daromatiques-que-es-va-quedar-a-mitges\/"},"wordCount":316,"publisher":{"@id":"https:\/\/www.noubarris.net\/web40\/#organization"},"image":{"@id":"https:\/\/www.noubarris.net\/web40\/el-parc-daromatiques-que-es-va-quedar-a-mitges\/#primaryimage"},"thumbnailUrl":"https:\/\/www.noubarris.net\/web40\/wp-content\/uploads\/2016\/06\/280616.jpg","keywords":["Les Roquetes","Medi ambient","Parcs"],"articleSection":["Les Roquetes","Urbanisme"],"inLanguage":"ca"},{"@type":"WebPage","@id":"https:\/\/www.noubarris.net\/web40\/el-parc-daromatiques-que-es-va-quedar-a-mitges\/","url":"https:\/\/www.noubarris.net\/web40\/el-parc-daromatiques-que-es-va-quedar-a-mitges\/","name":"El parc d\u2019arom\u00e0tiques que es va quedar a mitges - NouBarris.Net","isPartOf":{"@id":"https:\/\/www.noubarris.net\/web40\/#website"},"primaryImageOfPage":{"@id":"https:\/\/www.noubarris.net\/web40\/el-parc-daromatiques-que-es-va-quedar-a-mitges\/#primaryimage"},"image":{"@id":"https:\/\/www.noubarris.net\/web40\/el-parc-daromatiques-que-es-va-quedar-a-mitges\/#primaryimage"},"thumbnailUrl":"https:\/\/www.noubarris.net\/web40\/wp-content\/uploads\/2016\/06\/280616.jpg","datePublished":"2016-06-27T23:00:46+00:00","breadcrumb":{"@id":"https:\/\/www.noubarris.net\/web40\/el-parc-daromatiques-que-es-va-quedar-a-mitges\/#breadcrumb"},"inLanguage":"ca","potentialAction":[{"@type":"ReadAction","target":["https:\/\/www.noubarris.net\/web40\/el-parc-daromatiques-que-es-va-quedar-a-mitges\/"]}]},{"@type":"ImageObject","inLanguage":"ca","@id":"https:\/\/www.noubarris.net\/web40\/el-parc-daromatiques-que-es-va-quedar-a-mitges\/#primaryimage","url":"https:\/\/www.noubarris.net\/web40\/wp-content\/uploads\/2016\/06\/280616.jpg","contentUrl":"https:\/\/www.noubarris.net\/web40\/wp-content\/uploads\/2016\/06\/280616.jpg","width":787,"height":445},{"@type":"BreadcrumbList","@id":"https:\/\/www.noubarris.net\/web40\/el-parc-daromatiques-que-es-va-quedar-a-mitges\/#breadcrumb","itemListElement":[{"@type":"ListItem","position":1,"name":"Inici","item":"https:\/\/www.noubarris.net\/web40\/"},{"@type":"ListItem","position":2,"name":"El parc d\u2019arom\u00e0tiques que es va quedar a mitges"}]},{"@type":"WebSite","@id":"https:\/\/www.noubarris.net\/web40\/#website","url":"https:\/\/www.noubarris.net\/web40\/","name":"NouBarris.Net","description":"Seguint la vida de Nou Barris des de 1985","publisher":{"@id":"https:\/\/www.noubarris.net\/web40\/#organization"},"potentialAction":[{"@type":"SearchAction","target":{"@type":"EntryPoint","urlTemplate":"https:\/\/www.noubarris.net\/web40\/?s={search_term_string}"},"query-input":{"@type":"PropertyValueSpecification","valueRequired":true,"valueName":"search_term_string"}}],"inLanguage":"ca"},{"@type":"Organization","@id":"https:\/\/www.noubarris.net\/web40\/#organization","name":"NouBarris.Net","url":"https:\/\/www.noubarris.net\/web40\/","logo":{"@type":"ImageObject","inLanguage":"ca","@id":"https:\/\/www.noubarris.net\/web40\/#\/schema\/logo\/image\/","url":"https:\/\/www.noubarris.net\/web40\/wp-content\/uploads\/2024\/11\/cropped-cropped-LOGO_9BTV-2024_Insta-1.jpg","contentUrl":"https:\/\/www.noubarris.net\/web40\/wp-content\/uploads\/2024\/11\/cropped-cropped-LOGO_9BTV-2024_Insta-1.jpg","width":512,"height":512,"caption":"NouBarris.Net"},"image":{"@id":"https:\/\/www.noubarris.net\/web40\/#\/schema\/logo\/image\/"},"sameAs":["https:\/\/www.facebook.com\/NouBarris.net\/?locale=es_ES","https:\/\/x.com\/9BTV"]},{"@type":"Person","@id":"https:\/\/www.noubarris.net\/web40\/#\/schema\/person\/1827f92aaa316c54abbf4dac0de76069","name":"Informatius","image":{"@type":"ImageObject","inLanguage":"ca","@id":"https:\/\/www.noubarris.net\/web40\/#\/schema\/person\/image\/","url":"https:\/\/secure.gravatar.com\/avatar\/87a3b47928835fc72c6ee5b0e1a7263ef0c2d05003a98189bc14926c5f11bcdb?s=96&d=mm&r=g","contentUrl":"https:\/\/secure.gravatar.com\/avatar\/87a3b47928835fc72c6ee5b0e1a7263ef0c2d05003a98189bc14926c5f11bcdb?s=96&d=mm&r=g","caption":"Informatius"},"url":"https:\/\/www.noubarris.net\/web40\/author\/tele\/"}]}},"_links":{"self":[{"href":"https:\/\/www.noubarris.net\/web40\/wp-json\/wp\/v2\/posts\/67427","targetHints":{"allow":["GET"]}}],"collection":[{"href":"https:\/\/www.noubarris.net\/web40\/wp-json\/wp\/v2\/posts"}],"about":[{"href":"https:\/\/www.noubarris.net\/web40\/wp-json\/wp\/v2\/types\/post"}],"author":[{"embeddable":true,"href":"https:\/\/www.noubarris.net\/web40\/wp-json\/wp\/v2\/users\/2"}],"replies":[{"embeddable":true,"href":"https:\/\/www.noubarris.net\/web40\/wp-json\/wp\/v2\/comments?post=67427"}],"version-history":[{"count":0,"href":"https:\/\/www.noubarris.net\/web40\/wp-json\/wp\/v2\/posts\/67427\/revisions"}],"wp:featuredmedia":[{"embeddable":true,"href":"https:\/\/www.noubarris.net\/web40\/wp-json\/wp\/v2\/media\/67428"}],"wp:attachment":[{"href":"https:\/\/www.noubarris.net\/web40\/wp-json\/wp\/v2\/media?parent=67427"}],"wp:term":[{"taxonomy":"category","embeddable":true,"href":"https:\/\/www.noubarris.net\/web40\/wp-json\/wp\/v2\/categories?post=67427"},{"taxonomy":"post_tag","embeddable":true,"href":"https:\/\/www.noubarris.net\/web40\/wp-json\/wp\/v2\/tags?post=67427"}],"curies":[{"name":"wp","href":"https:\/\/api.w.org\/{rel}","templated":true}]}}