{"id":67470,"date":"2016-06-29T00:00:03","date_gmt":"2016-06-28T23:00:03","guid":{"rendered":"http:\/\/www.noubarris.net\/web40\/?p=67470"},"modified":"2016-06-28T15:47:19","modified_gmt":"2016-06-28T14:47:19","slug":"la-sorra-torna-a-cobrir-la-placa-dangel-pestana","status":"publish","type":"post","link":"https:\/\/www.noubarris.net\/web40\/la-sorra-torna-a-cobrir-la-placa-dangel-pestana\/","title":{"rendered":"La sorra torna a cobrir la pla\u00e7a d\u2019\u00c0ngel Pesta\u00f1a"},"content":{"rendered":"<p><strong>500 tones permetran dur-hi a terme casals d\u2019estiu i torneigs de tenis i volei platja<\/strong><\/p>\n<p>500 tones de sorra cobreixen ja la pla\u00e7a d\u2019\u00c0ngel Pesta\u00f1a per donar la benvinguda al <a href=\"http:\/\/www.prospebeach.org\/\">Prospebeach<\/a>. Tot un cicle d\u2019activitats durant el mes de juliol que inclouen casalet d\u2019estiu, cinema a la fresca i torneigs de volei platja i tenis platja. Es tracta d\u2019una tradici\u00f3 que es va perdre durant el mandat passat, i que l\u2019actual regidoria de Nou Barris ha volgut recuperar-la i donar aix\u00ed resposta a la reivindicaci\u00f3 veinal. \u00a0Districte s&#8217;ha fet c\u00e0rrec del cost de la instal\u00b7laci\u00f3 de la sorra, amb un pressupost de gaireb\u00e9 32.000 \u20ac.<\/p>\n<p>Els operaris van comen\u00e7ar dilluns a instal\u00b7lar la \u2018platja de la Prospe\u2019 per tenir-la enllestida divendres. En total s\u00f3n 350 m3 de sorra que cobriran una de les places m\u00e9s populars i grans del barri fins al proper 25 de juliol. \u00a0Una conseq\u00fc\u00e8ncia de la recuperaci\u00f3 de la sorra en el Prospebeach ha estat el gran \u00e8xit de convocat\u00f2ria del torneig estrella, el del volei platja. El campionat, que tindr\u00e0 lloc el 9 de juliol, supera ja el centenar d\u2019equips inscrits i compta amb una llarga llista d\u2019espera. Aquests equips estan formats per ve\u00efns del barri i integrants de les cl\u00e0ssiques \u2018penyes\u2019 de festa major. A causa de l\u2019elevada participaci\u00f3, el torneig comen\u00e7a sempre ben d\u2019hora i acaba a altes hores de la matinada. Aquest any, veient l\u2019allau d\u2019equips que volen participar-hi, els organitzadors estan intentant reagrupar alguns equips per donar resposta a la gran demanda de jugadors.<\/p>\n<p>&nbsp;<\/p>\n","protected":false},"excerpt":{"rendered":"<p>500 tones permetran dur-hi a terme casals d\u2019estiu i torneigs de tenis i volei platja 500 tones de sorra cobreixen<\/p>\n","protected":false},"author":2,"featured_media":67471,"comment_status":"closed","ping_status":"closed","sticky":false,"template":"","format":"standard","meta":{"colormag_page_layout":"default_layout","_monsterinsights_skip_tracking":false,"_monsterinsights_sitenote_active":false,"_monsterinsights_sitenote_note":"","_monsterinsights_sitenote_category":0,"footnotes":""},"categories":[129,128,135],"tags":[73,51,474],"class_list":["post-67470","post","type-post","status-publish","format-standard","has-post-thumbnail","hentry","category-cultura","category-esports","category-la-prosperitat","tag-esport","tag-la-prosperitat","tag-prospebeach"],"yoast_head":"<!-- This site is optimized with the Yoast SEO plugin v25.3 - https:\/\/yoast.com\/wordpress\/plugins\/seo\/ -->\n<title>La sorra torna a cobrir la pla\u00e7a d\u2019\u00c0ngel Pesta\u00f1a - NouBarris.Net<\/title>\n<meta name=\"robots\" content=\"index, follow, max-snippet:-1, max-image-preview:large, max-video-preview:-1\" \/>\n<link rel=\"canonical\" href=\"https:\/\/www.noubarris.net\/web40\/la-sorra-torna-a-cobrir-la-placa-dangel-pestana\/\" \/>\n<meta property=\"og:locale\" content=\"ca_ES\" \/>\n<meta property=\"og:type\" content=\"article\" \/>\n<meta property=\"og:title\" content=\"La sorra torna a cobrir la pla\u00e7a d\u2019\u00c0ngel Pesta\u00f1a - NouBarris.Net\" \/>\n<meta property=\"og:description\" content=\"500 tones permetran dur-hi a terme casals d\u2019estiu i torneigs de tenis i volei platja 500 tones de sorra cobreixen\" \/>\n<meta property=\"og:url\" content=\"https:\/\/www.noubarris.net\/web40\/la-sorra-torna-a-cobrir-la-placa-dangel-pestana\/\" \/>\n<meta property=\"og:site_name\" content=\"NouBarris.Net\" \/>\n<meta property=\"article:publisher\" content=\"https:\/\/www.facebook.com\/NouBarris.net\/?locale=es_ES\" \/>\n<meta property=\"article:published_time\" content=\"2016-06-28T23:00:03+00:00\" \/>\n<meta property=\"og:image\" content=\"https:\/\/www.noubarris.net\/web40\/wp-content\/uploads\/2016\/06\/290616.jpg\" \/>\n\t<meta property=\"og:image:width\" content=\"787\" \/>\n\t<meta property=\"og:image:height\" content=\"445\" \/>\n\t<meta property=\"og:image:type\" content=\"image\/jpeg\" \/>\n<meta name=\"author\" content=\"Informatius\" \/>\n<meta name=\"twitter:card\" content=\"summary_large_image\" \/>\n<meta name=\"twitter:creator\" content=\"@9BTV\" \/>\n<meta name=\"twitter:site\" content=\"@9BTV\" \/>\n<meta name=\"twitter:label1\" content=\"Escrit per\" \/>\n\t<meta name=\"twitter:data1\" content=\"Informatius\" \/>\n\t<meta name=\"twitter:label2\" content=\"Temps estimat de lectura\" \/>\n\t<meta name=\"twitter:data2\" content=\"1 minut\" \/>\n<script type=\"application\/ld+json\" class=\"yoast-schema-graph\">{\"@context\":\"https:\/\/schema.org\",\"@graph\":[{\"@type\":\"Article\",\"@id\":\"https:\/\/www.noubarris.net\/web40\/la-sorra-torna-a-cobrir-la-placa-dangel-pestana\/#article\",\"isPartOf\":{\"@id\":\"https:\/\/www.noubarris.net\/web40\/la-sorra-torna-a-cobrir-la-placa-dangel-pestana\/\"},\"author\":{\"name\":\"Informatius\",\"@id\":\"https:\/\/www.noubarris.net\/web40\/#\/schema\/person\/1827f92aaa316c54abbf4dac0de76069\"},\"headline\":\"La sorra torna a cobrir la pla\u00e7a d\u2019\u00c0ngel Pesta\u00f1a\",\"datePublished\":\"2016-06-28T23:00:03+00:00\",\"mainEntityOfPage\":{\"@id\":\"https:\/\/www.noubarris.net\/web40\/la-sorra-torna-a-cobrir-la-placa-dangel-pestana\/\"},\"wordCount\":285,\"publisher\":{\"@id\":\"https:\/\/www.noubarris.net\/web40\/#organization\"},\"image\":{\"@id\":\"https:\/\/www.noubarris.net\/web40\/la-sorra-torna-a-cobrir-la-placa-dangel-pestana\/#primaryimage\"},\"thumbnailUrl\":\"https:\/\/www.noubarris.net\/web40\/wp-content\/uploads\/2016\/06\/290616.jpg\",\"keywords\":[\"Esport\",\"La Prosperitat\",\"prospebeach\"],\"articleSection\":[\"Cultura\",\"Esports\",\"La Prosperitat\"],\"inLanguage\":\"ca\"},{\"@type\":\"WebPage\",\"@id\":\"https:\/\/www.noubarris.net\/web40\/la-sorra-torna-a-cobrir-la-placa-dangel-pestana\/\",\"url\":\"https:\/\/www.noubarris.net\/web40\/la-sorra-torna-a-cobrir-la-placa-dangel-pestana\/\",\"name\":\"La sorra torna a cobrir la pla\u00e7a d\u2019\u00c0ngel Pesta\u00f1a - NouBarris.Net\",\"isPartOf\":{\"@id\":\"https:\/\/www.noubarris.net\/web40\/#website\"},\"primaryImageOfPage\":{\"@id\":\"https:\/\/www.noubarris.net\/web40\/la-sorra-torna-a-cobrir-la-placa-dangel-pestana\/#primaryimage\"},\"image\":{\"@id\":\"https:\/\/www.noubarris.net\/web40\/la-sorra-torna-a-cobrir-la-placa-dangel-pestana\/#primaryimage\"},\"thumbnailUrl\":\"https:\/\/www.noubarris.net\/web40\/wp-content\/uploads\/2016\/06\/290616.jpg\",\"datePublished\":\"2016-06-28T23:00:03+00:00\",\"breadcrumb\":{\"@id\":\"https:\/\/www.noubarris.net\/web40\/la-sorra-torna-a-cobrir-la-placa-dangel-pestana\/#breadcrumb\"},\"inLanguage\":\"ca\",\"potentialAction\":[{\"@type\":\"ReadAction\",\"target\":[\"https:\/\/www.noubarris.net\/web40\/la-sorra-torna-a-cobrir-la-placa-dangel-pestana\/\"]}]},{\"@type\":\"ImageObject\",\"inLanguage\":\"ca\",\"@id\":\"https:\/\/www.noubarris.net\/web40\/la-sorra-torna-a-cobrir-la-placa-dangel-pestana\/#primaryimage\",\"url\":\"https:\/\/www.noubarris.net\/web40\/wp-content\/uploads\/2016\/06\/290616.jpg\",\"contentUrl\":\"https:\/\/www.noubarris.net\/web40\/wp-content\/uploads\/2016\/06\/290616.jpg\",\"width\":787,\"height\":445},{\"@type\":\"BreadcrumbList\",\"@id\":\"https:\/\/www.noubarris.net\/web40\/la-sorra-torna-a-cobrir-la-placa-dangel-pestana\/#breadcrumb\",\"itemListElement\":[{\"@type\":\"ListItem\",\"position\":1,\"name\":\"Inici\",\"item\":\"https:\/\/www.noubarris.net\/web40\/\"},{\"@type\":\"ListItem\",\"position\":2,\"name\":\"La sorra torna a cobrir la pla\u00e7a d\u2019\u00c0ngel Pesta\u00f1a\"}]},{\"@type\":\"WebSite\",\"@id\":\"https:\/\/www.noubarris.net\/web40\/#website\",\"url\":\"https:\/\/www.noubarris.net\/web40\/\",\"name\":\"NouBarris.Net\",\"description\":\"Seguint la vida de Nou Barris des de 1985\",\"publisher\":{\"@id\":\"https:\/\/www.noubarris.net\/web40\/#organization\"},\"potentialAction\":[{\"@type\":\"SearchAction\",\"target\":{\"@type\":\"EntryPoint\",\"urlTemplate\":\"https:\/\/www.noubarris.net\/web40\/?s={search_term_string}\"},\"query-input\":{\"@type\":\"PropertyValueSpecification\",\"valueRequired\":true,\"valueName\":\"search_term_string\"}}],\"inLanguage\":\"ca\"},{\"@type\":\"Organization\",\"@id\":\"https:\/\/www.noubarris.net\/web40\/#organization\",\"name\":\"NouBarris.Net\",\"url\":\"https:\/\/www.noubarris.net\/web40\/\",\"logo\":{\"@type\":\"ImageObject\",\"inLanguage\":\"ca\",\"@id\":\"https:\/\/www.noubarris.net\/web40\/#\/schema\/logo\/image\/\",\"url\":\"https:\/\/www.noubarris.net\/web40\/wp-content\/uploads\/2024\/11\/cropped-cropped-LOGO_9BTV-2024_Insta-1.jpg\",\"contentUrl\":\"https:\/\/www.noubarris.net\/web40\/wp-content\/uploads\/2024\/11\/cropped-cropped-LOGO_9BTV-2024_Insta-1.jpg\",\"width\":512,\"height\":512,\"caption\":\"NouBarris.Net\"},\"image\":{\"@id\":\"https:\/\/www.noubarris.net\/web40\/#\/schema\/logo\/image\/\"},\"sameAs\":[\"https:\/\/www.facebook.com\/NouBarris.net\/?locale=es_ES\",\"https:\/\/x.com\/9BTV\"]},{\"@type\":\"Person\",\"@id\":\"https:\/\/www.noubarris.net\/web40\/#\/schema\/person\/1827f92aaa316c54abbf4dac0de76069\",\"name\":\"Informatius\",\"image\":{\"@type\":\"ImageObject\",\"inLanguage\":\"ca\",\"@id\":\"https:\/\/www.noubarris.net\/web40\/#\/schema\/person\/image\/\",\"url\":\"https:\/\/secure.gravatar.com\/avatar\/87a3b47928835fc72c6ee5b0e1a7263ef0c2d05003a98189bc14926c5f11bcdb?s=96&d=mm&r=g\",\"contentUrl\":\"https:\/\/secure.gravatar.com\/avatar\/87a3b47928835fc72c6ee5b0e1a7263ef0c2d05003a98189bc14926c5f11bcdb?s=96&d=mm&r=g\",\"caption\":\"Informatius\"},\"url\":\"https:\/\/www.noubarris.net\/web40\/author\/tele\/\"}]}<\/script>\n<!-- \/ Yoast SEO plugin. -->","yoast_head_json":{"title":"La sorra torna a cobrir la pla\u00e7a d\u2019\u00c0ngel Pesta\u00f1a - NouBarris.Net","robots":{"index":"index","follow":"follow","max-snippet":"max-snippet:-1","max-image-preview":"max-image-preview:large","max-video-preview":"max-video-preview:-1"},"canonical":"https:\/\/www.noubarris.net\/web40\/la-sorra-torna-a-cobrir-la-placa-dangel-pestana\/","og_locale":"ca_ES","og_type":"article","og_title":"La sorra torna a cobrir la pla\u00e7a d\u2019\u00c0ngel Pesta\u00f1a - NouBarris.Net","og_description":"500 tones permetran dur-hi a terme casals d\u2019estiu i torneigs de tenis i volei platja 500 tones de sorra cobreixen","og_url":"https:\/\/www.noubarris.net\/web40\/la-sorra-torna-a-cobrir-la-placa-dangel-pestana\/","og_site_name":"NouBarris.Net","article_publisher":"https:\/\/www.facebook.com\/NouBarris.net\/?locale=es_ES","article_published_time":"2016-06-28T23:00:03+00:00","og_image":[{"width":787,"height":445,"url":"https:\/\/www.noubarris.net\/web40\/wp-content\/uploads\/2016\/06\/290616.jpg","type":"image\/jpeg"}],"author":"Informatius","twitter_card":"summary_large_image","twitter_creator":"@9BTV","twitter_site":"@9BTV","twitter_misc":{"Escrit per":"Informatius","Temps estimat de lectura":"1 minut"},"schema":{"@context":"https:\/\/schema.org","@graph":[{"@type":"Article","@id":"https:\/\/www.noubarris.net\/web40\/la-sorra-torna-a-cobrir-la-placa-dangel-pestana\/#article","isPartOf":{"@id":"https:\/\/www.noubarris.net\/web40\/la-sorra-torna-a-cobrir-la-placa-dangel-pestana\/"},"author":{"name":"Informatius","@id":"https:\/\/www.noubarris.net\/web40\/#\/schema\/person\/1827f92aaa316c54abbf4dac0de76069"},"headline":"La sorra torna a cobrir la pla\u00e7a d\u2019\u00c0ngel Pesta\u00f1a","datePublished":"2016-06-28T23:00:03+00:00","mainEntityOfPage":{"@id":"https:\/\/www.noubarris.net\/web40\/la-sorra-torna-a-cobrir-la-placa-dangel-pestana\/"},"wordCount":285,"publisher":{"@id":"https:\/\/www.noubarris.net\/web40\/#organization"},"image":{"@id":"https:\/\/www.noubarris.net\/web40\/la-sorra-torna-a-cobrir-la-placa-dangel-pestana\/#primaryimage"},"thumbnailUrl":"https:\/\/www.noubarris.net\/web40\/wp-content\/uploads\/2016\/06\/290616.jpg","keywords":["Esport","La Prosperitat","prospebeach"],"articleSection":["Cultura","Esports","La Prosperitat"],"inLanguage":"ca"},{"@type":"WebPage","@id":"https:\/\/www.noubarris.net\/web40\/la-sorra-torna-a-cobrir-la-placa-dangel-pestana\/","url":"https:\/\/www.noubarris.net\/web40\/la-sorra-torna-a-cobrir-la-placa-dangel-pestana\/","name":"La sorra torna a cobrir la pla\u00e7a d\u2019\u00c0ngel Pesta\u00f1a - NouBarris.Net","isPartOf":{"@id":"https:\/\/www.noubarris.net\/web40\/#website"},"primaryImageOfPage":{"@id":"https:\/\/www.noubarris.net\/web40\/la-sorra-torna-a-cobrir-la-placa-dangel-pestana\/#primaryimage"},"image":{"@id":"https:\/\/www.noubarris.net\/web40\/la-sorra-torna-a-cobrir-la-placa-dangel-pestana\/#primaryimage"},"thumbnailUrl":"https:\/\/www.noubarris.net\/web40\/wp-content\/uploads\/2016\/06\/290616.jpg","datePublished":"2016-06-28T23:00:03+00:00","breadcrumb":{"@id":"https:\/\/www.noubarris.net\/web40\/la-sorra-torna-a-cobrir-la-placa-dangel-pestana\/#breadcrumb"},"inLanguage":"ca","potentialAction":[{"@type":"ReadAction","target":["https:\/\/www.noubarris.net\/web40\/la-sorra-torna-a-cobrir-la-placa-dangel-pestana\/"]}]},{"@type":"ImageObject","inLanguage":"ca","@id":"https:\/\/www.noubarris.net\/web40\/la-sorra-torna-a-cobrir-la-placa-dangel-pestana\/#primaryimage","url":"https:\/\/www.noubarris.net\/web40\/wp-content\/uploads\/2016\/06\/290616.jpg","contentUrl":"https:\/\/www.noubarris.net\/web40\/wp-content\/uploads\/2016\/06\/290616.jpg","width":787,"height":445},{"@type":"BreadcrumbList","@id":"https:\/\/www.noubarris.net\/web40\/la-sorra-torna-a-cobrir-la-placa-dangel-pestana\/#breadcrumb","itemListElement":[{"@type":"ListItem","position":1,"name":"Inici","item":"https:\/\/www.noubarris.net\/web40\/"},{"@type":"ListItem","position":2,"name":"La sorra torna a cobrir la pla\u00e7a d\u2019\u00c0ngel Pesta\u00f1a"}]},{"@type":"WebSite","@id":"https:\/\/www.noubarris.net\/web40\/#website","url":"https:\/\/www.noubarris.net\/web40\/","name":"NouBarris.Net","description":"Seguint la vida de Nou Barris des de 1985","publisher":{"@id":"https:\/\/www.noubarris.net\/web40\/#organization"},"potentialAction":[{"@type":"SearchAction","target":{"@type":"EntryPoint","urlTemplate":"https:\/\/www.noubarris.net\/web40\/?s={search_term_string}"},"query-input":{"@type":"PropertyValueSpecification","valueRequired":true,"valueName":"search_term_string"}}],"inLanguage":"ca"},{"@type":"Organization","@id":"https:\/\/www.noubarris.net\/web40\/#organization","name":"NouBarris.Net","url":"https:\/\/www.noubarris.net\/web40\/","logo":{"@type":"ImageObject","inLanguage":"ca","@id":"https:\/\/www.noubarris.net\/web40\/#\/schema\/logo\/image\/","url":"https:\/\/www.noubarris.net\/web40\/wp-content\/uploads\/2024\/11\/cropped-cropped-LOGO_9BTV-2024_Insta-1.jpg","contentUrl":"https:\/\/www.noubarris.net\/web40\/wp-content\/uploads\/2024\/11\/cropped-cropped-LOGO_9BTV-2024_Insta-1.jpg","width":512,"height":512,"caption":"NouBarris.Net"},"image":{"@id":"https:\/\/www.noubarris.net\/web40\/#\/schema\/logo\/image\/"},"sameAs":["https:\/\/www.facebook.com\/NouBarris.net\/?locale=es_ES","https:\/\/x.com\/9BTV"]},{"@type":"Person","@id":"https:\/\/www.noubarris.net\/web40\/#\/schema\/person\/1827f92aaa316c54abbf4dac0de76069","name":"Informatius","image":{"@type":"ImageObject","inLanguage":"ca","@id":"https:\/\/www.noubarris.net\/web40\/#\/schema\/person\/image\/","url":"https:\/\/secure.gravatar.com\/avatar\/87a3b47928835fc72c6ee5b0e1a7263ef0c2d05003a98189bc14926c5f11bcdb?s=96&d=mm&r=g","contentUrl":"https:\/\/secure.gravatar.com\/avatar\/87a3b47928835fc72c6ee5b0e1a7263ef0c2d05003a98189bc14926c5f11bcdb?s=96&d=mm&r=g","caption":"Informatius"},"url":"https:\/\/www.noubarris.net\/web40\/author\/tele\/"}]}},"_links":{"self":[{"href":"https:\/\/www.noubarris.net\/web40\/wp-json\/wp\/v2\/posts\/67470","targetHints":{"allow":["GET"]}}],"collection":[{"href":"https:\/\/www.noubarris.net\/web40\/wp-json\/wp\/v2\/posts"}],"about":[{"href":"https:\/\/www.noubarris.net\/web40\/wp-json\/wp\/v2\/types\/post"}],"author":[{"embeddable":true,"href":"https:\/\/www.noubarris.net\/web40\/wp-json\/wp\/v2\/users\/2"}],"replies":[{"embeddable":true,"href":"https:\/\/www.noubarris.net\/web40\/wp-json\/wp\/v2\/comments?post=67470"}],"version-history":[{"count":0,"href":"https:\/\/www.noubarris.net\/web40\/wp-json\/wp\/v2\/posts\/67470\/revisions"}],"wp:featuredmedia":[{"embeddable":true,"href":"https:\/\/www.noubarris.net\/web40\/wp-json\/wp\/v2\/media\/67471"}],"wp:attachment":[{"href":"https:\/\/www.noubarris.net\/web40\/wp-json\/wp\/v2\/media?parent=67470"}],"wp:term":[{"taxonomy":"category","embeddable":true,"href":"https:\/\/www.noubarris.net\/web40\/wp-json\/wp\/v2\/categories?post=67470"},{"taxonomy":"post_tag","embeddable":true,"href":"https:\/\/www.noubarris.net\/web40\/wp-json\/wp\/v2\/tags?post=67470"}],"curies":[{"name":"wp","href":"https:\/\/api.w.org\/{rel}","templated":true}]}}