{"id":67487,"date":"2016-06-30T00:00:10","date_gmt":"2016-06-29T23:00:10","guid":{"rendered":"http:\/\/www.noubarris.net\/web40\/?p=67487"},"modified":"2016-06-29T15:14:30","modified_gmt":"2016-06-29T14:14:30","slug":"el-darrer-vestigi-de-la-masia-de-can-sabastida","status":"publish","type":"post","link":"https:\/\/www.noubarris.net\/web40\/el-darrer-vestigi-de-la-masia-de-can-sabastida\/","title":{"rendered":"El darrer vestigi de la masia de Can Sabastida"},"content":{"rendered":"<p><strong>La torre d\u2019aigua de Can Travi \u00e9s l\u2019\u00fanic que queda de la finca<\/strong><\/p>\n<p>A la cru\u00eflla entre els carrers de Cartell\u00e0 i de Pit\u00e0gores trobem el darrer vestigi de la masia de Can Sabastida. \u00c9s aquesta torre, un pilar d\u2019aigua de la mina de Can Travi, que en el seu moment abastia d\u2019aigua a les cases de l\u2019aleshores anomenada Riera d\u2019Horta, avui carrer de Cartell\u00e0 en record de la fam\u00edlia propiet\u00e0ria de la masia, els marquesos de Cartell\u00e0 i de Sabastida.<\/p>\n<p>La masia de Can Sabastida datava del segle XIV. La finca era m\u00e9s una explotaci\u00f3 agr\u00edcola que una resid\u00e8ncia habitual. Va desapar\u00e8ixer als anys 80, v\u00edctima de l\u2019especulaci\u00f3 immobili\u00e0ria. La fam\u00edlia la va vendre i va ser enderrocada. Es van construir blocs de pisos en tota la finca, i la torre d\u2019aigua es va salvar miraculosament i, de fet, encara continua en funcionament avui dia, amb un cabal de dos litres per segon. A banda d\u2019aquest pilar, nom\u00e9s s\u2019ha conservat de la masia el nom d\u2019un carrer i d\u2019una escola constru\u00efda en part dels terrenys de la finca.<\/p>\n<p>&nbsp;<\/p>\n<p>A la imatge, la finca de Can Sabastida i la torre d&#8217;aigua.<\/p>\n","protected":false},"excerpt":{"rendered":"<p>La torre d\u2019aigua de Can Travi \u00e9s l\u2019\u00fanic que queda de la finca A la cru\u00eflla entre els carrers de<\/p>\n","protected":false},"author":2,"featured_media":67488,"comment_status":"closed","ping_status":"closed","sticky":false,"template":"","format":"standard","meta":{"colormag_page_layout":"default_layout","_monsterinsights_skip_tracking":false,"_monsterinsights_sitenote_active":false,"_monsterinsights_sitenote_note":"","_monsterinsights_sitenote_category":0,"footnotes":""},"categories":[129,142],"tags":[271,456,235,389],"class_list":["post-67487","post","type-post","status-publish","format-standard","has-post-thumbnail","hentry","category-cultura","category-vilapicina-i-la-torre-llobeta","tag-historia","tag-masies","tag-patrimoni","tag-vilapicina-i-la-torre-llobeta"],"yoast_head":"<!-- This site is optimized with the Yoast SEO plugin v25.3 - https:\/\/yoast.com\/wordpress\/plugins\/seo\/ -->\n<title>El darrer vestigi de la masia de Can Sabastida - NouBarris.Net<\/title>\n<meta name=\"robots\" content=\"index, follow, max-snippet:-1, max-image-preview:large, max-video-preview:-1\" \/>\n<link rel=\"canonical\" href=\"https:\/\/www.noubarris.net\/web40\/el-darrer-vestigi-de-la-masia-de-can-sabastida\/\" \/>\n<meta property=\"og:locale\" content=\"ca_ES\" \/>\n<meta property=\"og:type\" content=\"article\" \/>\n<meta property=\"og:title\" content=\"El darrer vestigi de la masia de Can Sabastida - NouBarris.Net\" \/>\n<meta property=\"og:description\" content=\"La torre d\u2019aigua de Can Travi \u00e9s l\u2019\u00fanic que queda de la finca A la cru\u00eflla entre els carrers de\" \/>\n<meta property=\"og:url\" content=\"https:\/\/www.noubarris.net\/web40\/el-darrer-vestigi-de-la-masia-de-can-sabastida\/\" \/>\n<meta property=\"og:site_name\" content=\"NouBarris.Net\" \/>\n<meta property=\"article:publisher\" content=\"https:\/\/www.facebook.com\/NouBarris.net\/?locale=es_ES\" \/>\n<meta property=\"article:published_time\" content=\"2016-06-29T23:00:10+00:00\" \/>\n<meta property=\"og:image\" content=\"https:\/\/www.noubarris.net\/web40\/wp-content\/uploads\/2016\/06\/300616.jpg\" \/>\n\t<meta property=\"og:image:width\" content=\"787\" \/>\n\t<meta property=\"og:image:height\" content=\"445\" \/>\n\t<meta property=\"og:image:type\" content=\"image\/jpeg\" \/>\n<meta name=\"author\" content=\"Informatius\" \/>\n<meta name=\"twitter:card\" content=\"summary_large_image\" \/>\n<meta name=\"twitter:creator\" content=\"@9BTV\" \/>\n<meta name=\"twitter:site\" content=\"@9BTV\" \/>\n<meta name=\"twitter:label1\" content=\"Escrit per\" \/>\n\t<meta name=\"twitter:data1\" content=\"Informatius\" \/>\n\t<meta name=\"twitter:label2\" content=\"Temps estimat de lectura\" \/>\n\t<meta name=\"twitter:data2\" content=\"1 minut\" \/>\n<script type=\"application\/ld+json\" class=\"yoast-schema-graph\">{\"@context\":\"https:\/\/schema.org\",\"@graph\":[{\"@type\":\"Article\",\"@id\":\"https:\/\/www.noubarris.net\/web40\/el-darrer-vestigi-de-la-masia-de-can-sabastida\/#article\",\"isPartOf\":{\"@id\":\"https:\/\/www.noubarris.net\/web40\/el-darrer-vestigi-de-la-masia-de-can-sabastida\/\"},\"author\":{\"name\":\"Informatius\",\"@id\":\"https:\/\/www.noubarris.net\/web40\/#\/schema\/person\/1827f92aaa316c54abbf4dac0de76069\"},\"headline\":\"El darrer vestigi de la masia de Can Sabastida\",\"datePublished\":\"2016-06-29T23:00:10+00:00\",\"mainEntityOfPage\":{\"@id\":\"https:\/\/www.noubarris.net\/web40\/el-darrer-vestigi-de-la-masia-de-can-sabastida\/\"},\"wordCount\":226,\"publisher\":{\"@id\":\"https:\/\/www.noubarris.net\/web40\/#organization\"},\"image\":{\"@id\":\"https:\/\/www.noubarris.net\/web40\/el-darrer-vestigi-de-la-masia-de-can-sabastida\/#primaryimage\"},\"thumbnailUrl\":\"https:\/\/www.noubarris.net\/web40\/wp-content\/uploads\/2016\/06\/300616.jpg\",\"keywords\":[\"Hist\u00f2ria\",\"masies\",\"patrimoni\",\"Vilapicina i la Torre Llobeta\"],\"articleSection\":[\"Cultura\",\"Vilapicina i la Torre Llobeta\"],\"inLanguage\":\"ca\"},{\"@type\":\"WebPage\",\"@id\":\"https:\/\/www.noubarris.net\/web40\/el-darrer-vestigi-de-la-masia-de-can-sabastida\/\",\"url\":\"https:\/\/www.noubarris.net\/web40\/el-darrer-vestigi-de-la-masia-de-can-sabastida\/\",\"name\":\"El darrer vestigi de la masia de Can Sabastida - NouBarris.Net\",\"isPartOf\":{\"@id\":\"https:\/\/www.noubarris.net\/web40\/#website\"},\"primaryImageOfPage\":{\"@id\":\"https:\/\/www.noubarris.net\/web40\/el-darrer-vestigi-de-la-masia-de-can-sabastida\/#primaryimage\"},\"image\":{\"@id\":\"https:\/\/www.noubarris.net\/web40\/el-darrer-vestigi-de-la-masia-de-can-sabastida\/#primaryimage\"},\"thumbnailUrl\":\"https:\/\/www.noubarris.net\/web40\/wp-content\/uploads\/2016\/06\/300616.jpg\",\"datePublished\":\"2016-06-29T23:00:10+00:00\",\"breadcrumb\":{\"@id\":\"https:\/\/www.noubarris.net\/web40\/el-darrer-vestigi-de-la-masia-de-can-sabastida\/#breadcrumb\"},\"inLanguage\":\"ca\",\"potentialAction\":[{\"@type\":\"ReadAction\",\"target\":[\"https:\/\/www.noubarris.net\/web40\/el-darrer-vestigi-de-la-masia-de-can-sabastida\/\"]}]},{\"@type\":\"ImageObject\",\"inLanguage\":\"ca\",\"@id\":\"https:\/\/www.noubarris.net\/web40\/el-darrer-vestigi-de-la-masia-de-can-sabastida\/#primaryimage\",\"url\":\"https:\/\/www.noubarris.net\/web40\/wp-content\/uploads\/2016\/06\/300616.jpg\",\"contentUrl\":\"https:\/\/www.noubarris.net\/web40\/wp-content\/uploads\/2016\/06\/300616.jpg\",\"width\":787,\"height\":445},{\"@type\":\"BreadcrumbList\",\"@id\":\"https:\/\/www.noubarris.net\/web40\/el-darrer-vestigi-de-la-masia-de-can-sabastida\/#breadcrumb\",\"itemListElement\":[{\"@type\":\"ListItem\",\"position\":1,\"name\":\"Inici\",\"item\":\"https:\/\/www.noubarris.net\/web40\/\"},{\"@type\":\"ListItem\",\"position\":2,\"name\":\"El darrer vestigi de la masia de Can Sabastida\"}]},{\"@type\":\"WebSite\",\"@id\":\"https:\/\/www.noubarris.net\/web40\/#website\",\"url\":\"https:\/\/www.noubarris.net\/web40\/\",\"name\":\"NouBarris.Net\",\"description\":\"Seguint la vida de Nou Barris des de 1985\",\"publisher\":{\"@id\":\"https:\/\/www.noubarris.net\/web40\/#organization\"},\"potentialAction\":[{\"@type\":\"SearchAction\",\"target\":{\"@type\":\"EntryPoint\",\"urlTemplate\":\"https:\/\/www.noubarris.net\/web40\/?s={search_term_string}\"},\"query-input\":{\"@type\":\"PropertyValueSpecification\",\"valueRequired\":true,\"valueName\":\"search_term_string\"}}],\"inLanguage\":\"ca\"},{\"@type\":\"Organization\",\"@id\":\"https:\/\/www.noubarris.net\/web40\/#organization\",\"name\":\"NouBarris.Net\",\"url\":\"https:\/\/www.noubarris.net\/web40\/\",\"logo\":{\"@type\":\"ImageObject\",\"inLanguage\":\"ca\",\"@id\":\"https:\/\/www.noubarris.net\/web40\/#\/schema\/logo\/image\/\",\"url\":\"https:\/\/www.noubarris.net\/web40\/wp-content\/uploads\/2024\/11\/cropped-cropped-LOGO_9BTV-2024_Insta-1.jpg\",\"contentUrl\":\"https:\/\/www.noubarris.net\/web40\/wp-content\/uploads\/2024\/11\/cropped-cropped-LOGO_9BTV-2024_Insta-1.jpg\",\"width\":512,\"height\":512,\"caption\":\"NouBarris.Net\"},\"image\":{\"@id\":\"https:\/\/www.noubarris.net\/web40\/#\/schema\/logo\/image\/\"},\"sameAs\":[\"https:\/\/www.facebook.com\/NouBarris.net\/?locale=es_ES\",\"https:\/\/x.com\/9BTV\"]},{\"@type\":\"Person\",\"@id\":\"https:\/\/www.noubarris.net\/web40\/#\/schema\/person\/1827f92aaa316c54abbf4dac0de76069\",\"name\":\"Informatius\",\"image\":{\"@type\":\"ImageObject\",\"inLanguage\":\"ca\",\"@id\":\"https:\/\/www.noubarris.net\/web40\/#\/schema\/person\/image\/\",\"url\":\"https:\/\/secure.gravatar.com\/avatar\/87a3b47928835fc72c6ee5b0e1a7263ef0c2d05003a98189bc14926c5f11bcdb?s=96&d=mm&r=g\",\"contentUrl\":\"https:\/\/secure.gravatar.com\/avatar\/87a3b47928835fc72c6ee5b0e1a7263ef0c2d05003a98189bc14926c5f11bcdb?s=96&d=mm&r=g\",\"caption\":\"Informatius\"},\"url\":\"https:\/\/www.noubarris.net\/web40\/author\/tele\/\"}]}<\/script>\n<!-- \/ Yoast SEO plugin. -->","yoast_head_json":{"title":"El darrer vestigi de la masia de Can Sabastida - NouBarris.Net","robots":{"index":"index","follow":"follow","max-snippet":"max-snippet:-1","max-image-preview":"max-image-preview:large","max-video-preview":"max-video-preview:-1"},"canonical":"https:\/\/www.noubarris.net\/web40\/el-darrer-vestigi-de-la-masia-de-can-sabastida\/","og_locale":"ca_ES","og_type":"article","og_title":"El darrer vestigi de la masia de Can Sabastida - NouBarris.Net","og_description":"La torre d\u2019aigua de Can Travi \u00e9s l\u2019\u00fanic que queda de la finca A la cru\u00eflla entre els carrers de","og_url":"https:\/\/www.noubarris.net\/web40\/el-darrer-vestigi-de-la-masia-de-can-sabastida\/","og_site_name":"NouBarris.Net","article_publisher":"https:\/\/www.facebook.com\/NouBarris.net\/?locale=es_ES","article_published_time":"2016-06-29T23:00:10+00:00","og_image":[{"width":787,"height":445,"url":"https:\/\/www.noubarris.net\/web40\/wp-content\/uploads\/2016\/06\/300616.jpg","type":"image\/jpeg"}],"author":"Informatius","twitter_card":"summary_large_image","twitter_creator":"@9BTV","twitter_site":"@9BTV","twitter_misc":{"Escrit per":"Informatius","Temps estimat de lectura":"1 minut"},"schema":{"@context":"https:\/\/schema.org","@graph":[{"@type":"Article","@id":"https:\/\/www.noubarris.net\/web40\/el-darrer-vestigi-de-la-masia-de-can-sabastida\/#article","isPartOf":{"@id":"https:\/\/www.noubarris.net\/web40\/el-darrer-vestigi-de-la-masia-de-can-sabastida\/"},"author":{"name":"Informatius","@id":"https:\/\/www.noubarris.net\/web40\/#\/schema\/person\/1827f92aaa316c54abbf4dac0de76069"},"headline":"El darrer vestigi de la masia de Can Sabastida","datePublished":"2016-06-29T23:00:10+00:00","mainEntityOfPage":{"@id":"https:\/\/www.noubarris.net\/web40\/el-darrer-vestigi-de-la-masia-de-can-sabastida\/"},"wordCount":226,"publisher":{"@id":"https:\/\/www.noubarris.net\/web40\/#organization"},"image":{"@id":"https:\/\/www.noubarris.net\/web40\/el-darrer-vestigi-de-la-masia-de-can-sabastida\/#primaryimage"},"thumbnailUrl":"https:\/\/www.noubarris.net\/web40\/wp-content\/uploads\/2016\/06\/300616.jpg","keywords":["Hist\u00f2ria","masies","patrimoni","Vilapicina i la Torre Llobeta"],"articleSection":["Cultura","Vilapicina i la Torre Llobeta"],"inLanguage":"ca"},{"@type":"WebPage","@id":"https:\/\/www.noubarris.net\/web40\/el-darrer-vestigi-de-la-masia-de-can-sabastida\/","url":"https:\/\/www.noubarris.net\/web40\/el-darrer-vestigi-de-la-masia-de-can-sabastida\/","name":"El darrer vestigi de la masia de Can Sabastida - NouBarris.Net","isPartOf":{"@id":"https:\/\/www.noubarris.net\/web40\/#website"},"primaryImageOfPage":{"@id":"https:\/\/www.noubarris.net\/web40\/el-darrer-vestigi-de-la-masia-de-can-sabastida\/#primaryimage"},"image":{"@id":"https:\/\/www.noubarris.net\/web40\/el-darrer-vestigi-de-la-masia-de-can-sabastida\/#primaryimage"},"thumbnailUrl":"https:\/\/www.noubarris.net\/web40\/wp-content\/uploads\/2016\/06\/300616.jpg","datePublished":"2016-06-29T23:00:10+00:00","breadcrumb":{"@id":"https:\/\/www.noubarris.net\/web40\/el-darrer-vestigi-de-la-masia-de-can-sabastida\/#breadcrumb"},"inLanguage":"ca","potentialAction":[{"@type":"ReadAction","target":["https:\/\/www.noubarris.net\/web40\/el-darrer-vestigi-de-la-masia-de-can-sabastida\/"]}]},{"@type":"ImageObject","inLanguage":"ca","@id":"https:\/\/www.noubarris.net\/web40\/el-darrer-vestigi-de-la-masia-de-can-sabastida\/#primaryimage","url":"https:\/\/www.noubarris.net\/web40\/wp-content\/uploads\/2016\/06\/300616.jpg","contentUrl":"https:\/\/www.noubarris.net\/web40\/wp-content\/uploads\/2016\/06\/300616.jpg","width":787,"height":445},{"@type":"BreadcrumbList","@id":"https:\/\/www.noubarris.net\/web40\/el-darrer-vestigi-de-la-masia-de-can-sabastida\/#breadcrumb","itemListElement":[{"@type":"ListItem","position":1,"name":"Inici","item":"https:\/\/www.noubarris.net\/web40\/"},{"@type":"ListItem","position":2,"name":"El darrer vestigi de la masia de Can Sabastida"}]},{"@type":"WebSite","@id":"https:\/\/www.noubarris.net\/web40\/#website","url":"https:\/\/www.noubarris.net\/web40\/","name":"NouBarris.Net","description":"Seguint la vida de Nou Barris des de 1985","publisher":{"@id":"https:\/\/www.noubarris.net\/web40\/#organization"},"potentialAction":[{"@type":"SearchAction","target":{"@type":"EntryPoint","urlTemplate":"https:\/\/www.noubarris.net\/web40\/?s={search_term_string}"},"query-input":{"@type":"PropertyValueSpecification","valueRequired":true,"valueName":"search_term_string"}}],"inLanguage":"ca"},{"@type":"Organization","@id":"https:\/\/www.noubarris.net\/web40\/#organization","name":"NouBarris.Net","url":"https:\/\/www.noubarris.net\/web40\/","logo":{"@type":"ImageObject","inLanguage":"ca","@id":"https:\/\/www.noubarris.net\/web40\/#\/schema\/logo\/image\/","url":"https:\/\/www.noubarris.net\/web40\/wp-content\/uploads\/2024\/11\/cropped-cropped-LOGO_9BTV-2024_Insta-1.jpg","contentUrl":"https:\/\/www.noubarris.net\/web40\/wp-content\/uploads\/2024\/11\/cropped-cropped-LOGO_9BTV-2024_Insta-1.jpg","width":512,"height":512,"caption":"NouBarris.Net"},"image":{"@id":"https:\/\/www.noubarris.net\/web40\/#\/schema\/logo\/image\/"},"sameAs":["https:\/\/www.facebook.com\/NouBarris.net\/?locale=es_ES","https:\/\/x.com\/9BTV"]},{"@type":"Person","@id":"https:\/\/www.noubarris.net\/web40\/#\/schema\/person\/1827f92aaa316c54abbf4dac0de76069","name":"Informatius","image":{"@type":"ImageObject","inLanguage":"ca","@id":"https:\/\/www.noubarris.net\/web40\/#\/schema\/person\/image\/","url":"https:\/\/secure.gravatar.com\/avatar\/87a3b47928835fc72c6ee5b0e1a7263ef0c2d05003a98189bc14926c5f11bcdb?s=96&d=mm&r=g","contentUrl":"https:\/\/secure.gravatar.com\/avatar\/87a3b47928835fc72c6ee5b0e1a7263ef0c2d05003a98189bc14926c5f11bcdb?s=96&d=mm&r=g","caption":"Informatius"},"url":"https:\/\/www.noubarris.net\/web40\/author\/tele\/"}]}},"_links":{"self":[{"href":"https:\/\/www.noubarris.net\/web40\/wp-json\/wp\/v2\/posts\/67487","targetHints":{"allow":["GET"]}}],"collection":[{"href":"https:\/\/www.noubarris.net\/web40\/wp-json\/wp\/v2\/posts"}],"about":[{"href":"https:\/\/www.noubarris.net\/web40\/wp-json\/wp\/v2\/types\/post"}],"author":[{"embeddable":true,"href":"https:\/\/www.noubarris.net\/web40\/wp-json\/wp\/v2\/users\/2"}],"replies":[{"embeddable":true,"href":"https:\/\/www.noubarris.net\/web40\/wp-json\/wp\/v2\/comments?post=67487"}],"version-history":[{"count":0,"href":"https:\/\/www.noubarris.net\/web40\/wp-json\/wp\/v2\/posts\/67487\/revisions"}],"wp:featuredmedia":[{"embeddable":true,"href":"https:\/\/www.noubarris.net\/web40\/wp-json\/wp\/v2\/media\/67488"}],"wp:attachment":[{"href":"https:\/\/www.noubarris.net\/web40\/wp-json\/wp\/v2\/media?parent=67487"}],"wp:term":[{"taxonomy":"category","embeddable":true,"href":"https:\/\/www.noubarris.net\/web40\/wp-json\/wp\/v2\/categories?post=67487"},{"taxonomy":"post_tag","embeddable":true,"href":"https:\/\/www.noubarris.net\/web40\/wp-json\/wp\/v2\/tags?post=67487"}],"curies":[{"name":"wp","href":"https:\/\/api.w.org\/{rel}","templated":true}]}}