{"id":67541,"date":"2016-07-01T00:00:17","date_gmt":"2016-06-30T23:00:17","guid":{"rendered":"http:\/\/www.noubarris.net\/web40\/?p=67541"},"modified":"2016-06-30T14:56:02","modified_gmt":"2016-06-30T13:56:02","slug":"el-parc-de-la-guineueta-la-connexio-verda-amb-collserola","status":"publish","type":"post","link":"https:\/\/www.noubarris.net\/web40\/el-parc-de-la-guineueta-la-connexio-verda-amb-collserola\/","title":{"rendered":"El parc de la Guineueta, la connexi\u00f3 amb Collserola"},"content":{"rendered":"<p><strong>Un gran pulm\u00f3 verd constru\u00eft sobre runa, aq\u00fceductes i torrenteres <\/strong><\/p>\n<p>El parc de la Guineueta va ser dissenyat com una gran frontera verda que havia d\u2019enlla\u00e7ar la via J\u00falia i la Meridiana amb la serra de Collserola. Es va construir sobre el torrent de la Guineu als anys 60, compartint nom, obres i runes amb el barri de la Guineueta. I ben aviat es va convertir en un punt de trobada ve\u00efnal i cultural.<\/p>\n<p>L\u2019Ajuntament de Barcelona va projectart al pla d\u2019enlla\u00e7os de 1917 un gran parc entremig d\u2019eixos importants com la via J\u00falia, la Meridiana, el passeig de Valldaura i la via Fav\u00e8ncia. La idea era que aquest gran parc port\u00e9s directament a la serra de Collserola. Aquest pla va quedar susp\u00e8s fins que un pla comarcal de 1953 el reactiva i s\u2019aprova la construcci\u00f3 del parc al torrent de la Guineu \u00a0l\u2019any 1962.\u00a0 Durant tot aquest temps, el barranc es mant\u00e9, amb una b\u00f2vila, el pas dels torrents de Canyelles i de Valent, i travessat horitzontalment per dues l\u00ednies d\u2019aq\u00fceductes, la del Baix Vall\u00e8s i la de Dosrius. A m\u00e9s, els propis ve\u00efns havien anat obrint camins des de Verdun i les Roquetes per accedir als terrenys de la Guineueta Vella i el Mental. \u00a0\u00a0\u201cA mitjans dels anys 60 va iniciar-se la construcci\u00f3\u00a0 del parc sobre una superf\u00edcie que eren 6,2 hect\u00e0rees de terreny. &#8211; explica en Ricard Fern\u00e1ndez de l&#8217;Arxiu Hist\u00f2ric de Roquetes Nou Barris-\u00a0 Es van aprofitar les runes que deixava la construcci\u00f3 dels pol\u00edgons d\u2019habitatges, m\u00e9s altra terra afegida, que va servir per cobrir el barranc, cobrir els dos aq\u00fceductes i aplanar el terreny.\u201d<\/p>\n<p>El futur parc comen\u00e7a a construir-se en paral\u00b7lel amb el pol\u00edgon de la Guineueta. Un nom triat en refer\u00e8ncia a la masia de Can Guineueta, que estava situada a la zona. \u201cAquest parc es va construir paral\u00b7lelament als blocs d\u2019habitatges del nou pol\u00edgon de la Guineueta, cosa que en aquella \u00e8poca no era habitual, ja que primer s\u2019acostumaven a fer els habitatges i despr\u00e9s els equipaments es deixaven per despr\u00e9s o senzillament no es feien\u201d, comenta en Ricard Fern\u00e1ndez.\u00a0 Obra dels arquitectes Joaquim Casamor i Antoni Riera i l\u2019enginyer Albert Serratosa, el parc dibuixa camins entre zones ben diferenciades. Una primera m\u00e9s planera dominada per l\u2019escultura de la Guineu i un llac. A continuaci\u00f3 una gran pla\u00e7a, escenari d\u2019actes populars, culturals, pol\u00edtics i reivindicatius. I una part final costeruda i boscosa que porta fins a la via Fav\u00e8ncia i la serra de Collserola.<\/p>\n<p>El parc es va obrir l\u2019any 1968, per tornar-se a tancar i reformar fins a la inauguraci\u00f3 oficial i definitiva el 6 de desembre de 1971. En aquell moment es bateja amb el nom de Jardins de \u2018San Juan de Puerto Rico\u2019, per\u00f2 amb el temps el nom\u00a0 queda substitu\u00eft pel de parc de la Guineueta. Un espai de m\u00e9s de 6 hect\u00e0rees que va proporcionar als ve\u00efns un lloc per passejar, descansar i on els nens podien jugar.<\/p>\n","protected":false},"excerpt":{"rendered":"<p>Un gran pulm\u00f3 verd constru\u00eft sobre runa, aq\u00fceductes i torrenteres El parc de la Guineueta va ser dissenyat com una<\/p>\n","protected":false},"author":2,"featured_media":67544,"comment_status":"closed","ping_status":"closed","sticky":false,"template":"","format":"standard","meta":{"colormag_page_layout":"default_layout","_monsterinsights_skip_tracking":false,"_monsterinsights_sitenote_active":false,"_monsterinsights_sitenote_note":"","_monsterinsights_sitenote_category":0,"footnotes":""},"categories":[133,1,302],"tags":[169,47,413],"class_list":["post-67541","post","type-post","status-publish","format-standard","has-post-thumbnail","hentry","category-la-guineueta","category-nou-barris","category-urbanisme","tag-arxiu-historic-de-roquetes-nou-barris","tag-la-guineueta","tag-parcs"],"yoast_head":"<!-- This site is optimized with the Yoast SEO plugin v25.3 - https:\/\/yoast.com\/wordpress\/plugins\/seo\/ -->\n<title>El parc de la Guineueta, la connexi\u00f3 amb Collserola - NouBarris.Net<\/title>\n<meta name=\"robots\" content=\"index, follow, max-snippet:-1, max-image-preview:large, max-video-preview:-1\" \/>\n<link rel=\"canonical\" href=\"https:\/\/www.noubarris.net\/web40\/el-parc-de-la-guineueta-la-connexio-verda-amb-collserola\/\" \/>\n<meta property=\"og:locale\" content=\"ca_ES\" \/>\n<meta property=\"og:type\" content=\"article\" \/>\n<meta property=\"og:title\" content=\"El parc de la Guineueta, la connexi\u00f3 amb Collserola - NouBarris.Net\" \/>\n<meta property=\"og:description\" content=\"Un gran pulm\u00f3 verd constru\u00eft sobre runa, aq\u00fceductes i torrenteres El parc de la Guineueta va ser dissenyat com una\" \/>\n<meta property=\"og:url\" content=\"https:\/\/www.noubarris.net\/web40\/el-parc-de-la-guineueta-la-connexio-verda-amb-collserola\/\" \/>\n<meta property=\"og:site_name\" content=\"NouBarris.Net\" \/>\n<meta property=\"article:publisher\" content=\"https:\/\/www.facebook.com\/NouBarris.net\/?locale=es_ES\" \/>\n<meta property=\"article:published_time\" content=\"2016-06-30T23:00:17+00:00\" \/>\n<meta property=\"og:image\" content=\"https:\/\/www.noubarris.net\/web40\/wp-content\/uploads\/2016\/07\/010716.jpg\" \/>\n\t<meta property=\"og:image:width\" content=\"787\" \/>\n\t<meta property=\"og:image:height\" content=\"445\" \/>\n\t<meta property=\"og:image:type\" content=\"image\/jpeg\" \/>\n<meta name=\"author\" content=\"Informatius\" \/>\n<meta name=\"twitter:card\" content=\"summary_large_image\" \/>\n<meta name=\"twitter:creator\" content=\"@9BTV\" \/>\n<meta name=\"twitter:site\" content=\"@9BTV\" \/>\n<meta name=\"twitter:label1\" content=\"Escrit per\" \/>\n\t<meta name=\"twitter:data1\" content=\"Informatius\" \/>\n\t<meta name=\"twitter:label2\" content=\"Temps estimat de lectura\" \/>\n\t<meta name=\"twitter:data2\" content=\"3 minuts\" \/>\n<script type=\"application\/ld+json\" class=\"yoast-schema-graph\">{\"@context\":\"https:\/\/schema.org\",\"@graph\":[{\"@type\":\"Article\",\"@id\":\"https:\/\/www.noubarris.net\/web40\/el-parc-de-la-guineueta-la-connexio-verda-amb-collserola\/#article\",\"isPartOf\":{\"@id\":\"https:\/\/www.noubarris.net\/web40\/el-parc-de-la-guineueta-la-connexio-verda-amb-collserola\/\"},\"author\":{\"name\":\"Informatius\",\"@id\":\"https:\/\/www.noubarris.net\/web40\/#\/schema\/person\/1827f92aaa316c54abbf4dac0de76069\"},\"headline\":\"El parc de la Guineueta, la connexi\u00f3 amb Collserola\",\"datePublished\":\"2016-06-30T23:00:17+00:00\",\"mainEntityOfPage\":{\"@id\":\"https:\/\/www.noubarris.net\/web40\/el-parc-de-la-guineueta-la-connexio-verda-amb-collserola\/\"},\"wordCount\":545,\"publisher\":{\"@id\":\"https:\/\/www.noubarris.net\/web40\/#organization\"},\"image\":{\"@id\":\"https:\/\/www.noubarris.net\/web40\/el-parc-de-la-guineueta-la-connexio-verda-amb-collserola\/#primaryimage\"},\"thumbnailUrl\":\"https:\/\/www.noubarris.net\/web40\/wp-content\/uploads\/2016\/07\/010716.jpg\",\"keywords\":[\"Arxiu Hist\u00f2ric de Roquetes \u2013 Nou Barris\",\"La Guineueta\",\"Parcs\"],\"articleSection\":[\"La Guineueta\",\"Nou Barris\",\"Urbanisme\"],\"inLanguage\":\"ca\"},{\"@type\":\"WebPage\",\"@id\":\"https:\/\/www.noubarris.net\/web40\/el-parc-de-la-guineueta-la-connexio-verda-amb-collserola\/\",\"url\":\"https:\/\/www.noubarris.net\/web40\/el-parc-de-la-guineueta-la-connexio-verda-amb-collserola\/\",\"name\":\"El parc de la Guineueta, la connexi\u00f3 amb Collserola - NouBarris.Net\",\"isPartOf\":{\"@id\":\"https:\/\/www.noubarris.net\/web40\/#website\"},\"primaryImageOfPage\":{\"@id\":\"https:\/\/www.noubarris.net\/web40\/el-parc-de-la-guineueta-la-connexio-verda-amb-collserola\/#primaryimage\"},\"image\":{\"@id\":\"https:\/\/www.noubarris.net\/web40\/el-parc-de-la-guineueta-la-connexio-verda-amb-collserola\/#primaryimage\"},\"thumbnailUrl\":\"https:\/\/www.noubarris.net\/web40\/wp-content\/uploads\/2016\/07\/010716.jpg\",\"datePublished\":\"2016-06-30T23:00:17+00:00\",\"breadcrumb\":{\"@id\":\"https:\/\/www.noubarris.net\/web40\/el-parc-de-la-guineueta-la-connexio-verda-amb-collserola\/#breadcrumb\"},\"inLanguage\":\"ca\",\"potentialAction\":[{\"@type\":\"ReadAction\",\"target\":[\"https:\/\/www.noubarris.net\/web40\/el-parc-de-la-guineueta-la-connexio-verda-amb-collserola\/\"]}]},{\"@type\":\"ImageObject\",\"inLanguage\":\"ca\",\"@id\":\"https:\/\/www.noubarris.net\/web40\/el-parc-de-la-guineueta-la-connexio-verda-amb-collserola\/#primaryimage\",\"url\":\"https:\/\/www.noubarris.net\/web40\/wp-content\/uploads\/2016\/07\/010716.jpg\",\"contentUrl\":\"https:\/\/www.noubarris.net\/web40\/wp-content\/uploads\/2016\/07\/010716.jpg\",\"width\":787,\"height\":445},{\"@type\":\"BreadcrumbList\",\"@id\":\"https:\/\/www.noubarris.net\/web40\/el-parc-de-la-guineueta-la-connexio-verda-amb-collserola\/#breadcrumb\",\"itemListElement\":[{\"@type\":\"ListItem\",\"position\":1,\"name\":\"Inici\",\"item\":\"https:\/\/www.noubarris.net\/web40\/\"},{\"@type\":\"ListItem\",\"position\":2,\"name\":\"El parc de la Guineueta, la connexi\u00f3 amb Collserola\"}]},{\"@type\":\"WebSite\",\"@id\":\"https:\/\/www.noubarris.net\/web40\/#website\",\"url\":\"https:\/\/www.noubarris.net\/web40\/\",\"name\":\"NouBarris.Net\",\"description\":\"Seguint la vida de Nou Barris des de 1985\",\"publisher\":{\"@id\":\"https:\/\/www.noubarris.net\/web40\/#organization\"},\"potentialAction\":[{\"@type\":\"SearchAction\",\"target\":{\"@type\":\"EntryPoint\",\"urlTemplate\":\"https:\/\/www.noubarris.net\/web40\/?s={search_term_string}\"},\"query-input\":{\"@type\":\"PropertyValueSpecification\",\"valueRequired\":true,\"valueName\":\"search_term_string\"}}],\"inLanguage\":\"ca\"},{\"@type\":\"Organization\",\"@id\":\"https:\/\/www.noubarris.net\/web40\/#organization\",\"name\":\"NouBarris.Net\",\"url\":\"https:\/\/www.noubarris.net\/web40\/\",\"logo\":{\"@type\":\"ImageObject\",\"inLanguage\":\"ca\",\"@id\":\"https:\/\/www.noubarris.net\/web40\/#\/schema\/logo\/image\/\",\"url\":\"https:\/\/www.noubarris.net\/web40\/wp-content\/uploads\/2024\/11\/cropped-cropped-LOGO_9BTV-2024_Insta-1.jpg\",\"contentUrl\":\"https:\/\/www.noubarris.net\/web40\/wp-content\/uploads\/2024\/11\/cropped-cropped-LOGO_9BTV-2024_Insta-1.jpg\",\"width\":512,\"height\":512,\"caption\":\"NouBarris.Net\"},\"image\":{\"@id\":\"https:\/\/www.noubarris.net\/web40\/#\/schema\/logo\/image\/\"},\"sameAs\":[\"https:\/\/www.facebook.com\/NouBarris.net\/?locale=es_ES\",\"https:\/\/x.com\/9BTV\"]},{\"@type\":\"Person\",\"@id\":\"https:\/\/www.noubarris.net\/web40\/#\/schema\/person\/1827f92aaa316c54abbf4dac0de76069\",\"name\":\"Informatius\",\"image\":{\"@type\":\"ImageObject\",\"inLanguage\":\"ca\",\"@id\":\"https:\/\/www.noubarris.net\/web40\/#\/schema\/person\/image\/\",\"url\":\"https:\/\/secure.gravatar.com\/avatar\/87a3b47928835fc72c6ee5b0e1a7263ef0c2d05003a98189bc14926c5f11bcdb?s=96&d=mm&r=g\",\"contentUrl\":\"https:\/\/secure.gravatar.com\/avatar\/87a3b47928835fc72c6ee5b0e1a7263ef0c2d05003a98189bc14926c5f11bcdb?s=96&d=mm&r=g\",\"caption\":\"Informatius\"},\"url\":\"https:\/\/www.noubarris.net\/web40\/author\/tele\/\"}]}<\/script>\n<!-- \/ Yoast SEO plugin. -->","yoast_head_json":{"title":"El parc de la Guineueta, la connexi\u00f3 amb Collserola - NouBarris.Net","robots":{"index":"index","follow":"follow","max-snippet":"max-snippet:-1","max-image-preview":"max-image-preview:large","max-video-preview":"max-video-preview:-1"},"canonical":"https:\/\/www.noubarris.net\/web40\/el-parc-de-la-guineueta-la-connexio-verda-amb-collserola\/","og_locale":"ca_ES","og_type":"article","og_title":"El parc de la Guineueta, la connexi\u00f3 amb Collserola - NouBarris.Net","og_description":"Un gran pulm\u00f3 verd constru\u00eft sobre runa, aq\u00fceductes i torrenteres El parc de la Guineueta va ser dissenyat com una","og_url":"https:\/\/www.noubarris.net\/web40\/el-parc-de-la-guineueta-la-connexio-verda-amb-collserola\/","og_site_name":"NouBarris.Net","article_publisher":"https:\/\/www.facebook.com\/NouBarris.net\/?locale=es_ES","article_published_time":"2016-06-30T23:00:17+00:00","og_image":[{"width":787,"height":445,"url":"https:\/\/www.noubarris.net\/web40\/wp-content\/uploads\/2016\/07\/010716.jpg","type":"image\/jpeg"}],"author":"Informatius","twitter_card":"summary_large_image","twitter_creator":"@9BTV","twitter_site":"@9BTV","twitter_misc":{"Escrit per":"Informatius","Temps estimat de lectura":"3 minuts"},"schema":{"@context":"https:\/\/schema.org","@graph":[{"@type":"Article","@id":"https:\/\/www.noubarris.net\/web40\/el-parc-de-la-guineueta-la-connexio-verda-amb-collserola\/#article","isPartOf":{"@id":"https:\/\/www.noubarris.net\/web40\/el-parc-de-la-guineueta-la-connexio-verda-amb-collserola\/"},"author":{"name":"Informatius","@id":"https:\/\/www.noubarris.net\/web40\/#\/schema\/person\/1827f92aaa316c54abbf4dac0de76069"},"headline":"El parc de la Guineueta, la connexi\u00f3 amb Collserola","datePublished":"2016-06-30T23:00:17+00:00","mainEntityOfPage":{"@id":"https:\/\/www.noubarris.net\/web40\/el-parc-de-la-guineueta-la-connexio-verda-amb-collserola\/"},"wordCount":545,"publisher":{"@id":"https:\/\/www.noubarris.net\/web40\/#organization"},"image":{"@id":"https:\/\/www.noubarris.net\/web40\/el-parc-de-la-guineueta-la-connexio-verda-amb-collserola\/#primaryimage"},"thumbnailUrl":"https:\/\/www.noubarris.net\/web40\/wp-content\/uploads\/2016\/07\/010716.jpg","keywords":["Arxiu Hist\u00f2ric de Roquetes \u2013 Nou Barris","La Guineueta","Parcs"],"articleSection":["La Guineueta","Nou Barris","Urbanisme"],"inLanguage":"ca"},{"@type":"WebPage","@id":"https:\/\/www.noubarris.net\/web40\/el-parc-de-la-guineueta-la-connexio-verda-amb-collserola\/","url":"https:\/\/www.noubarris.net\/web40\/el-parc-de-la-guineueta-la-connexio-verda-amb-collserola\/","name":"El parc de la Guineueta, la connexi\u00f3 amb Collserola - NouBarris.Net","isPartOf":{"@id":"https:\/\/www.noubarris.net\/web40\/#website"},"primaryImageOfPage":{"@id":"https:\/\/www.noubarris.net\/web40\/el-parc-de-la-guineueta-la-connexio-verda-amb-collserola\/#primaryimage"},"image":{"@id":"https:\/\/www.noubarris.net\/web40\/el-parc-de-la-guineueta-la-connexio-verda-amb-collserola\/#primaryimage"},"thumbnailUrl":"https:\/\/www.noubarris.net\/web40\/wp-content\/uploads\/2016\/07\/010716.jpg","datePublished":"2016-06-30T23:00:17+00:00","breadcrumb":{"@id":"https:\/\/www.noubarris.net\/web40\/el-parc-de-la-guineueta-la-connexio-verda-amb-collserola\/#breadcrumb"},"inLanguage":"ca","potentialAction":[{"@type":"ReadAction","target":["https:\/\/www.noubarris.net\/web40\/el-parc-de-la-guineueta-la-connexio-verda-amb-collserola\/"]}]},{"@type":"ImageObject","inLanguage":"ca","@id":"https:\/\/www.noubarris.net\/web40\/el-parc-de-la-guineueta-la-connexio-verda-amb-collserola\/#primaryimage","url":"https:\/\/www.noubarris.net\/web40\/wp-content\/uploads\/2016\/07\/010716.jpg","contentUrl":"https:\/\/www.noubarris.net\/web40\/wp-content\/uploads\/2016\/07\/010716.jpg","width":787,"height":445},{"@type":"BreadcrumbList","@id":"https:\/\/www.noubarris.net\/web40\/el-parc-de-la-guineueta-la-connexio-verda-amb-collserola\/#breadcrumb","itemListElement":[{"@type":"ListItem","position":1,"name":"Inici","item":"https:\/\/www.noubarris.net\/web40\/"},{"@type":"ListItem","position":2,"name":"El parc de la Guineueta, la connexi\u00f3 amb Collserola"}]},{"@type":"WebSite","@id":"https:\/\/www.noubarris.net\/web40\/#website","url":"https:\/\/www.noubarris.net\/web40\/","name":"NouBarris.Net","description":"Seguint la vida de Nou Barris des de 1985","publisher":{"@id":"https:\/\/www.noubarris.net\/web40\/#organization"},"potentialAction":[{"@type":"SearchAction","target":{"@type":"EntryPoint","urlTemplate":"https:\/\/www.noubarris.net\/web40\/?s={search_term_string}"},"query-input":{"@type":"PropertyValueSpecification","valueRequired":true,"valueName":"search_term_string"}}],"inLanguage":"ca"},{"@type":"Organization","@id":"https:\/\/www.noubarris.net\/web40\/#organization","name":"NouBarris.Net","url":"https:\/\/www.noubarris.net\/web40\/","logo":{"@type":"ImageObject","inLanguage":"ca","@id":"https:\/\/www.noubarris.net\/web40\/#\/schema\/logo\/image\/","url":"https:\/\/www.noubarris.net\/web40\/wp-content\/uploads\/2024\/11\/cropped-cropped-LOGO_9BTV-2024_Insta-1.jpg","contentUrl":"https:\/\/www.noubarris.net\/web40\/wp-content\/uploads\/2024\/11\/cropped-cropped-LOGO_9BTV-2024_Insta-1.jpg","width":512,"height":512,"caption":"NouBarris.Net"},"image":{"@id":"https:\/\/www.noubarris.net\/web40\/#\/schema\/logo\/image\/"},"sameAs":["https:\/\/www.facebook.com\/NouBarris.net\/?locale=es_ES","https:\/\/x.com\/9BTV"]},{"@type":"Person","@id":"https:\/\/www.noubarris.net\/web40\/#\/schema\/person\/1827f92aaa316c54abbf4dac0de76069","name":"Informatius","image":{"@type":"ImageObject","inLanguage":"ca","@id":"https:\/\/www.noubarris.net\/web40\/#\/schema\/person\/image\/","url":"https:\/\/secure.gravatar.com\/avatar\/87a3b47928835fc72c6ee5b0e1a7263ef0c2d05003a98189bc14926c5f11bcdb?s=96&d=mm&r=g","contentUrl":"https:\/\/secure.gravatar.com\/avatar\/87a3b47928835fc72c6ee5b0e1a7263ef0c2d05003a98189bc14926c5f11bcdb?s=96&d=mm&r=g","caption":"Informatius"},"url":"https:\/\/www.noubarris.net\/web40\/author\/tele\/"}]}},"_links":{"self":[{"href":"https:\/\/www.noubarris.net\/web40\/wp-json\/wp\/v2\/posts\/67541","targetHints":{"allow":["GET"]}}],"collection":[{"href":"https:\/\/www.noubarris.net\/web40\/wp-json\/wp\/v2\/posts"}],"about":[{"href":"https:\/\/www.noubarris.net\/web40\/wp-json\/wp\/v2\/types\/post"}],"author":[{"embeddable":true,"href":"https:\/\/www.noubarris.net\/web40\/wp-json\/wp\/v2\/users\/2"}],"replies":[{"embeddable":true,"href":"https:\/\/www.noubarris.net\/web40\/wp-json\/wp\/v2\/comments?post=67541"}],"version-history":[{"count":0,"href":"https:\/\/www.noubarris.net\/web40\/wp-json\/wp\/v2\/posts\/67541\/revisions"}],"wp:featuredmedia":[{"embeddable":true,"href":"https:\/\/www.noubarris.net\/web40\/wp-json\/wp\/v2\/media\/67544"}],"wp:attachment":[{"href":"https:\/\/www.noubarris.net\/web40\/wp-json\/wp\/v2\/media?parent=67541"}],"wp:term":[{"taxonomy":"category","embeddable":true,"href":"https:\/\/www.noubarris.net\/web40\/wp-json\/wp\/v2\/categories?post=67541"},{"taxonomy":"post_tag","embeddable":true,"href":"https:\/\/www.noubarris.net\/web40\/wp-json\/wp\/v2\/tags?post=67541"}],"curies":[{"name":"wp","href":"https:\/\/api.w.org\/{rel}","templated":true}]}}