{"id":68065,"date":"2016-09-19T00:55:45","date_gmt":"2016-09-18T23:55:45","guid":{"rendered":"http:\/\/www.noubarris.net\/web40\/?p=68065"},"modified":"2016-09-16T15:03:33","modified_gmt":"2016-09-16T14:03:33","slug":"la-torre-llobeta-la-masia-que-dona-nom-a-un-barri","status":"publish","type":"post","link":"https:\/\/www.noubarris.net\/web40\/la-torre-llobeta-la-masia-que-dona-nom-a-un-barri\/","title":{"rendered":"La Torre Llobeta, la masia que d\u00f3na nom a un barri"},"content":{"rendered":"<p><strong>Casalot, masia i centre c\u00edvic, les tres vides d\u2019un mateix edifici<\/strong><\/p>\n<p>La Torre Llobeta va ser constru\u00efda a finals del segle XV com a casalot senyorial, tot i que posteriorment va ser utilitzada com a masia. S\u2019especula que el nom de Torre Llobeta prov\u00e9 de les fam\u00edlies Llobera o Llobet. Tamb\u00e9 es coneix amb els noms de Can Bast\u00e9 de les Parets, Can Sagarriga i Mas Montaner. Es tracta d\u2019un edifici de planta quadrada, pati interior i elements g\u00f2tics, que de fet no s\u00f3n originals, tal i com ens explica Josep Maria Bab\u00ed, de l\u2019Arxiu Hist\u00f2ric Roquetes-Nou Barris. \u201cAquests elements provenen de cases medievals que van ser enderrocades a finals del segle XIX i principis del XX per obrir nous vials a Barcelona com va ser el cas de l\u2019obertura de la via Laietana.\u201d<\/p>\n<p>Se sap que va fer la funci\u00f3 de masia agr\u00edcola per la fam\u00edlia Sapila i despr\u00e9s, al 1721, \u00a0per la fam\u00edlia Sagarriga. En els dos casos hi va haver plets successoris i la casa va viure \u00e8poques de cert ostracisme.\u00a0A mitjans del segle XIX es comen\u00e7a a vendre parcel\u00b7les destinades a construir-hi torres d\u2019estiueig. Poc despr\u00e9s canvia de propietaris i es transforma en un punt de trobada de la burgesia catalana. Per all\u00e0 hi passa, per exemple, el poeta Joan Maragall a qui el 1915 se li dedica el passeig que passa pel davant de la masia.<\/p>\n<p>Als anys 20, els propietaris v\u00e9nen gaireb\u00e9 la meitat de la finca al projecte del tramvia d\u2019Horta i a l\u2019ex\u00e8rcit. A la Guerra Civil la masia va ser la seu del comit\u00e8 revolucionari del barri i va acollir membres de les Brigades Internacionals. I a partir d\u2019aqu\u00ed queda abandonada. Al seu entorn creix el barri de Torre Llobeta, entre 1952 i 1955. Quan als anys 60 l\u2019escola es queda petita la masia va estar amena\u00e7ada tal i com ens recorda Josep Maria Bab\u00ed: \u201cUn dels plans que es volia exectuar era la seva ampliaci\u00f3 a costa de l\u2019enderrocament de la masia. S\u2019hi van oposar els ve\u00efns i al final se\u2019n van sortir. El que es va fer \u00e9s pujar un pis m\u00e9s l\u2019escola.\u201d<\/p>\n<p>L\u2019associaci\u00f3 de ve\u00efns inicia la reivindicaci\u00f3 de la conservaci\u00f3 de la masia i que fos un espai per al barri. Fet que aconsegueix l\u2019any 1983, quan es converteix en centre c\u00edvic.<\/p>\n","protected":false},"excerpt":{"rendered":"<p>Casalot, masia i centre c\u00edvic, les tres vides d\u2019un mateix edifici La Torre Llobeta va ser constru\u00efda a finals del<\/p>\n","protected":false},"author":2,"featured_media":68066,"comment_status":"closed","ping_status":"closed","sticky":false,"template":"","format":"standard","meta":{"colormag_page_layout":"default_layout","_monsterinsights_skip_tracking":false,"_monsterinsights_sitenote_active":false,"_monsterinsights_sitenote_note":"","_monsterinsights_sitenote_category":0,"footnotes":""},"categories":[129,142],"tags":[271,235,389],"class_list":["post-68065","post","type-post","status-publish","format-standard","has-post-thumbnail","hentry","category-cultura","category-vilapicina-i-la-torre-llobeta","tag-historia","tag-patrimoni","tag-vilapicina-i-la-torre-llobeta"],"yoast_head":"<!-- This site is optimized with the Yoast SEO plugin v25.3 - https:\/\/yoast.com\/wordpress\/plugins\/seo\/ -->\n<title>La Torre Llobeta, la masia que d\u00f3na nom a un barri - NouBarris.Net<\/title>\n<meta name=\"robots\" content=\"index, follow, max-snippet:-1, max-image-preview:large, max-video-preview:-1\" \/>\n<link rel=\"canonical\" href=\"https:\/\/www.noubarris.net\/web40\/la-torre-llobeta-la-masia-que-dona-nom-a-un-barri\/\" \/>\n<meta property=\"og:locale\" content=\"ca_ES\" \/>\n<meta property=\"og:type\" content=\"article\" \/>\n<meta property=\"og:title\" content=\"La Torre Llobeta, la masia que d\u00f3na nom a un barri - NouBarris.Net\" \/>\n<meta property=\"og:description\" content=\"Casalot, masia i centre c\u00edvic, les tres vides d\u2019un mateix edifici La Torre Llobeta va ser constru\u00efda a finals del\" \/>\n<meta property=\"og:url\" content=\"https:\/\/www.noubarris.net\/web40\/la-torre-llobeta-la-masia-que-dona-nom-a-un-barri\/\" \/>\n<meta property=\"og:site_name\" content=\"NouBarris.Net\" \/>\n<meta property=\"article:publisher\" content=\"https:\/\/www.facebook.com\/NouBarris.net\/?locale=es_ES\" \/>\n<meta property=\"article:published_time\" content=\"2016-09-18T23:55:45+00:00\" \/>\n<meta property=\"og:image\" content=\"https:\/\/www.noubarris.net\/web40\/wp-content\/uploads\/2016\/09\/190916.jpg\" \/>\n\t<meta property=\"og:image:width\" content=\"787\" \/>\n\t<meta property=\"og:image:height\" content=\"445\" \/>\n\t<meta property=\"og:image:type\" content=\"image\/jpeg\" \/>\n<meta name=\"author\" content=\"Informatius\" \/>\n<meta name=\"twitter:card\" content=\"summary_large_image\" \/>\n<meta name=\"twitter:creator\" content=\"@9BTV\" \/>\n<meta name=\"twitter:site\" content=\"@9BTV\" \/>\n<meta name=\"twitter:label1\" content=\"Escrit per\" \/>\n\t<meta name=\"twitter:data1\" content=\"Informatius\" \/>\n\t<meta name=\"twitter:label2\" content=\"Temps estimat de lectura\" \/>\n\t<meta name=\"twitter:data2\" content=\"2 minuts\" \/>\n<script type=\"application\/ld+json\" class=\"yoast-schema-graph\">{\"@context\":\"https:\/\/schema.org\",\"@graph\":[{\"@type\":\"Article\",\"@id\":\"https:\/\/www.noubarris.net\/web40\/la-torre-llobeta-la-masia-que-dona-nom-a-un-barri\/#article\",\"isPartOf\":{\"@id\":\"https:\/\/www.noubarris.net\/web40\/la-torre-llobeta-la-masia-que-dona-nom-a-un-barri\/\"},\"author\":{\"name\":\"Informatius\",\"@id\":\"https:\/\/www.noubarris.net\/web40\/#\/schema\/person\/1827f92aaa316c54abbf4dac0de76069\"},\"headline\":\"La Torre Llobeta, la masia que d\u00f3na nom a un barri\",\"datePublished\":\"2016-09-18T23:55:45+00:00\",\"mainEntityOfPage\":{\"@id\":\"https:\/\/www.noubarris.net\/web40\/la-torre-llobeta-la-masia-que-dona-nom-a-un-barri\/\"},\"wordCount\":427,\"publisher\":{\"@id\":\"https:\/\/www.noubarris.net\/web40\/#organization\"},\"image\":{\"@id\":\"https:\/\/www.noubarris.net\/web40\/la-torre-llobeta-la-masia-que-dona-nom-a-un-barri\/#primaryimage\"},\"thumbnailUrl\":\"https:\/\/www.noubarris.net\/web40\/wp-content\/uploads\/2016\/09\/190916.jpg\",\"keywords\":[\"Hist\u00f2ria\",\"patrimoni\",\"Vilapicina i la Torre Llobeta\"],\"articleSection\":[\"Cultura\",\"Vilapicina i la Torre Llobeta\"],\"inLanguage\":\"ca\"},{\"@type\":\"WebPage\",\"@id\":\"https:\/\/www.noubarris.net\/web40\/la-torre-llobeta-la-masia-que-dona-nom-a-un-barri\/\",\"url\":\"https:\/\/www.noubarris.net\/web40\/la-torre-llobeta-la-masia-que-dona-nom-a-un-barri\/\",\"name\":\"La Torre Llobeta, la masia que d\u00f3na nom a un barri - NouBarris.Net\",\"isPartOf\":{\"@id\":\"https:\/\/www.noubarris.net\/web40\/#website\"},\"primaryImageOfPage\":{\"@id\":\"https:\/\/www.noubarris.net\/web40\/la-torre-llobeta-la-masia-que-dona-nom-a-un-barri\/#primaryimage\"},\"image\":{\"@id\":\"https:\/\/www.noubarris.net\/web40\/la-torre-llobeta-la-masia-que-dona-nom-a-un-barri\/#primaryimage\"},\"thumbnailUrl\":\"https:\/\/www.noubarris.net\/web40\/wp-content\/uploads\/2016\/09\/190916.jpg\",\"datePublished\":\"2016-09-18T23:55:45+00:00\",\"breadcrumb\":{\"@id\":\"https:\/\/www.noubarris.net\/web40\/la-torre-llobeta-la-masia-que-dona-nom-a-un-barri\/#breadcrumb\"},\"inLanguage\":\"ca\",\"potentialAction\":[{\"@type\":\"ReadAction\",\"target\":[\"https:\/\/www.noubarris.net\/web40\/la-torre-llobeta-la-masia-que-dona-nom-a-un-barri\/\"]}]},{\"@type\":\"ImageObject\",\"inLanguage\":\"ca\",\"@id\":\"https:\/\/www.noubarris.net\/web40\/la-torre-llobeta-la-masia-que-dona-nom-a-un-barri\/#primaryimage\",\"url\":\"https:\/\/www.noubarris.net\/web40\/wp-content\/uploads\/2016\/09\/190916.jpg\",\"contentUrl\":\"https:\/\/www.noubarris.net\/web40\/wp-content\/uploads\/2016\/09\/190916.jpg\",\"width\":787,\"height\":445},{\"@type\":\"BreadcrumbList\",\"@id\":\"https:\/\/www.noubarris.net\/web40\/la-torre-llobeta-la-masia-que-dona-nom-a-un-barri\/#breadcrumb\",\"itemListElement\":[{\"@type\":\"ListItem\",\"position\":1,\"name\":\"Inici\",\"item\":\"https:\/\/www.noubarris.net\/web40\/\"},{\"@type\":\"ListItem\",\"position\":2,\"name\":\"La Torre Llobeta, la masia que d\u00f3na nom a un barri\"}]},{\"@type\":\"WebSite\",\"@id\":\"https:\/\/www.noubarris.net\/web40\/#website\",\"url\":\"https:\/\/www.noubarris.net\/web40\/\",\"name\":\"NouBarris.Net\",\"description\":\"Seguint la vida de Nou Barris des de 1985\",\"publisher\":{\"@id\":\"https:\/\/www.noubarris.net\/web40\/#organization\"},\"potentialAction\":[{\"@type\":\"SearchAction\",\"target\":{\"@type\":\"EntryPoint\",\"urlTemplate\":\"https:\/\/www.noubarris.net\/web40\/?s={search_term_string}\"},\"query-input\":{\"@type\":\"PropertyValueSpecification\",\"valueRequired\":true,\"valueName\":\"search_term_string\"}}],\"inLanguage\":\"ca\"},{\"@type\":\"Organization\",\"@id\":\"https:\/\/www.noubarris.net\/web40\/#organization\",\"name\":\"NouBarris.Net\",\"url\":\"https:\/\/www.noubarris.net\/web40\/\",\"logo\":{\"@type\":\"ImageObject\",\"inLanguage\":\"ca\",\"@id\":\"https:\/\/www.noubarris.net\/web40\/#\/schema\/logo\/image\/\",\"url\":\"https:\/\/www.noubarris.net\/web40\/wp-content\/uploads\/2024\/11\/cropped-cropped-LOGO_9BTV-2024_Insta-1.jpg\",\"contentUrl\":\"https:\/\/www.noubarris.net\/web40\/wp-content\/uploads\/2024\/11\/cropped-cropped-LOGO_9BTV-2024_Insta-1.jpg\",\"width\":512,\"height\":512,\"caption\":\"NouBarris.Net\"},\"image\":{\"@id\":\"https:\/\/www.noubarris.net\/web40\/#\/schema\/logo\/image\/\"},\"sameAs\":[\"https:\/\/www.facebook.com\/NouBarris.net\/?locale=es_ES\",\"https:\/\/x.com\/9BTV\"]},{\"@type\":\"Person\",\"@id\":\"https:\/\/www.noubarris.net\/web40\/#\/schema\/person\/1827f92aaa316c54abbf4dac0de76069\",\"name\":\"Informatius\",\"image\":{\"@type\":\"ImageObject\",\"inLanguage\":\"ca\",\"@id\":\"https:\/\/www.noubarris.net\/web40\/#\/schema\/person\/image\/\",\"url\":\"https:\/\/secure.gravatar.com\/avatar\/87a3b47928835fc72c6ee5b0e1a7263ef0c2d05003a98189bc14926c5f11bcdb?s=96&d=mm&r=g\",\"contentUrl\":\"https:\/\/secure.gravatar.com\/avatar\/87a3b47928835fc72c6ee5b0e1a7263ef0c2d05003a98189bc14926c5f11bcdb?s=96&d=mm&r=g\",\"caption\":\"Informatius\"},\"url\":\"https:\/\/www.noubarris.net\/web40\/author\/tele\/\"}]}<\/script>\n<!-- \/ Yoast SEO plugin. -->","yoast_head_json":{"title":"La Torre Llobeta, la masia que d\u00f3na nom a un barri - NouBarris.Net","robots":{"index":"index","follow":"follow","max-snippet":"max-snippet:-1","max-image-preview":"max-image-preview:large","max-video-preview":"max-video-preview:-1"},"canonical":"https:\/\/www.noubarris.net\/web40\/la-torre-llobeta-la-masia-que-dona-nom-a-un-barri\/","og_locale":"ca_ES","og_type":"article","og_title":"La Torre Llobeta, la masia que d\u00f3na nom a un barri - NouBarris.Net","og_description":"Casalot, masia i centre c\u00edvic, les tres vides d\u2019un mateix edifici La Torre Llobeta va ser constru\u00efda a finals del","og_url":"https:\/\/www.noubarris.net\/web40\/la-torre-llobeta-la-masia-que-dona-nom-a-un-barri\/","og_site_name":"NouBarris.Net","article_publisher":"https:\/\/www.facebook.com\/NouBarris.net\/?locale=es_ES","article_published_time":"2016-09-18T23:55:45+00:00","og_image":[{"width":787,"height":445,"url":"https:\/\/www.noubarris.net\/web40\/wp-content\/uploads\/2016\/09\/190916.jpg","type":"image\/jpeg"}],"author":"Informatius","twitter_card":"summary_large_image","twitter_creator":"@9BTV","twitter_site":"@9BTV","twitter_misc":{"Escrit per":"Informatius","Temps estimat de lectura":"2 minuts"},"schema":{"@context":"https:\/\/schema.org","@graph":[{"@type":"Article","@id":"https:\/\/www.noubarris.net\/web40\/la-torre-llobeta-la-masia-que-dona-nom-a-un-barri\/#article","isPartOf":{"@id":"https:\/\/www.noubarris.net\/web40\/la-torre-llobeta-la-masia-que-dona-nom-a-un-barri\/"},"author":{"name":"Informatius","@id":"https:\/\/www.noubarris.net\/web40\/#\/schema\/person\/1827f92aaa316c54abbf4dac0de76069"},"headline":"La Torre Llobeta, la masia que d\u00f3na nom a un barri","datePublished":"2016-09-18T23:55:45+00:00","mainEntityOfPage":{"@id":"https:\/\/www.noubarris.net\/web40\/la-torre-llobeta-la-masia-que-dona-nom-a-un-barri\/"},"wordCount":427,"publisher":{"@id":"https:\/\/www.noubarris.net\/web40\/#organization"},"image":{"@id":"https:\/\/www.noubarris.net\/web40\/la-torre-llobeta-la-masia-que-dona-nom-a-un-barri\/#primaryimage"},"thumbnailUrl":"https:\/\/www.noubarris.net\/web40\/wp-content\/uploads\/2016\/09\/190916.jpg","keywords":["Hist\u00f2ria","patrimoni","Vilapicina i la Torre Llobeta"],"articleSection":["Cultura","Vilapicina i la Torre Llobeta"],"inLanguage":"ca"},{"@type":"WebPage","@id":"https:\/\/www.noubarris.net\/web40\/la-torre-llobeta-la-masia-que-dona-nom-a-un-barri\/","url":"https:\/\/www.noubarris.net\/web40\/la-torre-llobeta-la-masia-que-dona-nom-a-un-barri\/","name":"La Torre Llobeta, la masia que d\u00f3na nom a un barri - NouBarris.Net","isPartOf":{"@id":"https:\/\/www.noubarris.net\/web40\/#website"},"primaryImageOfPage":{"@id":"https:\/\/www.noubarris.net\/web40\/la-torre-llobeta-la-masia-que-dona-nom-a-un-barri\/#primaryimage"},"image":{"@id":"https:\/\/www.noubarris.net\/web40\/la-torre-llobeta-la-masia-que-dona-nom-a-un-barri\/#primaryimage"},"thumbnailUrl":"https:\/\/www.noubarris.net\/web40\/wp-content\/uploads\/2016\/09\/190916.jpg","datePublished":"2016-09-18T23:55:45+00:00","breadcrumb":{"@id":"https:\/\/www.noubarris.net\/web40\/la-torre-llobeta-la-masia-que-dona-nom-a-un-barri\/#breadcrumb"},"inLanguage":"ca","potentialAction":[{"@type":"ReadAction","target":["https:\/\/www.noubarris.net\/web40\/la-torre-llobeta-la-masia-que-dona-nom-a-un-barri\/"]}]},{"@type":"ImageObject","inLanguage":"ca","@id":"https:\/\/www.noubarris.net\/web40\/la-torre-llobeta-la-masia-que-dona-nom-a-un-barri\/#primaryimage","url":"https:\/\/www.noubarris.net\/web40\/wp-content\/uploads\/2016\/09\/190916.jpg","contentUrl":"https:\/\/www.noubarris.net\/web40\/wp-content\/uploads\/2016\/09\/190916.jpg","width":787,"height":445},{"@type":"BreadcrumbList","@id":"https:\/\/www.noubarris.net\/web40\/la-torre-llobeta-la-masia-que-dona-nom-a-un-barri\/#breadcrumb","itemListElement":[{"@type":"ListItem","position":1,"name":"Inici","item":"https:\/\/www.noubarris.net\/web40\/"},{"@type":"ListItem","position":2,"name":"La Torre Llobeta, la masia que d\u00f3na nom a un barri"}]},{"@type":"WebSite","@id":"https:\/\/www.noubarris.net\/web40\/#website","url":"https:\/\/www.noubarris.net\/web40\/","name":"NouBarris.Net","description":"Seguint la vida de Nou Barris des de 1985","publisher":{"@id":"https:\/\/www.noubarris.net\/web40\/#organization"},"potentialAction":[{"@type":"SearchAction","target":{"@type":"EntryPoint","urlTemplate":"https:\/\/www.noubarris.net\/web40\/?s={search_term_string}"},"query-input":{"@type":"PropertyValueSpecification","valueRequired":true,"valueName":"search_term_string"}}],"inLanguage":"ca"},{"@type":"Organization","@id":"https:\/\/www.noubarris.net\/web40\/#organization","name":"NouBarris.Net","url":"https:\/\/www.noubarris.net\/web40\/","logo":{"@type":"ImageObject","inLanguage":"ca","@id":"https:\/\/www.noubarris.net\/web40\/#\/schema\/logo\/image\/","url":"https:\/\/www.noubarris.net\/web40\/wp-content\/uploads\/2024\/11\/cropped-cropped-LOGO_9BTV-2024_Insta-1.jpg","contentUrl":"https:\/\/www.noubarris.net\/web40\/wp-content\/uploads\/2024\/11\/cropped-cropped-LOGO_9BTV-2024_Insta-1.jpg","width":512,"height":512,"caption":"NouBarris.Net"},"image":{"@id":"https:\/\/www.noubarris.net\/web40\/#\/schema\/logo\/image\/"},"sameAs":["https:\/\/www.facebook.com\/NouBarris.net\/?locale=es_ES","https:\/\/x.com\/9BTV"]},{"@type":"Person","@id":"https:\/\/www.noubarris.net\/web40\/#\/schema\/person\/1827f92aaa316c54abbf4dac0de76069","name":"Informatius","image":{"@type":"ImageObject","inLanguage":"ca","@id":"https:\/\/www.noubarris.net\/web40\/#\/schema\/person\/image\/","url":"https:\/\/secure.gravatar.com\/avatar\/87a3b47928835fc72c6ee5b0e1a7263ef0c2d05003a98189bc14926c5f11bcdb?s=96&d=mm&r=g","contentUrl":"https:\/\/secure.gravatar.com\/avatar\/87a3b47928835fc72c6ee5b0e1a7263ef0c2d05003a98189bc14926c5f11bcdb?s=96&d=mm&r=g","caption":"Informatius"},"url":"https:\/\/www.noubarris.net\/web40\/author\/tele\/"}]}},"_links":{"self":[{"href":"https:\/\/www.noubarris.net\/web40\/wp-json\/wp\/v2\/posts\/68065","targetHints":{"allow":["GET"]}}],"collection":[{"href":"https:\/\/www.noubarris.net\/web40\/wp-json\/wp\/v2\/posts"}],"about":[{"href":"https:\/\/www.noubarris.net\/web40\/wp-json\/wp\/v2\/types\/post"}],"author":[{"embeddable":true,"href":"https:\/\/www.noubarris.net\/web40\/wp-json\/wp\/v2\/users\/2"}],"replies":[{"embeddable":true,"href":"https:\/\/www.noubarris.net\/web40\/wp-json\/wp\/v2\/comments?post=68065"}],"version-history":[{"count":0,"href":"https:\/\/www.noubarris.net\/web40\/wp-json\/wp\/v2\/posts\/68065\/revisions"}],"wp:featuredmedia":[{"embeddable":true,"href":"https:\/\/www.noubarris.net\/web40\/wp-json\/wp\/v2\/media\/68066"}],"wp:attachment":[{"href":"https:\/\/www.noubarris.net\/web40\/wp-json\/wp\/v2\/media?parent=68065"}],"wp:term":[{"taxonomy":"category","embeddable":true,"href":"https:\/\/www.noubarris.net\/web40\/wp-json\/wp\/v2\/categories?post=68065"},{"taxonomy":"post_tag","embeddable":true,"href":"https:\/\/www.noubarris.net\/web40\/wp-json\/wp\/v2\/tags?post=68065"}],"curies":[{"name":"wp","href":"https:\/\/api.w.org\/{rel}","templated":true}]}}