{"id":68070,"date":"2016-09-20T00:00:19","date_gmt":"2016-09-19T23:00:19","guid":{"rendered":"http:\/\/www.noubarris.net\/web40\/?p=68070"},"modified":"2016-09-19T16:51:30","modified_gmt":"2016-09-19T15:51:30","slug":"un-incendi-a-collserola-destrueix-prop-de-20-hectarees-de-bosc-entre-torre-baro-i-canyelles","status":"publish","type":"post","link":"https:\/\/www.noubarris.net\/web40\/un-incendi-a-collserola-destrueix-prop-de-20-hectarees-de-bosc-entre-torre-baro-i-canyelles\/","title":{"rendered":"Un incendi a Collserola destrueix prop de 20 hect\u00e0rees de bosc entre Torre Bar\u00f3 i Canyelles"},"content":{"rendered":"<p><strong>La columna de fum, visible des de diversos punts de la ciutat, va omplir les xarxes socials d\u2019imatges<\/strong><\/p>\n<p>Una enorme columna de fum a Collserola, visible des de molts punts de la ciutat, va alertar ahir al migdia a molts ve\u00efns. El foc, que es va originar a la carretera Alta de Roquetes, a Torre Bar\u00f3, es va escampar en direcci\u00f3 al barri de Canyelles i cap al Parc Natural de Collserola, ajudat per les altes temperatures i la humitat.<\/p>\n<p>La gran visibilitat de la columna de fum va fer que ben aviat les xarxes socials s\u2019omplissin de fotografies, v\u00eddeos i comentaris fent-ne refer\u00e8ncia. Els serveis d\u2019emerg\u00e8ncia tamb\u00e9 van rebre un allau de m\u00e9s de 500 trucades alertant del foc, que va fer que aquests fessin una crida per tal que la gent comuniqu\u00e9s exclusivament en cas de perill.<\/p>\n<p>De forma preventiva l\u2019ajuntament va desallotjar el centre Can Ensenya, per la proximitat del foc. Una mesura que tamb\u00e9 van prendre per iniciativa pr\u00f2pia dos centres educatius de l\u2019entorn: La Salle Horta i l\u2019Institut Escola Tur\u00f3 de Roquetes.<\/p>\n<p>Fins a 12 dotacions terrestres dels Bombers de Barcelona i 14 dels Bombers de la Generalitat, aix\u00ed com 6 mitjans aeris van estar treballant per combatre l\u2019incendi. Una tasca en que van participar tamb\u00e9 Gu\u00e0rdia Urbana, Mossos d\u2019Esquadra, agents rurals i ambul\u00e0ncies del Sistema d\u2019Emerg\u00e8ncies M\u00e8diques. Despr\u00e9s de destruir unes 20 hect\u00e0rees, a mitja tarda el foc es va donar per controlat sense que aquest comport\u00e8s ferits.<\/p>\n","protected":false},"excerpt":{"rendered":"<p>La columna de fum, visible des de diversos punts de la ciutat, va omplir les xarxes socials d\u2019imatges Una enorme<\/p>\n","protected":false},"author":2,"featured_media":68071,"comment_status":"closed","ping_status":"closed","sticky":false,"template":"","format":"standard","meta":{"colormag_page_layout":"default_layout","_monsterinsights_skip_tracking":false,"_monsterinsights_sitenote_active":false,"_monsterinsights_sitenote_note":"","_monsterinsights_sitenote_category":0,"footnotes":""},"categories":[131,136,124],"tags":[48,351,479,49],"class_list":["post-68070","post","type-post","status-publish","format-standard","has-post-thumbnail","hentry","category-canyelles","category-les-roquetes","category-societat","tag-canyelles","tag-collserola","tag-incendi","tag-les-roquetes"],"yoast_head":"<!-- This site is optimized with the Yoast SEO plugin v25.3 - https:\/\/yoast.com\/wordpress\/plugins\/seo\/ -->\n<title>Un incendi a Collserola destrueix prop de 20 hect\u00e0rees de bosc entre Torre Bar\u00f3 i Canyelles - NouBarris.Net<\/title>\n<meta name=\"robots\" content=\"index, follow, max-snippet:-1, max-image-preview:large, max-video-preview:-1\" \/>\n<link rel=\"canonical\" href=\"https:\/\/www.noubarris.net\/web40\/un-incendi-a-collserola-destrueix-prop-de-20-hectarees-de-bosc-entre-torre-baro-i-canyelles\/\" \/>\n<meta property=\"og:locale\" content=\"ca_ES\" \/>\n<meta property=\"og:type\" content=\"article\" \/>\n<meta property=\"og:title\" content=\"Un incendi a Collserola destrueix prop de 20 hect\u00e0rees de bosc entre Torre Bar\u00f3 i Canyelles - NouBarris.Net\" \/>\n<meta property=\"og:description\" content=\"La columna de fum, visible des de diversos punts de la ciutat, va omplir les xarxes socials d\u2019imatges Una enorme\" \/>\n<meta property=\"og:url\" content=\"https:\/\/www.noubarris.net\/web40\/un-incendi-a-collserola-destrueix-prop-de-20-hectarees-de-bosc-entre-torre-baro-i-canyelles\/\" \/>\n<meta property=\"og:site_name\" content=\"NouBarris.Net\" \/>\n<meta property=\"article:publisher\" content=\"https:\/\/www.facebook.com\/NouBarris.net\/?locale=es_ES\" \/>\n<meta property=\"article:published_time\" content=\"2016-09-19T23:00:19+00:00\" \/>\n<meta property=\"og:image\" content=\"https:\/\/www.noubarris.net\/web40\/wp-content\/uploads\/2016\/09\/200916.jpg\" \/>\n\t<meta property=\"og:image:width\" content=\"787\" \/>\n\t<meta property=\"og:image:height\" content=\"445\" \/>\n\t<meta property=\"og:image:type\" content=\"image\/jpeg\" \/>\n<meta name=\"author\" content=\"Informatius\" \/>\n<meta name=\"twitter:card\" content=\"summary_large_image\" \/>\n<meta name=\"twitter:creator\" content=\"@9BTV\" \/>\n<meta name=\"twitter:site\" content=\"@9BTV\" \/>\n<meta name=\"twitter:label1\" content=\"Escrit per\" \/>\n\t<meta name=\"twitter:data1\" content=\"Informatius\" \/>\n\t<meta name=\"twitter:label2\" content=\"Temps estimat de lectura\" \/>\n\t<meta name=\"twitter:data2\" content=\"1 minut\" \/>\n<script type=\"application\/ld+json\" class=\"yoast-schema-graph\">{\"@context\":\"https:\/\/schema.org\",\"@graph\":[{\"@type\":\"Article\",\"@id\":\"https:\/\/www.noubarris.net\/web40\/un-incendi-a-collserola-destrueix-prop-de-20-hectarees-de-bosc-entre-torre-baro-i-canyelles\/#article\",\"isPartOf\":{\"@id\":\"https:\/\/www.noubarris.net\/web40\/un-incendi-a-collserola-destrueix-prop-de-20-hectarees-de-bosc-entre-torre-baro-i-canyelles\/\"},\"author\":{\"name\":\"Informatius\",\"@id\":\"https:\/\/www.noubarris.net\/web40\/#\/schema\/person\/1827f92aaa316c54abbf4dac0de76069\"},\"headline\":\"Un incendi a Collserola destrueix prop de 20 hect\u00e0rees de bosc entre Torre Bar\u00f3 i Canyelles\",\"datePublished\":\"2016-09-19T23:00:19+00:00\",\"mainEntityOfPage\":{\"@id\":\"https:\/\/www.noubarris.net\/web40\/un-incendi-a-collserola-destrueix-prop-de-20-hectarees-de-bosc-entre-torre-baro-i-canyelles\/\"},\"wordCount\":278,\"publisher\":{\"@id\":\"https:\/\/www.noubarris.net\/web40\/#organization\"},\"image\":{\"@id\":\"https:\/\/www.noubarris.net\/web40\/un-incendi-a-collserola-destrueix-prop-de-20-hectarees-de-bosc-entre-torre-baro-i-canyelles\/#primaryimage\"},\"thumbnailUrl\":\"https:\/\/www.noubarris.net\/web40\/wp-content\/uploads\/2016\/09\/200916.jpg\",\"keywords\":[\"Canyelles\",\"Collserola\",\"incendi\",\"Les Roquetes\"],\"articleSection\":[\"Canyelles\",\"Les Roquetes\",\"Societat\"],\"inLanguage\":\"ca\"},{\"@type\":\"WebPage\",\"@id\":\"https:\/\/www.noubarris.net\/web40\/un-incendi-a-collserola-destrueix-prop-de-20-hectarees-de-bosc-entre-torre-baro-i-canyelles\/\",\"url\":\"https:\/\/www.noubarris.net\/web40\/un-incendi-a-collserola-destrueix-prop-de-20-hectarees-de-bosc-entre-torre-baro-i-canyelles\/\",\"name\":\"Un incendi a Collserola destrueix prop de 20 hect\u00e0rees de bosc entre Torre Bar\u00f3 i Canyelles - NouBarris.Net\",\"isPartOf\":{\"@id\":\"https:\/\/www.noubarris.net\/web40\/#website\"},\"primaryImageOfPage\":{\"@id\":\"https:\/\/www.noubarris.net\/web40\/un-incendi-a-collserola-destrueix-prop-de-20-hectarees-de-bosc-entre-torre-baro-i-canyelles\/#primaryimage\"},\"image\":{\"@id\":\"https:\/\/www.noubarris.net\/web40\/un-incendi-a-collserola-destrueix-prop-de-20-hectarees-de-bosc-entre-torre-baro-i-canyelles\/#primaryimage\"},\"thumbnailUrl\":\"https:\/\/www.noubarris.net\/web40\/wp-content\/uploads\/2016\/09\/200916.jpg\",\"datePublished\":\"2016-09-19T23:00:19+00:00\",\"breadcrumb\":{\"@id\":\"https:\/\/www.noubarris.net\/web40\/un-incendi-a-collserola-destrueix-prop-de-20-hectarees-de-bosc-entre-torre-baro-i-canyelles\/#breadcrumb\"},\"inLanguage\":\"ca\",\"potentialAction\":[{\"@type\":\"ReadAction\",\"target\":[\"https:\/\/www.noubarris.net\/web40\/un-incendi-a-collserola-destrueix-prop-de-20-hectarees-de-bosc-entre-torre-baro-i-canyelles\/\"]}]},{\"@type\":\"ImageObject\",\"inLanguage\":\"ca\",\"@id\":\"https:\/\/www.noubarris.net\/web40\/un-incendi-a-collserola-destrueix-prop-de-20-hectarees-de-bosc-entre-torre-baro-i-canyelles\/#primaryimage\",\"url\":\"https:\/\/www.noubarris.net\/web40\/wp-content\/uploads\/2016\/09\/200916.jpg\",\"contentUrl\":\"https:\/\/www.noubarris.net\/web40\/wp-content\/uploads\/2016\/09\/200916.jpg\",\"width\":787,\"height\":445},{\"@type\":\"BreadcrumbList\",\"@id\":\"https:\/\/www.noubarris.net\/web40\/un-incendi-a-collserola-destrueix-prop-de-20-hectarees-de-bosc-entre-torre-baro-i-canyelles\/#breadcrumb\",\"itemListElement\":[{\"@type\":\"ListItem\",\"position\":1,\"name\":\"Inici\",\"item\":\"https:\/\/www.noubarris.net\/web40\/\"},{\"@type\":\"ListItem\",\"position\":2,\"name\":\"Un incendi a Collserola destrueix prop de 20 hect\u00e0rees de bosc entre Torre Bar\u00f3 i Canyelles\"}]},{\"@type\":\"WebSite\",\"@id\":\"https:\/\/www.noubarris.net\/web40\/#website\",\"url\":\"https:\/\/www.noubarris.net\/web40\/\",\"name\":\"NouBarris.Net\",\"description\":\"Seguint la vida de Nou Barris des de 1985\",\"publisher\":{\"@id\":\"https:\/\/www.noubarris.net\/web40\/#organization\"},\"potentialAction\":[{\"@type\":\"SearchAction\",\"target\":{\"@type\":\"EntryPoint\",\"urlTemplate\":\"https:\/\/www.noubarris.net\/web40\/?s={search_term_string}\"},\"query-input\":{\"@type\":\"PropertyValueSpecification\",\"valueRequired\":true,\"valueName\":\"search_term_string\"}}],\"inLanguage\":\"ca\"},{\"@type\":\"Organization\",\"@id\":\"https:\/\/www.noubarris.net\/web40\/#organization\",\"name\":\"NouBarris.Net\",\"url\":\"https:\/\/www.noubarris.net\/web40\/\",\"logo\":{\"@type\":\"ImageObject\",\"inLanguage\":\"ca\",\"@id\":\"https:\/\/www.noubarris.net\/web40\/#\/schema\/logo\/image\/\",\"url\":\"https:\/\/www.noubarris.net\/web40\/wp-content\/uploads\/2024\/11\/cropped-cropped-LOGO_9BTV-2024_Insta-1.jpg\",\"contentUrl\":\"https:\/\/www.noubarris.net\/web40\/wp-content\/uploads\/2024\/11\/cropped-cropped-LOGO_9BTV-2024_Insta-1.jpg\",\"width\":512,\"height\":512,\"caption\":\"NouBarris.Net\"},\"image\":{\"@id\":\"https:\/\/www.noubarris.net\/web40\/#\/schema\/logo\/image\/\"},\"sameAs\":[\"https:\/\/www.facebook.com\/NouBarris.net\/?locale=es_ES\",\"https:\/\/x.com\/9BTV\"]},{\"@type\":\"Person\",\"@id\":\"https:\/\/www.noubarris.net\/web40\/#\/schema\/person\/1827f92aaa316c54abbf4dac0de76069\",\"name\":\"Informatius\",\"image\":{\"@type\":\"ImageObject\",\"inLanguage\":\"ca\",\"@id\":\"https:\/\/www.noubarris.net\/web40\/#\/schema\/person\/image\/\",\"url\":\"https:\/\/secure.gravatar.com\/avatar\/87a3b47928835fc72c6ee5b0e1a7263ef0c2d05003a98189bc14926c5f11bcdb?s=96&d=mm&r=g\",\"contentUrl\":\"https:\/\/secure.gravatar.com\/avatar\/87a3b47928835fc72c6ee5b0e1a7263ef0c2d05003a98189bc14926c5f11bcdb?s=96&d=mm&r=g\",\"caption\":\"Informatius\"},\"url\":\"https:\/\/www.noubarris.net\/web40\/author\/tele\/\"}]}<\/script>\n<!-- \/ Yoast SEO plugin. -->","yoast_head_json":{"title":"Un incendi a Collserola destrueix prop de 20 hect\u00e0rees de bosc entre Torre Bar\u00f3 i Canyelles - NouBarris.Net","robots":{"index":"index","follow":"follow","max-snippet":"max-snippet:-1","max-image-preview":"max-image-preview:large","max-video-preview":"max-video-preview:-1"},"canonical":"https:\/\/www.noubarris.net\/web40\/un-incendi-a-collserola-destrueix-prop-de-20-hectarees-de-bosc-entre-torre-baro-i-canyelles\/","og_locale":"ca_ES","og_type":"article","og_title":"Un incendi a Collserola destrueix prop de 20 hect\u00e0rees de bosc entre Torre Bar\u00f3 i Canyelles - NouBarris.Net","og_description":"La columna de fum, visible des de diversos punts de la ciutat, va omplir les xarxes socials d\u2019imatges Una enorme","og_url":"https:\/\/www.noubarris.net\/web40\/un-incendi-a-collserola-destrueix-prop-de-20-hectarees-de-bosc-entre-torre-baro-i-canyelles\/","og_site_name":"NouBarris.Net","article_publisher":"https:\/\/www.facebook.com\/NouBarris.net\/?locale=es_ES","article_published_time":"2016-09-19T23:00:19+00:00","og_image":[{"width":787,"height":445,"url":"https:\/\/www.noubarris.net\/web40\/wp-content\/uploads\/2016\/09\/200916.jpg","type":"image\/jpeg"}],"author":"Informatius","twitter_card":"summary_large_image","twitter_creator":"@9BTV","twitter_site":"@9BTV","twitter_misc":{"Escrit per":"Informatius","Temps estimat de lectura":"1 minut"},"schema":{"@context":"https:\/\/schema.org","@graph":[{"@type":"Article","@id":"https:\/\/www.noubarris.net\/web40\/un-incendi-a-collserola-destrueix-prop-de-20-hectarees-de-bosc-entre-torre-baro-i-canyelles\/#article","isPartOf":{"@id":"https:\/\/www.noubarris.net\/web40\/un-incendi-a-collserola-destrueix-prop-de-20-hectarees-de-bosc-entre-torre-baro-i-canyelles\/"},"author":{"name":"Informatius","@id":"https:\/\/www.noubarris.net\/web40\/#\/schema\/person\/1827f92aaa316c54abbf4dac0de76069"},"headline":"Un incendi a Collserola destrueix prop de 20 hect\u00e0rees de bosc entre Torre Bar\u00f3 i Canyelles","datePublished":"2016-09-19T23:00:19+00:00","mainEntityOfPage":{"@id":"https:\/\/www.noubarris.net\/web40\/un-incendi-a-collserola-destrueix-prop-de-20-hectarees-de-bosc-entre-torre-baro-i-canyelles\/"},"wordCount":278,"publisher":{"@id":"https:\/\/www.noubarris.net\/web40\/#organization"},"image":{"@id":"https:\/\/www.noubarris.net\/web40\/un-incendi-a-collserola-destrueix-prop-de-20-hectarees-de-bosc-entre-torre-baro-i-canyelles\/#primaryimage"},"thumbnailUrl":"https:\/\/www.noubarris.net\/web40\/wp-content\/uploads\/2016\/09\/200916.jpg","keywords":["Canyelles","Collserola","incendi","Les Roquetes"],"articleSection":["Canyelles","Les Roquetes","Societat"],"inLanguage":"ca"},{"@type":"WebPage","@id":"https:\/\/www.noubarris.net\/web40\/un-incendi-a-collserola-destrueix-prop-de-20-hectarees-de-bosc-entre-torre-baro-i-canyelles\/","url":"https:\/\/www.noubarris.net\/web40\/un-incendi-a-collserola-destrueix-prop-de-20-hectarees-de-bosc-entre-torre-baro-i-canyelles\/","name":"Un incendi a Collserola destrueix prop de 20 hect\u00e0rees de bosc entre Torre Bar\u00f3 i Canyelles - NouBarris.Net","isPartOf":{"@id":"https:\/\/www.noubarris.net\/web40\/#website"},"primaryImageOfPage":{"@id":"https:\/\/www.noubarris.net\/web40\/un-incendi-a-collserola-destrueix-prop-de-20-hectarees-de-bosc-entre-torre-baro-i-canyelles\/#primaryimage"},"image":{"@id":"https:\/\/www.noubarris.net\/web40\/un-incendi-a-collserola-destrueix-prop-de-20-hectarees-de-bosc-entre-torre-baro-i-canyelles\/#primaryimage"},"thumbnailUrl":"https:\/\/www.noubarris.net\/web40\/wp-content\/uploads\/2016\/09\/200916.jpg","datePublished":"2016-09-19T23:00:19+00:00","breadcrumb":{"@id":"https:\/\/www.noubarris.net\/web40\/un-incendi-a-collserola-destrueix-prop-de-20-hectarees-de-bosc-entre-torre-baro-i-canyelles\/#breadcrumb"},"inLanguage":"ca","potentialAction":[{"@type":"ReadAction","target":["https:\/\/www.noubarris.net\/web40\/un-incendi-a-collserola-destrueix-prop-de-20-hectarees-de-bosc-entre-torre-baro-i-canyelles\/"]}]},{"@type":"ImageObject","inLanguage":"ca","@id":"https:\/\/www.noubarris.net\/web40\/un-incendi-a-collserola-destrueix-prop-de-20-hectarees-de-bosc-entre-torre-baro-i-canyelles\/#primaryimage","url":"https:\/\/www.noubarris.net\/web40\/wp-content\/uploads\/2016\/09\/200916.jpg","contentUrl":"https:\/\/www.noubarris.net\/web40\/wp-content\/uploads\/2016\/09\/200916.jpg","width":787,"height":445},{"@type":"BreadcrumbList","@id":"https:\/\/www.noubarris.net\/web40\/un-incendi-a-collserola-destrueix-prop-de-20-hectarees-de-bosc-entre-torre-baro-i-canyelles\/#breadcrumb","itemListElement":[{"@type":"ListItem","position":1,"name":"Inici","item":"https:\/\/www.noubarris.net\/web40\/"},{"@type":"ListItem","position":2,"name":"Un incendi a Collserola destrueix prop de 20 hect\u00e0rees de bosc entre Torre Bar\u00f3 i Canyelles"}]},{"@type":"WebSite","@id":"https:\/\/www.noubarris.net\/web40\/#website","url":"https:\/\/www.noubarris.net\/web40\/","name":"NouBarris.Net","description":"Seguint la vida de Nou Barris des de 1985","publisher":{"@id":"https:\/\/www.noubarris.net\/web40\/#organization"},"potentialAction":[{"@type":"SearchAction","target":{"@type":"EntryPoint","urlTemplate":"https:\/\/www.noubarris.net\/web40\/?s={search_term_string}"},"query-input":{"@type":"PropertyValueSpecification","valueRequired":true,"valueName":"search_term_string"}}],"inLanguage":"ca"},{"@type":"Organization","@id":"https:\/\/www.noubarris.net\/web40\/#organization","name":"NouBarris.Net","url":"https:\/\/www.noubarris.net\/web40\/","logo":{"@type":"ImageObject","inLanguage":"ca","@id":"https:\/\/www.noubarris.net\/web40\/#\/schema\/logo\/image\/","url":"https:\/\/www.noubarris.net\/web40\/wp-content\/uploads\/2024\/11\/cropped-cropped-LOGO_9BTV-2024_Insta-1.jpg","contentUrl":"https:\/\/www.noubarris.net\/web40\/wp-content\/uploads\/2024\/11\/cropped-cropped-LOGO_9BTV-2024_Insta-1.jpg","width":512,"height":512,"caption":"NouBarris.Net"},"image":{"@id":"https:\/\/www.noubarris.net\/web40\/#\/schema\/logo\/image\/"},"sameAs":["https:\/\/www.facebook.com\/NouBarris.net\/?locale=es_ES","https:\/\/x.com\/9BTV"]},{"@type":"Person","@id":"https:\/\/www.noubarris.net\/web40\/#\/schema\/person\/1827f92aaa316c54abbf4dac0de76069","name":"Informatius","image":{"@type":"ImageObject","inLanguage":"ca","@id":"https:\/\/www.noubarris.net\/web40\/#\/schema\/person\/image\/","url":"https:\/\/secure.gravatar.com\/avatar\/87a3b47928835fc72c6ee5b0e1a7263ef0c2d05003a98189bc14926c5f11bcdb?s=96&d=mm&r=g","contentUrl":"https:\/\/secure.gravatar.com\/avatar\/87a3b47928835fc72c6ee5b0e1a7263ef0c2d05003a98189bc14926c5f11bcdb?s=96&d=mm&r=g","caption":"Informatius"},"url":"https:\/\/www.noubarris.net\/web40\/author\/tele\/"}]}},"_links":{"self":[{"href":"https:\/\/www.noubarris.net\/web40\/wp-json\/wp\/v2\/posts\/68070","targetHints":{"allow":["GET"]}}],"collection":[{"href":"https:\/\/www.noubarris.net\/web40\/wp-json\/wp\/v2\/posts"}],"about":[{"href":"https:\/\/www.noubarris.net\/web40\/wp-json\/wp\/v2\/types\/post"}],"author":[{"embeddable":true,"href":"https:\/\/www.noubarris.net\/web40\/wp-json\/wp\/v2\/users\/2"}],"replies":[{"embeddable":true,"href":"https:\/\/www.noubarris.net\/web40\/wp-json\/wp\/v2\/comments?post=68070"}],"version-history":[{"count":0,"href":"https:\/\/www.noubarris.net\/web40\/wp-json\/wp\/v2\/posts\/68070\/revisions"}],"wp:featuredmedia":[{"embeddable":true,"href":"https:\/\/www.noubarris.net\/web40\/wp-json\/wp\/v2\/media\/68071"}],"wp:attachment":[{"href":"https:\/\/www.noubarris.net\/web40\/wp-json\/wp\/v2\/media?parent=68070"}],"wp:term":[{"taxonomy":"category","embeddable":true,"href":"https:\/\/www.noubarris.net\/web40\/wp-json\/wp\/v2\/categories?post=68070"},{"taxonomy":"post_tag","embeddable":true,"href":"https:\/\/www.noubarris.net\/web40\/wp-json\/wp\/v2\/tags?post=68070"}],"curies":[{"name":"wp","href":"https:\/\/api.w.org\/{rel}","templated":true}]}}