{"id":68659,"date":"2016-11-29T00:00:22","date_gmt":"2016-11-28T23:00:22","guid":{"rendered":"http:\/\/www.noubarris.net\/web40\/?p=68659"},"modified":"2016-11-28T17:59:01","modified_gmt":"2016-11-28T16:59:01","slug":"arrenca-el-14e-forum-fotografic-can-baste","status":"publish","type":"post","link":"https:\/\/www.noubarris.net\/web40\/arrenca-el-14e-forum-fotografic-can-baste\/","title":{"rendered":"Arrenca el 14\u00e8 F\u00f2rum Fotogr\u00e0fic Can Bast\u00e9"},"content":{"rendered":"<p><strong>L\u2019equipament es convertir\u00e0 en una gran galeria i punt de trobada fins al dissabte<\/strong><\/p>\n<p>El centre c\u00edvic Can Bast\u00e9 inaugura avui a les 20h un dels seus projectes m\u00e9s emblem\u00e0tics, el <a href=\"https:\/\/forumfotograficcanbaste.wordpress.com\/\" target=\"_blank\">F\u00f2rum Fotogr\u00e0fic<\/a>, que enguany arriba a la 14ena edici\u00f3. \u00a0Es tracta d\u2019un certamen que des de fa un parell d\u2019edicions \u00e9s bianual i l\u2019objectiu del qual \u00e9s descobrir, recon\u00e8ixer i promoure novells creadors que utilitzen la fotografia com a mitj\u00e0 expressiu. Aix\u00f2 ho aconsegueixen de diverses formes. D\u2019una banda, tots els racons de la masia de Can Bast\u00e9 es converteixen en espais expositius. Val a dir que aquest cop, a m\u00e9s, s\u2019estrena un nou espai, la galeria Golfes II que s\u2019ha guanyat amb les darreres obres que s\u2019han realitzat al casalot. L\u2019espai buit del fals sostre de la sala d\u2019actes de la primera planta s\u2019ha convertit ara en un altre espai expositiu.<\/p>\n<p>Tamb\u00e9 han organitzat xerrades, presentacions de llibres i tallers. I no pot faltar el concurs fotogr\u00e0fic en qu\u00e8 divendres i dissabte, els vint fot\u00f2grafs finalistes defensaran els seus projectes davant el p\u00fablic i un jurat format per professionals reconeguts. \u00a0\u00a0I per si fos poc, hi trobareu m\u00fasica, un plat\u00f3 al carrer, market anal\u00f2gic&#8230; tot un seguit d\u2019activitats que <a href=\"https:\/\/issuu.com\/canbastenoubarris\/docs\/revista14__forum\" target=\"_blank\">podeu consultar en el programa<\/a> i que fan de Can Bast\u00e9 aquesta setmana una visita obligada per a fot\u00f2grafs, col\u00b7lectius, i per tota la gent que li agrada la fotografia.<\/p>\n","protected":false},"excerpt":{"rendered":"<p>L\u2019equipament es convertir\u00e0 en una gran galeria i punt de trobada fins al dissabte El centre c\u00edvic Can Bast\u00e9 inaugura<\/p>\n","protected":false},"author":2,"featured_media":68661,"comment_status":"closed","ping_status":"closed","sticky":false,"template":"","format":"standard","meta":{"colormag_page_layout":"default_layout","_monsterinsights_skip_tracking":false,"_monsterinsights_sitenote_active":false,"_monsterinsights_sitenote_note":"","_monsterinsights_sitenote_category":0,"footnotes":""},"categories":[129,139],"tags":[88,234,246,266],"class_list":["post-68659","post","type-post","status-publish","format-standard","has-post-thumbnail","hentry","category-cultura","category-el-turo-de-la-peira","tag-can-baste","tag-cultura","tag-el-turo-de-la-peira","tag-fotografia"],"yoast_head":"<!-- This site is optimized with the Yoast SEO plugin v25.3 - https:\/\/yoast.com\/wordpress\/plugins\/seo\/ -->\n<title>Arrenca el 14\u00e8 F\u00f2rum Fotogr\u00e0fic Can Bast\u00e9 - NouBarris.Net<\/title>\n<meta name=\"robots\" content=\"index, follow, max-snippet:-1, max-image-preview:large, max-video-preview:-1\" \/>\n<link rel=\"canonical\" href=\"https:\/\/www.noubarris.net\/web40\/arrenca-el-14e-forum-fotografic-can-baste\/\" \/>\n<meta property=\"og:locale\" content=\"ca_ES\" \/>\n<meta property=\"og:type\" content=\"article\" \/>\n<meta property=\"og:title\" content=\"Arrenca el 14\u00e8 F\u00f2rum Fotogr\u00e0fic Can Bast\u00e9 - NouBarris.Net\" \/>\n<meta property=\"og:description\" content=\"L\u2019equipament es convertir\u00e0 en una gran galeria i punt de trobada fins al dissabte El centre c\u00edvic Can Bast\u00e9 inaugura\" \/>\n<meta property=\"og:url\" content=\"https:\/\/www.noubarris.net\/web40\/arrenca-el-14e-forum-fotografic-can-baste\/\" \/>\n<meta property=\"og:site_name\" content=\"NouBarris.Net\" \/>\n<meta property=\"article:publisher\" content=\"https:\/\/www.facebook.com\/NouBarris.net\/?locale=es_ES\" \/>\n<meta property=\"article:published_time\" content=\"2016-11-28T23:00:22+00:00\" \/>\n<meta property=\"og:image\" content=\"https:\/\/www.noubarris.net\/web40\/wp-content\/uploads\/2016\/11\/291116.jpg\" \/>\n\t<meta property=\"og:image:width\" content=\"787\" \/>\n\t<meta property=\"og:image:height\" content=\"445\" \/>\n\t<meta property=\"og:image:type\" content=\"image\/jpeg\" \/>\n<meta name=\"author\" content=\"Informatius\" \/>\n<meta name=\"twitter:card\" content=\"summary_large_image\" \/>\n<meta name=\"twitter:creator\" content=\"@9BTV\" \/>\n<meta name=\"twitter:site\" content=\"@9BTV\" \/>\n<meta name=\"twitter:label1\" content=\"Escrit per\" \/>\n\t<meta name=\"twitter:data1\" content=\"Informatius\" \/>\n\t<meta name=\"twitter:label2\" content=\"Temps estimat de lectura\" \/>\n\t<meta name=\"twitter:data2\" content=\"1 minut\" \/>\n<script type=\"application\/ld+json\" class=\"yoast-schema-graph\">{\"@context\":\"https:\/\/schema.org\",\"@graph\":[{\"@type\":\"Article\",\"@id\":\"https:\/\/www.noubarris.net\/web40\/arrenca-el-14e-forum-fotografic-can-baste\/#article\",\"isPartOf\":{\"@id\":\"https:\/\/www.noubarris.net\/web40\/arrenca-el-14e-forum-fotografic-can-baste\/\"},\"author\":{\"name\":\"Informatius\",\"@id\":\"https:\/\/www.noubarris.net\/web40\/#\/schema\/person\/1827f92aaa316c54abbf4dac0de76069\"},\"headline\":\"Arrenca el 14\u00e8 F\u00f2rum Fotogr\u00e0fic Can Bast\u00e9\",\"datePublished\":\"2016-11-28T23:00:22+00:00\",\"mainEntityOfPage\":{\"@id\":\"https:\/\/www.noubarris.net\/web40\/arrenca-el-14e-forum-fotografic-can-baste\/\"},\"wordCount\":265,\"publisher\":{\"@id\":\"https:\/\/www.noubarris.net\/web40\/#organization\"},\"image\":{\"@id\":\"https:\/\/www.noubarris.net\/web40\/arrenca-el-14e-forum-fotografic-can-baste\/#primaryimage\"},\"thumbnailUrl\":\"https:\/\/www.noubarris.net\/web40\/wp-content\/uploads\/2016\/11\/291116.jpg\",\"keywords\":[\"Can Bast\u00e9\",\"Cultura\",\"El Tur\u00f3 de la Peira\",\"Fotografia\"],\"articleSection\":[\"Cultura\",\"El Tur\u00f3 de la Peira\"],\"inLanguage\":\"ca\"},{\"@type\":\"WebPage\",\"@id\":\"https:\/\/www.noubarris.net\/web40\/arrenca-el-14e-forum-fotografic-can-baste\/\",\"url\":\"https:\/\/www.noubarris.net\/web40\/arrenca-el-14e-forum-fotografic-can-baste\/\",\"name\":\"Arrenca el 14\u00e8 F\u00f2rum Fotogr\u00e0fic Can Bast\u00e9 - NouBarris.Net\",\"isPartOf\":{\"@id\":\"https:\/\/www.noubarris.net\/web40\/#website\"},\"primaryImageOfPage\":{\"@id\":\"https:\/\/www.noubarris.net\/web40\/arrenca-el-14e-forum-fotografic-can-baste\/#primaryimage\"},\"image\":{\"@id\":\"https:\/\/www.noubarris.net\/web40\/arrenca-el-14e-forum-fotografic-can-baste\/#primaryimage\"},\"thumbnailUrl\":\"https:\/\/www.noubarris.net\/web40\/wp-content\/uploads\/2016\/11\/291116.jpg\",\"datePublished\":\"2016-11-28T23:00:22+00:00\",\"breadcrumb\":{\"@id\":\"https:\/\/www.noubarris.net\/web40\/arrenca-el-14e-forum-fotografic-can-baste\/#breadcrumb\"},\"inLanguage\":\"ca\",\"potentialAction\":[{\"@type\":\"ReadAction\",\"target\":[\"https:\/\/www.noubarris.net\/web40\/arrenca-el-14e-forum-fotografic-can-baste\/\"]}]},{\"@type\":\"ImageObject\",\"inLanguage\":\"ca\",\"@id\":\"https:\/\/www.noubarris.net\/web40\/arrenca-el-14e-forum-fotografic-can-baste\/#primaryimage\",\"url\":\"https:\/\/www.noubarris.net\/web40\/wp-content\/uploads\/2016\/11\/291116.jpg\",\"contentUrl\":\"https:\/\/www.noubarris.net\/web40\/wp-content\/uploads\/2016\/11\/291116.jpg\",\"width\":787,\"height\":445},{\"@type\":\"BreadcrumbList\",\"@id\":\"https:\/\/www.noubarris.net\/web40\/arrenca-el-14e-forum-fotografic-can-baste\/#breadcrumb\",\"itemListElement\":[{\"@type\":\"ListItem\",\"position\":1,\"name\":\"Inici\",\"item\":\"https:\/\/www.noubarris.net\/web40\/\"},{\"@type\":\"ListItem\",\"position\":2,\"name\":\"Arrenca el 14\u00e8 F\u00f2rum Fotogr\u00e0fic Can Bast\u00e9\"}]},{\"@type\":\"WebSite\",\"@id\":\"https:\/\/www.noubarris.net\/web40\/#website\",\"url\":\"https:\/\/www.noubarris.net\/web40\/\",\"name\":\"NouBarris.Net\",\"description\":\"Seguint la vida de Nou Barris des de 1985\",\"publisher\":{\"@id\":\"https:\/\/www.noubarris.net\/web40\/#organization\"},\"potentialAction\":[{\"@type\":\"SearchAction\",\"target\":{\"@type\":\"EntryPoint\",\"urlTemplate\":\"https:\/\/www.noubarris.net\/web40\/?s={search_term_string}\"},\"query-input\":{\"@type\":\"PropertyValueSpecification\",\"valueRequired\":true,\"valueName\":\"search_term_string\"}}],\"inLanguage\":\"ca\"},{\"@type\":\"Organization\",\"@id\":\"https:\/\/www.noubarris.net\/web40\/#organization\",\"name\":\"NouBarris.Net\",\"url\":\"https:\/\/www.noubarris.net\/web40\/\",\"logo\":{\"@type\":\"ImageObject\",\"inLanguage\":\"ca\",\"@id\":\"https:\/\/www.noubarris.net\/web40\/#\/schema\/logo\/image\/\",\"url\":\"https:\/\/www.noubarris.net\/web40\/wp-content\/uploads\/2024\/11\/cropped-cropped-LOGO_9BTV-2024_Insta-1.jpg\",\"contentUrl\":\"https:\/\/www.noubarris.net\/web40\/wp-content\/uploads\/2024\/11\/cropped-cropped-LOGO_9BTV-2024_Insta-1.jpg\",\"width\":512,\"height\":512,\"caption\":\"NouBarris.Net\"},\"image\":{\"@id\":\"https:\/\/www.noubarris.net\/web40\/#\/schema\/logo\/image\/\"},\"sameAs\":[\"https:\/\/www.facebook.com\/NouBarris.net\/?locale=es_ES\",\"https:\/\/x.com\/9BTV\"]},{\"@type\":\"Person\",\"@id\":\"https:\/\/www.noubarris.net\/web40\/#\/schema\/person\/1827f92aaa316c54abbf4dac0de76069\",\"name\":\"Informatius\",\"image\":{\"@type\":\"ImageObject\",\"inLanguage\":\"ca\",\"@id\":\"https:\/\/www.noubarris.net\/web40\/#\/schema\/person\/image\/\",\"url\":\"https:\/\/secure.gravatar.com\/avatar\/87a3b47928835fc72c6ee5b0e1a7263ef0c2d05003a98189bc14926c5f11bcdb?s=96&d=mm&r=g\",\"contentUrl\":\"https:\/\/secure.gravatar.com\/avatar\/87a3b47928835fc72c6ee5b0e1a7263ef0c2d05003a98189bc14926c5f11bcdb?s=96&d=mm&r=g\",\"caption\":\"Informatius\"},\"url\":\"https:\/\/www.noubarris.net\/web40\/author\/tele\/\"}]}<\/script>\n<!-- \/ Yoast SEO plugin. -->","yoast_head_json":{"title":"Arrenca el 14\u00e8 F\u00f2rum Fotogr\u00e0fic Can Bast\u00e9 - NouBarris.Net","robots":{"index":"index","follow":"follow","max-snippet":"max-snippet:-1","max-image-preview":"max-image-preview:large","max-video-preview":"max-video-preview:-1"},"canonical":"https:\/\/www.noubarris.net\/web40\/arrenca-el-14e-forum-fotografic-can-baste\/","og_locale":"ca_ES","og_type":"article","og_title":"Arrenca el 14\u00e8 F\u00f2rum Fotogr\u00e0fic Can Bast\u00e9 - NouBarris.Net","og_description":"L\u2019equipament es convertir\u00e0 en una gran galeria i punt de trobada fins al dissabte El centre c\u00edvic Can Bast\u00e9 inaugura","og_url":"https:\/\/www.noubarris.net\/web40\/arrenca-el-14e-forum-fotografic-can-baste\/","og_site_name":"NouBarris.Net","article_publisher":"https:\/\/www.facebook.com\/NouBarris.net\/?locale=es_ES","article_published_time":"2016-11-28T23:00:22+00:00","og_image":[{"width":787,"height":445,"url":"https:\/\/www.noubarris.net\/web40\/wp-content\/uploads\/2016\/11\/291116.jpg","type":"image\/jpeg"}],"author":"Informatius","twitter_card":"summary_large_image","twitter_creator":"@9BTV","twitter_site":"@9BTV","twitter_misc":{"Escrit per":"Informatius","Temps estimat de lectura":"1 minut"},"schema":{"@context":"https:\/\/schema.org","@graph":[{"@type":"Article","@id":"https:\/\/www.noubarris.net\/web40\/arrenca-el-14e-forum-fotografic-can-baste\/#article","isPartOf":{"@id":"https:\/\/www.noubarris.net\/web40\/arrenca-el-14e-forum-fotografic-can-baste\/"},"author":{"name":"Informatius","@id":"https:\/\/www.noubarris.net\/web40\/#\/schema\/person\/1827f92aaa316c54abbf4dac0de76069"},"headline":"Arrenca el 14\u00e8 F\u00f2rum Fotogr\u00e0fic Can Bast\u00e9","datePublished":"2016-11-28T23:00:22+00:00","mainEntityOfPage":{"@id":"https:\/\/www.noubarris.net\/web40\/arrenca-el-14e-forum-fotografic-can-baste\/"},"wordCount":265,"publisher":{"@id":"https:\/\/www.noubarris.net\/web40\/#organization"},"image":{"@id":"https:\/\/www.noubarris.net\/web40\/arrenca-el-14e-forum-fotografic-can-baste\/#primaryimage"},"thumbnailUrl":"https:\/\/www.noubarris.net\/web40\/wp-content\/uploads\/2016\/11\/291116.jpg","keywords":["Can Bast\u00e9","Cultura","El Tur\u00f3 de la Peira","Fotografia"],"articleSection":["Cultura","El Tur\u00f3 de la Peira"],"inLanguage":"ca"},{"@type":"WebPage","@id":"https:\/\/www.noubarris.net\/web40\/arrenca-el-14e-forum-fotografic-can-baste\/","url":"https:\/\/www.noubarris.net\/web40\/arrenca-el-14e-forum-fotografic-can-baste\/","name":"Arrenca el 14\u00e8 F\u00f2rum Fotogr\u00e0fic Can Bast\u00e9 - NouBarris.Net","isPartOf":{"@id":"https:\/\/www.noubarris.net\/web40\/#website"},"primaryImageOfPage":{"@id":"https:\/\/www.noubarris.net\/web40\/arrenca-el-14e-forum-fotografic-can-baste\/#primaryimage"},"image":{"@id":"https:\/\/www.noubarris.net\/web40\/arrenca-el-14e-forum-fotografic-can-baste\/#primaryimage"},"thumbnailUrl":"https:\/\/www.noubarris.net\/web40\/wp-content\/uploads\/2016\/11\/291116.jpg","datePublished":"2016-11-28T23:00:22+00:00","breadcrumb":{"@id":"https:\/\/www.noubarris.net\/web40\/arrenca-el-14e-forum-fotografic-can-baste\/#breadcrumb"},"inLanguage":"ca","potentialAction":[{"@type":"ReadAction","target":["https:\/\/www.noubarris.net\/web40\/arrenca-el-14e-forum-fotografic-can-baste\/"]}]},{"@type":"ImageObject","inLanguage":"ca","@id":"https:\/\/www.noubarris.net\/web40\/arrenca-el-14e-forum-fotografic-can-baste\/#primaryimage","url":"https:\/\/www.noubarris.net\/web40\/wp-content\/uploads\/2016\/11\/291116.jpg","contentUrl":"https:\/\/www.noubarris.net\/web40\/wp-content\/uploads\/2016\/11\/291116.jpg","width":787,"height":445},{"@type":"BreadcrumbList","@id":"https:\/\/www.noubarris.net\/web40\/arrenca-el-14e-forum-fotografic-can-baste\/#breadcrumb","itemListElement":[{"@type":"ListItem","position":1,"name":"Inici","item":"https:\/\/www.noubarris.net\/web40\/"},{"@type":"ListItem","position":2,"name":"Arrenca el 14\u00e8 F\u00f2rum Fotogr\u00e0fic Can Bast\u00e9"}]},{"@type":"WebSite","@id":"https:\/\/www.noubarris.net\/web40\/#website","url":"https:\/\/www.noubarris.net\/web40\/","name":"NouBarris.Net","description":"Seguint la vida de Nou Barris des de 1985","publisher":{"@id":"https:\/\/www.noubarris.net\/web40\/#organization"},"potentialAction":[{"@type":"SearchAction","target":{"@type":"EntryPoint","urlTemplate":"https:\/\/www.noubarris.net\/web40\/?s={search_term_string}"},"query-input":{"@type":"PropertyValueSpecification","valueRequired":true,"valueName":"search_term_string"}}],"inLanguage":"ca"},{"@type":"Organization","@id":"https:\/\/www.noubarris.net\/web40\/#organization","name":"NouBarris.Net","url":"https:\/\/www.noubarris.net\/web40\/","logo":{"@type":"ImageObject","inLanguage":"ca","@id":"https:\/\/www.noubarris.net\/web40\/#\/schema\/logo\/image\/","url":"https:\/\/www.noubarris.net\/web40\/wp-content\/uploads\/2024\/11\/cropped-cropped-LOGO_9BTV-2024_Insta-1.jpg","contentUrl":"https:\/\/www.noubarris.net\/web40\/wp-content\/uploads\/2024\/11\/cropped-cropped-LOGO_9BTV-2024_Insta-1.jpg","width":512,"height":512,"caption":"NouBarris.Net"},"image":{"@id":"https:\/\/www.noubarris.net\/web40\/#\/schema\/logo\/image\/"},"sameAs":["https:\/\/www.facebook.com\/NouBarris.net\/?locale=es_ES","https:\/\/x.com\/9BTV"]},{"@type":"Person","@id":"https:\/\/www.noubarris.net\/web40\/#\/schema\/person\/1827f92aaa316c54abbf4dac0de76069","name":"Informatius","image":{"@type":"ImageObject","inLanguage":"ca","@id":"https:\/\/www.noubarris.net\/web40\/#\/schema\/person\/image\/","url":"https:\/\/secure.gravatar.com\/avatar\/87a3b47928835fc72c6ee5b0e1a7263ef0c2d05003a98189bc14926c5f11bcdb?s=96&d=mm&r=g","contentUrl":"https:\/\/secure.gravatar.com\/avatar\/87a3b47928835fc72c6ee5b0e1a7263ef0c2d05003a98189bc14926c5f11bcdb?s=96&d=mm&r=g","caption":"Informatius"},"url":"https:\/\/www.noubarris.net\/web40\/author\/tele\/"}]}},"_links":{"self":[{"href":"https:\/\/www.noubarris.net\/web40\/wp-json\/wp\/v2\/posts\/68659","targetHints":{"allow":["GET"]}}],"collection":[{"href":"https:\/\/www.noubarris.net\/web40\/wp-json\/wp\/v2\/posts"}],"about":[{"href":"https:\/\/www.noubarris.net\/web40\/wp-json\/wp\/v2\/types\/post"}],"author":[{"embeddable":true,"href":"https:\/\/www.noubarris.net\/web40\/wp-json\/wp\/v2\/users\/2"}],"replies":[{"embeddable":true,"href":"https:\/\/www.noubarris.net\/web40\/wp-json\/wp\/v2\/comments?post=68659"}],"version-history":[{"count":0,"href":"https:\/\/www.noubarris.net\/web40\/wp-json\/wp\/v2\/posts\/68659\/revisions"}],"wp:featuredmedia":[{"embeddable":true,"href":"https:\/\/www.noubarris.net\/web40\/wp-json\/wp\/v2\/media\/68661"}],"wp:attachment":[{"href":"https:\/\/www.noubarris.net\/web40\/wp-json\/wp\/v2\/media?parent=68659"}],"wp:term":[{"taxonomy":"category","embeddable":true,"href":"https:\/\/www.noubarris.net\/web40\/wp-json\/wp\/v2\/categories?post=68659"},{"taxonomy":"post_tag","embeddable":true,"href":"https:\/\/www.noubarris.net\/web40\/wp-json\/wp\/v2\/tags?post=68659"}],"curies":[{"name":"wp","href":"https:\/\/api.w.org\/{rel}","templated":true}]}}