{"id":68664,"date":"2016-11-30T00:00:01","date_gmt":"2016-11-29T23:00:01","guid":{"rendered":"http:\/\/www.noubarris.net\/web40\/?p=68664"},"modified":"2016-11-29T16:28:29","modified_gmt":"2016-11-29T15:28:29","slug":"85-anys-de-la-placa-del-virrei-amat","status":"publish","type":"post","link":"https:\/\/www.noubarris.net\/web40\/85-anys-de-la-placa-del-virrei-amat\/","title":{"rendered":"85 anys de la pla\u00e7a del Virrei Amat"},"content":{"rendered":"<p><strong>L&#8217;espai\u00a0va ser\u00a0dissenyat com a nus de comunicaci\u00f3 entre Horta, els Quinze, el Mental i Sant Andreu del Palomar<\/strong><\/p>\n<p>La pla\u00e7a del Virrei Amat va ser pensada ara far\u00e0 cent anys, com a un nus de comunicaci\u00f3 que enlla\u00e7ava els camins que portaven a Sant Andreu del Palomar, els Quinze, Horta i el Mental. La pla\u00e7a ha canviat molt amb el pas del temps, per\u00f2 sense deixar mai de ser una gran cru\u00eflla.<\/p>\n<p>El projecte de la pla\u00e7a del Virrei Amat es comen\u00e7a a consolidar l\u2019any 1917, un cop s\u2019ha posat en marxa a finals del segle XIX la construcci\u00f3 de la rambla de Santa Eul\u00e0lia, avui dia coneguda com a passeig de Fabra i Puig. Els pl\u00e0nols mostraven una pla\u00e7a on es podia enlla\u00e7ar amb el cam\u00ed de Sant Iscle (entre els Quinze i Horta), o amb l\u2019actual carrer del Doctor Pi i Molist, rumb al Mental, que tot just acabava de posar-se en servei. En un principi la pla\u00e7a s\u2019havia de situar precisament en la cru\u00eflla amb Pi i Molist, davant de l\u2019esgl\u00e9sia de Santa Eul\u00e0lia. Per\u00f2 l\u2019any 1931 es va aprovar un altre pla que separava l\u2019esgl\u00e9sia i la pla\u00e7a pel pas del passeig de Fabra i Puig, per tal d\u2019afavorir l\u2019enlla\u00e7 amb un altre carrer, Felip II. Les expropiacions per crear la pla\u00e7a van ser complicades, ja que els terrenys, de la finca de la Torre dels Anglesos, s\u2019havien comen\u00e7at a parcel\u00b7lar i eren bastants els propietaris. Finalment es crea una pla\u00e7a sense urbanitzar que s\u2019anomena, dos anys despr\u00e9s de l\u2019estrena, com a Joan Salvat Papasse\u00eft, en honor del poeta mort pocs anys abans. Aquest nom seria substitu\u00eft durant el franquisme pel del Virrei Amat, el virrei del Per\u00fa del segle XVIII que tenia certa relaci\u00f3 amb la zona. La pla\u00e7a es trobava a tocar de la masia de Can Sitjar, que havia estat propietat del pare i el germ\u00e0 del Virrei Amat.<\/p>\n<p>El nom no \u00e9s l\u2019\u00fanic que canvia, tamb\u00e9 la pla\u00e7a fa canvis radicals. De terreny no pavimentat a rotonda que afavoreix el pas dels tramvies i els busos, va acollir les boques del metro i finalment es va convertir en una gran pla\u00e7a peatonal que s\u2019est\u00e9n fins al carrer de Felip II. Aquestes darreres obres, de finals dels anys 90, li han donat l\u2019aspecte actual, amb la gran p\u00e8rgola, la font i els diapasons caracter\u00edstics del districte de Nou Barris.<\/p>\n","protected":false},"excerpt":{"rendered":"<p>L&#8217;espai\u00a0va ser\u00a0dissenyat com a nus de comunicaci\u00f3 entre Horta, els Quinze, el Mental i Sant Andreu del Palomar La pla\u00e7a<\/p>\n","protected":false},"author":2,"featured_media":68665,"comment_status":"closed","ping_status":"closed","sticky":false,"template":"","format":"standard","meta":{"colormag_page_layout":"default_layout","_monsterinsights_skip_tracking":false,"_monsterinsights_sitenote_active":false,"_monsterinsights_sitenote_note":"","_monsterinsights_sitenote_category":0,"footnotes":""},"categories":[129,142],"tags":[271,389,155],"class_list":["post-68664","post","type-post","status-publish","format-standard","has-post-thumbnail","hentry","category-cultura","category-vilapicina-i-la-torre-llobeta","tag-historia","tag-vilapicina-i-la-torre-llobeta","tag-virrei-amat"],"yoast_head":"<!-- This site is optimized with the Yoast SEO plugin v25.3 - https:\/\/yoast.com\/wordpress\/plugins\/seo\/ -->\n<title>85 anys de la pla\u00e7a del Virrei Amat - NouBarris.Net<\/title>\n<meta name=\"robots\" content=\"index, follow, max-snippet:-1, max-image-preview:large, max-video-preview:-1\" \/>\n<link rel=\"canonical\" href=\"https:\/\/www.noubarris.net\/web40\/85-anys-de-la-placa-del-virrei-amat\/\" \/>\n<meta property=\"og:locale\" content=\"ca_ES\" \/>\n<meta property=\"og:type\" content=\"article\" \/>\n<meta property=\"og:title\" content=\"85 anys de la pla\u00e7a del Virrei Amat - NouBarris.Net\" \/>\n<meta property=\"og:description\" content=\"L&#8217;espai\u00a0va ser\u00a0dissenyat com a nus de comunicaci\u00f3 entre Horta, els Quinze, el Mental i Sant Andreu del Palomar La pla\u00e7a\" \/>\n<meta property=\"og:url\" content=\"https:\/\/www.noubarris.net\/web40\/85-anys-de-la-placa-del-virrei-amat\/\" \/>\n<meta property=\"og:site_name\" content=\"NouBarris.Net\" \/>\n<meta property=\"article:publisher\" content=\"https:\/\/www.facebook.com\/NouBarris.net\/?locale=es_ES\" \/>\n<meta property=\"article:published_time\" content=\"2016-11-29T23:00:01+00:00\" \/>\n<meta property=\"og:image\" content=\"https:\/\/www.noubarris.net\/web40\/wp-content\/uploads\/2016\/11\/301116.jpg\" \/>\n\t<meta property=\"og:image:width\" content=\"787\" \/>\n\t<meta property=\"og:image:height\" content=\"445\" \/>\n\t<meta property=\"og:image:type\" content=\"image\/jpeg\" \/>\n<meta name=\"author\" content=\"Informatius\" \/>\n<meta name=\"twitter:card\" content=\"summary_large_image\" \/>\n<meta name=\"twitter:creator\" content=\"@9BTV\" \/>\n<meta name=\"twitter:site\" content=\"@9BTV\" \/>\n<meta name=\"twitter:label1\" content=\"Escrit per\" \/>\n\t<meta name=\"twitter:data1\" content=\"Informatius\" \/>\n\t<meta name=\"twitter:label2\" content=\"Temps estimat de lectura\" \/>\n\t<meta name=\"twitter:data2\" content=\"2 minuts\" \/>\n<script type=\"application\/ld+json\" class=\"yoast-schema-graph\">{\"@context\":\"https:\/\/schema.org\",\"@graph\":[{\"@type\":\"Article\",\"@id\":\"https:\/\/www.noubarris.net\/web40\/85-anys-de-la-placa-del-virrei-amat\/#article\",\"isPartOf\":{\"@id\":\"https:\/\/www.noubarris.net\/web40\/85-anys-de-la-placa-del-virrei-amat\/\"},\"author\":{\"name\":\"Informatius\",\"@id\":\"https:\/\/www.noubarris.net\/web40\/#\/schema\/person\/1827f92aaa316c54abbf4dac0de76069\"},\"headline\":\"85 anys de la pla\u00e7a del Virrei Amat\",\"datePublished\":\"2016-11-29T23:00:01+00:00\",\"mainEntityOfPage\":{\"@id\":\"https:\/\/www.noubarris.net\/web40\/85-anys-de-la-placa-del-virrei-amat\/\"},\"wordCount\":448,\"publisher\":{\"@id\":\"https:\/\/www.noubarris.net\/web40\/#organization\"},\"image\":{\"@id\":\"https:\/\/www.noubarris.net\/web40\/85-anys-de-la-placa-del-virrei-amat\/#primaryimage\"},\"thumbnailUrl\":\"https:\/\/www.noubarris.net\/web40\/wp-content\/uploads\/2016\/11\/301116.jpg\",\"keywords\":[\"Hist\u00f2ria\",\"Vilapicina i la Torre Llobeta\",\"Virrei Amat\"],\"articleSection\":[\"Cultura\",\"Vilapicina i la Torre Llobeta\"],\"inLanguage\":\"ca\"},{\"@type\":\"WebPage\",\"@id\":\"https:\/\/www.noubarris.net\/web40\/85-anys-de-la-placa-del-virrei-amat\/\",\"url\":\"https:\/\/www.noubarris.net\/web40\/85-anys-de-la-placa-del-virrei-amat\/\",\"name\":\"85 anys de la pla\u00e7a del Virrei Amat - NouBarris.Net\",\"isPartOf\":{\"@id\":\"https:\/\/www.noubarris.net\/web40\/#website\"},\"primaryImageOfPage\":{\"@id\":\"https:\/\/www.noubarris.net\/web40\/85-anys-de-la-placa-del-virrei-amat\/#primaryimage\"},\"image\":{\"@id\":\"https:\/\/www.noubarris.net\/web40\/85-anys-de-la-placa-del-virrei-amat\/#primaryimage\"},\"thumbnailUrl\":\"https:\/\/www.noubarris.net\/web40\/wp-content\/uploads\/2016\/11\/301116.jpg\",\"datePublished\":\"2016-11-29T23:00:01+00:00\",\"breadcrumb\":{\"@id\":\"https:\/\/www.noubarris.net\/web40\/85-anys-de-la-placa-del-virrei-amat\/#breadcrumb\"},\"inLanguage\":\"ca\",\"potentialAction\":[{\"@type\":\"ReadAction\",\"target\":[\"https:\/\/www.noubarris.net\/web40\/85-anys-de-la-placa-del-virrei-amat\/\"]}]},{\"@type\":\"ImageObject\",\"inLanguage\":\"ca\",\"@id\":\"https:\/\/www.noubarris.net\/web40\/85-anys-de-la-placa-del-virrei-amat\/#primaryimage\",\"url\":\"https:\/\/www.noubarris.net\/web40\/wp-content\/uploads\/2016\/11\/301116.jpg\",\"contentUrl\":\"https:\/\/www.noubarris.net\/web40\/wp-content\/uploads\/2016\/11\/301116.jpg\",\"width\":787,\"height\":445},{\"@type\":\"BreadcrumbList\",\"@id\":\"https:\/\/www.noubarris.net\/web40\/85-anys-de-la-placa-del-virrei-amat\/#breadcrumb\",\"itemListElement\":[{\"@type\":\"ListItem\",\"position\":1,\"name\":\"Inici\",\"item\":\"https:\/\/www.noubarris.net\/web40\/\"},{\"@type\":\"ListItem\",\"position\":2,\"name\":\"85 anys de la pla\u00e7a del Virrei Amat\"}]},{\"@type\":\"WebSite\",\"@id\":\"https:\/\/www.noubarris.net\/web40\/#website\",\"url\":\"https:\/\/www.noubarris.net\/web40\/\",\"name\":\"NouBarris.Net\",\"description\":\"Seguint la vida de Nou Barris des de 1985\",\"publisher\":{\"@id\":\"https:\/\/www.noubarris.net\/web40\/#organization\"},\"potentialAction\":[{\"@type\":\"SearchAction\",\"target\":{\"@type\":\"EntryPoint\",\"urlTemplate\":\"https:\/\/www.noubarris.net\/web40\/?s={search_term_string}\"},\"query-input\":{\"@type\":\"PropertyValueSpecification\",\"valueRequired\":true,\"valueName\":\"search_term_string\"}}],\"inLanguage\":\"ca\"},{\"@type\":\"Organization\",\"@id\":\"https:\/\/www.noubarris.net\/web40\/#organization\",\"name\":\"NouBarris.Net\",\"url\":\"https:\/\/www.noubarris.net\/web40\/\",\"logo\":{\"@type\":\"ImageObject\",\"inLanguage\":\"ca\",\"@id\":\"https:\/\/www.noubarris.net\/web40\/#\/schema\/logo\/image\/\",\"url\":\"https:\/\/www.noubarris.net\/web40\/wp-content\/uploads\/2024\/11\/cropped-cropped-LOGO_9BTV-2024_Insta-1.jpg\",\"contentUrl\":\"https:\/\/www.noubarris.net\/web40\/wp-content\/uploads\/2024\/11\/cropped-cropped-LOGO_9BTV-2024_Insta-1.jpg\",\"width\":512,\"height\":512,\"caption\":\"NouBarris.Net\"},\"image\":{\"@id\":\"https:\/\/www.noubarris.net\/web40\/#\/schema\/logo\/image\/\"},\"sameAs\":[\"https:\/\/www.facebook.com\/NouBarris.net\/?locale=es_ES\",\"https:\/\/x.com\/9BTV\"]},{\"@type\":\"Person\",\"@id\":\"https:\/\/www.noubarris.net\/web40\/#\/schema\/person\/1827f92aaa316c54abbf4dac0de76069\",\"name\":\"Informatius\",\"image\":{\"@type\":\"ImageObject\",\"inLanguage\":\"ca\",\"@id\":\"https:\/\/www.noubarris.net\/web40\/#\/schema\/person\/image\/\",\"url\":\"https:\/\/secure.gravatar.com\/avatar\/87a3b47928835fc72c6ee5b0e1a7263ef0c2d05003a98189bc14926c5f11bcdb?s=96&d=mm&r=g\",\"contentUrl\":\"https:\/\/secure.gravatar.com\/avatar\/87a3b47928835fc72c6ee5b0e1a7263ef0c2d05003a98189bc14926c5f11bcdb?s=96&d=mm&r=g\",\"caption\":\"Informatius\"},\"url\":\"https:\/\/www.noubarris.net\/web40\/author\/tele\/\"}]}<\/script>\n<!-- \/ Yoast SEO plugin. -->","yoast_head_json":{"title":"85 anys de la pla\u00e7a del Virrei Amat - NouBarris.Net","robots":{"index":"index","follow":"follow","max-snippet":"max-snippet:-1","max-image-preview":"max-image-preview:large","max-video-preview":"max-video-preview:-1"},"canonical":"https:\/\/www.noubarris.net\/web40\/85-anys-de-la-placa-del-virrei-amat\/","og_locale":"ca_ES","og_type":"article","og_title":"85 anys de la pla\u00e7a del Virrei Amat - NouBarris.Net","og_description":"L&#8217;espai\u00a0va ser\u00a0dissenyat com a nus de comunicaci\u00f3 entre Horta, els Quinze, el Mental i Sant Andreu del Palomar La pla\u00e7a","og_url":"https:\/\/www.noubarris.net\/web40\/85-anys-de-la-placa-del-virrei-amat\/","og_site_name":"NouBarris.Net","article_publisher":"https:\/\/www.facebook.com\/NouBarris.net\/?locale=es_ES","article_published_time":"2016-11-29T23:00:01+00:00","og_image":[{"width":787,"height":445,"url":"https:\/\/www.noubarris.net\/web40\/wp-content\/uploads\/2016\/11\/301116.jpg","type":"image\/jpeg"}],"author":"Informatius","twitter_card":"summary_large_image","twitter_creator":"@9BTV","twitter_site":"@9BTV","twitter_misc":{"Escrit per":"Informatius","Temps estimat de lectura":"2 minuts"},"schema":{"@context":"https:\/\/schema.org","@graph":[{"@type":"Article","@id":"https:\/\/www.noubarris.net\/web40\/85-anys-de-la-placa-del-virrei-amat\/#article","isPartOf":{"@id":"https:\/\/www.noubarris.net\/web40\/85-anys-de-la-placa-del-virrei-amat\/"},"author":{"name":"Informatius","@id":"https:\/\/www.noubarris.net\/web40\/#\/schema\/person\/1827f92aaa316c54abbf4dac0de76069"},"headline":"85 anys de la pla\u00e7a del Virrei Amat","datePublished":"2016-11-29T23:00:01+00:00","mainEntityOfPage":{"@id":"https:\/\/www.noubarris.net\/web40\/85-anys-de-la-placa-del-virrei-amat\/"},"wordCount":448,"publisher":{"@id":"https:\/\/www.noubarris.net\/web40\/#organization"},"image":{"@id":"https:\/\/www.noubarris.net\/web40\/85-anys-de-la-placa-del-virrei-amat\/#primaryimage"},"thumbnailUrl":"https:\/\/www.noubarris.net\/web40\/wp-content\/uploads\/2016\/11\/301116.jpg","keywords":["Hist\u00f2ria","Vilapicina i la Torre Llobeta","Virrei Amat"],"articleSection":["Cultura","Vilapicina i la Torre Llobeta"],"inLanguage":"ca"},{"@type":"WebPage","@id":"https:\/\/www.noubarris.net\/web40\/85-anys-de-la-placa-del-virrei-amat\/","url":"https:\/\/www.noubarris.net\/web40\/85-anys-de-la-placa-del-virrei-amat\/","name":"85 anys de la pla\u00e7a del Virrei Amat - NouBarris.Net","isPartOf":{"@id":"https:\/\/www.noubarris.net\/web40\/#website"},"primaryImageOfPage":{"@id":"https:\/\/www.noubarris.net\/web40\/85-anys-de-la-placa-del-virrei-amat\/#primaryimage"},"image":{"@id":"https:\/\/www.noubarris.net\/web40\/85-anys-de-la-placa-del-virrei-amat\/#primaryimage"},"thumbnailUrl":"https:\/\/www.noubarris.net\/web40\/wp-content\/uploads\/2016\/11\/301116.jpg","datePublished":"2016-11-29T23:00:01+00:00","breadcrumb":{"@id":"https:\/\/www.noubarris.net\/web40\/85-anys-de-la-placa-del-virrei-amat\/#breadcrumb"},"inLanguage":"ca","potentialAction":[{"@type":"ReadAction","target":["https:\/\/www.noubarris.net\/web40\/85-anys-de-la-placa-del-virrei-amat\/"]}]},{"@type":"ImageObject","inLanguage":"ca","@id":"https:\/\/www.noubarris.net\/web40\/85-anys-de-la-placa-del-virrei-amat\/#primaryimage","url":"https:\/\/www.noubarris.net\/web40\/wp-content\/uploads\/2016\/11\/301116.jpg","contentUrl":"https:\/\/www.noubarris.net\/web40\/wp-content\/uploads\/2016\/11\/301116.jpg","width":787,"height":445},{"@type":"BreadcrumbList","@id":"https:\/\/www.noubarris.net\/web40\/85-anys-de-la-placa-del-virrei-amat\/#breadcrumb","itemListElement":[{"@type":"ListItem","position":1,"name":"Inici","item":"https:\/\/www.noubarris.net\/web40\/"},{"@type":"ListItem","position":2,"name":"85 anys de la pla\u00e7a del Virrei Amat"}]},{"@type":"WebSite","@id":"https:\/\/www.noubarris.net\/web40\/#website","url":"https:\/\/www.noubarris.net\/web40\/","name":"NouBarris.Net","description":"Seguint la vida de Nou Barris des de 1985","publisher":{"@id":"https:\/\/www.noubarris.net\/web40\/#organization"},"potentialAction":[{"@type":"SearchAction","target":{"@type":"EntryPoint","urlTemplate":"https:\/\/www.noubarris.net\/web40\/?s={search_term_string}"},"query-input":{"@type":"PropertyValueSpecification","valueRequired":true,"valueName":"search_term_string"}}],"inLanguage":"ca"},{"@type":"Organization","@id":"https:\/\/www.noubarris.net\/web40\/#organization","name":"NouBarris.Net","url":"https:\/\/www.noubarris.net\/web40\/","logo":{"@type":"ImageObject","inLanguage":"ca","@id":"https:\/\/www.noubarris.net\/web40\/#\/schema\/logo\/image\/","url":"https:\/\/www.noubarris.net\/web40\/wp-content\/uploads\/2024\/11\/cropped-cropped-LOGO_9BTV-2024_Insta-1.jpg","contentUrl":"https:\/\/www.noubarris.net\/web40\/wp-content\/uploads\/2024\/11\/cropped-cropped-LOGO_9BTV-2024_Insta-1.jpg","width":512,"height":512,"caption":"NouBarris.Net"},"image":{"@id":"https:\/\/www.noubarris.net\/web40\/#\/schema\/logo\/image\/"},"sameAs":["https:\/\/www.facebook.com\/NouBarris.net\/?locale=es_ES","https:\/\/x.com\/9BTV"]},{"@type":"Person","@id":"https:\/\/www.noubarris.net\/web40\/#\/schema\/person\/1827f92aaa316c54abbf4dac0de76069","name":"Informatius","image":{"@type":"ImageObject","inLanguage":"ca","@id":"https:\/\/www.noubarris.net\/web40\/#\/schema\/person\/image\/","url":"https:\/\/secure.gravatar.com\/avatar\/87a3b47928835fc72c6ee5b0e1a7263ef0c2d05003a98189bc14926c5f11bcdb?s=96&d=mm&r=g","contentUrl":"https:\/\/secure.gravatar.com\/avatar\/87a3b47928835fc72c6ee5b0e1a7263ef0c2d05003a98189bc14926c5f11bcdb?s=96&d=mm&r=g","caption":"Informatius"},"url":"https:\/\/www.noubarris.net\/web40\/author\/tele\/"}]}},"_links":{"self":[{"href":"https:\/\/www.noubarris.net\/web40\/wp-json\/wp\/v2\/posts\/68664","targetHints":{"allow":["GET"]}}],"collection":[{"href":"https:\/\/www.noubarris.net\/web40\/wp-json\/wp\/v2\/posts"}],"about":[{"href":"https:\/\/www.noubarris.net\/web40\/wp-json\/wp\/v2\/types\/post"}],"author":[{"embeddable":true,"href":"https:\/\/www.noubarris.net\/web40\/wp-json\/wp\/v2\/users\/2"}],"replies":[{"embeddable":true,"href":"https:\/\/www.noubarris.net\/web40\/wp-json\/wp\/v2\/comments?post=68664"}],"version-history":[{"count":0,"href":"https:\/\/www.noubarris.net\/web40\/wp-json\/wp\/v2\/posts\/68664\/revisions"}],"wp:featuredmedia":[{"embeddable":true,"href":"https:\/\/www.noubarris.net\/web40\/wp-json\/wp\/v2\/media\/68665"}],"wp:attachment":[{"href":"https:\/\/www.noubarris.net\/web40\/wp-json\/wp\/v2\/media?parent=68664"}],"wp:term":[{"taxonomy":"category","embeddable":true,"href":"https:\/\/www.noubarris.net\/web40\/wp-json\/wp\/v2\/categories?post=68664"},{"taxonomy":"post_tag","embeddable":true,"href":"https:\/\/www.noubarris.net\/web40\/wp-json\/wp\/v2\/tags?post=68664"}],"curies":[{"name":"wp","href":"https:\/\/api.w.org\/{rel}","templated":true}]}}