{"id":68670,"date":"2016-12-01T00:00:35","date_gmt":"2016-11-30T23:00:35","guid":{"rendered":"http:\/\/www.noubarris.net\/web40\/?p=68670"},"modified":"2016-11-30T18:07:29","modified_gmt":"2016-11-30T17:07:29","slug":"els-regals-comprats-a-comercos-del-barri-tindran-lautentic-paper-del-nadal-2","status":"publish","type":"post","link":"https:\/\/www.noubarris.net\/web40\/els-regals-comprats-a-comercos-del-barri-tindran-lautentic-paper-del-nadal-2\/","title":{"rendered":"Els regals comprats a comer\u00e7os del barri tindran \u201cl&#8217;aut\u00e8ntic paper del Nadal\u201d"},"content":{"rendered":"<p><strong>L\u2019Ajuntament vol potenciar el consum de proximitat i reduir residus<\/strong><\/p>\n<p>La campanya vol potenciar les compres als petits comer\u00e7os de barri. Per aix\u00f2, aquestes festes, els regals de Nadal que es comprin a les botigues associades de Nou Barris entre el 10 de desembre i el 5 de gener, poden ser embolicats amb el que han anomenat \u201cl\u2019aut\u00e8ntic paper de Nadal\u201d. Consisteix en paper sostenible i roba solid\u00e0ria reciclada que han estat produ\u00efts per la Fundaci\u00f3 Pare Manel i el Centre Especial de Treball Estel T\u00e0pia, a partir d\u2019una iniciativa de la cooperativa Tarpuna. S\u2019han creat m\u00e9s de 6.000 embolcalls diferents de roba, un reflex de la diversitat del petit comer\u00e7. Aquest embolcall no es trobar\u00e0, per\u00f2, als establiments, sin\u00f3 en un punt d\u2019embalatge que en el cas de Nou Barris se situar\u00e0 a la \u00a0conflu\u00e8ncia entre la pla\u00e7a del Virrei Amat i el passeig de Fabra i Puig\u00a0 (Passeig de Fabra i Puig, 225). Aquest ser\u00e0 un dels 10 punts que ofereix aquesta prova pilot a nivell de ciutat.<\/p>\n","protected":false},"excerpt":{"rendered":"<p>L\u2019Ajuntament vol potenciar el consum de proximitat i reduir residus La campanya vol potenciar les compres als petits comer\u00e7os de<\/p>\n","protected":false},"author":2,"featured_media":68671,"comment_status":"closed","ping_status":"closed","sticky":false,"template":"","format":"standard","meta":{"colormag_page_layout":"default_layout","_monsterinsights_skip_tracking":false,"_monsterinsights_sitenote_active":false,"_monsterinsights_sitenote_note":"","_monsterinsights_sitenote_category":0,"footnotes":""},"categories":[1,124],"tags":[153,369],"class_list":["post-68670","post","type-post","status-publish","format-standard","has-post-thumbnail","hentry","category-nou-barris","category-societat","tag-comerc","tag-nadal"],"yoast_head":"<!-- This site is optimized with the Yoast SEO plugin v25.3 - https:\/\/yoast.com\/wordpress\/plugins\/seo\/ -->\n<title>Els regals comprats a comer\u00e7os del barri tindran \u201cl&#039;aut\u00e8ntic paper del Nadal\u201d - NouBarris.Net<\/title>\n<meta name=\"robots\" content=\"index, follow, max-snippet:-1, max-image-preview:large, max-video-preview:-1\" \/>\n<link rel=\"canonical\" href=\"https:\/\/www.noubarris.net\/web40\/els-regals-comprats-a-comercos-del-barri-tindran-lautentic-paper-del-nadal-2\/\" \/>\n<meta property=\"og:locale\" content=\"ca_ES\" \/>\n<meta property=\"og:type\" content=\"article\" \/>\n<meta property=\"og:title\" content=\"Els regals comprats a comer\u00e7os del barri tindran \u201cl&#039;aut\u00e8ntic paper del Nadal\u201d - NouBarris.Net\" \/>\n<meta property=\"og:description\" content=\"L\u2019Ajuntament vol potenciar el consum de proximitat i reduir residus La campanya vol potenciar les compres als petits comer\u00e7os de\" \/>\n<meta property=\"og:url\" content=\"https:\/\/www.noubarris.net\/web40\/els-regals-comprats-a-comercos-del-barri-tindran-lautentic-paper-del-nadal-2\/\" \/>\n<meta property=\"og:site_name\" content=\"NouBarris.Net\" \/>\n<meta property=\"article:publisher\" content=\"https:\/\/www.facebook.com\/NouBarris.net\/?locale=es_ES\" \/>\n<meta property=\"article:published_time\" content=\"2016-11-30T23:00:35+00:00\" \/>\n<meta property=\"og:image\" content=\"https:\/\/www.noubarris.net\/web40\/wp-content\/uploads\/2016\/11\/011216.jpg\" \/>\n\t<meta property=\"og:image:width\" content=\"787\" \/>\n\t<meta property=\"og:image:height\" content=\"445\" \/>\n\t<meta property=\"og:image:type\" content=\"image\/jpeg\" \/>\n<meta name=\"author\" content=\"Informatius\" \/>\n<meta name=\"twitter:card\" content=\"summary_large_image\" \/>\n<meta name=\"twitter:creator\" content=\"@9BTV\" \/>\n<meta name=\"twitter:site\" content=\"@9BTV\" \/>\n<meta name=\"twitter:label1\" content=\"Escrit per\" \/>\n\t<meta name=\"twitter:data1\" content=\"Informatius\" \/>\n\t<meta name=\"twitter:label2\" content=\"Temps estimat de lectura\" \/>\n\t<meta name=\"twitter:data2\" content=\"1 minut\" \/>\n<script type=\"application\/ld+json\" class=\"yoast-schema-graph\">{\"@context\":\"https:\/\/schema.org\",\"@graph\":[{\"@type\":\"Article\",\"@id\":\"https:\/\/www.noubarris.net\/web40\/els-regals-comprats-a-comercos-del-barri-tindran-lautentic-paper-del-nadal-2\/#article\",\"isPartOf\":{\"@id\":\"https:\/\/www.noubarris.net\/web40\/els-regals-comprats-a-comercos-del-barri-tindran-lautentic-paper-del-nadal-2\/\"},\"author\":{\"name\":\"Informatius\",\"@id\":\"https:\/\/www.noubarris.net\/web40\/#\/schema\/person\/1827f92aaa316c54abbf4dac0de76069\"},\"headline\":\"Els regals comprats a comer\u00e7os del barri tindran \u201cl&#8217;aut\u00e8ntic paper del Nadal\u201d\",\"datePublished\":\"2016-11-30T23:00:35+00:00\",\"mainEntityOfPage\":{\"@id\":\"https:\/\/www.noubarris.net\/web40\/els-regals-comprats-a-comercos-del-barri-tindran-lautentic-paper-del-nadal-2\/\"},\"wordCount\":193,\"publisher\":{\"@id\":\"https:\/\/www.noubarris.net\/web40\/#organization\"},\"image\":{\"@id\":\"https:\/\/www.noubarris.net\/web40\/els-regals-comprats-a-comercos-del-barri-tindran-lautentic-paper-del-nadal-2\/#primaryimage\"},\"thumbnailUrl\":\"https:\/\/www.noubarris.net\/web40\/wp-content\/uploads\/2016\/11\/011216.jpg\",\"keywords\":[\"Comer\u00e7\",\"Nadal\"],\"articleSection\":[\"Nou Barris\",\"Societat\"],\"inLanguage\":\"ca\"},{\"@type\":\"WebPage\",\"@id\":\"https:\/\/www.noubarris.net\/web40\/els-regals-comprats-a-comercos-del-barri-tindran-lautentic-paper-del-nadal-2\/\",\"url\":\"https:\/\/www.noubarris.net\/web40\/els-regals-comprats-a-comercos-del-barri-tindran-lautentic-paper-del-nadal-2\/\",\"name\":\"Els regals comprats a comer\u00e7os del barri tindran \u201cl'aut\u00e8ntic paper del Nadal\u201d - NouBarris.Net\",\"isPartOf\":{\"@id\":\"https:\/\/www.noubarris.net\/web40\/#website\"},\"primaryImageOfPage\":{\"@id\":\"https:\/\/www.noubarris.net\/web40\/els-regals-comprats-a-comercos-del-barri-tindran-lautentic-paper-del-nadal-2\/#primaryimage\"},\"image\":{\"@id\":\"https:\/\/www.noubarris.net\/web40\/els-regals-comprats-a-comercos-del-barri-tindran-lautentic-paper-del-nadal-2\/#primaryimage\"},\"thumbnailUrl\":\"https:\/\/www.noubarris.net\/web40\/wp-content\/uploads\/2016\/11\/011216.jpg\",\"datePublished\":\"2016-11-30T23:00:35+00:00\",\"breadcrumb\":{\"@id\":\"https:\/\/www.noubarris.net\/web40\/els-regals-comprats-a-comercos-del-barri-tindran-lautentic-paper-del-nadal-2\/#breadcrumb\"},\"inLanguage\":\"ca\",\"potentialAction\":[{\"@type\":\"ReadAction\",\"target\":[\"https:\/\/www.noubarris.net\/web40\/els-regals-comprats-a-comercos-del-barri-tindran-lautentic-paper-del-nadal-2\/\"]}]},{\"@type\":\"ImageObject\",\"inLanguage\":\"ca\",\"@id\":\"https:\/\/www.noubarris.net\/web40\/els-regals-comprats-a-comercos-del-barri-tindran-lautentic-paper-del-nadal-2\/#primaryimage\",\"url\":\"https:\/\/www.noubarris.net\/web40\/wp-content\/uploads\/2016\/11\/011216.jpg\",\"contentUrl\":\"https:\/\/www.noubarris.net\/web40\/wp-content\/uploads\/2016\/11\/011216.jpg\",\"width\":787,\"height\":445},{\"@type\":\"BreadcrumbList\",\"@id\":\"https:\/\/www.noubarris.net\/web40\/els-regals-comprats-a-comercos-del-barri-tindran-lautentic-paper-del-nadal-2\/#breadcrumb\",\"itemListElement\":[{\"@type\":\"ListItem\",\"position\":1,\"name\":\"Inici\",\"item\":\"https:\/\/www.noubarris.net\/web40\/\"},{\"@type\":\"ListItem\",\"position\":2,\"name\":\"Els regals comprats a comer\u00e7os del barri tindran \u201cl&#8217;aut\u00e8ntic paper del Nadal\u201d\"}]},{\"@type\":\"WebSite\",\"@id\":\"https:\/\/www.noubarris.net\/web40\/#website\",\"url\":\"https:\/\/www.noubarris.net\/web40\/\",\"name\":\"NouBarris.Net\",\"description\":\"Seguint la vida de Nou Barris des de 1985\",\"publisher\":{\"@id\":\"https:\/\/www.noubarris.net\/web40\/#organization\"},\"potentialAction\":[{\"@type\":\"SearchAction\",\"target\":{\"@type\":\"EntryPoint\",\"urlTemplate\":\"https:\/\/www.noubarris.net\/web40\/?s={search_term_string}\"},\"query-input\":{\"@type\":\"PropertyValueSpecification\",\"valueRequired\":true,\"valueName\":\"search_term_string\"}}],\"inLanguage\":\"ca\"},{\"@type\":\"Organization\",\"@id\":\"https:\/\/www.noubarris.net\/web40\/#organization\",\"name\":\"NouBarris.Net\",\"url\":\"https:\/\/www.noubarris.net\/web40\/\",\"logo\":{\"@type\":\"ImageObject\",\"inLanguage\":\"ca\",\"@id\":\"https:\/\/www.noubarris.net\/web40\/#\/schema\/logo\/image\/\",\"url\":\"https:\/\/www.noubarris.net\/web40\/wp-content\/uploads\/2024\/11\/cropped-cropped-LOGO_9BTV-2024_Insta-1.jpg\",\"contentUrl\":\"https:\/\/www.noubarris.net\/web40\/wp-content\/uploads\/2024\/11\/cropped-cropped-LOGO_9BTV-2024_Insta-1.jpg\",\"width\":512,\"height\":512,\"caption\":\"NouBarris.Net\"},\"image\":{\"@id\":\"https:\/\/www.noubarris.net\/web40\/#\/schema\/logo\/image\/\"},\"sameAs\":[\"https:\/\/www.facebook.com\/NouBarris.net\/?locale=es_ES\",\"https:\/\/x.com\/9BTV\"]},{\"@type\":\"Person\",\"@id\":\"https:\/\/www.noubarris.net\/web40\/#\/schema\/person\/1827f92aaa316c54abbf4dac0de76069\",\"name\":\"Informatius\",\"image\":{\"@type\":\"ImageObject\",\"inLanguage\":\"ca\",\"@id\":\"https:\/\/www.noubarris.net\/web40\/#\/schema\/person\/image\/\",\"url\":\"https:\/\/secure.gravatar.com\/avatar\/87a3b47928835fc72c6ee5b0e1a7263ef0c2d05003a98189bc14926c5f11bcdb?s=96&d=mm&r=g\",\"contentUrl\":\"https:\/\/secure.gravatar.com\/avatar\/87a3b47928835fc72c6ee5b0e1a7263ef0c2d05003a98189bc14926c5f11bcdb?s=96&d=mm&r=g\",\"caption\":\"Informatius\"},\"url\":\"https:\/\/www.noubarris.net\/web40\/author\/tele\/\"}]}<\/script>\n<!-- \/ Yoast SEO plugin. -->","yoast_head_json":{"title":"Els regals comprats a comer\u00e7os del barri tindran \u201cl'aut\u00e8ntic paper del Nadal\u201d - NouBarris.Net","robots":{"index":"index","follow":"follow","max-snippet":"max-snippet:-1","max-image-preview":"max-image-preview:large","max-video-preview":"max-video-preview:-1"},"canonical":"https:\/\/www.noubarris.net\/web40\/els-regals-comprats-a-comercos-del-barri-tindran-lautentic-paper-del-nadal-2\/","og_locale":"ca_ES","og_type":"article","og_title":"Els regals comprats a comer\u00e7os del barri tindran \u201cl'aut\u00e8ntic paper del Nadal\u201d - NouBarris.Net","og_description":"L\u2019Ajuntament vol potenciar el consum de proximitat i reduir residus La campanya vol potenciar les compres als petits comer\u00e7os de","og_url":"https:\/\/www.noubarris.net\/web40\/els-regals-comprats-a-comercos-del-barri-tindran-lautentic-paper-del-nadal-2\/","og_site_name":"NouBarris.Net","article_publisher":"https:\/\/www.facebook.com\/NouBarris.net\/?locale=es_ES","article_published_time":"2016-11-30T23:00:35+00:00","og_image":[{"width":787,"height":445,"url":"https:\/\/www.noubarris.net\/web40\/wp-content\/uploads\/2016\/11\/011216.jpg","type":"image\/jpeg"}],"author":"Informatius","twitter_card":"summary_large_image","twitter_creator":"@9BTV","twitter_site":"@9BTV","twitter_misc":{"Escrit per":"Informatius","Temps estimat de lectura":"1 minut"},"schema":{"@context":"https:\/\/schema.org","@graph":[{"@type":"Article","@id":"https:\/\/www.noubarris.net\/web40\/els-regals-comprats-a-comercos-del-barri-tindran-lautentic-paper-del-nadal-2\/#article","isPartOf":{"@id":"https:\/\/www.noubarris.net\/web40\/els-regals-comprats-a-comercos-del-barri-tindran-lautentic-paper-del-nadal-2\/"},"author":{"name":"Informatius","@id":"https:\/\/www.noubarris.net\/web40\/#\/schema\/person\/1827f92aaa316c54abbf4dac0de76069"},"headline":"Els regals comprats a comer\u00e7os del barri tindran \u201cl&#8217;aut\u00e8ntic paper del Nadal\u201d","datePublished":"2016-11-30T23:00:35+00:00","mainEntityOfPage":{"@id":"https:\/\/www.noubarris.net\/web40\/els-regals-comprats-a-comercos-del-barri-tindran-lautentic-paper-del-nadal-2\/"},"wordCount":193,"publisher":{"@id":"https:\/\/www.noubarris.net\/web40\/#organization"},"image":{"@id":"https:\/\/www.noubarris.net\/web40\/els-regals-comprats-a-comercos-del-barri-tindran-lautentic-paper-del-nadal-2\/#primaryimage"},"thumbnailUrl":"https:\/\/www.noubarris.net\/web40\/wp-content\/uploads\/2016\/11\/011216.jpg","keywords":["Comer\u00e7","Nadal"],"articleSection":["Nou Barris","Societat"],"inLanguage":"ca"},{"@type":"WebPage","@id":"https:\/\/www.noubarris.net\/web40\/els-regals-comprats-a-comercos-del-barri-tindran-lautentic-paper-del-nadal-2\/","url":"https:\/\/www.noubarris.net\/web40\/els-regals-comprats-a-comercos-del-barri-tindran-lautentic-paper-del-nadal-2\/","name":"Els regals comprats a comer\u00e7os del barri tindran \u201cl'aut\u00e8ntic paper del Nadal\u201d - NouBarris.Net","isPartOf":{"@id":"https:\/\/www.noubarris.net\/web40\/#website"},"primaryImageOfPage":{"@id":"https:\/\/www.noubarris.net\/web40\/els-regals-comprats-a-comercos-del-barri-tindran-lautentic-paper-del-nadal-2\/#primaryimage"},"image":{"@id":"https:\/\/www.noubarris.net\/web40\/els-regals-comprats-a-comercos-del-barri-tindran-lautentic-paper-del-nadal-2\/#primaryimage"},"thumbnailUrl":"https:\/\/www.noubarris.net\/web40\/wp-content\/uploads\/2016\/11\/011216.jpg","datePublished":"2016-11-30T23:00:35+00:00","breadcrumb":{"@id":"https:\/\/www.noubarris.net\/web40\/els-regals-comprats-a-comercos-del-barri-tindran-lautentic-paper-del-nadal-2\/#breadcrumb"},"inLanguage":"ca","potentialAction":[{"@type":"ReadAction","target":["https:\/\/www.noubarris.net\/web40\/els-regals-comprats-a-comercos-del-barri-tindran-lautentic-paper-del-nadal-2\/"]}]},{"@type":"ImageObject","inLanguage":"ca","@id":"https:\/\/www.noubarris.net\/web40\/els-regals-comprats-a-comercos-del-barri-tindran-lautentic-paper-del-nadal-2\/#primaryimage","url":"https:\/\/www.noubarris.net\/web40\/wp-content\/uploads\/2016\/11\/011216.jpg","contentUrl":"https:\/\/www.noubarris.net\/web40\/wp-content\/uploads\/2016\/11\/011216.jpg","width":787,"height":445},{"@type":"BreadcrumbList","@id":"https:\/\/www.noubarris.net\/web40\/els-regals-comprats-a-comercos-del-barri-tindran-lautentic-paper-del-nadal-2\/#breadcrumb","itemListElement":[{"@type":"ListItem","position":1,"name":"Inici","item":"https:\/\/www.noubarris.net\/web40\/"},{"@type":"ListItem","position":2,"name":"Els regals comprats a comer\u00e7os del barri tindran \u201cl&#8217;aut\u00e8ntic paper del Nadal\u201d"}]},{"@type":"WebSite","@id":"https:\/\/www.noubarris.net\/web40\/#website","url":"https:\/\/www.noubarris.net\/web40\/","name":"NouBarris.Net","description":"Seguint la vida de Nou Barris des de 1985","publisher":{"@id":"https:\/\/www.noubarris.net\/web40\/#organization"},"potentialAction":[{"@type":"SearchAction","target":{"@type":"EntryPoint","urlTemplate":"https:\/\/www.noubarris.net\/web40\/?s={search_term_string}"},"query-input":{"@type":"PropertyValueSpecification","valueRequired":true,"valueName":"search_term_string"}}],"inLanguage":"ca"},{"@type":"Organization","@id":"https:\/\/www.noubarris.net\/web40\/#organization","name":"NouBarris.Net","url":"https:\/\/www.noubarris.net\/web40\/","logo":{"@type":"ImageObject","inLanguage":"ca","@id":"https:\/\/www.noubarris.net\/web40\/#\/schema\/logo\/image\/","url":"https:\/\/www.noubarris.net\/web40\/wp-content\/uploads\/2024\/11\/cropped-cropped-LOGO_9BTV-2024_Insta-1.jpg","contentUrl":"https:\/\/www.noubarris.net\/web40\/wp-content\/uploads\/2024\/11\/cropped-cropped-LOGO_9BTV-2024_Insta-1.jpg","width":512,"height":512,"caption":"NouBarris.Net"},"image":{"@id":"https:\/\/www.noubarris.net\/web40\/#\/schema\/logo\/image\/"},"sameAs":["https:\/\/www.facebook.com\/NouBarris.net\/?locale=es_ES","https:\/\/x.com\/9BTV"]},{"@type":"Person","@id":"https:\/\/www.noubarris.net\/web40\/#\/schema\/person\/1827f92aaa316c54abbf4dac0de76069","name":"Informatius","image":{"@type":"ImageObject","inLanguage":"ca","@id":"https:\/\/www.noubarris.net\/web40\/#\/schema\/person\/image\/","url":"https:\/\/secure.gravatar.com\/avatar\/87a3b47928835fc72c6ee5b0e1a7263ef0c2d05003a98189bc14926c5f11bcdb?s=96&d=mm&r=g","contentUrl":"https:\/\/secure.gravatar.com\/avatar\/87a3b47928835fc72c6ee5b0e1a7263ef0c2d05003a98189bc14926c5f11bcdb?s=96&d=mm&r=g","caption":"Informatius"},"url":"https:\/\/www.noubarris.net\/web40\/author\/tele\/"}]}},"_links":{"self":[{"href":"https:\/\/www.noubarris.net\/web40\/wp-json\/wp\/v2\/posts\/68670","targetHints":{"allow":["GET"]}}],"collection":[{"href":"https:\/\/www.noubarris.net\/web40\/wp-json\/wp\/v2\/posts"}],"about":[{"href":"https:\/\/www.noubarris.net\/web40\/wp-json\/wp\/v2\/types\/post"}],"author":[{"embeddable":true,"href":"https:\/\/www.noubarris.net\/web40\/wp-json\/wp\/v2\/users\/2"}],"replies":[{"embeddable":true,"href":"https:\/\/www.noubarris.net\/web40\/wp-json\/wp\/v2\/comments?post=68670"}],"version-history":[{"count":0,"href":"https:\/\/www.noubarris.net\/web40\/wp-json\/wp\/v2\/posts\/68670\/revisions"}],"wp:featuredmedia":[{"embeddable":true,"href":"https:\/\/www.noubarris.net\/web40\/wp-json\/wp\/v2\/media\/68671"}],"wp:attachment":[{"href":"https:\/\/www.noubarris.net\/web40\/wp-json\/wp\/v2\/media?parent=68670"}],"wp:term":[{"taxonomy":"category","embeddable":true,"href":"https:\/\/www.noubarris.net\/web40\/wp-json\/wp\/v2\/categories?post=68670"},{"taxonomy":"post_tag","embeddable":true,"href":"https:\/\/www.noubarris.net\/web40\/wp-json\/wp\/v2\/tags?post=68670"}],"curies":[{"name":"wp","href":"https:\/\/api.w.org\/{rel}","templated":true}]}}