{"id":68904,"date":"2017-01-26T00:00:24","date_gmt":"2017-01-25T23:00:24","guid":{"rendered":"http:\/\/www.noubarris.net\/web40\/?p=68904"},"modified":"2017-01-25T16:13:28","modified_gmt":"2017-01-25T15:13:28","slug":"foto-efemeride-63-anys-de-la-inauguracio-del-grup-escolar-agustina-de-aragon","status":"publish","type":"post","link":"https:\/\/www.noubarris.net\/web40\/foto-efemeride-63-anys-de-la-inauguracio-del-grup-escolar-agustina-de-aragon\/","title":{"rendered":"Foto-efem\u00e8ride: 63 anys de la inauguraci\u00f3 del Grup Escolar Agustina de Arag\u00f3n"},"content":{"rendered":"<p><strong>El centre es va construir per segregar les alumnes del barri en un altre edifici<\/strong><\/p>\n<p>El 26 de gener de 1954, l&#8217;alcalde de Barcelona Antoni Maria Simarro Puig va inaugurar enmig de la via J\u00falia el Grupo Escolar Agustina de Arag\u00f3n, per a nenes. La data va coincidir amb la commemoraci\u00f3 de l&#8217;entrada a Barcelona de les tropes franquistes. El conjunt estava format per un edifici d&#8217;una sola planta i constava de cinc aules per cursar cinc graus: quatre per a nenes i un per a p\u00e0rvuls. Disposava, a m\u00e9s, d&#8217;una terrassa per donar les classes a l&#8217;aire lliure, amples passadissos per vestidors, cambra de material i serveis higi\u00e8nics, pati de joc i Jard\u00ed. Aquest grup escolar es va edificar en tan sols 21 dies just al costat del Colegio Nacional Las Roquetas, un centre que es va construir al 1933 amb fusta del pavell\u00f3 de Su\u00e8cia de l&#8217;Exposici\u00f3 Universal de 1929, i que va funcionar com a escola mixta fins acabada la guerra civil. Aleshores, es va voler dividir nens i nenes. Primer a l&#8217;escola existent i despr\u00e9s en aquesta escola nova. \u00a0El 1974 ambd\u00f3s equipaments van tancar les seves portes quan es va inaugurar el col\u00b7legi cardenal Cisneros, actualment Escola Prosperitat, al proper carrer del Mol\u00ed. Posteriorment van ser enderrocats els dos edificis per donar lloc a la remodelaci\u00f3 de la via J\u00falia. Actualment, tan sols en resta un gran arbre, un plataner que sobresurt mes enll\u00e0 de la marquesina i que estava plantat dins el pati de l\u2019antiga escola femenina.<\/p>\n","protected":false},"excerpt":{"rendered":"<p>El centre es va construir per segregar les alumnes del barri en un altre edifici El 26 de gener de<\/p>\n","protected":false},"author":2,"featured_media":68905,"comment_status":"closed","ping_status":"closed","sticky":false,"template":"","format":"standard","meta":{"colormag_page_layout":"default_layout","_monsterinsights_skip_tracking":false,"_monsterinsights_sitenote_active":false,"_monsterinsights_sitenote_note":"","_monsterinsights_sitenote_category":0,"footnotes":""},"categories":[129,135],"tags":[271,51],"class_list":["post-68904","post","type-post","status-publish","format-standard","has-post-thumbnail","hentry","category-cultura","category-la-prosperitat","tag-historia","tag-la-prosperitat"],"yoast_head":"<!-- This site is optimized with the Yoast SEO plugin v25.3 - https:\/\/yoast.com\/wordpress\/plugins\/seo\/ -->\n<title>Foto-efem\u00e8ride: 63 anys de la inauguraci\u00f3 del Grup Escolar Agustina de Arag\u00f3n - NouBarris.Net<\/title>\n<meta name=\"robots\" content=\"index, follow, max-snippet:-1, max-image-preview:large, max-video-preview:-1\" \/>\n<link rel=\"canonical\" href=\"https:\/\/www.noubarris.net\/web40\/foto-efemeride-63-anys-de-la-inauguracio-del-grup-escolar-agustina-de-aragon\/\" \/>\n<meta property=\"og:locale\" content=\"ca_ES\" \/>\n<meta property=\"og:type\" content=\"article\" \/>\n<meta property=\"og:title\" content=\"Foto-efem\u00e8ride: 63 anys de la inauguraci\u00f3 del Grup Escolar Agustina de Arag\u00f3n - NouBarris.Net\" \/>\n<meta property=\"og:description\" content=\"El centre es va construir per segregar les alumnes del barri en un altre edifici El 26 de gener de\" \/>\n<meta property=\"og:url\" content=\"https:\/\/www.noubarris.net\/web40\/foto-efemeride-63-anys-de-la-inauguracio-del-grup-escolar-agustina-de-aragon\/\" \/>\n<meta property=\"og:site_name\" content=\"NouBarris.Net\" \/>\n<meta property=\"article:publisher\" content=\"https:\/\/www.facebook.com\/NouBarris.net\/?locale=es_ES\" \/>\n<meta property=\"article:published_time\" content=\"2017-01-25T23:00:24+00:00\" \/>\n<meta property=\"og:image\" content=\"https:\/\/www.noubarris.net\/web40\/wp-content\/uploads\/2017\/01\/260117.jpg\" \/>\n\t<meta property=\"og:image:width\" content=\"787\" \/>\n\t<meta property=\"og:image:height\" content=\"445\" \/>\n\t<meta property=\"og:image:type\" content=\"image\/jpeg\" \/>\n<meta name=\"author\" content=\"Informatius\" \/>\n<meta name=\"twitter:card\" content=\"summary_large_image\" \/>\n<meta name=\"twitter:creator\" content=\"@9BTV\" \/>\n<meta name=\"twitter:site\" content=\"@9BTV\" \/>\n<meta name=\"twitter:label1\" content=\"Escrit per\" \/>\n\t<meta name=\"twitter:data1\" content=\"Informatius\" \/>\n\t<meta name=\"twitter:label2\" content=\"Temps estimat de lectura\" \/>\n\t<meta name=\"twitter:data2\" content=\"1 minut\" \/>\n<script type=\"application\/ld+json\" class=\"yoast-schema-graph\">{\"@context\":\"https:\/\/schema.org\",\"@graph\":[{\"@type\":\"Article\",\"@id\":\"https:\/\/www.noubarris.net\/web40\/foto-efemeride-63-anys-de-la-inauguracio-del-grup-escolar-agustina-de-aragon\/#article\",\"isPartOf\":{\"@id\":\"https:\/\/www.noubarris.net\/web40\/foto-efemeride-63-anys-de-la-inauguracio-del-grup-escolar-agustina-de-aragon\/\"},\"author\":{\"name\":\"Informatius\",\"@id\":\"https:\/\/www.noubarris.net\/web40\/#\/schema\/person\/1827f92aaa316c54abbf4dac0de76069\"},\"headline\":\"Foto-efem\u00e8ride: 63 anys de la inauguraci\u00f3 del Grup Escolar Agustina de Arag\u00f3n\",\"datePublished\":\"2017-01-25T23:00:24+00:00\",\"mainEntityOfPage\":{\"@id\":\"https:\/\/www.noubarris.net\/web40\/foto-efemeride-63-anys-de-la-inauguracio-del-grup-escolar-agustina-de-aragon\/\"},\"wordCount\":278,\"publisher\":{\"@id\":\"https:\/\/www.noubarris.net\/web40\/#organization\"},\"image\":{\"@id\":\"https:\/\/www.noubarris.net\/web40\/foto-efemeride-63-anys-de-la-inauguracio-del-grup-escolar-agustina-de-aragon\/#primaryimage\"},\"thumbnailUrl\":\"https:\/\/www.noubarris.net\/web40\/wp-content\/uploads\/2017\/01\/260117.jpg\",\"keywords\":[\"Hist\u00f2ria\",\"La Prosperitat\"],\"articleSection\":[\"Cultura\",\"La Prosperitat\"],\"inLanguage\":\"ca\"},{\"@type\":\"WebPage\",\"@id\":\"https:\/\/www.noubarris.net\/web40\/foto-efemeride-63-anys-de-la-inauguracio-del-grup-escolar-agustina-de-aragon\/\",\"url\":\"https:\/\/www.noubarris.net\/web40\/foto-efemeride-63-anys-de-la-inauguracio-del-grup-escolar-agustina-de-aragon\/\",\"name\":\"Foto-efem\u00e8ride: 63 anys de la inauguraci\u00f3 del Grup Escolar Agustina de Arag\u00f3n - NouBarris.Net\",\"isPartOf\":{\"@id\":\"https:\/\/www.noubarris.net\/web40\/#website\"},\"primaryImageOfPage\":{\"@id\":\"https:\/\/www.noubarris.net\/web40\/foto-efemeride-63-anys-de-la-inauguracio-del-grup-escolar-agustina-de-aragon\/#primaryimage\"},\"image\":{\"@id\":\"https:\/\/www.noubarris.net\/web40\/foto-efemeride-63-anys-de-la-inauguracio-del-grup-escolar-agustina-de-aragon\/#primaryimage\"},\"thumbnailUrl\":\"https:\/\/www.noubarris.net\/web40\/wp-content\/uploads\/2017\/01\/260117.jpg\",\"datePublished\":\"2017-01-25T23:00:24+00:00\",\"breadcrumb\":{\"@id\":\"https:\/\/www.noubarris.net\/web40\/foto-efemeride-63-anys-de-la-inauguracio-del-grup-escolar-agustina-de-aragon\/#breadcrumb\"},\"inLanguage\":\"ca\",\"potentialAction\":[{\"@type\":\"ReadAction\",\"target\":[\"https:\/\/www.noubarris.net\/web40\/foto-efemeride-63-anys-de-la-inauguracio-del-grup-escolar-agustina-de-aragon\/\"]}]},{\"@type\":\"ImageObject\",\"inLanguage\":\"ca\",\"@id\":\"https:\/\/www.noubarris.net\/web40\/foto-efemeride-63-anys-de-la-inauguracio-del-grup-escolar-agustina-de-aragon\/#primaryimage\",\"url\":\"https:\/\/www.noubarris.net\/web40\/wp-content\/uploads\/2017\/01\/260117.jpg\",\"contentUrl\":\"https:\/\/www.noubarris.net\/web40\/wp-content\/uploads\/2017\/01\/260117.jpg\",\"width\":787,\"height\":445},{\"@type\":\"BreadcrumbList\",\"@id\":\"https:\/\/www.noubarris.net\/web40\/foto-efemeride-63-anys-de-la-inauguracio-del-grup-escolar-agustina-de-aragon\/#breadcrumb\",\"itemListElement\":[{\"@type\":\"ListItem\",\"position\":1,\"name\":\"Inici\",\"item\":\"https:\/\/www.noubarris.net\/web40\/\"},{\"@type\":\"ListItem\",\"position\":2,\"name\":\"Foto-efem\u00e8ride: 63 anys de la inauguraci\u00f3 del Grup Escolar Agustina de Arag\u00f3n\"}]},{\"@type\":\"WebSite\",\"@id\":\"https:\/\/www.noubarris.net\/web40\/#website\",\"url\":\"https:\/\/www.noubarris.net\/web40\/\",\"name\":\"NouBarris.Net\",\"description\":\"Seguint la vida de Nou Barris des de 1985\",\"publisher\":{\"@id\":\"https:\/\/www.noubarris.net\/web40\/#organization\"},\"potentialAction\":[{\"@type\":\"SearchAction\",\"target\":{\"@type\":\"EntryPoint\",\"urlTemplate\":\"https:\/\/www.noubarris.net\/web40\/?s={search_term_string}\"},\"query-input\":{\"@type\":\"PropertyValueSpecification\",\"valueRequired\":true,\"valueName\":\"search_term_string\"}}],\"inLanguage\":\"ca\"},{\"@type\":\"Organization\",\"@id\":\"https:\/\/www.noubarris.net\/web40\/#organization\",\"name\":\"NouBarris.Net\",\"url\":\"https:\/\/www.noubarris.net\/web40\/\",\"logo\":{\"@type\":\"ImageObject\",\"inLanguage\":\"ca\",\"@id\":\"https:\/\/www.noubarris.net\/web40\/#\/schema\/logo\/image\/\",\"url\":\"https:\/\/www.noubarris.net\/web40\/wp-content\/uploads\/2024\/11\/cropped-cropped-LOGO_9BTV-2024_Insta-1.jpg\",\"contentUrl\":\"https:\/\/www.noubarris.net\/web40\/wp-content\/uploads\/2024\/11\/cropped-cropped-LOGO_9BTV-2024_Insta-1.jpg\",\"width\":512,\"height\":512,\"caption\":\"NouBarris.Net\"},\"image\":{\"@id\":\"https:\/\/www.noubarris.net\/web40\/#\/schema\/logo\/image\/\"},\"sameAs\":[\"https:\/\/www.facebook.com\/NouBarris.net\/?locale=es_ES\",\"https:\/\/x.com\/9BTV\"]},{\"@type\":\"Person\",\"@id\":\"https:\/\/www.noubarris.net\/web40\/#\/schema\/person\/1827f92aaa316c54abbf4dac0de76069\",\"name\":\"Informatius\",\"image\":{\"@type\":\"ImageObject\",\"inLanguage\":\"ca\",\"@id\":\"https:\/\/www.noubarris.net\/web40\/#\/schema\/person\/image\/\",\"url\":\"https:\/\/secure.gravatar.com\/avatar\/87a3b47928835fc72c6ee5b0e1a7263ef0c2d05003a98189bc14926c5f11bcdb?s=96&d=mm&r=g\",\"contentUrl\":\"https:\/\/secure.gravatar.com\/avatar\/87a3b47928835fc72c6ee5b0e1a7263ef0c2d05003a98189bc14926c5f11bcdb?s=96&d=mm&r=g\",\"caption\":\"Informatius\"},\"url\":\"https:\/\/www.noubarris.net\/web40\/author\/tele\/\"}]}<\/script>\n<!-- \/ Yoast SEO plugin. -->","yoast_head_json":{"title":"Foto-efem\u00e8ride: 63 anys de la inauguraci\u00f3 del Grup Escolar Agustina de Arag\u00f3n - NouBarris.Net","robots":{"index":"index","follow":"follow","max-snippet":"max-snippet:-1","max-image-preview":"max-image-preview:large","max-video-preview":"max-video-preview:-1"},"canonical":"https:\/\/www.noubarris.net\/web40\/foto-efemeride-63-anys-de-la-inauguracio-del-grup-escolar-agustina-de-aragon\/","og_locale":"ca_ES","og_type":"article","og_title":"Foto-efem\u00e8ride: 63 anys de la inauguraci\u00f3 del Grup Escolar Agustina de Arag\u00f3n - NouBarris.Net","og_description":"El centre es va construir per segregar les alumnes del barri en un altre edifici El 26 de gener de","og_url":"https:\/\/www.noubarris.net\/web40\/foto-efemeride-63-anys-de-la-inauguracio-del-grup-escolar-agustina-de-aragon\/","og_site_name":"NouBarris.Net","article_publisher":"https:\/\/www.facebook.com\/NouBarris.net\/?locale=es_ES","article_published_time":"2017-01-25T23:00:24+00:00","og_image":[{"width":787,"height":445,"url":"https:\/\/www.noubarris.net\/web40\/wp-content\/uploads\/2017\/01\/260117.jpg","type":"image\/jpeg"}],"author":"Informatius","twitter_card":"summary_large_image","twitter_creator":"@9BTV","twitter_site":"@9BTV","twitter_misc":{"Escrit per":"Informatius","Temps estimat de lectura":"1 minut"},"schema":{"@context":"https:\/\/schema.org","@graph":[{"@type":"Article","@id":"https:\/\/www.noubarris.net\/web40\/foto-efemeride-63-anys-de-la-inauguracio-del-grup-escolar-agustina-de-aragon\/#article","isPartOf":{"@id":"https:\/\/www.noubarris.net\/web40\/foto-efemeride-63-anys-de-la-inauguracio-del-grup-escolar-agustina-de-aragon\/"},"author":{"name":"Informatius","@id":"https:\/\/www.noubarris.net\/web40\/#\/schema\/person\/1827f92aaa316c54abbf4dac0de76069"},"headline":"Foto-efem\u00e8ride: 63 anys de la inauguraci\u00f3 del Grup Escolar Agustina de Arag\u00f3n","datePublished":"2017-01-25T23:00:24+00:00","mainEntityOfPage":{"@id":"https:\/\/www.noubarris.net\/web40\/foto-efemeride-63-anys-de-la-inauguracio-del-grup-escolar-agustina-de-aragon\/"},"wordCount":278,"publisher":{"@id":"https:\/\/www.noubarris.net\/web40\/#organization"},"image":{"@id":"https:\/\/www.noubarris.net\/web40\/foto-efemeride-63-anys-de-la-inauguracio-del-grup-escolar-agustina-de-aragon\/#primaryimage"},"thumbnailUrl":"https:\/\/www.noubarris.net\/web40\/wp-content\/uploads\/2017\/01\/260117.jpg","keywords":["Hist\u00f2ria","La Prosperitat"],"articleSection":["Cultura","La Prosperitat"],"inLanguage":"ca"},{"@type":"WebPage","@id":"https:\/\/www.noubarris.net\/web40\/foto-efemeride-63-anys-de-la-inauguracio-del-grup-escolar-agustina-de-aragon\/","url":"https:\/\/www.noubarris.net\/web40\/foto-efemeride-63-anys-de-la-inauguracio-del-grup-escolar-agustina-de-aragon\/","name":"Foto-efem\u00e8ride: 63 anys de la inauguraci\u00f3 del Grup Escolar Agustina de Arag\u00f3n - NouBarris.Net","isPartOf":{"@id":"https:\/\/www.noubarris.net\/web40\/#website"},"primaryImageOfPage":{"@id":"https:\/\/www.noubarris.net\/web40\/foto-efemeride-63-anys-de-la-inauguracio-del-grup-escolar-agustina-de-aragon\/#primaryimage"},"image":{"@id":"https:\/\/www.noubarris.net\/web40\/foto-efemeride-63-anys-de-la-inauguracio-del-grup-escolar-agustina-de-aragon\/#primaryimage"},"thumbnailUrl":"https:\/\/www.noubarris.net\/web40\/wp-content\/uploads\/2017\/01\/260117.jpg","datePublished":"2017-01-25T23:00:24+00:00","breadcrumb":{"@id":"https:\/\/www.noubarris.net\/web40\/foto-efemeride-63-anys-de-la-inauguracio-del-grup-escolar-agustina-de-aragon\/#breadcrumb"},"inLanguage":"ca","potentialAction":[{"@type":"ReadAction","target":["https:\/\/www.noubarris.net\/web40\/foto-efemeride-63-anys-de-la-inauguracio-del-grup-escolar-agustina-de-aragon\/"]}]},{"@type":"ImageObject","inLanguage":"ca","@id":"https:\/\/www.noubarris.net\/web40\/foto-efemeride-63-anys-de-la-inauguracio-del-grup-escolar-agustina-de-aragon\/#primaryimage","url":"https:\/\/www.noubarris.net\/web40\/wp-content\/uploads\/2017\/01\/260117.jpg","contentUrl":"https:\/\/www.noubarris.net\/web40\/wp-content\/uploads\/2017\/01\/260117.jpg","width":787,"height":445},{"@type":"BreadcrumbList","@id":"https:\/\/www.noubarris.net\/web40\/foto-efemeride-63-anys-de-la-inauguracio-del-grup-escolar-agustina-de-aragon\/#breadcrumb","itemListElement":[{"@type":"ListItem","position":1,"name":"Inici","item":"https:\/\/www.noubarris.net\/web40\/"},{"@type":"ListItem","position":2,"name":"Foto-efem\u00e8ride: 63 anys de la inauguraci\u00f3 del Grup Escolar Agustina de Arag\u00f3n"}]},{"@type":"WebSite","@id":"https:\/\/www.noubarris.net\/web40\/#website","url":"https:\/\/www.noubarris.net\/web40\/","name":"NouBarris.Net","description":"Seguint la vida de Nou Barris des de 1985","publisher":{"@id":"https:\/\/www.noubarris.net\/web40\/#organization"},"potentialAction":[{"@type":"SearchAction","target":{"@type":"EntryPoint","urlTemplate":"https:\/\/www.noubarris.net\/web40\/?s={search_term_string}"},"query-input":{"@type":"PropertyValueSpecification","valueRequired":true,"valueName":"search_term_string"}}],"inLanguage":"ca"},{"@type":"Organization","@id":"https:\/\/www.noubarris.net\/web40\/#organization","name":"NouBarris.Net","url":"https:\/\/www.noubarris.net\/web40\/","logo":{"@type":"ImageObject","inLanguage":"ca","@id":"https:\/\/www.noubarris.net\/web40\/#\/schema\/logo\/image\/","url":"https:\/\/www.noubarris.net\/web40\/wp-content\/uploads\/2024\/11\/cropped-cropped-LOGO_9BTV-2024_Insta-1.jpg","contentUrl":"https:\/\/www.noubarris.net\/web40\/wp-content\/uploads\/2024\/11\/cropped-cropped-LOGO_9BTV-2024_Insta-1.jpg","width":512,"height":512,"caption":"NouBarris.Net"},"image":{"@id":"https:\/\/www.noubarris.net\/web40\/#\/schema\/logo\/image\/"},"sameAs":["https:\/\/www.facebook.com\/NouBarris.net\/?locale=es_ES","https:\/\/x.com\/9BTV"]},{"@type":"Person","@id":"https:\/\/www.noubarris.net\/web40\/#\/schema\/person\/1827f92aaa316c54abbf4dac0de76069","name":"Informatius","image":{"@type":"ImageObject","inLanguage":"ca","@id":"https:\/\/www.noubarris.net\/web40\/#\/schema\/person\/image\/","url":"https:\/\/secure.gravatar.com\/avatar\/87a3b47928835fc72c6ee5b0e1a7263ef0c2d05003a98189bc14926c5f11bcdb?s=96&d=mm&r=g","contentUrl":"https:\/\/secure.gravatar.com\/avatar\/87a3b47928835fc72c6ee5b0e1a7263ef0c2d05003a98189bc14926c5f11bcdb?s=96&d=mm&r=g","caption":"Informatius"},"url":"https:\/\/www.noubarris.net\/web40\/author\/tele\/"}]}},"_links":{"self":[{"href":"https:\/\/www.noubarris.net\/web40\/wp-json\/wp\/v2\/posts\/68904","targetHints":{"allow":["GET"]}}],"collection":[{"href":"https:\/\/www.noubarris.net\/web40\/wp-json\/wp\/v2\/posts"}],"about":[{"href":"https:\/\/www.noubarris.net\/web40\/wp-json\/wp\/v2\/types\/post"}],"author":[{"embeddable":true,"href":"https:\/\/www.noubarris.net\/web40\/wp-json\/wp\/v2\/users\/2"}],"replies":[{"embeddable":true,"href":"https:\/\/www.noubarris.net\/web40\/wp-json\/wp\/v2\/comments?post=68904"}],"version-history":[{"count":0,"href":"https:\/\/www.noubarris.net\/web40\/wp-json\/wp\/v2\/posts\/68904\/revisions"}],"wp:featuredmedia":[{"embeddable":true,"href":"https:\/\/www.noubarris.net\/web40\/wp-json\/wp\/v2\/media\/68905"}],"wp:attachment":[{"href":"https:\/\/www.noubarris.net\/web40\/wp-json\/wp\/v2\/media?parent=68904"}],"wp:term":[{"taxonomy":"category","embeddable":true,"href":"https:\/\/www.noubarris.net\/web40\/wp-json\/wp\/v2\/categories?post=68904"},{"taxonomy":"post_tag","embeddable":true,"href":"https:\/\/www.noubarris.net\/web40\/wp-json\/wp\/v2\/tags?post=68904"}],"curies":[{"name":"wp","href":"https:\/\/api.w.org\/{rel}","templated":true}]}}