{"id":69271,"date":"2017-04-04T00:00:03","date_gmt":"2017-04-03T23:00:03","guid":{"rendered":"http:\/\/www.noubarris.net\/web40\/?p=69271"},"modified":"2017-04-03T16:18:42","modified_gmt":"2017-04-03T15:18:42","slug":"un-pas-mes-per-a-la-desafectacio-de-les-cases-del-passatge-de-santa-eulalia","status":"publish","type":"post","link":"https:\/\/www.noubarris.net\/web40\/un-pas-mes-per-a-la-desafectacio-de-les-cases-del-passatge-de-santa-eulalia\/","title":{"rendered":"Un pas m\u00e9s per a la desafectaci\u00f3 de les cases del passatge de Santa Eul\u00e0lia"},"content":{"rendered":"<p><strong>El ple de l\u2019Ajuntament aprova la protecci\u00f3 de les casetes constru\u00efdes per la fam\u00edlia de Ramon Casas<\/strong><\/p>\n<p>La desafectaci\u00f3 de les cases del passatge de Santa Eul\u00e0lia, constru\u00efdes per la fam\u00edlia del pintor modernista Ramon Casas, est\u00e0 cada cop m\u00e9s a prop.\u00a0 Al juliol passat, el Districte de Nou Barris va iniciar-ne el proc\u00e9s i ara el ple de l\u2019Ajuntament acaba de ratificar-ho. Nom\u00e9s queda un darrer pas, el vistiplau de la Generalitat, per a que la desafectaci\u00f3 sigui una realitat.<\/p>\n<p>Des de l\u2019any 1976 un pla urban\u00edstic amena\u00e7a les 36 cases del passatge. La lluita dels ve\u00efns per salvar casa seva ha donat resultats finalment i han aconseguit que l\u2019Ajuntament les conservi. Durant els 40 anys d\u2019afectaci\u00f3 dels habitatges, els ve\u00efns han intentat diversos cops que se suspengu\u00e9s el PGM que els afectava i els volia substituir per dos blocs de pisos i\u00a0 zona verda. \u201cAra fa 40 anys, el meu pare ja va lluitar per a que aqu\u00ed desaparegu\u00e9s la desafectaci\u00f3 i mai no ho va poder veure \u2013 explica el Flori\u00e1n Montfort, un dels ve\u00efns afectats-\u00a0 Com que el passatge estava afectat sempre ten\u00edem un neguit a dins.\u201d<\/p>\n<p>Tot i que no hi constava cap data d\u2019execuci\u00f3, els ve\u00efns afrontaven di\u00e0riament els problemes d\u2019aquesta afectaci\u00f3: no podien obtenir hipoteques i era complicat aconseguir permisos d\u2019obres. A aquests problemes, s\u2019hi sumava la voluntat dels ve\u00efns de romandre en les casetes de dues plantes amb un pati al davant i un altre al darrere. \u00a0\u201cJo vaig comprar la casa ara fa un any i mig quan estava afectat \u2013 explica en Jos\u00e9 Antonio Liguero, un dels ve\u00efns dels passatge &#8211; \u00a0Ara estic content que treguin l\u2019afectaci\u00f3.\u201d<\/p>\n<p>Fa uns cinc anys, un dels ve\u00efns, en Jordi S\u00e0nchez, va reprendre la campanya. Ho va fer primer investigant la hist\u00f2ria del passatge. Va ser aleshores quan va descobrir que les havia constru\u00eft el nebot del pintor modernista Ramon Casas, Santiago Codina i Casas, i que de fet, part del terreny pertanyia al mateix pintor i a la seva fam\u00edlia. L\u2019any 2012 els ve\u00efns van instal\u00b7lar una placa recordant aquest fet. Van ser obra d\u2019un arquitecte reconegut a l\u2019\u00e8poca, Josep Maria Ros, que les va edificar amb estil brit\u00e0nic entre els anys 1928 i 1931. Tot plegat es va convertir en forts arguments per protegir les cases. Els ve\u00efns, a m\u00e9s, volien seguir l&#8217;exemple d\u2019altres dos passatges propers, el de l\u2019Esperan\u00e7a i el de l\u2019Arquitecte Mill\u00e0s, que van evitar plans urban\u00edstics amb la catalogaci\u00f3 de patrimoni.<\/p>\n<p>El proc\u00e9s de desafectaci\u00f3 de les cases es fa intercanviant la qualificaci\u00f3 de zona verda del passatge de Santa Eul\u00e0lia per la pla\u00e7a del Virrei Amat, que els mateixos ve\u00efns van proposar, en descobrir que no figurava com a tal. \u00a0Amb la desafectaci\u00f3 el passatge de Santa Eul\u00e0lia passar\u00e0 a ser p\u00fablic, per\u00f2 els ve\u00efns hauran de pagar-ne la urbanitzaci\u00f3.<\/p>\n","protected":false},"excerpt":{"rendered":"<p>El ple de l\u2019Ajuntament aprova la protecci\u00f3 de les casetes constru\u00efdes per la fam\u00edlia de Ramon Casas La desafectaci\u00f3 de<\/p>\n","protected":false},"author":2,"featured_media":69273,"comment_status":"closed","ping_status":"closed","sticky":false,"template":"","format":"standard","meta":{"colormag_page_layout":"default_layout","_monsterinsights_skip_tracking":false,"_monsterinsights_sitenote_active":false,"_monsterinsights_sitenote_note":"","_monsterinsights_sitenote_category":0,"footnotes":""},"categories":[142],"tags":[510,69,389],"class_list":["post-69271","post","type-post","status-publish","format-standard","has-post-thumbnail","hentry","category-vilapicina-i-la-torre-llobeta","tag-ramon-casas","tag-urbanisme","tag-vilapicina-i-la-torre-llobeta"],"yoast_head":"<!-- This site is optimized with the Yoast SEO plugin v25.3 - https:\/\/yoast.com\/wordpress\/plugins\/seo\/ -->\n<title>Un pas m\u00e9s per a la desafectaci\u00f3 de les cases del passatge de Santa Eul\u00e0lia - NouBarris.Net<\/title>\n<meta name=\"robots\" content=\"index, follow, max-snippet:-1, max-image-preview:large, max-video-preview:-1\" \/>\n<link rel=\"canonical\" href=\"https:\/\/www.noubarris.net\/web40\/un-pas-mes-per-a-la-desafectacio-de-les-cases-del-passatge-de-santa-eulalia\/\" \/>\n<meta property=\"og:locale\" content=\"ca_ES\" \/>\n<meta property=\"og:type\" content=\"article\" \/>\n<meta property=\"og:title\" content=\"Un pas m\u00e9s per a la desafectaci\u00f3 de les cases del passatge de Santa Eul\u00e0lia - NouBarris.Net\" \/>\n<meta property=\"og:description\" content=\"El ple de l\u2019Ajuntament aprova la protecci\u00f3 de les casetes constru\u00efdes per la fam\u00edlia de Ramon Casas La desafectaci\u00f3 de\" \/>\n<meta property=\"og:url\" content=\"https:\/\/www.noubarris.net\/web40\/un-pas-mes-per-a-la-desafectacio-de-les-cases-del-passatge-de-santa-eulalia\/\" \/>\n<meta property=\"og:site_name\" content=\"NouBarris.Net\" \/>\n<meta property=\"article:publisher\" content=\"https:\/\/www.facebook.com\/NouBarris.net\/?locale=es_ES\" \/>\n<meta property=\"article:published_time\" content=\"2017-04-03T23:00:03+00:00\" \/>\n<meta property=\"og:image\" content=\"https:\/\/www.noubarris.net\/web40\/wp-content\/uploads\/2017\/04\/040417.jpg\" \/>\n\t<meta property=\"og:image:width\" content=\"787\" \/>\n\t<meta property=\"og:image:height\" content=\"445\" \/>\n\t<meta property=\"og:image:type\" content=\"image\/jpeg\" \/>\n<meta name=\"author\" content=\"Informatius\" \/>\n<meta name=\"twitter:card\" content=\"summary_large_image\" \/>\n<meta name=\"twitter:creator\" content=\"@9BTV\" \/>\n<meta name=\"twitter:site\" content=\"@9BTV\" \/>\n<meta name=\"twitter:label1\" content=\"Escrit per\" \/>\n\t<meta name=\"twitter:data1\" content=\"Informatius\" \/>\n\t<meta name=\"twitter:label2\" content=\"Temps estimat de lectura\" \/>\n\t<meta name=\"twitter:data2\" content=\"3 minuts\" \/>\n<script type=\"application\/ld+json\" class=\"yoast-schema-graph\">{\"@context\":\"https:\/\/schema.org\",\"@graph\":[{\"@type\":\"Article\",\"@id\":\"https:\/\/www.noubarris.net\/web40\/un-pas-mes-per-a-la-desafectacio-de-les-cases-del-passatge-de-santa-eulalia\/#article\",\"isPartOf\":{\"@id\":\"https:\/\/www.noubarris.net\/web40\/un-pas-mes-per-a-la-desafectacio-de-les-cases-del-passatge-de-santa-eulalia\/\"},\"author\":{\"name\":\"Informatius\",\"@id\":\"https:\/\/www.noubarris.net\/web40\/#\/schema\/person\/1827f92aaa316c54abbf4dac0de76069\"},\"headline\":\"Un pas m\u00e9s per a la desafectaci\u00f3 de les cases del passatge de Santa Eul\u00e0lia\",\"datePublished\":\"2017-04-03T23:00:03+00:00\",\"mainEntityOfPage\":{\"@id\":\"https:\/\/www.noubarris.net\/web40\/un-pas-mes-per-a-la-desafectacio-de-les-cases-del-passatge-de-santa-eulalia\/\"},\"wordCount\":539,\"publisher\":{\"@id\":\"https:\/\/www.noubarris.net\/web40\/#organization\"},\"image\":{\"@id\":\"https:\/\/www.noubarris.net\/web40\/un-pas-mes-per-a-la-desafectacio-de-les-cases-del-passatge-de-santa-eulalia\/#primaryimage\"},\"thumbnailUrl\":\"https:\/\/www.noubarris.net\/web40\/wp-content\/uploads\/2017\/04\/040417.jpg\",\"keywords\":[\"ramon casas\",\"Urbanisme\",\"Vilapicina i la Torre Llobeta\"],\"articleSection\":[\"Vilapicina i la Torre Llobeta\"],\"inLanguage\":\"ca\"},{\"@type\":\"WebPage\",\"@id\":\"https:\/\/www.noubarris.net\/web40\/un-pas-mes-per-a-la-desafectacio-de-les-cases-del-passatge-de-santa-eulalia\/\",\"url\":\"https:\/\/www.noubarris.net\/web40\/un-pas-mes-per-a-la-desafectacio-de-les-cases-del-passatge-de-santa-eulalia\/\",\"name\":\"Un pas m\u00e9s per a la desafectaci\u00f3 de les cases del passatge de Santa Eul\u00e0lia - NouBarris.Net\",\"isPartOf\":{\"@id\":\"https:\/\/www.noubarris.net\/web40\/#website\"},\"primaryImageOfPage\":{\"@id\":\"https:\/\/www.noubarris.net\/web40\/un-pas-mes-per-a-la-desafectacio-de-les-cases-del-passatge-de-santa-eulalia\/#primaryimage\"},\"image\":{\"@id\":\"https:\/\/www.noubarris.net\/web40\/un-pas-mes-per-a-la-desafectacio-de-les-cases-del-passatge-de-santa-eulalia\/#primaryimage\"},\"thumbnailUrl\":\"https:\/\/www.noubarris.net\/web40\/wp-content\/uploads\/2017\/04\/040417.jpg\",\"datePublished\":\"2017-04-03T23:00:03+00:00\",\"breadcrumb\":{\"@id\":\"https:\/\/www.noubarris.net\/web40\/un-pas-mes-per-a-la-desafectacio-de-les-cases-del-passatge-de-santa-eulalia\/#breadcrumb\"},\"inLanguage\":\"ca\",\"potentialAction\":[{\"@type\":\"ReadAction\",\"target\":[\"https:\/\/www.noubarris.net\/web40\/un-pas-mes-per-a-la-desafectacio-de-les-cases-del-passatge-de-santa-eulalia\/\"]}]},{\"@type\":\"ImageObject\",\"inLanguage\":\"ca\",\"@id\":\"https:\/\/www.noubarris.net\/web40\/un-pas-mes-per-a-la-desafectacio-de-les-cases-del-passatge-de-santa-eulalia\/#primaryimage\",\"url\":\"https:\/\/www.noubarris.net\/web40\/wp-content\/uploads\/2017\/04\/040417.jpg\",\"contentUrl\":\"https:\/\/www.noubarris.net\/web40\/wp-content\/uploads\/2017\/04\/040417.jpg\",\"width\":787,\"height\":445},{\"@type\":\"BreadcrumbList\",\"@id\":\"https:\/\/www.noubarris.net\/web40\/un-pas-mes-per-a-la-desafectacio-de-les-cases-del-passatge-de-santa-eulalia\/#breadcrumb\",\"itemListElement\":[{\"@type\":\"ListItem\",\"position\":1,\"name\":\"Inici\",\"item\":\"https:\/\/www.noubarris.net\/web40\/\"},{\"@type\":\"ListItem\",\"position\":2,\"name\":\"Un pas m\u00e9s per a la desafectaci\u00f3 de les cases del passatge de Santa Eul\u00e0lia\"}]},{\"@type\":\"WebSite\",\"@id\":\"https:\/\/www.noubarris.net\/web40\/#website\",\"url\":\"https:\/\/www.noubarris.net\/web40\/\",\"name\":\"NouBarris.Net\",\"description\":\"Seguint la vida de Nou Barris des de 1985\",\"publisher\":{\"@id\":\"https:\/\/www.noubarris.net\/web40\/#organization\"},\"potentialAction\":[{\"@type\":\"SearchAction\",\"target\":{\"@type\":\"EntryPoint\",\"urlTemplate\":\"https:\/\/www.noubarris.net\/web40\/?s={search_term_string}\"},\"query-input\":{\"@type\":\"PropertyValueSpecification\",\"valueRequired\":true,\"valueName\":\"search_term_string\"}}],\"inLanguage\":\"ca\"},{\"@type\":\"Organization\",\"@id\":\"https:\/\/www.noubarris.net\/web40\/#organization\",\"name\":\"NouBarris.Net\",\"url\":\"https:\/\/www.noubarris.net\/web40\/\",\"logo\":{\"@type\":\"ImageObject\",\"inLanguage\":\"ca\",\"@id\":\"https:\/\/www.noubarris.net\/web40\/#\/schema\/logo\/image\/\",\"url\":\"https:\/\/www.noubarris.net\/web40\/wp-content\/uploads\/2024\/11\/cropped-cropped-LOGO_9BTV-2024_Insta-1.jpg\",\"contentUrl\":\"https:\/\/www.noubarris.net\/web40\/wp-content\/uploads\/2024\/11\/cropped-cropped-LOGO_9BTV-2024_Insta-1.jpg\",\"width\":512,\"height\":512,\"caption\":\"NouBarris.Net\"},\"image\":{\"@id\":\"https:\/\/www.noubarris.net\/web40\/#\/schema\/logo\/image\/\"},\"sameAs\":[\"https:\/\/www.facebook.com\/NouBarris.net\/?locale=es_ES\",\"https:\/\/x.com\/9BTV\"]},{\"@type\":\"Person\",\"@id\":\"https:\/\/www.noubarris.net\/web40\/#\/schema\/person\/1827f92aaa316c54abbf4dac0de76069\",\"name\":\"Informatius\",\"image\":{\"@type\":\"ImageObject\",\"inLanguage\":\"ca\",\"@id\":\"https:\/\/www.noubarris.net\/web40\/#\/schema\/person\/image\/\",\"url\":\"https:\/\/secure.gravatar.com\/avatar\/87a3b47928835fc72c6ee5b0e1a7263ef0c2d05003a98189bc14926c5f11bcdb?s=96&d=mm&r=g\",\"contentUrl\":\"https:\/\/secure.gravatar.com\/avatar\/87a3b47928835fc72c6ee5b0e1a7263ef0c2d05003a98189bc14926c5f11bcdb?s=96&d=mm&r=g\",\"caption\":\"Informatius\"},\"url\":\"https:\/\/www.noubarris.net\/web40\/author\/tele\/\"}]}<\/script>\n<!-- \/ Yoast SEO plugin. -->","yoast_head_json":{"title":"Un pas m\u00e9s per a la desafectaci\u00f3 de les cases del passatge de Santa Eul\u00e0lia - NouBarris.Net","robots":{"index":"index","follow":"follow","max-snippet":"max-snippet:-1","max-image-preview":"max-image-preview:large","max-video-preview":"max-video-preview:-1"},"canonical":"https:\/\/www.noubarris.net\/web40\/un-pas-mes-per-a-la-desafectacio-de-les-cases-del-passatge-de-santa-eulalia\/","og_locale":"ca_ES","og_type":"article","og_title":"Un pas m\u00e9s per a la desafectaci\u00f3 de les cases del passatge de Santa Eul\u00e0lia - NouBarris.Net","og_description":"El ple de l\u2019Ajuntament aprova la protecci\u00f3 de les casetes constru\u00efdes per la fam\u00edlia de Ramon Casas La desafectaci\u00f3 de","og_url":"https:\/\/www.noubarris.net\/web40\/un-pas-mes-per-a-la-desafectacio-de-les-cases-del-passatge-de-santa-eulalia\/","og_site_name":"NouBarris.Net","article_publisher":"https:\/\/www.facebook.com\/NouBarris.net\/?locale=es_ES","article_published_time":"2017-04-03T23:00:03+00:00","og_image":[{"width":787,"height":445,"url":"https:\/\/www.noubarris.net\/web40\/wp-content\/uploads\/2017\/04\/040417.jpg","type":"image\/jpeg"}],"author":"Informatius","twitter_card":"summary_large_image","twitter_creator":"@9BTV","twitter_site":"@9BTV","twitter_misc":{"Escrit per":"Informatius","Temps estimat de lectura":"3 minuts"},"schema":{"@context":"https:\/\/schema.org","@graph":[{"@type":"Article","@id":"https:\/\/www.noubarris.net\/web40\/un-pas-mes-per-a-la-desafectacio-de-les-cases-del-passatge-de-santa-eulalia\/#article","isPartOf":{"@id":"https:\/\/www.noubarris.net\/web40\/un-pas-mes-per-a-la-desafectacio-de-les-cases-del-passatge-de-santa-eulalia\/"},"author":{"name":"Informatius","@id":"https:\/\/www.noubarris.net\/web40\/#\/schema\/person\/1827f92aaa316c54abbf4dac0de76069"},"headline":"Un pas m\u00e9s per a la desafectaci\u00f3 de les cases del passatge de Santa Eul\u00e0lia","datePublished":"2017-04-03T23:00:03+00:00","mainEntityOfPage":{"@id":"https:\/\/www.noubarris.net\/web40\/un-pas-mes-per-a-la-desafectacio-de-les-cases-del-passatge-de-santa-eulalia\/"},"wordCount":539,"publisher":{"@id":"https:\/\/www.noubarris.net\/web40\/#organization"},"image":{"@id":"https:\/\/www.noubarris.net\/web40\/un-pas-mes-per-a-la-desafectacio-de-les-cases-del-passatge-de-santa-eulalia\/#primaryimage"},"thumbnailUrl":"https:\/\/www.noubarris.net\/web40\/wp-content\/uploads\/2017\/04\/040417.jpg","keywords":["ramon casas","Urbanisme","Vilapicina i la Torre Llobeta"],"articleSection":["Vilapicina i la Torre Llobeta"],"inLanguage":"ca"},{"@type":"WebPage","@id":"https:\/\/www.noubarris.net\/web40\/un-pas-mes-per-a-la-desafectacio-de-les-cases-del-passatge-de-santa-eulalia\/","url":"https:\/\/www.noubarris.net\/web40\/un-pas-mes-per-a-la-desafectacio-de-les-cases-del-passatge-de-santa-eulalia\/","name":"Un pas m\u00e9s per a la desafectaci\u00f3 de les cases del passatge de Santa Eul\u00e0lia - NouBarris.Net","isPartOf":{"@id":"https:\/\/www.noubarris.net\/web40\/#website"},"primaryImageOfPage":{"@id":"https:\/\/www.noubarris.net\/web40\/un-pas-mes-per-a-la-desafectacio-de-les-cases-del-passatge-de-santa-eulalia\/#primaryimage"},"image":{"@id":"https:\/\/www.noubarris.net\/web40\/un-pas-mes-per-a-la-desafectacio-de-les-cases-del-passatge-de-santa-eulalia\/#primaryimage"},"thumbnailUrl":"https:\/\/www.noubarris.net\/web40\/wp-content\/uploads\/2017\/04\/040417.jpg","datePublished":"2017-04-03T23:00:03+00:00","breadcrumb":{"@id":"https:\/\/www.noubarris.net\/web40\/un-pas-mes-per-a-la-desafectacio-de-les-cases-del-passatge-de-santa-eulalia\/#breadcrumb"},"inLanguage":"ca","potentialAction":[{"@type":"ReadAction","target":["https:\/\/www.noubarris.net\/web40\/un-pas-mes-per-a-la-desafectacio-de-les-cases-del-passatge-de-santa-eulalia\/"]}]},{"@type":"ImageObject","inLanguage":"ca","@id":"https:\/\/www.noubarris.net\/web40\/un-pas-mes-per-a-la-desafectacio-de-les-cases-del-passatge-de-santa-eulalia\/#primaryimage","url":"https:\/\/www.noubarris.net\/web40\/wp-content\/uploads\/2017\/04\/040417.jpg","contentUrl":"https:\/\/www.noubarris.net\/web40\/wp-content\/uploads\/2017\/04\/040417.jpg","width":787,"height":445},{"@type":"BreadcrumbList","@id":"https:\/\/www.noubarris.net\/web40\/un-pas-mes-per-a-la-desafectacio-de-les-cases-del-passatge-de-santa-eulalia\/#breadcrumb","itemListElement":[{"@type":"ListItem","position":1,"name":"Inici","item":"https:\/\/www.noubarris.net\/web40\/"},{"@type":"ListItem","position":2,"name":"Un pas m\u00e9s per a la desafectaci\u00f3 de les cases del passatge de Santa Eul\u00e0lia"}]},{"@type":"WebSite","@id":"https:\/\/www.noubarris.net\/web40\/#website","url":"https:\/\/www.noubarris.net\/web40\/","name":"NouBarris.Net","description":"Seguint la vida de Nou Barris des de 1985","publisher":{"@id":"https:\/\/www.noubarris.net\/web40\/#organization"},"potentialAction":[{"@type":"SearchAction","target":{"@type":"EntryPoint","urlTemplate":"https:\/\/www.noubarris.net\/web40\/?s={search_term_string}"},"query-input":{"@type":"PropertyValueSpecification","valueRequired":true,"valueName":"search_term_string"}}],"inLanguage":"ca"},{"@type":"Organization","@id":"https:\/\/www.noubarris.net\/web40\/#organization","name":"NouBarris.Net","url":"https:\/\/www.noubarris.net\/web40\/","logo":{"@type":"ImageObject","inLanguage":"ca","@id":"https:\/\/www.noubarris.net\/web40\/#\/schema\/logo\/image\/","url":"https:\/\/www.noubarris.net\/web40\/wp-content\/uploads\/2024\/11\/cropped-cropped-LOGO_9BTV-2024_Insta-1.jpg","contentUrl":"https:\/\/www.noubarris.net\/web40\/wp-content\/uploads\/2024\/11\/cropped-cropped-LOGO_9BTV-2024_Insta-1.jpg","width":512,"height":512,"caption":"NouBarris.Net"},"image":{"@id":"https:\/\/www.noubarris.net\/web40\/#\/schema\/logo\/image\/"},"sameAs":["https:\/\/www.facebook.com\/NouBarris.net\/?locale=es_ES","https:\/\/x.com\/9BTV"]},{"@type":"Person","@id":"https:\/\/www.noubarris.net\/web40\/#\/schema\/person\/1827f92aaa316c54abbf4dac0de76069","name":"Informatius","image":{"@type":"ImageObject","inLanguage":"ca","@id":"https:\/\/www.noubarris.net\/web40\/#\/schema\/person\/image\/","url":"https:\/\/secure.gravatar.com\/avatar\/87a3b47928835fc72c6ee5b0e1a7263ef0c2d05003a98189bc14926c5f11bcdb?s=96&d=mm&r=g","contentUrl":"https:\/\/secure.gravatar.com\/avatar\/87a3b47928835fc72c6ee5b0e1a7263ef0c2d05003a98189bc14926c5f11bcdb?s=96&d=mm&r=g","caption":"Informatius"},"url":"https:\/\/www.noubarris.net\/web40\/author\/tele\/"}]}},"_links":{"self":[{"href":"https:\/\/www.noubarris.net\/web40\/wp-json\/wp\/v2\/posts\/69271","targetHints":{"allow":["GET"]}}],"collection":[{"href":"https:\/\/www.noubarris.net\/web40\/wp-json\/wp\/v2\/posts"}],"about":[{"href":"https:\/\/www.noubarris.net\/web40\/wp-json\/wp\/v2\/types\/post"}],"author":[{"embeddable":true,"href":"https:\/\/www.noubarris.net\/web40\/wp-json\/wp\/v2\/users\/2"}],"replies":[{"embeddable":true,"href":"https:\/\/www.noubarris.net\/web40\/wp-json\/wp\/v2\/comments?post=69271"}],"version-history":[{"count":0,"href":"https:\/\/www.noubarris.net\/web40\/wp-json\/wp\/v2\/posts\/69271\/revisions"}],"wp:featuredmedia":[{"embeddable":true,"href":"https:\/\/www.noubarris.net\/web40\/wp-json\/wp\/v2\/media\/69273"}],"wp:attachment":[{"href":"https:\/\/www.noubarris.net\/web40\/wp-json\/wp\/v2\/media?parent=69271"}],"wp:term":[{"taxonomy":"category","embeddable":true,"href":"https:\/\/www.noubarris.net\/web40\/wp-json\/wp\/v2\/categories?post=69271"},{"taxonomy":"post_tag","embeddable":true,"href":"https:\/\/www.noubarris.net\/web40\/wp-json\/wp\/v2\/tags?post=69271"}],"curies":[{"name":"wp","href":"https:\/\/api.w.org\/{rel}","templated":true}]}}