{"id":69306,"date":"2017-04-05T00:00:38","date_gmt":"2017-04-04T23:00:38","guid":{"rendered":"http:\/\/www.noubarris.net\/web40\/?p=69306"},"modified":"2017-04-04T13:44:56","modified_gmt":"2017-04-04T12:44:56","slug":"lescola-dels-metges-de-lart-conservadors-i-restauradors-dart-compleix-25-anys","status":"publish","type":"post","link":"https:\/\/www.noubarris.net\/web40\/lescola-dels-metges-de-lart-conservadors-i-restauradors-dart-compleix-25-anys\/","title":{"rendered":"L\u2019escola dels \u2018metges de l\u2019art\u2019 conservadors i restauradors d\u2019art compleix 25 anys"},"content":{"rendered":"<p><strong>L\u2019ESCRBCC forma experts en recuperar l\u2019esplendor d\u2019obres art\u00edstiques i arqueol\u00f2giques<\/strong><\/p>\n<p>L\u2019<a href=\"http:\/\/www.escrbcc.cat\/es\/\" target=\"_blank\">Escola Superior de Conservaci\u00f3 i Restauraci\u00f3 de B\u00e9ns Culturals<\/a> \u00e9s un dels cinc centres formatius de tota Espanya i l\u2019\u00fanica catalana. L\u2019escola, situada a la Trinitat Nova, ofereix quatre especialitats, que s\u00f3n conservaci\u00f3 i restauraci\u00f3 de pintura, escultura, documents gr\u00e0fics i b\u00e9ns arqueol\u00f2gics. Enguany compleix 25 anys amb la voluntat d\u2019aconseguir en un futur ampliar l\u2019oferta d\u2019especialitats.<\/p>\n<p>Des del 1991 l&#8217;ESCRBCC t\u00e9 la seu en una antiga escola de prim\u00e0ria de la Trinitat Nova, al l\u00edmit entre la ciutat i Collserola. All\u00e0, entre aules, laboratoris i tallers art\u00edstics, s\u2019hi formen uns 160 alumnes, dividits en 40 per cadascun dels quatre cursos. Per accedir a l\u2019escola no es requereix coneixements previs en restauraci\u00f3 , per\u00f2 s\u2019ha de fer una prova espec\u00edfica, ja que no depenen de cap universitat, sin\u00f3 directament del Departament d\u2019Ensenyament. Els primers dos anys s\u00f3n comuns i venen seguits de dos anys dedicats a una de les quatre especialitats que ofereix el centre: conservaci\u00f3 i restauraci\u00f3 de pintura, escultura, documents gr\u00e0fics i b\u00e9ns arqueol\u00f2gics. \u201cEn aquests dos darrers anys els alumnes treballen directament sobre obres reals, de museus o institucions p\u00fabliques. De la mateixa manera que els metges han d\u2019operar persones per estar preparats quan comencin a treballar, els restauradors, que s\u00f3n els metges de l\u2019art, tamb\u00e9 han de tocar peces reals\u201d &#8211; explica Miquel de Mirambell, director de l\u2019 ESCRBCC. Per aquesta ra\u00f3, la r\u00e0tio del tercer i quart curs cau a 10 alumnes per especialitat, ja que ha de ser un ensenyament molt individualitzat.<\/p>\n<p>L\u2019escola superior ha convertit la professi\u00f3 de conservador-restaurador en t\u00e8cnico-cient\u00edfica. Si abans els encarregats de restaurar obres d\u2019art eres artistes, ara hi interv\u00e9 molt m\u00e9s que les aptituds en belles arts. \u201cAbans hi havia la idea que havia de ser un artista, que havia de pintar all\u00f2 que faltava. Ara la professi\u00f3 ha perdut en art i al segle XX \u00e9s m\u00e9s t\u00e8cnica, es treballa en equips interdisciplinaris, amb coneixements art\u00edstics, per\u00f2 tamb\u00e9 cient\u00edfics i hist\u00f2rics. \u00a0\u2013 afirma el director de l\u2019Escola Superior de Conservaci\u00f3 i Restauraci\u00f3 \u00a0de B\u00e9ns Culturals de Catalunya &#8211; Sempre dic que la conservaci\u00f3 i la restauraci\u00f3 \u00e9s el seient d\u2019un tamboret que t\u00e9 tres potes: l\u2019\u00e0rea pl\u00e0stica, per fer l\u2019estudi t\u00e8cnic i intervenir; l\u2019\u00e0rea cient\u00edfica, per fer la diagnosi, diagnosticar les patologies i definir el tractament; i l\u2019\u00e0rea d\u2019humanitats, perqu\u00e8 cal con\u00e8ixer el context hist\u00f2ric i arxiv\u00edstic de la pe\u00e7a, les t\u00e8cniques\u00a0 de l\u2019\u00e8poca, etc.\u201d<\/p>\n<p>Al llarg dels 25 anys de l\u2019escola, s\u2019han graduat gaireb\u00e9 800 estudiants, majorit\u00e0riament dones.\u00a0 De cara al futur, l\u2019ambici\u00f3 del centre \u00e9s cr\u00e9ixer amb la implantaci\u00f3 de dues especialitats noves que no s\u2019imparteixen en cap altre centre d\u2019Espanya: la restauraci\u00f3 i conservaci\u00f3 de mobiliari i la t\u00e8xtil. Per\u00f2 per aconseguir-ho, han de negociar amb el Departament d\u2019Ensenyament primer l\u2019ampliaci\u00f3 dels espais, que ara s\u00f3n justos per acollir tota l\u2019activitat de l\u2019ESCRBCC. De moment estan treballant ja per impartir un m\u00e0ster que complementaria el cicle superior amb un cinqu\u00e8 curs que els equipararia als t\u00edtols europeus.<\/p>\n","protected":false},"excerpt":{"rendered":"<p>L\u2019ESCRBCC forma experts en recuperar l\u2019esplendor d\u2019obres art\u00edstiques i arqueol\u00f2giques L\u2019Escola Superior de Conservaci\u00f3 i Restauraci\u00f3 de B\u00e9ns Culturals \u00e9s<\/p>\n","protected":false},"author":2,"featured_media":69307,"comment_status":"closed","ping_status":"closed","sticky":false,"template":"","format":"standard","meta":{"colormag_page_layout":"default_layout","_monsterinsights_skip_tracking":false,"_monsterinsights_sitenote_active":false,"_monsterinsights_sitenote_note":"","_monsterinsights_sitenote_category":0,"footnotes":""},"categories":[129,138],"tags":[435,255,52],"class_list":["post-69306","post","type-post","status-publish","format-standard","has-post-thumbnail","hentry","category-cultura","category-la-trinitat-nova","tag-art","tag-educacio","tag-la-trinitat-nova"],"yoast_head":"<!-- This site is optimized with the Yoast SEO plugin v25.3 - https:\/\/yoast.com\/wordpress\/plugins\/seo\/ -->\n<title>L\u2019escola dels \u2018metges de l\u2019art\u2019 conservadors i restauradors d\u2019art compleix 25 anys - NouBarris.Net<\/title>\n<meta name=\"robots\" content=\"index, follow, max-snippet:-1, max-image-preview:large, max-video-preview:-1\" \/>\n<link rel=\"canonical\" href=\"https:\/\/www.noubarris.net\/web40\/lescola-dels-metges-de-lart-conservadors-i-restauradors-dart-compleix-25-anys\/\" \/>\n<meta property=\"og:locale\" content=\"ca_ES\" \/>\n<meta property=\"og:type\" content=\"article\" \/>\n<meta property=\"og:title\" content=\"L\u2019escola dels \u2018metges de l\u2019art\u2019 conservadors i restauradors d\u2019art compleix 25 anys - NouBarris.Net\" \/>\n<meta property=\"og:description\" content=\"L\u2019ESCRBCC forma experts en recuperar l\u2019esplendor d\u2019obres art\u00edstiques i arqueol\u00f2giques L\u2019Escola Superior de Conservaci\u00f3 i Restauraci\u00f3 de B\u00e9ns Culturals \u00e9s\" \/>\n<meta property=\"og:url\" content=\"https:\/\/www.noubarris.net\/web40\/lescola-dels-metges-de-lart-conservadors-i-restauradors-dart-compleix-25-anys\/\" \/>\n<meta property=\"og:site_name\" content=\"NouBarris.Net\" \/>\n<meta property=\"article:publisher\" content=\"https:\/\/www.facebook.com\/NouBarris.net\/?locale=es_ES\" \/>\n<meta property=\"article:published_time\" content=\"2017-04-04T23:00:38+00:00\" \/>\n<meta property=\"og:image\" content=\"https:\/\/www.noubarris.net\/web40\/wp-content\/uploads\/2017\/04\/050417.jpg\" \/>\n\t<meta property=\"og:image:width\" content=\"787\" \/>\n\t<meta property=\"og:image:height\" content=\"445\" \/>\n\t<meta property=\"og:image:type\" content=\"image\/jpeg\" \/>\n<meta name=\"author\" content=\"Informatius\" \/>\n<meta name=\"twitter:card\" content=\"summary_large_image\" \/>\n<meta name=\"twitter:creator\" content=\"@9BTV\" \/>\n<meta name=\"twitter:site\" content=\"@9BTV\" \/>\n<meta name=\"twitter:label1\" content=\"Escrit per\" \/>\n\t<meta name=\"twitter:data1\" content=\"Informatius\" \/>\n\t<meta name=\"twitter:label2\" content=\"Temps estimat de lectura\" \/>\n\t<meta name=\"twitter:data2\" content=\"3 minuts\" \/>\n<script type=\"application\/ld+json\" class=\"yoast-schema-graph\">{\"@context\":\"https:\/\/schema.org\",\"@graph\":[{\"@type\":\"Article\",\"@id\":\"https:\/\/www.noubarris.net\/web40\/lescola-dels-metges-de-lart-conservadors-i-restauradors-dart-compleix-25-anys\/#article\",\"isPartOf\":{\"@id\":\"https:\/\/www.noubarris.net\/web40\/lescola-dels-metges-de-lart-conservadors-i-restauradors-dart-compleix-25-anys\/\"},\"author\":{\"name\":\"Informatius\",\"@id\":\"https:\/\/www.noubarris.net\/web40\/#\/schema\/person\/1827f92aaa316c54abbf4dac0de76069\"},\"headline\":\"L\u2019escola dels \u2018metges de l\u2019art\u2019 conservadors i restauradors d\u2019art compleix 25 anys\",\"datePublished\":\"2017-04-04T23:00:38+00:00\",\"mainEntityOfPage\":{\"@id\":\"https:\/\/www.noubarris.net\/web40\/lescola-dels-metges-de-lart-conservadors-i-restauradors-dart-compleix-25-anys\/\"},\"wordCount\":584,\"publisher\":{\"@id\":\"https:\/\/www.noubarris.net\/web40\/#organization\"},\"image\":{\"@id\":\"https:\/\/www.noubarris.net\/web40\/lescola-dels-metges-de-lart-conservadors-i-restauradors-dart-compleix-25-anys\/#primaryimage\"},\"thumbnailUrl\":\"https:\/\/www.noubarris.net\/web40\/wp-content\/uploads\/2017\/04\/050417.jpg\",\"keywords\":[\"art\",\"Educaci\u00f3\",\"La Trinitat Nova\"],\"articleSection\":[\"Cultura\",\"La Trinitat Nova\"],\"inLanguage\":\"ca\"},{\"@type\":\"WebPage\",\"@id\":\"https:\/\/www.noubarris.net\/web40\/lescola-dels-metges-de-lart-conservadors-i-restauradors-dart-compleix-25-anys\/\",\"url\":\"https:\/\/www.noubarris.net\/web40\/lescola-dels-metges-de-lart-conservadors-i-restauradors-dart-compleix-25-anys\/\",\"name\":\"L\u2019escola dels \u2018metges de l\u2019art\u2019 conservadors i restauradors d\u2019art compleix 25 anys - NouBarris.Net\",\"isPartOf\":{\"@id\":\"https:\/\/www.noubarris.net\/web40\/#website\"},\"primaryImageOfPage\":{\"@id\":\"https:\/\/www.noubarris.net\/web40\/lescola-dels-metges-de-lart-conservadors-i-restauradors-dart-compleix-25-anys\/#primaryimage\"},\"image\":{\"@id\":\"https:\/\/www.noubarris.net\/web40\/lescola-dels-metges-de-lart-conservadors-i-restauradors-dart-compleix-25-anys\/#primaryimage\"},\"thumbnailUrl\":\"https:\/\/www.noubarris.net\/web40\/wp-content\/uploads\/2017\/04\/050417.jpg\",\"datePublished\":\"2017-04-04T23:00:38+00:00\",\"breadcrumb\":{\"@id\":\"https:\/\/www.noubarris.net\/web40\/lescola-dels-metges-de-lart-conservadors-i-restauradors-dart-compleix-25-anys\/#breadcrumb\"},\"inLanguage\":\"ca\",\"potentialAction\":[{\"@type\":\"ReadAction\",\"target\":[\"https:\/\/www.noubarris.net\/web40\/lescola-dels-metges-de-lart-conservadors-i-restauradors-dart-compleix-25-anys\/\"]}]},{\"@type\":\"ImageObject\",\"inLanguage\":\"ca\",\"@id\":\"https:\/\/www.noubarris.net\/web40\/lescola-dels-metges-de-lart-conservadors-i-restauradors-dart-compleix-25-anys\/#primaryimage\",\"url\":\"https:\/\/www.noubarris.net\/web40\/wp-content\/uploads\/2017\/04\/050417.jpg\",\"contentUrl\":\"https:\/\/www.noubarris.net\/web40\/wp-content\/uploads\/2017\/04\/050417.jpg\",\"width\":787,\"height\":445},{\"@type\":\"BreadcrumbList\",\"@id\":\"https:\/\/www.noubarris.net\/web40\/lescola-dels-metges-de-lart-conservadors-i-restauradors-dart-compleix-25-anys\/#breadcrumb\",\"itemListElement\":[{\"@type\":\"ListItem\",\"position\":1,\"name\":\"Inici\",\"item\":\"https:\/\/www.noubarris.net\/web40\/\"},{\"@type\":\"ListItem\",\"position\":2,\"name\":\"L\u2019escola dels \u2018metges de l\u2019art\u2019 conservadors i restauradors d\u2019art compleix 25 anys\"}]},{\"@type\":\"WebSite\",\"@id\":\"https:\/\/www.noubarris.net\/web40\/#website\",\"url\":\"https:\/\/www.noubarris.net\/web40\/\",\"name\":\"NouBarris.Net\",\"description\":\"Seguint la vida de Nou Barris des de 1985\",\"publisher\":{\"@id\":\"https:\/\/www.noubarris.net\/web40\/#organization\"},\"potentialAction\":[{\"@type\":\"SearchAction\",\"target\":{\"@type\":\"EntryPoint\",\"urlTemplate\":\"https:\/\/www.noubarris.net\/web40\/?s={search_term_string}\"},\"query-input\":{\"@type\":\"PropertyValueSpecification\",\"valueRequired\":true,\"valueName\":\"search_term_string\"}}],\"inLanguage\":\"ca\"},{\"@type\":\"Organization\",\"@id\":\"https:\/\/www.noubarris.net\/web40\/#organization\",\"name\":\"NouBarris.Net\",\"url\":\"https:\/\/www.noubarris.net\/web40\/\",\"logo\":{\"@type\":\"ImageObject\",\"inLanguage\":\"ca\",\"@id\":\"https:\/\/www.noubarris.net\/web40\/#\/schema\/logo\/image\/\",\"url\":\"https:\/\/www.noubarris.net\/web40\/wp-content\/uploads\/2024\/11\/cropped-cropped-LOGO_9BTV-2024_Insta-1.jpg\",\"contentUrl\":\"https:\/\/www.noubarris.net\/web40\/wp-content\/uploads\/2024\/11\/cropped-cropped-LOGO_9BTV-2024_Insta-1.jpg\",\"width\":512,\"height\":512,\"caption\":\"NouBarris.Net\"},\"image\":{\"@id\":\"https:\/\/www.noubarris.net\/web40\/#\/schema\/logo\/image\/\"},\"sameAs\":[\"https:\/\/www.facebook.com\/NouBarris.net\/?locale=es_ES\",\"https:\/\/x.com\/9BTV\"]},{\"@type\":\"Person\",\"@id\":\"https:\/\/www.noubarris.net\/web40\/#\/schema\/person\/1827f92aaa316c54abbf4dac0de76069\",\"name\":\"Informatius\",\"image\":{\"@type\":\"ImageObject\",\"inLanguage\":\"ca\",\"@id\":\"https:\/\/www.noubarris.net\/web40\/#\/schema\/person\/image\/\",\"url\":\"https:\/\/secure.gravatar.com\/avatar\/87a3b47928835fc72c6ee5b0e1a7263ef0c2d05003a98189bc14926c5f11bcdb?s=96&d=mm&r=g\",\"contentUrl\":\"https:\/\/secure.gravatar.com\/avatar\/87a3b47928835fc72c6ee5b0e1a7263ef0c2d05003a98189bc14926c5f11bcdb?s=96&d=mm&r=g\",\"caption\":\"Informatius\"},\"url\":\"https:\/\/www.noubarris.net\/web40\/author\/tele\/\"}]}<\/script>\n<!-- \/ Yoast SEO plugin. -->","yoast_head_json":{"title":"L\u2019escola dels \u2018metges de l\u2019art\u2019 conservadors i restauradors d\u2019art compleix 25 anys - NouBarris.Net","robots":{"index":"index","follow":"follow","max-snippet":"max-snippet:-1","max-image-preview":"max-image-preview:large","max-video-preview":"max-video-preview:-1"},"canonical":"https:\/\/www.noubarris.net\/web40\/lescola-dels-metges-de-lart-conservadors-i-restauradors-dart-compleix-25-anys\/","og_locale":"ca_ES","og_type":"article","og_title":"L\u2019escola dels \u2018metges de l\u2019art\u2019 conservadors i restauradors d\u2019art compleix 25 anys - NouBarris.Net","og_description":"L\u2019ESCRBCC forma experts en recuperar l\u2019esplendor d\u2019obres art\u00edstiques i arqueol\u00f2giques L\u2019Escola Superior de Conservaci\u00f3 i Restauraci\u00f3 de B\u00e9ns Culturals \u00e9s","og_url":"https:\/\/www.noubarris.net\/web40\/lescola-dels-metges-de-lart-conservadors-i-restauradors-dart-compleix-25-anys\/","og_site_name":"NouBarris.Net","article_publisher":"https:\/\/www.facebook.com\/NouBarris.net\/?locale=es_ES","article_published_time":"2017-04-04T23:00:38+00:00","og_image":[{"width":787,"height":445,"url":"https:\/\/www.noubarris.net\/web40\/wp-content\/uploads\/2017\/04\/050417.jpg","type":"image\/jpeg"}],"author":"Informatius","twitter_card":"summary_large_image","twitter_creator":"@9BTV","twitter_site":"@9BTV","twitter_misc":{"Escrit per":"Informatius","Temps estimat de lectura":"3 minuts"},"schema":{"@context":"https:\/\/schema.org","@graph":[{"@type":"Article","@id":"https:\/\/www.noubarris.net\/web40\/lescola-dels-metges-de-lart-conservadors-i-restauradors-dart-compleix-25-anys\/#article","isPartOf":{"@id":"https:\/\/www.noubarris.net\/web40\/lescola-dels-metges-de-lart-conservadors-i-restauradors-dart-compleix-25-anys\/"},"author":{"name":"Informatius","@id":"https:\/\/www.noubarris.net\/web40\/#\/schema\/person\/1827f92aaa316c54abbf4dac0de76069"},"headline":"L\u2019escola dels \u2018metges de l\u2019art\u2019 conservadors i restauradors d\u2019art compleix 25 anys","datePublished":"2017-04-04T23:00:38+00:00","mainEntityOfPage":{"@id":"https:\/\/www.noubarris.net\/web40\/lescola-dels-metges-de-lart-conservadors-i-restauradors-dart-compleix-25-anys\/"},"wordCount":584,"publisher":{"@id":"https:\/\/www.noubarris.net\/web40\/#organization"},"image":{"@id":"https:\/\/www.noubarris.net\/web40\/lescola-dels-metges-de-lart-conservadors-i-restauradors-dart-compleix-25-anys\/#primaryimage"},"thumbnailUrl":"https:\/\/www.noubarris.net\/web40\/wp-content\/uploads\/2017\/04\/050417.jpg","keywords":["art","Educaci\u00f3","La Trinitat Nova"],"articleSection":["Cultura","La Trinitat Nova"],"inLanguage":"ca"},{"@type":"WebPage","@id":"https:\/\/www.noubarris.net\/web40\/lescola-dels-metges-de-lart-conservadors-i-restauradors-dart-compleix-25-anys\/","url":"https:\/\/www.noubarris.net\/web40\/lescola-dels-metges-de-lart-conservadors-i-restauradors-dart-compleix-25-anys\/","name":"L\u2019escola dels \u2018metges de l\u2019art\u2019 conservadors i restauradors d\u2019art compleix 25 anys - NouBarris.Net","isPartOf":{"@id":"https:\/\/www.noubarris.net\/web40\/#website"},"primaryImageOfPage":{"@id":"https:\/\/www.noubarris.net\/web40\/lescola-dels-metges-de-lart-conservadors-i-restauradors-dart-compleix-25-anys\/#primaryimage"},"image":{"@id":"https:\/\/www.noubarris.net\/web40\/lescola-dels-metges-de-lart-conservadors-i-restauradors-dart-compleix-25-anys\/#primaryimage"},"thumbnailUrl":"https:\/\/www.noubarris.net\/web40\/wp-content\/uploads\/2017\/04\/050417.jpg","datePublished":"2017-04-04T23:00:38+00:00","breadcrumb":{"@id":"https:\/\/www.noubarris.net\/web40\/lescola-dels-metges-de-lart-conservadors-i-restauradors-dart-compleix-25-anys\/#breadcrumb"},"inLanguage":"ca","potentialAction":[{"@type":"ReadAction","target":["https:\/\/www.noubarris.net\/web40\/lescola-dels-metges-de-lart-conservadors-i-restauradors-dart-compleix-25-anys\/"]}]},{"@type":"ImageObject","inLanguage":"ca","@id":"https:\/\/www.noubarris.net\/web40\/lescola-dels-metges-de-lart-conservadors-i-restauradors-dart-compleix-25-anys\/#primaryimage","url":"https:\/\/www.noubarris.net\/web40\/wp-content\/uploads\/2017\/04\/050417.jpg","contentUrl":"https:\/\/www.noubarris.net\/web40\/wp-content\/uploads\/2017\/04\/050417.jpg","width":787,"height":445},{"@type":"BreadcrumbList","@id":"https:\/\/www.noubarris.net\/web40\/lescola-dels-metges-de-lart-conservadors-i-restauradors-dart-compleix-25-anys\/#breadcrumb","itemListElement":[{"@type":"ListItem","position":1,"name":"Inici","item":"https:\/\/www.noubarris.net\/web40\/"},{"@type":"ListItem","position":2,"name":"L\u2019escola dels \u2018metges de l\u2019art\u2019 conservadors i restauradors d\u2019art compleix 25 anys"}]},{"@type":"WebSite","@id":"https:\/\/www.noubarris.net\/web40\/#website","url":"https:\/\/www.noubarris.net\/web40\/","name":"NouBarris.Net","description":"Seguint la vida de Nou Barris des de 1985","publisher":{"@id":"https:\/\/www.noubarris.net\/web40\/#organization"},"potentialAction":[{"@type":"SearchAction","target":{"@type":"EntryPoint","urlTemplate":"https:\/\/www.noubarris.net\/web40\/?s={search_term_string}"},"query-input":{"@type":"PropertyValueSpecification","valueRequired":true,"valueName":"search_term_string"}}],"inLanguage":"ca"},{"@type":"Organization","@id":"https:\/\/www.noubarris.net\/web40\/#organization","name":"NouBarris.Net","url":"https:\/\/www.noubarris.net\/web40\/","logo":{"@type":"ImageObject","inLanguage":"ca","@id":"https:\/\/www.noubarris.net\/web40\/#\/schema\/logo\/image\/","url":"https:\/\/www.noubarris.net\/web40\/wp-content\/uploads\/2024\/11\/cropped-cropped-LOGO_9BTV-2024_Insta-1.jpg","contentUrl":"https:\/\/www.noubarris.net\/web40\/wp-content\/uploads\/2024\/11\/cropped-cropped-LOGO_9BTV-2024_Insta-1.jpg","width":512,"height":512,"caption":"NouBarris.Net"},"image":{"@id":"https:\/\/www.noubarris.net\/web40\/#\/schema\/logo\/image\/"},"sameAs":["https:\/\/www.facebook.com\/NouBarris.net\/?locale=es_ES","https:\/\/x.com\/9BTV"]},{"@type":"Person","@id":"https:\/\/www.noubarris.net\/web40\/#\/schema\/person\/1827f92aaa316c54abbf4dac0de76069","name":"Informatius","image":{"@type":"ImageObject","inLanguage":"ca","@id":"https:\/\/www.noubarris.net\/web40\/#\/schema\/person\/image\/","url":"https:\/\/secure.gravatar.com\/avatar\/87a3b47928835fc72c6ee5b0e1a7263ef0c2d05003a98189bc14926c5f11bcdb?s=96&d=mm&r=g","contentUrl":"https:\/\/secure.gravatar.com\/avatar\/87a3b47928835fc72c6ee5b0e1a7263ef0c2d05003a98189bc14926c5f11bcdb?s=96&d=mm&r=g","caption":"Informatius"},"url":"https:\/\/www.noubarris.net\/web40\/author\/tele\/"}]}},"_links":{"self":[{"href":"https:\/\/www.noubarris.net\/web40\/wp-json\/wp\/v2\/posts\/69306","targetHints":{"allow":["GET"]}}],"collection":[{"href":"https:\/\/www.noubarris.net\/web40\/wp-json\/wp\/v2\/posts"}],"about":[{"href":"https:\/\/www.noubarris.net\/web40\/wp-json\/wp\/v2\/types\/post"}],"author":[{"embeddable":true,"href":"https:\/\/www.noubarris.net\/web40\/wp-json\/wp\/v2\/users\/2"}],"replies":[{"embeddable":true,"href":"https:\/\/www.noubarris.net\/web40\/wp-json\/wp\/v2\/comments?post=69306"}],"version-history":[{"count":0,"href":"https:\/\/www.noubarris.net\/web40\/wp-json\/wp\/v2\/posts\/69306\/revisions"}],"wp:featuredmedia":[{"embeddable":true,"href":"https:\/\/www.noubarris.net\/web40\/wp-json\/wp\/v2\/media\/69307"}],"wp:attachment":[{"href":"https:\/\/www.noubarris.net\/web40\/wp-json\/wp\/v2\/media?parent=69306"}],"wp:term":[{"taxonomy":"category","embeddable":true,"href":"https:\/\/www.noubarris.net\/web40\/wp-json\/wp\/v2\/categories?post=69306"},{"taxonomy":"post_tag","embeddable":true,"href":"https:\/\/www.noubarris.net\/web40\/wp-json\/wp\/v2\/tags?post=69306"}],"curies":[{"name":"wp","href":"https:\/\/api.w.org\/{rel}","templated":true}]}}