{"id":69878,"date":"2017-07-05T00:00:42","date_gmt":"2017-07-04T23:00:42","guid":{"rendered":"http:\/\/www.noubarris.net\/web40\/?p=69878"},"modified":"2017-07-04T16:07:01","modified_gmt":"2017-07-04T15:07:01","slug":"lav-ciutat-meridiana-reclama-una-seu-definitiva-despres-de-20-anys-de-provisionalitat-en-un-barraco","status":"publish","type":"post","link":"https:\/\/www.noubarris.net\/web40\/lav-ciutat-meridiana-reclama-una-seu-definitiva-despres-de-20-anys-de-provisionalitat-en-un-barraco\/","title":{"rendered":"L\u2019AV Ciutat Meridiana reclama una seu definitiva despr\u00e9s de 20 anys de provisionalitat en un barrac\u00f3"},"content":{"rendered":"<p><strong>Porta alerta a l&#8217;Audi\u00e8ncia P\u00fablica de despreniments de pedres de la fa\u00e7ana de la masia de Can Valent<\/strong><\/p>\n<p>&nbsp;<\/p>\n<p>L\u2019Audi\u00e8ncia P\u00fablica de Nou Barris ha estrenat aquest mes escenari, el pati de la Seu del Districte, per\u00f2 arrossega alguns temes recurrents a les sessions. Novament es van sentir veus reclamant solucions per problemes relacionats amb la neteja, la pres\u00e8ncia i actuaci\u00f3 de la Gu\u00e0rdia Urbana durant la nit (i concretament durant les revetlles incontrolades de Sant Joan) i l\u2019habitatge. Un dels m\u00e9s greus, la parella desnonada pels Mossos d\u2019esquadra a les dues de la matinada a Ciutat Meridiana, amb l\u2019agreujant que la dona estava embarassada de vuit mesos.<\/p>\n<p>L\u2019AV Ciutat Meridiana va aprofitar la sessi\u00f3 per reclamar un local nou. Fa m\u00e9s de vint anys que es troben en un local provisional.\u00a0 Originalment, l\u2019any 1974, tenien la seu en un antic pis que havia servit de mostra durant la construcci\u00f3 del barri. En aquell local van estar 20 anys, fins que l\u2019any 1994 van arribar les obres d\u2019urbanitzaci\u00f3 properes a l\u2019estaci\u00f3 de Renfe de Torre Bar\u00f3. Des d\u2019aleshores es troben en un barrac\u00f3 sense ventilaci\u00f3 ni a\u00efllament, amb fortes humitats i filtracions d\u2019aigua a l\u2019avinguda dels Rasos de Peguera. En un principi la provisionalitat havia de durar un parell d\u2019anys, per\u00f2 n\u2019han passat m\u00e9s de vint. All\u00e0 han de suportar les fortes olors causades per les humitats, el fred a l\u2019hivern i les altes temperatures a l\u2019estiu. Ni els ventiladors ni els pocs aparells d\u2019aire condicionat s\u00f3n suficients, diuen. A m\u00e9s, es queixen que el local ha quedat petit i han hagut d\u2019improvisar petits magatzems a tot arreu. La sala m\u00e9s gran queda inutilitzada quan plou, ja que l\u2019aigua es filtra per sota del parquet convertint-lo realment en parquet flotant. Per tot aix\u00f2 han pres la decisi\u00f3 d\u2019ocupar el centre c\u00edvic del barri per fer les reunions de treball, ja que a la darrera trobada es va produir la lipot\u00edmia d\u2019una de les ve\u00efnes assistents. Reclamen un local definitiu i digne. L\u2019Ajuntament s\u2019ha comprom\u00e8s a estudiar possibles solucions o reparacions per solucionar el problema, mentre no es construeixi el local definitiu. Aquest local hauria d\u2019anar als equipaments que es construiran als terrenys de l\u2019antic camp de futbol, a la part mitjana del barri. Per\u00f2 els ve\u00efns es queixen que mancarien uns 6 o 7 anys per estrenar local i reclamen que s\u2019acceleri la construcci\u00f3 de la nova seu.<\/p>\n<p>&nbsp;<\/p>\n<p>Des de Porta, un representant dels col\u00b7lectius que treballen l\u2019hort de Can Valent va alertar de la degradaci\u00f3 de la masia. Va afirmar que s\u2019estan produint petits despreniments de pedres de la fa\u00e7ana i van demanar que es rehabiliti el casalot\u00a0 i es converteixi en un equipament que complementaria molt b\u00e9 l\u2019hort comunitari: \u00a0una escola d\u2019horticultura, un espai de Parcs i jardins i, el m\u00e9s noved\u00f3s, un banc de llavors municipal. La pr\u00f2pia regidora de Nou Barris, Janet Sanz, va rebre de bon grat aquestes propostes al temps que apuntava tamb\u00e9 a la reconversi\u00f3 de l\u2019aparcament provisional del costat del cementiri en una zona verda per al barri. Sobre la masia, va assegurar que s\u2019est\u00e0 estudiant com intervenir-hi per evitar que caigui, per\u00f2 que el casalot necessita unes obres importants que l\u2019actual pla d\u2019inversions no permet i que obliga, doncs, a ajornar a un altre mandat.<\/p>\n<p>Ente altres queixes, tamb\u00e9 es van sentir les de l\u2019entitat Peluts de Nou Barris, que van defensar el seu dret a portar els gossos deslligats a la nit al Parc Central sense ser multats. Janet Sanz els va demanar paci\u00e8ncia fins que s\u2019acabin d\u2019elaborar els horaris que fixaran quan poden c\u00f3rrer lliures els gossos.<\/p>\n","protected":false},"excerpt":{"rendered":"<p>Porta alerta a l&#8217;Audi\u00e8ncia P\u00fablica de despreniments de pedres de la fa\u00e7ana de la masia de Can Valent &nbsp; L\u2019Audi\u00e8ncia<\/p>\n","protected":false},"author":2,"featured_media":69879,"comment_status":"closed","ping_status":"closed","sticky":false,"template":"","format":"standard","meta":{"colormag_page_layout":"default_layout","_monsterinsights_skip_tracking":false,"_monsterinsights_sitenote_active":false,"_monsterinsights_sitenote_note":"","_monsterinsights_sitenote_category":0,"footnotes":""},"categories":[447,132,1,134],"tags":[217,318,227,54,121,327,44],"class_list":["post-69878","post","type-post","status-publish","format-standard","has-post-thumbnail","hentry","category-audiencia-publica-i-plenari","category-ciutat-meridiana","category-nou-barris","category-porta","tag-aavv","tag-audiencia","tag-can-valent","tag-ciutat-meridiana","tag-equipaments","tag-participacio","tag-porta"],"yoast_head":"<!-- This site is optimized with the Yoast SEO plugin v25.3 - https:\/\/yoast.com\/wordpress\/plugins\/seo\/ -->\n<title>L\u2019AV Ciutat Meridiana reclama una seu definitiva despr\u00e9s de 20 anys de provisionalitat en un barrac\u00f3 - NouBarris.Net<\/title>\n<meta name=\"robots\" content=\"index, follow, max-snippet:-1, max-image-preview:large, max-video-preview:-1\" \/>\n<link rel=\"canonical\" href=\"https:\/\/www.noubarris.net\/web40\/lav-ciutat-meridiana-reclama-una-seu-definitiva-despres-de-20-anys-de-provisionalitat-en-un-barraco\/\" \/>\n<meta property=\"og:locale\" content=\"ca_ES\" \/>\n<meta property=\"og:type\" content=\"article\" \/>\n<meta property=\"og:title\" content=\"L\u2019AV Ciutat Meridiana reclama una seu definitiva despr\u00e9s de 20 anys de provisionalitat en un barrac\u00f3 - NouBarris.Net\" \/>\n<meta property=\"og:description\" content=\"Porta alerta a l&#8217;Audi\u00e8ncia P\u00fablica de despreniments de pedres de la fa\u00e7ana de la masia de Can Valent &nbsp; L\u2019Audi\u00e8ncia\" \/>\n<meta property=\"og:url\" content=\"https:\/\/www.noubarris.net\/web40\/lav-ciutat-meridiana-reclama-una-seu-definitiva-despres-de-20-anys-de-provisionalitat-en-un-barraco\/\" \/>\n<meta property=\"og:site_name\" content=\"NouBarris.Net\" \/>\n<meta property=\"article:publisher\" content=\"https:\/\/www.facebook.com\/NouBarris.net\/?locale=es_ES\" \/>\n<meta property=\"article:published_time\" content=\"2017-07-04T23:00:42+00:00\" \/>\n<meta property=\"og:image\" content=\"https:\/\/www.noubarris.net\/web40\/wp-content\/uploads\/2017\/07\/050717.jpg\" \/>\n\t<meta property=\"og:image:width\" content=\"768\" \/>\n\t<meta property=\"og:image:height\" content=\"432\" \/>\n\t<meta property=\"og:image:type\" content=\"image\/jpeg\" \/>\n<meta name=\"author\" content=\"Informatius\" \/>\n<meta name=\"twitter:card\" content=\"summary_large_image\" \/>\n<meta name=\"twitter:creator\" content=\"@9BTV\" \/>\n<meta name=\"twitter:site\" content=\"@9BTV\" \/>\n<meta name=\"twitter:label1\" content=\"Escrit per\" \/>\n\t<meta name=\"twitter:data1\" content=\"Informatius\" \/>\n\t<meta name=\"twitter:label2\" content=\"Temps estimat de lectura\" \/>\n\t<meta name=\"twitter:data2\" content=\"3 minuts\" \/>\n<script type=\"application\/ld+json\" class=\"yoast-schema-graph\">{\"@context\":\"https:\/\/schema.org\",\"@graph\":[{\"@type\":\"Article\",\"@id\":\"https:\/\/www.noubarris.net\/web40\/lav-ciutat-meridiana-reclama-una-seu-definitiva-despres-de-20-anys-de-provisionalitat-en-un-barraco\/#article\",\"isPartOf\":{\"@id\":\"https:\/\/www.noubarris.net\/web40\/lav-ciutat-meridiana-reclama-una-seu-definitiva-despres-de-20-anys-de-provisionalitat-en-un-barraco\/\"},\"author\":{\"name\":\"Informatius\",\"@id\":\"https:\/\/www.noubarris.net\/web40\/#\/schema\/person\/1827f92aaa316c54abbf4dac0de76069\"},\"headline\":\"L\u2019AV Ciutat Meridiana reclama una seu definitiva despr\u00e9s de 20 anys de provisionalitat en un barrac\u00f3\",\"datePublished\":\"2017-07-04T23:00:42+00:00\",\"mainEntityOfPage\":{\"@id\":\"https:\/\/www.noubarris.net\/web40\/lav-ciutat-meridiana-reclama-una-seu-definitiva-despres-de-20-anys-de-provisionalitat-en-un-barraco\/\"},\"wordCount\":675,\"publisher\":{\"@id\":\"https:\/\/www.noubarris.net\/web40\/#organization\"},\"image\":{\"@id\":\"https:\/\/www.noubarris.net\/web40\/lav-ciutat-meridiana-reclama-una-seu-definitiva-despres-de-20-anys-de-provisionalitat-en-un-barraco\/#primaryimage\"},\"thumbnailUrl\":\"https:\/\/www.noubarris.net\/web40\/wp-content\/uploads\/2017\/07\/050717.jpg\",\"keywords\":[\"AAVV\",\"Audi\u00e8ncia\",\"Can Valent\",\"Ciutat Meridiana\",\"Equipaments\",\"Participaci\u00f3\",\"Porta\"],\"articleSection\":[\"Audi\u00e8ncia p\u00fablica i Plenari\",\"Ciutat Meridiana\",\"Nou Barris\",\"Porta\"],\"inLanguage\":\"ca\"},{\"@type\":\"WebPage\",\"@id\":\"https:\/\/www.noubarris.net\/web40\/lav-ciutat-meridiana-reclama-una-seu-definitiva-despres-de-20-anys-de-provisionalitat-en-un-barraco\/\",\"url\":\"https:\/\/www.noubarris.net\/web40\/lav-ciutat-meridiana-reclama-una-seu-definitiva-despres-de-20-anys-de-provisionalitat-en-un-barraco\/\",\"name\":\"L\u2019AV Ciutat Meridiana reclama una seu definitiva despr\u00e9s de 20 anys de provisionalitat en un barrac\u00f3 - NouBarris.Net\",\"isPartOf\":{\"@id\":\"https:\/\/www.noubarris.net\/web40\/#website\"},\"primaryImageOfPage\":{\"@id\":\"https:\/\/www.noubarris.net\/web40\/lav-ciutat-meridiana-reclama-una-seu-definitiva-despres-de-20-anys-de-provisionalitat-en-un-barraco\/#primaryimage\"},\"image\":{\"@id\":\"https:\/\/www.noubarris.net\/web40\/lav-ciutat-meridiana-reclama-una-seu-definitiva-despres-de-20-anys-de-provisionalitat-en-un-barraco\/#primaryimage\"},\"thumbnailUrl\":\"https:\/\/www.noubarris.net\/web40\/wp-content\/uploads\/2017\/07\/050717.jpg\",\"datePublished\":\"2017-07-04T23:00:42+00:00\",\"breadcrumb\":{\"@id\":\"https:\/\/www.noubarris.net\/web40\/lav-ciutat-meridiana-reclama-una-seu-definitiva-despres-de-20-anys-de-provisionalitat-en-un-barraco\/#breadcrumb\"},\"inLanguage\":\"ca\",\"potentialAction\":[{\"@type\":\"ReadAction\",\"target\":[\"https:\/\/www.noubarris.net\/web40\/lav-ciutat-meridiana-reclama-una-seu-definitiva-despres-de-20-anys-de-provisionalitat-en-un-barraco\/\"]}]},{\"@type\":\"ImageObject\",\"inLanguage\":\"ca\",\"@id\":\"https:\/\/www.noubarris.net\/web40\/lav-ciutat-meridiana-reclama-una-seu-definitiva-despres-de-20-anys-de-provisionalitat-en-un-barraco\/#primaryimage\",\"url\":\"https:\/\/www.noubarris.net\/web40\/wp-content\/uploads\/2017\/07\/050717.jpg\",\"contentUrl\":\"https:\/\/www.noubarris.net\/web40\/wp-content\/uploads\/2017\/07\/050717.jpg\",\"width\":768,\"height\":432},{\"@type\":\"BreadcrumbList\",\"@id\":\"https:\/\/www.noubarris.net\/web40\/lav-ciutat-meridiana-reclama-una-seu-definitiva-despres-de-20-anys-de-provisionalitat-en-un-barraco\/#breadcrumb\",\"itemListElement\":[{\"@type\":\"ListItem\",\"position\":1,\"name\":\"Inici\",\"item\":\"https:\/\/www.noubarris.net\/web40\/\"},{\"@type\":\"ListItem\",\"position\":2,\"name\":\"L\u2019AV Ciutat Meridiana reclama una seu definitiva despr\u00e9s de 20 anys de provisionalitat en un barrac\u00f3\"}]},{\"@type\":\"WebSite\",\"@id\":\"https:\/\/www.noubarris.net\/web40\/#website\",\"url\":\"https:\/\/www.noubarris.net\/web40\/\",\"name\":\"NouBarris.Net\",\"description\":\"Seguint la vida de Nou Barris des de 1985\",\"publisher\":{\"@id\":\"https:\/\/www.noubarris.net\/web40\/#organization\"},\"potentialAction\":[{\"@type\":\"SearchAction\",\"target\":{\"@type\":\"EntryPoint\",\"urlTemplate\":\"https:\/\/www.noubarris.net\/web40\/?s={search_term_string}\"},\"query-input\":{\"@type\":\"PropertyValueSpecification\",\"valueRequired\":true,\"valueName\":\"search_term_string\"}}],\"inLanguage\":\"ca\"},{\"@type\":\"Organization\",\"@id\":\"https:\/\/www.noubarris.net\/web40\/#organization\",\"name\":\"NouBarris.Net\",\"url\":\"https:\/\/www.noubarris.net\/web40\/\",\"logo\":{\"@type\":\"ImageObject\",\"inLanguage\":\"ca\",\"@id\":\"https:\/\/www.noubarris.net\/web40\/#\/schema\/logo\/image\/\",\"url\":\"https:\/\/www.noubarris.net\/web40\/wp-content\/uploads\/2024\/11\/cropped-cropped-LOGO_9BTV-2024_Insta-1.jpg\",\"contentUrl\":\"https:\/\/www.noubarris.net\/web40\/wp-content\/uploads\/2024\/11\/cropped-cropped-LOGO_9BTV-2024_Insta-1.jpg\",\"width\":512,\"height\":512,\"caption\":\"NouBarris.Net\"},\"image\":{\"@id\":\"https:\/\/www.noubarris.net\/web40\/#\/schema\/logo\/image\/\"},\"sameAs\":[\"https:\/\/www.facebook.com\/NouBarris.net\/?locale=es_ES\",\"https:\/\/x.com\/9BTV\"]},{\"@type\":\"Person\",\"@id\":\"https:\/\/www.noubarris.net\/web40\/#\/schema\/person\/1827f92aaa316c54abbf4dac0de76069\",\"name\":\"Informatius\",\"image\":{\"@type\":\"ImageObject\",\"inLanguage\":\"ca\",\"@id\":\"https:\/\/www.noubarris.net\/web40\/#\/schema\/person\/image\/\",\"url\":\"https:\/\/secure.gravatar.com\/avatar\/87a3b47928835fc72c6ee5b0e1a7263ef0c2d05003a98189bc14926c5f11bcdb?s=96&d=mm&r=g\",\"contentUrl\":\"https:\/\/secure.gravatar.com\/avatar\/87a3b47928835fc72c6ee5b0e1a7263ef0c2d05003a98189bc14926c5f11bcdb?s=96&d=mm&r=g\",\"caption\":\"Informatius\"},\"url\":\"https:\/\/www.noubarris.net\/web40\/author\/tele\/\"}]}<\/script>\n<!-- \/ Yoast SEO plugin. -->","yoast_head_json":{"title":"L\u2019AV Ciutat Meridiana reclama una seu definitiva despr\u00e9s de 20 anys de provisionalitat en un barrac\u00f3 - NouBarris.Net","robots":{"index":"index","follow":"follow","max-snippet":"max-snippet:-1","max-image-preview":"max-image-preview:large","max-video-preview":"max-video-preview:-1"},"canonical":"https:\/\/www.noubarris.net\/web40\/lav-ciutat-meridiana-reclama-una-seu-definitiva-despres-de-20-anys-de-provisionalitat-en-un-barraco\/","og_locale":"ca_ES","og_type":"article","og_title":"L\u2019AV Ciutat Meridiana reclama una seu definitiva despr\u00e9s de 20 anys de provisionalitat en un barrac\u00f3 - NouBarris.Net","og_description":"Porta alerta a l&#8217;Audi\u00e8ncia P\u00fablica de despreniments de pedres de la fa\u00e7ana de la masia de Can Valent &nbsp; L\u2019Audi\u00e8ncia","og_url":"https:\/\/www.noubarris.net\/web40\/lav-ciutat-meridiana-reclama-una-seu-definitiva-despres-de-20-anys-de-provisionalitat-en-un-barraco\/","og_site_name":"NouBarris.Net","article_publisher":"https:\/\/www.facebook.com\/NouBarris.net\/?locale=es_ES","article_published_time":"2017-07-04T23:00:42+00:00","og_image":[{"width":768,"height":432,"url":"https:\/\/www.noubarris.net\/web40\/wp-content\/uploads\/2017\/07\/050717.jpg","type":"image\/jpeg"}],"author":"Informatius","twitter_card":"summary_large_image","twitter_creator":"@9BTV","twitter_site":"@9BTV","twitter_misc":{"Escrit per":"Informatius","Temps estimat de lectura":"3 minuts"},"schema":{"@context":"https:\/\/schema.org","@graph":[{"@type":"Article","@id":"https:\/\/www.noubarris.net\/web40\/lav-ciutat-meridiana-reclama-una-seu-definitiva-despres-de-20-anys-de-provisionalitat-en-un-barraco\/#article","isPartOf":{"@id":"https:\/\/www.noubarris.net\/web40\/lav-ciutat-meridiana-reclama-una-seu-definitiva-despres-de-20-anys-de-provisionalitat-en-un-barraco\/"},"author":{"name":"Informatius","@id":"https:\/\/www.noubarris.net\/web40\/#\/schema\/person\/1827f92aaa316c54abbf4dac0de76069"},"headline":"L\u2019AV Ciutat Meridiana reclama una seu definitiva despr\u00e9s de 20 anys de provisionalitat en un barrac\u00f3","datePublished":"2017-07-04T23:00:42+00:00","mainEntityOfPage":{"@id":"https:\/\/www.noubarris.net\/web40\/lav-ciutat-meridiana-reclama-una-seu-definitiva-despres-de-20-anys-de-provisionalitat-en-un-barraco\/"},"wordCount":675,"publisher":{"@id":"https:\/\/www.noubarris.net\/web40\/#organization"},"image":{"@id":"https:\/\/www.noubarris.net\/web40\/lav-ciutat-meridiana-reclama-una-seu-definitiva-despres-de-20-anys-de-provisionalitat-en-un-barraco\/#primaryimage"},"thumbnailUrl":"https:\/\/www.noubarris.net\/web40\/wp-content\/uploads\/2017\/07\/050717.jpg","keywords":["AAVV","Audi\u00e8ncia","Can Valent","Ciutat Meridiana","Equipaments","Participaci\u00f3","Porta"],"articleSection":["Audi\u00e8ncia p\u00fablica i Plenari","Ciutat Meridiana","Nou Barris","Porta"],"inLanguage":"ca"},{"@type":"WebPage","@id":"https:\/\/www.noubarris.net\/web40\/lav-ciutat-meridiana-reclama-una-seu-definitiva-despres-de-20-anys-de-provisionalitat-en-un-barraco\/","url":"https:\/\/www.noubarris.net\/web40\/lav-ciutat-meridiana-reclama-una-seu-definitiva-despres-de-20-anys-de-provisionalitat-en-un-barraco\/","name":"L\u2019AV Ciutat Meridiana reclama una seu definitiva despr\u00e9s de 20 anys de provisionalitat en un barrac\u00f3 - NouBarris.Net","isPartOf":{"@id":"https:\/\/www.noubarris.net\/web40\/#website"},"primaryImageOfPage":{"@id":"https:\/\/www.noubarris.net\/web40\/lav-ciutat-meridiana-reclama-una-seu-definitiva-despres-de-20-anys-de-provisionalitat-en-un-barraco\/#primaryimage"},"image":{"@id":"https:\/\/www.noubarris.net\/web40\/lav-ciutat-meridiana-reclama-una-seu-definitiva-despres-de-20-anys-de-provisionalitat-en-un-barraco\/#primaryimage"},"thumbnailUrl":"https:\/\/www.noubarris.net\/web40\/wp-content\/uploads\/2017\/07\/050717.jpg","datePublished":"2017-07-04T23:00:42+00:00","breadcrumb":{"@id":"https:\/\/www.noubarris.net\/web40\/lav-ciutat-meridiana-reclama-una-seu-definitiva-despres-de-20-anys-de-provisionalitat-en-un-barraco\/#breadcrumb"},"inLanguage":"ca","potentialAction":[{"@type":"ReadAction","target":["https:\/\/www.noubarris.net\/web40\/lav-ciutat-meridiana-reclama-una-seu-definitiva-despres-de-20-anys-de-provisionalitat-en-un-barraco\/"]}]},{"@type":"ImageObject","inLanguage":"ca","@id":"https:\/\/www.noubarris.net\/web40\/lav-ciutat-meridiana-reclama-una-seu-definitiva-despres-de-20-anys-de-provisionalitat-en-un-barraco\/#primaryimage","url":"https:\/\/www.noubarris.net\/web40\/wp-content\/uploads\/2017\/07\/050717.jpg","contentUrl":"https:\/\/www.noubarris.net\/web40\/wp-content\/uploads\/2017\/07\/050717.jpg","width":768,"height":432},{"@type":"BreadcrumbList","@id":"https:\/\/www.noubarris.net\/web40\/lav-ciutat-meridiana-reclama-una-seu-definitiva-despres-de-20-anys-de-provisionalitat-en-un-barraco\/#breadcrumb","itemListElement":[{"@type":"ListItem","position":1,"name":"Inici","item":"https:\/\/www.noubarris.net\/web40\/"},{"@type":"ListItem","position":2,"name":"L\u2019AV Ciutat Meridiana reclama una seu definitiva despr\u00e9s de 20 anys de provisionalitat en un barrac\u00f3"}]},{"@type":"WebSite","@id":"https:\/\/www.noubarris.net\/web40\/#website","url":"https:\/\/www.noubarris.net\/web40\/","name":"NouBarris.Net","description":"Seguint la vida de Nou Barris des de 1985","publisher":{"@id":"https:\/\/www.noubarris.net\/web40\/#organization"},"potentialAction":[{"@type":"SearchAction","target":{"@type":"EntryPoint","urlTemplate":"https:\/\/www.noubarris.net\/web40\/?s={search_term_string}"},"query-input":{"@type":"PropertyValueSpecification","valueRequired":true,"valueName":"search_term_string"}}],"inLanguage":"ca"},{"@type":"Organization","@id":"https:\/\/www.noubarris.net\/web40\/#organization","name":"NouBarris.Net","url":"https:\/\/www.noubarris.net\/web40\/","logo":{"@type":"ImageObject","inLanguage":"ca","@id":"https:\/\/www.noubarris.net\/web40\/#\/schema\/logo\/image\/","url":"https:\/\/www.noubarris.net\/web40\/wp-content\/uploads\/2024\/11\/cropped-cropped-LOGO_9BTV-2024_Insta-1.jpg","contentUrl":"https:\/\/www.noubarris.net\/web40\/wp-content\/uploads\/2024\/11\/cropped-cropped-LOGO_9BTV-2024_Insta-1.jpg","width":512,"height":512,"caption":"NouBarris.Net"},"image":{"@id":"https:\/\/www.noubarris.net\/web40\/#\/schema\/logo\/image\/"},"sameAs":["https:\/\/www.facebook.com\/NouBarris.net\/?locale=es_ES","https:\/\/x.com\/9BTV"]},{"@type":"Person","@id":"https:\/\/www.noubarris.net\/web40\/#\/schema\/person\/1827f92aaa316c54abbf4dac0de76069","name":"Informatius","image":{"@type":"ImageObject","inLanguage":"ca","@id":"https:\/\/www.noubarris.net\/web40\/#\/schema\/person\/image\/","url":"https:\/\/secure.gravatar.com\/avatar\/87a3b47928835fc72c6ee5b0e1a7263ef0c2d05003a98189bc14926c5f11bcdb?s=96&d=mm&r=g","contentUrl":"https:\/\/secure.gravatar.com\/avatar\/87a3b47928835fc72c6ee5b0e1a7263ef0c2d05003a98189bc14926c5f11bcdb?s=96&d=mm&r=g","caption":"Informatius"},"url":"https:\/\/www.noubarris.net\/web40\/author\/tele\/"}]}},"_links":{"self":[{"href":"https:\/\/www.noubarris.net\/web40\/wp-json\/wp\/v2\/posts\/69878","targetHints":{"allow":["GET"]}}],"collection":[{"href":"https:\/\/www.noubarris.net\/web40\/wp-json\/wp\/v2\/posts"}],"about":[{"href":"https:\/\/www.noubarris.net\/web40\/wp-json\/wp\/v2\/types\/post"}],"author":[{"embeddable":true,"href":"https:\/\/www.noubarris.net\/web40\/wp-json\/wp\/v2\/users\/2"}],"replies":[{"embeddable":true,"href":"https:\/\/www.noubarris.net\/web40\/wp-json\/wp\/v2\/comments?post=69878"}],"version-history":[{"count":0,"href":"https:\/\/www.noubarris.net\/web40\/wp-json\/wp\/v2\/posts\/69878\/revisions"}],"wp:featuredmedia":[{"embeddable":true,"href":"https:\/\/www.noubarris.net\/web40\/wp-json\/wp\/v2\/media\/69879"}],"wp:attachment":[{"href":"https:\/\/www.noubarris.net\/web40\/wp-json\/wp\/v2\/media?parent=69878"}],"wp:term":[{"taxonomy":"category","embeddable":true,"href":"https:\/\/www.noubarris.net\/web40\/wp-json\/wp\/v2\/categories?post=69878"},{"taxonomy":"post_tag","embeddable":true,"href":"https:\/\/www.noubarris.net\/web40\/wp-json\/wp\/v2\/tags?post=69878"}],"curies":[{"name":"wp","href":"https:\/\/api.w.org\/{rel}","templated":true}]}}