{"id":70253,"date":"2017-09-04T00:00:22","date_gmt":"2017-09-03T22:00:22","guid":{"rendered":"http:\/\/www.noubarris.net\/web40\/?p=70253"},"modified":"2017-09-01T14:47:56","modified_gmt":"2017-09-01T12:47:56","slug":"els-interns-del-cp-lledoners-impressionen-en-color-blau-la-imatge-del-jo-mateix","status":"publish","type":"post","link":"https:\/\/www.noubarris.net\/web40\/els-interns-del-cp-lledoners-impressionen-en-color-blau-la-imatge-del-jo-mateix\/","title":{"rendered":"Els interns del CP Lledoners impressionen en color blau \u201cLa imatge del jo mateix\u201d"},"content":{"rendered":"<p><strong>Can Bast\u00e9 exposa els treballs fotogr\u00e0fics fets amb la t\u00e8cnica de cianot\u00edpia en \u00a0llen\u00e7ols reciclats de la instituci\u00f3<\/strong><\/p>\n<p>&nbsp;<\/p>\n<p>Un any m\u00e9s, els interns del Centre Penitenciari Lledoners exposen a Can Bast\u00e9 els treballs fotogr\u00e0fics que fan al seu taller de \u00a0fotografia. \u00a0En aquesta ocasi\u00f3, els interns han utilitzat la t\u00e8cnica de cianot\u00edpia sobre tela, fent servir llen\u00e7ols reciclats de la mateix instituci\u00f3.<\/p>\n<p>La t\u00e8cnica de cianotipia d\u00f3na com a resultat una impressi\u00f3 en color cian. El procediment, molt senzill i econ\u00f2mic, va ser molt popular en els cercles d&#8217;enginyers fins al segle XX. \u00a0En el proc\u00e9s es fan servir dos productes qu\u00edmics: citrat am\u00f2nic de ferro (III) i el ferrocianur de potassi. \u00a0Els cianotips es poden imprimir sobre qualsevol superf\u00edcie capa\u00e7 de mullar-se en la soluci\u00f3 de ferro. En aquest cas, han els suports han estat els llen\u00e7ols reciclats del centre penitenciari.<\/p>\n<p>Tot i que va ser el cient\u00edfic astr\u00f2nom angl\u00e8s Sir John Herschel qui va descobrir aquest procediment el 1842, va ser Anna Atkins qui el va utilitzar en fotografia. Va fer servir aquesta t\u00e9cnica per documentar en llibres falgueres i altres plantes. Per aix\u00f2 Atkins es considera com la primera dona fot\u00f2grafa.<\/p>\n<p>Si voleu veure els resultats d\u2019aquest procediment, teniu temps fins al 27 de setembre per gaudir de l\u2019exposici\u00f3 \u00a0\u201cLa imatge del jo mateix\u201d.<\/p>\n","protected":false},"excerpt":{"rendered":"<p>Can Bast\u00e9 exposa els treballs fotogr\u00e0fics fets amb la t\u00e8cnica de cianot\u00edpia en \u00a0llen\u00e7ols reciclats de la instituci\u00f3 &nbsp; Un<\/p>\n","protected":false},"author":2,"featured_media":70254,"comment_status":"closed","ping_status":"closed","sticky":false,"template":"","format":"standard","meta":{"colormag_page_layout":"default_layout","_monsterinsights_skip_tracking":false,"_monsterinsights_sitenote_active":false,"_monsterinsights_sitenote_note":"","_monsterinsights_sitenote_category":0,"footnotes":""},"categories":[129,139],"tags":[88,246,268],"class_list":["post-70253","post","type-post","status-publish","format-standard","has-post-thumbnail","hentry","category-cultura","category-el-turo-de-la-peira","tag-can-baste","tag-el-turo-de-la-peira","tag-exposicio"],"yoast_head":"<!-- This site is optimized with the Yoast SEO plugin v25.3 - https:\/\/yoast.com\/wordpress\/plugins\/seo\/ -->\n<title>Els interns del CP Lledoners impressionen en color blau \u201cLa imatge del jo mateix\u201d - NouBarris.Net<\/title>\n<meta name=\"robots\" content=\"index, follow, max-snippet:-1, max-image-preview:large, max-video-preview:-1\" \/>\n<link rel=\"canonical\" href=\"https:\/\/www.noubarris.net\/web40\/els-interns-del-cp-lledoners-impressionen-en-color-blau-la-imatge-del-jo-mateix\/\" \/>\n<meta property=\"og:locale\" content=\"ca_ES\" \/>\n<meta property=\"og:type\" content=\"article\" \/>\n<meta property=\"og:title\" content=\"Els interns del CP Lledoners impressionen en color blau \u201cLa imatge del jo mateix\u201d - NouBarris.Net\" \/>\n<meta property=\"og:description\" content=\"Can Bast\u00e9 exposa els treballs fotogr\u00e0fics fets amb la t\u00e8cnica de cianot\u00edpia en \u00a0llen\u00e7ols reciclats de la instituci\u00f3 &nbsp; Un\" \/>\n<meta property=\"og:url\" content=\"https:\/\/www.noubarris.net\/web40\/els-interns-del-cp-lledoners-impressionen-en-color-blau-la-imatge-del-jo-mateix\/\" \/>\n<meta property=\"og:site_name\" content=\"NouBarris.Net\" \/>\n<meta property=\"article:publisher\" content=\"https:\/\/www.facebook.com\/NouBarris.net\/?locale=es_ES\" \/>\n<meta property=\"article:published_time\" content=\"2017-09-03T22:00:22+00:00\" \/>\n<meta property=\"og:image\" content=\"https:\/\/www.noubarris.net\/web40\/wp-content\/uploads\/2017\/09\/040917.jpg\" \/>\n\t<meta property=\"og:image:width\" content=\"768\" \/>\n\t<meta property=\"og:image:height\" content=\"432\" \/>\n\t<meta property=\"og:image:type\" content=\"image\/jpeg\" \/>\n<meta name=\"author\" content=\"Informatius\" \/>\n<meta name=\"twitter:card\" content=\"summary_large_image\" \/>\n<meta name=\"twitter:creator\" content=\"@9BTV\" \/>\n<meta name=\"twitter:site\" content=\"@9BTV\" \/>\n<meta name=\"twitter:label1\" content=\"Escrit per\" \/>\n\t<meta name=\"twitter:data1\" content=\"Informatius\" \/>\n\t<meta name=\"twitter:label2\" content=\"Temps estimat de lectura\" \/>\n\t<meta name=\"twitter:data2\" content=\"1 minut\" \/>\n<script type=\"application\/ld+json\" class=\"yoast-schema-graph\">{\"@context\":\"https:\/\/schema.org\",\"@graph\":[{\"@type\":\"Article\",\"@id\":\"https:\/\/www.noubarris.net\/web40\/els-interns-del-cp-lledoners-impressionen-en-color-blau-la-imatge-del-jo-mateix\/#article\",\"isPartOf\":{\"@id\":\"https:\/\/www.noubarris.net\/web40\/els-interns-del-cp-lledoners-impressionen-en-color-blau-la-imatge-del-jo-mateix\/\"},\"author\":{\"name\":\"Informatius\",\"@id\":\"https:\/\/www.noubarris.net\/web40\/#\/schema\/person\/1827f92aaa316c54abbf4dac0de76069\"},\"headline\":\"Els interns del CP Lledoners impressionen en color blau \u201cLa imatge del jo mateix\u201d\",\"datePublished\":\"2017-09-03T22:00:22+00:00\",\"mainEntityOfPage\":{\"@id\":\"https:\/\/www.noubarris.net\/web40\/els-interns-del-cp-lledoners-impressionen-en-color-blau-la-imatge-del-jo-mateix\/\"},\"wordCount\":255,\"publisher\":{\"@id\":\"https:\/\/www.noubarris.net\/web40\/#organization\"},\"image\":{\"@id\":\"https:\/\/www.noubarris.net\/web40\/els-interns-del-cp-lledoners-impressionen-en-color-blau-la-imatge-del-jo-mateix\/#primaryimage\"},\"thumbnailUrl\":\"https:\/\/www.noubarris.net\/web40\/wp-content\/uploads\/2017\/09\/040917.jpg\",\"keywords\":[\"Can Bast\u00e9\",\"El Tur\u00f3 de la Peira\",\"Exposici\u00f3\"],\"articleSection\":[\"Cultura\",\"El Tur\u00f3 de la Peira\"],\"inLanguage\":\"ca\"},{\"@type\":\"WebPage\",\"@id\":\"https:\/\/www.noubarris.net\/web40\/els-interns-del-cp-lledoners-impressionen-en-color-blau-la-imatge-del-jo-mateix\/\",\"url\":\"https:\/\/www.noubarris.net\/web40\/els-interns-del-cp-lledoners-impressionen-en-color-blau-la-imatge-del-jo-mateix\/\",\"name\":\"Els interns del CP Lledoners impressionen en color blau \u201cLa imatge del jo mateix\u201d - NouBarris.Net\",\"isPartOf\":{\"@id\":\"https:\/\/www.noubarris.net\/web40\/#website\"},\"primaryImageOfPage\":{\"@id\":\"https:\/\/www.noubarris.net\/web40\/els-interns-del-cp-lledoners-impressionen-en-color-blau-la-imatge-del-jo-mateix\/#primaryimage\"},\"image\":{\"@id\":\"https:\/\/www.noubarris.net\/web40\/els-interns-del-cp-lledoners-impressionen-en-color-blau-la-imatge-del-jo-mateix\/#primaryimage\"},\"thumbnailUrl\":\"https:\/\/www.noubarris.net\/web40\/wp-content\/uploads\/2017\/09\/040917.jpg\",\"datePublished\":\"2017-09-03T22:00:22+00:00\",\"breadcrumb\":{\"@id\":\"https:\/\/www.noubarris.net\/web40\/els-interns-del-cp-lledoners-impressionen-en-color-blau-la-imatge-del-jo-mateix\/#breadcrumb\"},\"inLanguage\":\"ca\",\"potentialAction\":[{\"@type\":\"ReadAction\",\"target\":[\"https:\/\/www.noubarris.net\/web40\/els-interns-del-cp-lledoners-impressionen-en-color-blau-la-imatge-del-jo-mateix\/\"]}]},{\"@type\":\"ImageObject\",\"inLanguage\":\"ca\",\"@id\":\"https:\/\/www.noubarris.net\/web40\/els-interns-del-cp-lledoners-impressionen-en-color-blau-la-imatge-del-jo-mateix\/#primaryimage\",\"url\":\"https:\/\/www.noubarris.net\/web40\/wp-content\/uploads\/2017\/09\/040917.jpg\",\"contentUrl\":\"https:\/\/www.noubarris.net\/web40\/wp-content\/uploads\/2017\/09\/040917.jpg\",\"width\":768,\"height\":432},{\"@type\":\"BreadcrumbList\",\"@id\":\"https:\/\/www.noubarris.net\/web40\/els-interns-del-cp-lledoners-impressionen-en-color-blau-la-imatge-del-jo-mateix\/#breadcrumb\",\"itemListElement\":[{\"@type\":\"ListItem\",\"position\":1,\"name\":\"Inici\",\"item\":\"https:\/\/www.noubarris.net\/web40\/\"},{\"@type\":\"ListItem\",\"position\":2,\"name\":\"Els interns del CP Lledoners impressionen en color blau \u201cLa imatge del jo mateix\u201d\"}]},{\"@type\":\"WebSite\",\"@id\":\"https:\/\/www.noubarris.net\/web40\/#website\",\"url\":\"https:\/\/www.noubarris.net\/web40\/\",\"name\":\"NouBarris.Net\",\"description\":\"Seguint la vida de Nou Barris des de 1985\",\"publisher\":{\"@id\":\"https:\/\/www.noubarris.net\/web40\/#organization\"},\"potentialAction\":[{\"@type\":\"SearchAction\",\"target\":{\"@type\":\"EntryPoint\",\"urlTemplate\":\"https:\/\/www.noubarris.net\/web40\/?s={search_term_string}\"},\"query-input\":{\"@type\":\"PropertyValueSpecification\",\"valueRequired\":true,\"valueName\":\"search_term_string\"}}],\"inLanguage\":\"ca\"},{\"@type\":\"Organization\",\"@id\":\"https:\/\/www.noubarris.net\/web40\/#organization\",\"name\":\"NouBarris.Net\",\"url\":\"https:\/\/www.noubarris.net\/web40\/\",\"logo\":{\"@type\":\"ImageObject\",\"inLanguage\":\"ca\",\"@id\":\"https:\/\/www.noubarris.net\/web40\/#\/schema\/logo\/image\/\",\"url\":\"https:\/\/www.noubarris.net\/web40\/wp-content\/uploads\/2024\/11\/cropped-cropped-LOGO_9BTV-2024_Insta-1.jpg\",\"contentUrl\":\"https:\/\/www.noubarris.net\/web40\/wp-content\/uploads\/2024\/11\/cropped-cropped-LOGO_9BTV-2024_Insta-1.jpg\",\"width\":512,\"height\":512,\"caption\":\"NouBarris.Net\"},\"image\":{\"@id\":\"https:\/\/www.noubarris.net\/web40\/#\/schema\/logo\/image\/\"},\"sameAs\":[\"https:\/\/www.facebook.com\/NouBarris.net\/?locale=es_ES\",\"https:\/\/x.com\/9BTV\"]},{\"@type\":\"Person\",\"@id\":\"https:\/\/www.noubarris.net\/web40\/#\/schema\/person\/1827f92aaa316c54abbf4dac0de76069\",\"name\":\"Informatius\",\"image\":{\"@type\":\"ImageObject\",\"inLanguage\":\"ca\",\"@id\":\"https:\/\/www.noubarris.net\/web40\/#\/schema\/person\/image\/\",\"url\":\"https:\/\/secure.gravatar.com\/avatar\/87a3b47928835fc72c6ee5b0e1a7263ef0c2d05003a98189bc14926c5f11bcdb?s=96&d=mm&r=g\",\"contentUrl\":\"https:\/\/secure.gravatar.com\/avatar\/87a3b47928835fc72c6ee5b0e1a7263ef0c2d05003a98189bc14926c5f11bcdb?s=96&d=mm&r=g\",\"caption\":\"Informatius\"},\"url\":\"https:\/\/www.noubarris.net\/web40\/author\/tele\/\"}]}<\/script>\n<!-- \/ Yoast SEO plugin. -->","yoast_head_json":{"title":"Els interns del CP Lledoners impressionen en color blau \u201cLa imatge del jo mateix\u201d - NouBarris.Net","robots":{"index":"index","follow":"follow","max-snippet":"max-snippet:-1","max-image-preview":"max-image-preview:large","max-video-preview":"max-video-preview:-1"},"canonical":"https:\/\/www.noubarris.net\/web40\/els-interns-del-cp-lledoners-impressionen-en-color-blau-la-imatge-del-jo-mateix\/","og_locale":"ca_ES","og_type":"article","og_title":"Els interns del CP Lledoners impressionen en color blau \u201cLa imatge del jo mateix\u201d - NouBarris.Net","og_description":"Can Bast\u00e9 exposa els treballs fotogr\u00e0fics fets amb la t\u00e8cnica de cianot\u00edpia en \u00a0llen\u00e7ols reciclats de la instituci\u00f3 &nbsp; Un","og_url":"https:\/\/www.noubarris.net\/web40\/els-interns-del-cp-lledoners-impressionen-en-color-blau-la-imatge-del-jo-mateix\/","og_site_name":"NouBarris.Net","article_publisher":"https:\/\/www.facebook.com\/NouBarris.net\/?locale=es_ES","article_published_time":"2017-09-03T22:00:22+00:00","og_image":[{"width":768,"height":432,"url":"https:\/\/www.noubarris.net\/web40\/wp-content\/uploads\/2017\/09\/040917.jpg","type":"image\/jpeg"}],"author":"Informatius","twitter_card":"summary_large_image","twitter_creator":"@9BTV","twitter_site":"@9BTV","twitter_misc":{"Escrit per":"Informatius","Temps estimat de lectura":"1 minut"},"schema":{"@context":"https:\/\/schema.org","@graph":[{"@type":"Article","@id":"https:\/\/www.noubarris.net\/web40\/els-interns-del-cp-lledoners-impressionen-en-color-blau-la-imatge-del-jo-mateix\/#article","isPartOf":{"@id":"https:\/\/www.noubarris.net\/web40\/els-interns-del-cp-lledoners-impressionen-en-color-blau-la-imatge-del-jo-mateix\/"},"author":{"name":"Informatius","@id":"https:\/\/www.noubarris.net\/web40\/#\/schema\/person\/1827f92aaa316c54abbf4dac0de76069"},"headline":"Els interns del CP Lledoners impressionen en color blau \u201cLa imatge del jo mateix\u201d","datePublished":"2017-09-03T22:00:22+00:00","mainEntityOfPage":{"@id":"https:\/\/www.noubarris.net\/web40\/els-interns-del-cp-lledoners-impressionen-en-color-blau-la-imatge-del-jo-mateix\/"},"wordCount":255,"publisher":{"@id":"https:\/\/www.noubarris.net\/web40\/#organization"},"image":{"@id":"https:\/\/www.noubarris.net\/web40\/els-interns-del-cp-lledoners-impressionen-en-color-blau-la-imatge-del-jo-mateix\/#primaryimage"},"thumbnailUrl":"https:\/\/www.noubarris.net\/web40\/wp-content\/uploads\/2017\/09\/040917.jpg","keywords":["Can Bast\u00e9","El Tur\u00f3 de la Peira","Exposici\u00f3"],"articleSection":["Cultura","El Tur\u00f3 de la Peira"],"inLanguage":"ca"},{"@type":"WebPage","@id":"https:\/\/www.noubarris.net\/web40\/els-interns-del-cp-lledoners-impressionen-en-color-blau-la-imatge-del-jo-mateix\/","url":"https:\/\/www.noubarris.net\/web40\/els-interns-del-cp-lledoners-impressionen-en-color-blau-la-imatge-del-jo-mateix\/","name":"Els interns del CP Lledoners impressionen en color blau \u201cLa imatge del jo mateix\u201d - NouBarris.Net","isPartOf":{"@id":"https:\/\/www.noubarris.net\/web40\/#website"},"primaryImageOfPage":{"@id":"https:\/\/www.noubarris.net\/web40\/els-interns-del-cp-lledoners-impressionen-en-color-blau-la-imatge-del-jo-mateix\/#primaryimage"},"image":{"@id":"https:\/\/www.noubarris.net\/web40\/els-interns-del-cp-lledoners-impressionen-en-color-blau-la-imatge-del-jo-mateix\/#primaryimage"},"thumbnailUrl":"https:\/\/www.noubarris.net\/web40\/wp-content\/uploads\/2017\/09\/040917.jpg","datePublished":"2017-09-03T22:00:22+00:00","breadcrumb":{"@id":"https:\/\/www.noubarris.net\/web40\/els-interns-del-cp-lledoners-impressionen-en-color-blau-la-imatge-del-jo-mateix\/#breadcrumb"},"inLanguage":"ca","potentialAction":[{"@type":"ReadAction","target":["https:\/\/www.noubarris.net\/web40\/els-interns-del-cp-lledoners-impressionen-en-color-blau-la-imatge-del-jo-mateix\/"]}]},{"@type":"ImageObject","inLanguage":"ca","@id":"https:\/\/www.noubarris.net\/web40\/els-interns-del-cp-lledoners-impressionen-en-color-blau-la-imatge-del-jo-mateix\/#primaryimage","url":"https:\/\/www.noubarris.net\/web40\/wp-content\/uploads\/2017\/09\/040917.jpg","contentUrl":"https:\/\/www.noubarris.net\/web40\/wp-content\/uploads\/2017\/09\/040917.jpg","width":768,"height":432},{"@type":"BreadcrumbList","@id":"https:\/\/www.noubarris.net\/web40\/els-interns-del-cp-lledoners-impressionen-en-color-blau-la-imatge-del-jo-mateix\/#breadcrumb","itemListElement":[{"@type":"ListItem","position":1,"name":"Inici","item":"https:\/\/www.noubarris.net\/web40\/"},{"@type":"ListItem","position":2,"name":"Els interns del CP Lledoners impressionen en color blau \u201cLa imatge del jo mateix\u201d"}]},{"@type":"WebSite","@id":"https:\/\/www.noubarris.net\/web40\/#website","url":"https:\/\/www.noubarris.net\/web40\/","name":"NouBarris.Net","description":"Seguint la vida de Nou Barris des de 1985","publisher":{"@id":"https:\/\/www.noubarris.net\/web40\/#organization"},"potentialAction":[{"@type":"SearchAction","target":{"@type":"EntryPoint","urlTemplate":"https:\/\/www.noubarris.net\/web40\/?s={search_term_string}"},"query-input":{"@type":"PropertyValueSpecification","valueRequired":true,"valueName":"search_term_string"}}],"inLanguage":"ca"},{"@type":"Organization","@id":"https:\/\/www.noubarris.net\/web40\/#organization","name":"NouBarris.Net","url":"https:\/\/www.noubarris.net\/web40\/","logo":{"@type":"ImageObject","inLanguage":"ca","@id":"https:\/\/www.noubarris.net\/web40\/#\/schema\/logo\/image\/","url":"https:\/\/www.noubarris.net\/web40\/wp-content\/uploads\/2024\/11\/cropped-cropped-LOGO_9BTV-2024_Insta-1.jpg","contentUrl":"https:\/\/www.noubarris.net\/web40\/wp-content\/uploads\/2024\/11\/cropped-cropped-LOGO_9BTV-2024_Insta-1.jpg","width":512,"height":512,"caption":"NouBarris.Net"},"image":{"@id":"https:\/\/www.noubarris.net\/web40\/#\/schema\/logo\/image\/"},"sameAs":["https:\/\/www.facebook.com\/NouBarris.net\/?locale=es_ES","https:\/\/x.com\/9BTV"]},{"@type":"Person","@id":"https:\/\/www.noubarris.net\/web40\/#\/schema\/person\/1827f92aaa316c54abbf4dac0de76069","name":"Informatius","image":{"@type":"ImageObject","inLanguage":"ca","@id":"https:\/\/www.noubarris.net\/web40\/#\/schema\/person\/image\/","url":"https:\/\/secure.gravatar.com\/avatar\/87a3b47928835fc72c6ee5b0e1a7263ef0c2d05003a98189bc14926c5f11bcdb?s=96&d=mm&r=g","contentUrl":"https:\/\/secure.gravatar.com\/avatar\/87a3b47928835fc72c6ee5b0e1a7263ef0c2d05003a98189bc14926c5f11bcdb?s=96&d=mm&r=g","caption":"Informatius"},"url":"https:\/\/www.noubarris.net\/web40\/author\/tele\/"}]}},"_links":{"self":[{"href":"https:\/\/www.noubarris.net\/web40\/wp-json\/wp\/v2\/posts\/70253","targetHints":{"allow":["GET"]}}],"collection":[{"href":"https:\/\/www.noubarris.net\/web40\/wp-json\/wp\/v2\/posts"}],"about":[{"href":"https:\/\/www.noubarris.net\/web40\/wp-json\/wp\/v2\/types\/post"}],"author":[{"embeddable":true,"href":"https:\/\/www.noubarris.net\/web40\/wp-json\/wp\/v2\/users\/2"}],"replies":[{"embeddable":true,"href":"https:\/\/www.noubarris.net\/web40\/wp-json\/wp\/v2\/comments?post=70253"}],"version-history":[{"count":0,"href":"https:\/\/www.noubarris.net\/web40\/wp-json\/wp\/v2\/posts\/70253\/revisions"}],"wp:featuredmedia":[{"embeddable":true,"href":"https:\/\/www.noubarris.net\/web40\/wp-json\/wp\/v2\/media\/70254"}],"wp:attachment":[{"href":"https:\/\/www.noubarris.net\/web40\/wp-json\/wp\/v2\/media?parent=70253"}],"wp:term":[{"taxonomy":"category","embeddable":true,"href":"https:\/\/www.noubarris.net\/web40\/wp-json\/wp\/v2\/categories?post=70253"},{"taxonomy":"post_tag","embeddable":true,"href":"https:\/\/www.noubarris.net\/web40\/wp-json\/wp\/v2\/tags?post=70253"}],"curies":[{"name":"wp","href":"https:\/\/api.w.org\/{rel}","templated":true}]}}