{"id":70256,"date":"2017-09-05T00:00:20","date_gmt":"2017-09-04T22:00:20","guid":{"rendered":"http:\/\/www.noubarris.net\/web40\/?p=70256"},"modified":"2017-09-04T13:13:21","modified_gmt":"2017-09-04T11:13:21","slug":"el-mercat-de-nuria-subsisteix-amb-tan-sols-dues-parades","status":"publish","type":"post","link":"https:\/\/www.noubarris.net\/web40\/el-mercat-de-nuria-subsisteix-amb-tan-sols-dues-parades\/","title":{"rendered":"El Mercat de N\u00faria subsisteix amb tan sols dues parades"},"content":{"rendered":"<p><strong>L\u2019Ajuntament avaluar\u00e0 la viabilitat i el futur d\u2019aquest equipament<\/strong><\/p>\n<p>El futur del Mercat de N\u00faria perilla si no hi ha una intervenci\u00f3. L\u2019Ajuntament avaluar\u00e0 la viabilitat del mercat, que a hores d\u2019ara nom\u00e9s t\u00e9 dues parades obertes.\u00a0 En els darrers 12 anys, els paradistes han anat abaixant les persianes, l\u2019oferta s\u2019ha redu\u00eft nom\u00e9s a fruita i carn, i la majoria de clients han marxat a altres establiments comercials.<\/p>\n<p>Des de fa anys els comerciants i ve\u00efns demanen ajut a l\u2019Ajuntament per salvar el mercat. Ara la situaci\u00f3 \u00e9s cr\u00edtica i el mercat podria tancar en pocs mesos. \u00a0\u201cNo \u00e9s rendible. \u2013 lamenta en Manuel Mart\u00edn, president dels concessionaris del Mercat de N\u00faria &#8211; \u00a0\u00a0Mirar\u00e9 el que puc aguantar per\u00f2 si al Nadal no hi ha millores, em plantejo tancar. Fa temps que posem diners per poder continuar.\u201d La parada de fruita d\u2019en Manuel i una tocineria, s\u00f3n les darreres que subsisteixen, a banda del servei de bar. \u201cFalta peix, falta embotit, falta carn&#8230; ara estem en un moment en qu\u00e8 no hi ha res. Esperem que vinguin els quatre clients fixos de sempre i a veure si li donen una soluci\u00f3\u201d, afegeix Mart\u00edn. \u00a0\u201cTotes les parades han anat caient i mira com \u00e9s ara, tot tancat. &#8211;\u00a0 comenta la Victoria Vilar, una exparadista del Mercat de N\u00faria que va decidir plegar ara fa 4 anys &#8211; Al final aix\u00f2 es tancar\u00e0 i tota la zona es quedar\u00e0 sense res. \u00c9s un barri pobre i aqu\u00ed necessitem un mercat\u201d.<\/p>\n<p>Els paradistes recorden com fa 30 anys, el Mercat de N\u00faria era un establiment totalment diferent a l\u2019actual. A les 7h del mat\u00ed ja hi havia cues de clients per comprar. \u201c Porto treballant aqu\u00ed des del 88, aix\u00f2 era una meravella de mercat. Hi havia cues d\u2019una hora a la meva parada. La parada ve\u00efna m\u2019havia de dir que li deix\u00e9s lloc, perqu\u00e8 la cua era llargu\u00edssima. Ara fa uns quants anys que \u00e9s un desastre\u201d, rememora Mart\u00edn.\u00a0 Els clients de tota la vida, encara fidels al mercat, s\u2019entristeixen veient el futur que l\u2019espera al mercat si no hi ha solucions. \u201cVenies i estava tot abarrotat, ens coneix\u00edem tots. Ara em poso trista. Molta gent ja ni ve. Em diuen \u2018ui, ja fa tant que no vaig a al mercat!\u2019 \u00c9s una ll\u00e0stima perqu\u00e8 ens fem grans i no tindrem on anar a comprar\u201d, lamenta la Mar\u00eda Dolores Alonso, una clienta de tota la vida.<\/p>\n<p>La majoria dels clients ha marxat a comprar a altres establiments amb m\u00e9s oferta comercial. \u00a0\u201cVas a la part baixa del barri perqu\u00e8 hi ha de tot i ja carregues amb fruita, amb tot\u201d, comenta la Francisca Mayo, una de les poques clientes que encara puja fins al mercat de N\u00faria. \u00a0\u201cNo podem tenir una oferta de mercat com la que haur\u00edem de tenir. \u2013 afegeix Mart\u00edn- \u00a0\u00c9s millor plegar i que hi posin un supermercat on la gent pugui comprar. Que la gent gran tingui una oferta. Si ha d\u2019agafar el bus per anar al supermercat, \u00e9s una ll\u00e0stima que no li puguem oferir aqu\u00ed.\u201d<\/p>\n<p>En els propers mesos l\u2019Ajuntament destinar\u00e0 150.000 euros per fer un estudi de la viabilitat del mercat. A partir dels resultats de l\u2019estudi es decidir\u00e0 el futur d\u2019aquest equipament.<\/p>\n","protected":false},"excerpt":{"rendered":"<p>L\u2019Ajuntament avaluar\u00e0 la viabilitat i el futur d\u2019aquest equipament El futur del Mercat de N\u00faria perilla si no hi ha<\/p>\n","protected":false},"author":2,"featured_media":70257,"comment_status":"closed","ping_status":"closed","sticky":false,"template":"","format":"standard","meta":{"colormag_page_layout":"default_layout","_monsterinsights_skip_tracking":false,"_monsterinsights_sitenote_active":false,"_monsterinsights_sitenote_note":"","_monsterinsights_sitenote_category":0,"footnotes":""},"categories":[132,124],"tags":[54,153,121,233],"class_list":["post-70256","post","type-post","status-publish","format-standard","has-post-thumbnail","hentry","category-ciutat-meridiana","category-societat","tag-ciutat-meridiana","tag-comerc","tag-equipaments","tag-mercat-de-nuria"],"yoast_head":"<!-- This site is optimized with the Yoast SEO plugin v25.3 - https:\/\/yoast.com\/wordpress\/plugins\/seo\/ -->\n<title>El Mercat de N\u00faria subsisteix amb tan sols dues parades - NouBarris.Net<\/title>\n<meta name=\"robots\" content=\"index, follow, max-snippet:-1, max-image-preview:large, max-video-preview:-1\" \/>\n<link rel=\"canonical\" href=\"https:\/\/www.noubarris.net\/web40\/el-mercat-de-nuria-subsisteix-amb-tan-sols-dues-parades\/\" \/>\n<meta property=\"og:locale\" content=\"ca_ES\" \/>\n<meta property=\"og:type\" content=\"article\" \/>\n<meta property=\"og:title\" content=\"El Mercat de N\u00faria subsisteix amb tan sols dues parades - NouBarris.Net\" \/>\n<meta property=\"og:description\" content=\"L\u2019Ajuntament avaluar\u00e0 la viabilitat i el futur d\u2019aquest equipament El futur del Mercat de N\u00faria perilla si no hi ha\" \/>\n<meta property=\"og:url\" content=\"https:\/\/www.noubarris.net\/web40\/el-mercat-de-nuria-subsisteix-amb-tan-sols-dues-parades\/\" \/>\n<meta property=\"og:site_name\" content=\"NouBarris.Net\" \/>\n<meta property=\"article:publisher\" content=\"https:\/\/www.facebook.com\/NouBarris.net\/?locale=es_ES\" \/>\n<meta property=\"article:published_time\" content=\"2017-09-04T22:00:20+00:00\" \/>\n<meta property=\"og:image\" content=\"https:\/\/www.noubarris.net\/web40\/wp-content\/uploads\/2017\/09\/050917.jpg\" \/>\n\t<meta property=\"og:image:width\" content=\"768\" \/>\n\t<meta property=\"og:image:height\" content=\"432\" \/>\n\t<meta property=\"og:image:type\" content=\"image\/jpeg\" \/>\n<meta name=\"author\" content=\"Informatius\" \/>\n<meta name=\"twitter:card\" content=\"summary_large_image\" \/>\n<meta name=\"twitter:creator\" content=\"@9BTV\" \/>\n<meta name=\"twitter:site\" content=\"@9BTV\" \/>\n<meta name=\"twitter:label1\" content=\"Escrit per\" \/>\n\t<meta name=\"twitter:data1\" content=\"Informatius\" \/>\n\t<meta name=\"twitter:label2\" content=\"Temps estimat de lectura\" \/>\n\t<meta name=\"twitter:data2\" content=\"3 minuts\" \/>\n<script type=\"application\/ld+json\" class=\"yoast-schema-graph\">{\"@context\":\"https:\/\/schema.org\",\"@graph\":[{\"@type\":\"Article\",\"@id\":\"https:\/\/www.noubarris.net\/web40\/el-mercat-de-nuria-subsisteix-amb-tan-sols-dues-parades\/#article\",\"isPartOf\":{\"@id\":\"https:\/\/www.noubarris.net\/web40\/el-mercat-de-nuria-subsisteix-amb-tan-sols-dues-parades\/\"},\"author\":{\"name\":\"Informatius\",\"@id\":\"https:\/\/www.noubarris.net\/web40\/#\/schema\/person\/1827f92aaa316c54abbf4dac0de76069\"},\"headline\":\"El Mercat de N\u00faria subsisteix amb tan sols dues parades\",\"datePublished\":\"2017-09-04T22:00:20+00:00\",\"mainEntityOfPage\":{\"@id\":\"https:\/\/www.noubarris.net\/web40\/el-mercat-de-nuria-subsisteix-amb-tan-sols-dues-parades\/\"},\"wordCount\":583,\"publisher\":{\"@id\":\"https:\/\/www.noubarris.net\/web40\/#organization\"},\"image\":{\"@id\":\"https:\/\/www.noubarris.net\/web40\/el-mercat-de-nuria-subsisteix-amb-tan-sols-dues-parades\/#primaryimage\"},\"thumbnailUrl\":\"https:\/\/www.noubarris.net\/web40\/wp-content\/uploads\/2017\/09\/050917.jpg\",\"keywords\":[\"Ciutat Meridiana\",\"Comer\u00e7\",\"Equipaments\",\"Mercat de N\u00faria\"],\"articleSection\":[\"Ciutat Meridiana\",\"Societat\"],\"inLanguage\":\"ca\"},{\"@type\":\"WebPage\",\"@id\":\"https:\/\/www.noubarris.net\/web40\/el-mercat-de-nuria-subsisteix-amb-tan-sols-dues-parades\/\",\"url\":\"https:\/\/www.noubarris.net\/web40\/el-mercat-de-nuria-subsisteix-amb-tan-sols-dues-parades\/\",\"name\":\"El Mercat de N\u00faria subsisteix amb tan sols dues parades - NouBarris.Net\",\"isPartOf\":{\"@id\":\"https:\/\/www.noubarris.net\/web40\/#website\"},\"primaryImageOfPage\":{\"@id\":\"https:\/\/www.noubarris.net\/web40\/el-mercat-de-nuria-subsisteix-amb-tan-sols-dues-parades\/#primaryimage\"},\"image\":{\"@id\":\"https:\/\/www.noubarris.net\/web40\/el-mercat-de-nuria-subsisteix-amb-tan-sols-dues-parades\/#primaryimage\"},\"thumbnailUrl\":\"https:\/\/www.noubarris.net\/web40\/wp-content\/uploads\/2017\/09\/050917.jpg\",\"datePublished\":\"2017-09-04T22:00:20+00:00\",\"breadcrumb\":{\"@id\":\"https:\/\/www.noubarris.net\/web40\/el-mercat-de-nuria-subsisteix-amb-tan-sols-dues-parades\/#breadcrumb\"},\"inLanguage\":\"ca\",\"potentialAction\":[{\"@type\":\"ReadAction\",\"target\":[\"https:\/\/www.noubarris.net\/web40\/el-mercat-de-nuria-subsisteix-amb-tan-sols-dues-parades\/\"]}]},{\"@type\":\"ImageObject\",\"inLanguage\":\"ca\",\"@id\":\"https:\/\/www.noubarris.net\/web40\/el-mercat-de-nuria-subsisteix-amb-tan-sols-dues-parades\/#primaryimage\",\"url\":\"https:\/\/www.noubarris.net\/web40\/wp-content\/uploads\/2017\/09\/050917.jpg\",\"contentUrl\":\"https:\/\/www.noubarris.net\/web40\/wp-content\/uploads\/2017\/09\/050917.jpg\",\"width\":768,\"height\":432},{\"@type\":\"BreadcrumbList\",\"@id\":\"https:\/\/www.noubarris.net\/web40\/el-mercat-de-nuria-subsisteix-amb-tan-sols-dues-parades\/#breadcrumb\",\"itemListElement\":[{\"@type\":\"ListItem\",\"position\":1,\"name\":\"Inici\",\"item\":\"https:\/\/www.noubarris.net\/web40\/\"},{\"@type\":\"ListItem\",\"position\":2,\"name\":\"El Mercat de N\u00faria subsisteix amb tan sols dues parades\"}]},{\"@type\":\"WebSite\",\"@id\":\"https:\/\/www.noubarris.net\/web40\/#website\",\"url\":\"https:\/\/www.noubarris.net\/web40\/\",\"name\":\"NouBarris.Net\",\"description\":\"Seguint la vida de Nou Barris des de 1985\",\"publisher\":{\"@id\":\"https:\/\/www.noubarris.net\/web40\/#organization\"},\"potentialAction\":[{\"@type\":\"SearchAction\",\"target\":{\"@type\":\"EntryPoint\",\"urlTemplate\":\"https:\/\/www.noubarris.net\/web40\/?s={search_term_string}\"},\"query-input\":{\"@type\":\"PropertyValueSpecification\",\"valueRequired\":true,\"valueName\":\"search_term_string\"}}],\"inLanguage\":\"ca\"},{\"@type\":\"Organization\",\"@id\":\"https:\/\/www.noubarris.net\/web40\/#organization\",\"name\":\"NouBarris.Net\",\"url\":\"https:\/\/www.noubarris.net\/web40\/\",\"logo\":{\"@type\":\"ImageObject\",\"inLanguage\":\"ca\",\"@id\":\"https:\/\/www.noubarris.net\/web40\/#\/schema\/logo\/image\/\",\"url\":\"https:\/\/www.noubarris.net\/web40\/wp-content\/uploads\/2024\/11\/cropped-cropped-LOGO_9BTV-2024_Insta-1.jpg\",\"contentUrl\":\"https:\/\/www.noubarris.net\/web40\/wp-content\/uploads\/2024\/11\/cropped-cropped-LOGO_9BTV-2024_Insta-1.jpg\",\"width\":512,\"height\":512,\"caption\":\"NouBarris.Net\"},\"image\":{\"@id\":\"https:\/\/www.noubarris.net\/web40\/#\/schema\/logo\/image\/\"},\"sameAs\":[\"https:\/\/www.facebook.com\/NouBarris.net\/?locale=es_ES\",\"https:\/\/x.com\/9BTV\"]},{\"@type\":\"Person\",\"@id\":\"https:\/\/www.noubarris.net\/web40\/#\/schema\/person\/1827f92aaa316c54abbf4dac0de76069\",\"name\":\"Informatius\",\"image\":{\"@type\":\"ImageObject\",\"inLanguage\":\"ca\",\"@id\":\"https:\/\/www.noubarris.net\/web40\/#\/schema\/person\/image\/\",\"url\":\"https:\/\/secure.gravatar.com\/avatar\/87a3b47928835fc72c6ee5b0e1a7263ef0c2d05003a98189bc14926c5f11bcdb?s=96&d=mm&r=g\",\"contentUrl\":\"https:\/\/secure.gravatar.com\/avatar\/87a3b47928835fc72c6ee5b0e1a7263ef0c2d05003a98189bc14926c5f11bcdb?s=96&d=mm&r=g\",\"caption\":\"Informatius\"},\"url\":\"https:\/\/www.noubarris.net\/web40\/author\/tele\/\"}]}<\/script>\n<!-- \/ Yoast SEO plugin. -->","yoast_head_json":{"title":"El Mercat de N\u00faria subsisteix amb tan sols dues parades - NouBarris.Net","robots":{"index":"index","follow":"follow","max-snippet":"max-snippet:-1","max-image-preview":"max-image-preview:large","max-video-preview":"max-video-preview:-1"},"canonical":"https:\/\/www.noubarris.net\/web40\/el-mercat-de-nuria-subsisteix-amb-tan-sols-dues-parades\/","og_locale":"ca_ES","og_type":"article","og_title":"El Mercat de N\u00faria subsisteix amb tan sols dues parades - NouBarris.Net","og_description":"L\u2019Ajuntament avaluar\u00e0 la viabilitat i el futur d\u2019aquest equipament El futur del Mercat de N\u00faria perilla si no hi ha","og_url":"https:\/\/www.noubarris.net\/web40\/el-mercat-de-nuria-subsisteix-amb-tan-sols-dues-parades\/","og_site_name":"NouBarris.Net","article_publisher":"https:\/\/www.facebook.com\/NouBarris.net\/?locale=es_ES","article_published_time":"2017-09-04T22:00:20+00:00","og_image":[{"width":768,"height":432,"url":"https:\/\/www.noubarris.net\/web40\/wp-content\/uploads\/2017\/09\/050917.jpg","type":"image\/jpeg"}],"author":"Informatius","twitter_card":"summary_large_image","twitter_creator":"@9BTV","twitter_site":"@9BTV","twitter_misc":{"Escrit per":"Informatius","Temps estimat de lectura":"3 minuts"},"schema":{"@context":"https:\/\/schema.org","@graph":[{"@type":"Article","@id":"https:\/\/www.noubarris.net\/web40\/el-mercat-de-nuria-subsisteix-amb-tan-sols-dues-parades\/#article","isPartOf":{"@id":"https:\/\/www.noubarris.net\/web40\/el-mercat-de-nuria-subsisteix-amb-tan-sols-dues-parades\/"},"author":{"name":"Informatius","@id":"https:\/\/www.noubarris.net\/web40\/#\/schema\/person\/1827f92aaa316c54abbf4dac0de76069"},"headline":"El Mercat de N\u00faria subsisteix amb tan sols dues parades","datePublished":"2017-09-04T22:00:20+00:00","mainEntityOfPage":{"@id":"https:\/\/www.noubarris.net\/web40\/el-mercat-de-nuria-subsisteix-amb-tan-sols-dues-parades\/"},"wordCount":583,"publisher":{"@id":"https:\/\/www.noubarris.net\/web40\/#organization"},"image":{"@id":"https:\/\/www.noubarris.net\/web40\/el-mercat-de-nuria-subsisteix-amb-tan-sols-dues-parades\/#primaryimage"},"thumbnailUrl":"https:\/\/www.noubarris.net\/web40\/wp-content\/uploads\/2017\/09\/050917.jpg","keywords":["Ciutat Meridiana","Comer\u00e7","Equipaments","Mercat de N\u00faria"],"articleSection":["Ciutat Meridiana","Societat"],"inLanguage":"ca"},{"@type":"WebPage","@id":"https:\/\/www.noubarris.net\/web40\/el-mercat-de-nuria-subsisteix-amb-tan-sols-dues-parades\/","url":"https:\/\/www.noubarris.net\/web40\/el-mercat-de-nuria-subsisteix-amb-tan-sols-dues-parades\/","name":"El Mercat de N\u00faria subsisteix amb tan sols dues parades - NouBarris.Net","isPartOf":{"@id":"https:\/\/www.noubarris.net\/web40\/#website"},"primaryImageOfPage":{"@id":"https:\/\/www.noubarris.net\/web40\/el-mercat-de-nuria-subsisteix-amb-tan-sols-dues-parades\/#primaryimage"},"image":{"@id":"https:\/\/www.noubarris.net\/web40\/el-mercat-de-nuria-subsisteix-amb-tan-sols-dues-parades\/#primaryimage"},"thumbnailUrl":"https:\/\/www.noubarris.net\/web40\/wp-content\/uploads\/2017\/09\/050917.jpg","datePublished":"2017-09-04T22:00:20+00:00","breadcrumb":{"@id":"https:\/\/www.noubarris.net\/web40\/el-mercat-de-nuria-subsisteix-amb-tan-sols-dues-parades\/#breadcrumb"},"inLanguage":"ca","potentialAction":[{"@type":"ReadAction","target":["https:\/\/www.noubarris.net\/web40\/el-mercat-de-nuria-subsisteix-amb-tan-sols-dues-parades\/"]}]},{"@type":"ImageObject","inLanguage":"ca","@id":"https:\/\/www.noubarris.net\/web40\/el-mercat-de-nuria-subsisteix-amb-tan-sols-dues-parades\/#primaryimage","url":"https:\/\/www.noubarris.net\/web40\/wp-content\/uploads\/2017\/09\/050917.jpg","contentUrl":"https:\/\/www.noubarris.net\/web40\/wp-content\/uploads\/2017\/09\/050917.jpg","width":768,"height":432},{"@type":"BreadcrumbList","@id":"https:\/\/www.noubarris.net\/web40\/el-mercat-de-nuria-subsisteix-amb-tan-sols-dues-parades\/#breadcrumb","itemListElement":[{"@type":"ListItem","position":1,"name":"Inici","item":"https:\/\/www.noubarris.net\/web40\/"},{"@type":"ListItem","position":2,"name":"El Mercat de N\u00faria subsisteix amb tan sols dues parades"}]},{"@type":"WebSite","@id":"https:\/\/www.noubarris.net\/web40\/#website","url":"https:\/\/www.noubarris.net\/web40\/","name":"NouBarris.Net","description":"Seguint la vida de Nou Barris des de 1985","publisher":{"@id":"https:\/\/www.noubarris.net\/web40\/#organization"},"potentialAction":[{"@type":"SearchAction","target":{"@type":"EntryPoint","urlTemplate":"https:\/\/www.noubarris.net\/web40\/?s={search_term_string}"},"query-input":{"@type":"PropertyValueSpecification","valueRequired":true,"valueName":"search_term_string"}}],"inLanguage":"ca"},{"@type":"Organization","@id":"https:\/\/www.noubarris.net\/web40\/#organization","name":"NouBarris.Net","url":"https:\/\/www.noubarris.net\/web40\/","logo":{"@type":"ImageObject","inLanguage":"ca","@id":"https:\/\/www.noubarris.net\/web40\/#\/schema\/logo\/image\/","url":"https:\/\/www.noubarris.net\/web40\/wp-content\/uploads\/2024\/11\/cropped-cropped-LOGO_9BTV-2024_Insta-1.jpg","contentUrl":"https:\/\/www.noubarris.net\/web40\/wp-content\/uploads\/2024\/11\/cropped-cropped-LOGO_9BTV-2024_Insta-1.jpg","width":512,"height":512,"caption":"NouBarris.Net"},"image":{"@id":"https:\/\/www.noubarris.net\/web40\/#\/schema\/logo\/image\/"},"sameAs":["https:\/\/www.facebook.com\/NouBarris.net\/?locale=es_ES","https:\/\/x.com\/9BTV"]},{"@type":"Person","@id":"https:\/\/www.noubarris.net\/web40\/#\/schema\/person\/1827f92aaa316c54abbf4dac0de76069","name":"Informatius","image":{"@type":"ImageObject","inLanguage":"ca","@id":"https:\/\/www.noubarris.net\/web40\/#\/schema\/person\/image\/","url":"https:\/\/secure.gravatar.com\/avatar\/87a3b47928835fc72c6ee5b0e1a7263ef0c2d05003a98189bc14926c5f11bcdb?s=96&d=mm&r=g","contentUrl":"https:\/\/secure.gravatar.com\/avatar\/87a3b47928835fc72c6ee5b0e1a7263ef0c2d05003a98189bc14926c5f11bcdb?s=96&d=mm&r=g","caption":"Informatius"},"url":"https:\/\/www.noubarris.net\/web40\/author\/tele\/"}]}},"_links":{"self":[{"href":"https:\/\/www.noubarris.net\/web40\/wp-json\/wp\/v2\/posts\/70256","targetHints":{"allow":["GET"]}}],"collection":[{"href":"https:\/\/www.noubarris.net\/web40\/wp-json\/wp\/v2\/posts"}],"about":[{"href":"https:\/\/www.noubarris.net\/web40\/wp-json\/wp\/v2\/types\/post"}],"author":[{"embeddable":true,"href":"https:\/\/www.noubarris.net\/web40\/wp-json\/wp\/v2\/users\/2"}],"replies":[{"embeddable":true,"href":"https:\/\/www.noubarris.net\/web40\/wp-json\/wp\/v2\/comments?post=70256"}],"version-history":[{"count":0,"href":"https:\/\/www.noubarris.net\/web40\/wp-json\/wp\/v2\/posts\/70256\/revisions"}],"wp:featuredmedia":[{"embeddable":true,"href":"https:\/\/www.noubarris.net\/web40\/wp-json\/wp\/v2\/media\/70257"}],"wp:attachment":[{"href":"https:\/\/www.noubarris.net\/web40\/wp-json\/wp\/v2\/media?parent=70256"}],"wp:term":[{"taxonomy":"category","embeddable":true,"href":"https:\/\/www.noubarris.net\/web40\/wp-json\/wp\/v2\/categories?post=70256"},{"taxonomy":"post_tag","embeddable":true,"href":"https:\/\/www.noubarris.net\/web40\/wp-json\/wp\/v2\/tags?post=70256"}],"curies":[{"name":"wp","href":"https:\/\/api.w.org\/{rel}","templated":true}]}}