{"id":70296,"date":"2017-09-15T00:00:46","date_gmt":"2017-09-14T22:00:46","guid":{"rendered":"http:\/\/www.noubarris.net\/web40\/?p=70296"},"modified":"2017-09-14T16:16:21","modified_gmt":"2017-09-14T14:16:21","slug":"el-poliesportiu-del-turo-de-la-peira-saixeca-amb-fusta-sostenible","status":"publish","type":"post","link":"https:\/\/www.noubarris.net\/web40\/el-poliesportiu-del-turo-de-la-peira-saixeca-amb-fusta-sostenible\/","title":{"rendered":"El poliesportiu del Tur\u00f3 de la Peira s\u2019aixeca amb fusta sostenible"},"content":{"rendered":"<p><strong>L&#8217;edifici s&#8217;ha dissenyat amb criteris mediambientals i d&#8217;estalvi energ\u00e8tic\u00a0<\/strong><\/p>\n<p>Es comen\u00e7a a divisar l\u2019estructura del futur poliesportiu amb piscina del Tur\u00f3 de la Peira i el que m\u00e9s sobta \u00e9s el material amb el qual s\u2019est\u00e0 fent aquesta estructura. No \u00e9s formig\u00f3, sin\u00f3 fusta. I no \u00e9s fusta qualsevol, sin\u00f3 fusta sostenible. \u00c9s a dir, que com en altres projectes que es duen a terme des de BIMSA i des de l&#8217;IBE (Institut Barcelona Esports), es treballa sota criteris de sostenibilitat en les obres i aquesta fusta disposa de garanties de proced\u00e8ncia d&#8217;explotacions forestals sostenibles (certificat FSC, PEFC o equivalent). De fet, segons l&#8217;\u00faltim informe sobre compra responsable de fusta elaborat pel Programa Ajuntament+Sostenible, el 89,5% de la fusta municipal adquirida durant el 2015 disposa de certificat de gesti\u00f3 forestal sostenible, el que significa un increment d&#8217;un 11,5% respecte a l&#8217;any anterior. S\u2019ha triat la fusta per a l\u2019estructura per afavorir-ne la lleugeresa i l&#8217;adequaci\u00f3 de l&#8217;ambient de la piscina.<\/p>\n<p>Amb aquesta fusta sostenible avan\u00e7a l\u2019obra, que est\u00e0 previst que acabi el novembre de 2018. No es l\u2019\u00fanic aspecte ecol\u00f2gic de l\u2019edifici. Es col\u00b7locar\u00e0 un jard\u00ed vertical que servir\u00e0 com a protecci\u00f3 solar i promour\u00e0 la biodiversitat. A m\u00e9s, l\u2019equipament tamb\u00e9 tindr\u00e0 plaques solars, fotovoltaiques i un sistema de climatitzaci\u00f3 aerot\u00e8rmica.<\/p>\n<p>Els pl\u00e0nols situen la piscina a la planta baixa del nou edifici i el poliesportiu tindr\u00e0 acc\u00e9s des del carrer de Sant Iscle. Una rampa exterior connectar\u00e0 directament amb la pista superior, que estar\u00e0 situada sobre la piscina i s&#8217;envoltar\u00e0 d&#8217;una xarxa per on creixer\u00e0 vegetaci\u00f3. Des d&#8217;aquest punt es podr\u00e0 veure el jard\u00ed que envoltar\u00e0 l&#8217;edifici. Est\u00e0 previst que aquest espai tamb\u00e9 pugui ser utilitzat per fer-hi tot tipus d&#8217;esdeveniments.<\/p>\n","protected":false},"excerpt":{"rendered":"<p>L&#8217;edifici s&#8217;ha dissenyat amb criteris mediambientals i d&#8217;estalvi energ\u00e8tic\u00a0 Es comen\u00e7a a divisar l\u2019estructura del futur poliesportiu amb piscina del<\/p>\n","protected":false},"author":2,"featured_media":70297,"comment_status":"closed","ping_status":"closed","sticky":false,"template":"","format":"standard","meta":{"colormag_page_layout":"default_layout","_monsterinsights_skip_tracking":false,"_monsterinsights_sitenote_active":false,"_monsterinsights_sitenote_note":"","_monsterinsights_sitenote_category":0,"footnotes":""},"categories":[139,302],"tags":[246,121,360],"class_list":["post-70296","post","type-post","status-publish","format-standard","has-post-thumbnail","hentry","category-el-turo-de-la-peira","category-urbanisme","tag-el-turo-de-la-peira","tag-equipaments","tag-obres"],"yoast_head":"<!-- This site is optimized with the Yoast SEO plugin v25.3 - https:\/\/yoast.com\/wordpress\/plugins\/seo\/ -->\n<title>El poliesportiu del Tur\u00f3 de la Peira s\u2019aixeca amb fusta sostenible - NouBarris.Net<\/title>\n<meta name=\"robots\" content=\"index, follow, max-snippet:-1, max-image-preview:large, max-video-preview:-1\" \/>\n<link rel=\"canonical\" href=\"https:\/\/www.noubarris.net\/web40\/el-poliesportiu-del-turo-de-la-peira-saixeca-amb-fusta-sostenible\/\" \/>\n<meta property=\"og:locale\" content=\"ca_ES\" \/>\n<meta property=\"og:type\" content=\"article\" \/>\n<meta property=\"og:title\" content=\"El poliesportiu del Tur\u00f3 de la Peira s\u2019aixeca amb fusta sostenible - NouBarris.Net\" \/>\n<meta property=\"og:description\" content=\"L&#8217;edifici s&#8217;ha dissenyat amb criteris mediambientals i d&#8217;estalvi energ\u00e8tic\u00a0 Es comen\u00e7a a divisar l\u2019estructura del futur poliesportiu amb piscina del\" \/>\n<meta property=\"og:url\" content=\"https:\/\/www.noubarris.net\/web40\/el-poliesportiu-del-turo-de-la-peira-saixeca-amb-fusta-sostenible\/\" \/>\n<meta property=\"og:site_name\" content=\"NouBarris.Net\" \/>\n<meta property=\"article:publisher\" content=\"https:\/\/www.facebook.com\/NouBarris.net\/?locale=es_ES\" \/>\n<meta property=\"article:published_time\" content=\"2017-09-14T22:00:46+00:00\" \/>\n<meta property=\"og:image\" content=\"https:\/\/www.noubarris.net\/web40\/wp-content\/uploads\/2017\/09\/150917.jpg\" \/>\n\t<meta property=\"og:image:width\" content=\"768\" \/>\n\t<meta property=\"og:image:height\" content=\"432\" \/>\n\t<meta property=\"og:image:type\" content=\"image\/jpeg\" \/>\n<meta name=\"author\" content=\"Informatius\" \/>\n<meta name=\"twitter:card\" content=\"summary_large_image\" \/>\n<meta name=\"twitter:creator\" content=\"@9BTV\" \/>\n<meta name=\"twitter:site\" content=\"@9BTV\" \/>\n<meta name=\"twitter:label1\" content=\"Escrit per\" \/>\n\t<meta name=\"twitter:data1\" content=\"Informatius\" \/>\n\t<meta name=\"twitter:label2\" content=\"Temps estimat de lectura\" \/>\n\t<meta name=\"twitter:data2\" content=\"1 minut\" \/>\n<script type=\"application\/ld+json\" class=\"yoast-schema-graph\">{\"@context\":\"https:\/\/schema.org\",\"@graph\":[{\"@type\":\"Article\",\"@id\":\"https:\/\/www.noubarris.net\/web40\/el-poliesportiu-del-turo-de-la-peira-saixeca-amb-fusta-sostenible\/#article\",\"isPartOf\":{\"@id\":\"https:\/\/www.noubarris.net\/web40\/el-poliesportiu-del-turo-de-la-peira-saixeca-amb-fusta-sostenible\/\"},\"author\":{\"name\":\"Informatius\",\"@id\":\"https:\/\/www.noubarris.net\/web40\/#\/schema\/person\/1827f92aaa316c54abbf4dac0de76069\"},\"headline\":\"El poliesportiu del Tur\u00f3 de la Peira s\u2019aixeca amb fusta sostenible\",\"datePublished\":\"2017-09-14T22:00:46+00:00\",\"mainEntityOfPage\":{\"@id\":\"https:\/\/www.noubarris.net\/web40\/el-poliesportiu-del-turo-de-la-peira-saixeca-amb-fusta-sostenible\/\"},\"wordCount\":325,\"publisher\":{\"@id\":\"https:\/\/www.noubarris.net\/web40\/#organization\"},\"image\":{\"@id\":\"https:\/\/www.noubarris.net\/web40\/el-poliesportiu-del-turo-de-la-peira-saixeca-amb-fusta-sostenible\/#primaryimage\"},\"thumbnailUrl\":\"https:\/\/www.noubarris.net\/web40\/wp-content\/uploads\/2017\/09\/150917.jpg\",\"keywords\":[\"El Tur\u00f3 de la Peira\",\"Equipaments\",\"Obres\"],\"articleSection\":[\"El Tur\u00f3 de la Peira\",\"Urbanisme\"],\"inLanguage\":\"ca\"},{\"@type\":\"WebPage\",\"@id\":\"https:\/\/www.noubarris.net\/web40\/el-poliesportiu-del-turo-de-la-peira-saixeca-amb-fusta-sostenible\/\",\"url\":\"https:\/\/www.noubarris.net\/web40\/el-poliesportiu-del-turo-de-la-peira-saixeca-amb-fusta-sostenible\/\",\"name\":\"El poliesportiu del Tur\u00f3 de la Peira s\u2019aixeca amb fusta sostenible - NouBarris.Net\",\"isPartOf\":{\"@id\":\"https:\/\/www.noubarris.net\/web40\/#website\"},\"primaryImageOfPage\":{\"@id\":\"https:\/\/www.noubarris.net\/web40\/el-poliesportiu-del-turo-de-la-peira-saixeca-amb-fusta-sostenible\/#primaryimage\"},\"image\":{\"@id\":\"https:\/\/www.noubarris.net\/web40\/el-poliesportiu-del-turo-de-la-peira-saixeca-amb-fusta-sostenible\/#primaryimage\"},\"thumbnailUrl\":\"https:\/\/www.noubarris.net\/web40\/wp-content\/uploads\/2017\/09\/150917.jpg\",\"datePublished\":\"2017-09-14T22:00:46+00:00\",\"breadcrumb\":{\"@id\":\"https:\/\/www.noubarris.net\/web40\/el-poliesportiu-del-turo-de-la-peira-saixeca-amb-fusta-sostenible\/#breadcrumb\"},\"inLanguage\":\"ca\",\"potentialAction\":[{\"@type\":\"ReadAction\",\"target\":[\"https:\/\/www.noubarris.net\/web40\/el-poliesportiu-del-turo-de-la-peira-saixeca-amb-fusta-sostenible\/\"]}]},{\"@type\":\"ImageObject\",\"inLanguage\":\"ca\",\"@id\":\"https:\/\/www.noubarris.net\/web40\/el-poliesportiu-del-turo-de-la-peira-saixeca-amb-fusta-sostenible\/#primaryimage\",\"url\":\"https:\/\/www.noubarris.net\/web40\/wp-content\/uploads\/2017\/09\/150917.jpg\",\"contentUrl\":\"https:\/\/www.noubarris.net\/web40\/wp-content\/uploads\/2017\/09\/150917.jpg\",\"width\":768,\"height\":432},{\"@type\":\"BreadcrumbList\",\"@id\":\"https:\/\/www.noubarris.net\/web40\/el-poliesportiu-del-turo-de-la-peira-saixeca-amb-fusta-sostenible\/#breadcrumb\",\"itemListElement\":[{\"@type\":\"ListItem\",\"position\":1,\"name\":\"Inici\",\"item\":\"https:\/\/www.noubarris.net\/web40\/\"},{\"@type\":\"ListItem\",\"position\":2,\"name\":\"El poliesportiu del Tur\u00f3 de la Peira s\u2019aixeca amb fusta sostenible\"}]},{\"@type\":\"WebSite\",\"@id\":\"https:\/\/www.noubarris.net\/web40\/#website\",\"url\":\"https:\/\/www.noubarris.net\/web40\/\",\"name\":\"NouBarris.Net\",\"description\":\"Seguint la vida de Nou Barris des de 1985\",\"publisher\":{\"@id\":\"https:\/\/www.noubarris.net\/web40\/#organization\"},\"potentialAction\":[{\"@type\":\"SearchAction\",\"target\":{\"@type\":\"EntryPoint\",\"urlTemplate\":\"https:\/\/www.noubarris.net\/web40\/?s={search_term_string}\"},\"query-input\":{\"@type\":\"PropertyValueSpecification\",\"valueRequired\":true,\"valueName\":\"search_term_string\"}}],\"inLanguage\":\"ca\"},{\"@type\":\"Organization\",\"@id\":\"https:\/\/www.noubarris.net\/web40\/#organization\",\"name\":\"NouBarris.Net\",\"url\":\"https:\/\/www.noubarris.net\/web40\/\",\"logo\":{\"@type\":\"ImageObject\",\"inLanguage\":\"ca\",\"@id\":\"https:\/\/www.noubarris.net\/web40\/#\/schema\/logo\/image\/\",\"url\":\"https:\/\/www.noubarris.net\/web40\/wp-content\/uploads\/2024\/11\/cropped-cropped-LOGO_9BTV-2024_Insta-1.jpg\",\"contentUrl\":\"https:\/\/www.noubarris.net\/web40\/wp-content\/uploads\/2024\/11\/cropped-cropped-LOGO_9BTV-2024_Insta-1.jpg\",\"width\":512,\"height\":512,\"caption\":\"NouBarris.Net\"},\"image\":{\"@id\":\"https:\/\/www.noubarris.net\/web40\/#\/schema\/logo\/image\/\"},\"sameAs\":[\"https:\/\/www.facebook.com\/NouBarris.net\/?locale=es_ES\",\"https:\/\/x.com\/9BTV\"]},{\"@type\":\"Person\",\"@id\":\"https:\/\/www.noubarris.net\/web40\/#\/schema\/person\/1827f92aaa316c54abbf4dac0de76069\",\"name\":\"Informatius\",\"image\":{\"@type\":\"ImageObject\",\"inLanguage\":\"ca\",\"@id\":\"https:\/\/www.noubarris.net\/web40\/#\/schema\/person\/image\/\",\"url\":\"https:\/\/secure.gravatar.com\/avatar\/87a3b47928835fc72c6ee5b0e1a7263ef0c2d05003a98189bc14926c5f11bcdb?s=96&d=mm&r=g\",\"contentUrl\":\"https:\/\/secure.gravatar.com\/avatar\/87a3b47928835fc72c6ee5b0e1a7263ef0c2d05003a98189bc14926c5f11bcdb?s=96&d=mm&r=g\",\"caption\":\"Informatius\"},\"url\":\"https:\/\/www.noubarris.net\/web40\/author\/tele\/\"}]}<\/script>\n<!-- \/ Yoast SEO plugin. -->","yoast_head_json":{"title":"El poliesportiu del Tur\u00f3 de la Peira s\u2019aixeca amb fusta sostenible - NouBarris.Net","robots":{"index":"index","follow":"follow","max-snippet":"max-snippet:-1","max-image-preview":"max-image-preview:large","max-video-preview":"max-video-preview:-1"},"canonical":"https:\/\/www.noubarris.net\/web40\/el-poliesportiu-del-turo-de-la-peira-saixeca-amb-fusta-sostenible\/","og_locale":"ca_ES","og_type":"article","og_title":"El poliesportiu del Tur\u00f3 de la Peira s\u2019aixeca amb fusta sostenible - NouBarris.Net","og_description":"L&#8217;edifici s&#8217;ha dissenyat amb criteris mediambientals i d&#8217;estalvi energ\u00e8tic\u00a0 Es comen\u00e7a a divisar l\u2019estructura del futur poliesportiu amb piscina del","og_url":"https:\/\/www.noubarris.net\/web40\/el-poliesportiu-del-turo-de-la-peira-saixeca-amb-fusta-sostenible\/","og_site_name":"NouBarris.Net","article_publisher":"https:\/\/www.facebook.com\/NouBarris.net\/?locale=es_ES","article_published_time":"2017-09-14T22:00:46+00:00","og_image":[{"width":768,"height":432,"url":"https:\/\/www.noubarris.net\/web40\/wp-content\/uploads\/2017\/09\/150917.jpg","type":"image\/jpeg"}],"author":"Informatius","twitter_card":"summary_large_image","twitter_creator":"@9BTV","twitter_site":"@9BTV","twitter_misc":{"Escrit per":"Informatius","Temps estimat de lectura":"1 minut"},"schema":{"@context":"https:\/\/schema.org","@graph":[{"@type":"Article","@id":"https:\/\/www.noubarris.net\/web40\/el-poliesportiu-del-turo-de-la-peira-saixeca-amb-fusta-sostenible\/#article","isPartOf":{"@id":"https:\/\/www.noubarris.net\/web40\/el-poliesportiu-del-turo-de-la-peira-saixeca-amb-fusta-sostenible\/"},"author":{"name":"Informatius","@id":"https:\/\/www.noubarris.net\/web40\/#\/schema\/person\/1827f92aaa316c54abbf4dac0de76069"},"headline":"El poliesportiu del Tur\u00f3 de la Peira s\u2019aixeca amb fusta sostenible","datePublished":"2017-09-14T22:00:46+00:00","mainEntityOfPage":{"@id":"https:\/\/www.noubarris.net\/web40\/el-poliesportiu-del-turo-de-la-peira-saixeca-amb-fusta-sostenible\/"},"wordCount":325,"publisher":{"@id":"https:\/\/www.noubarris.net\/web40\/#organization"},"image":{"@id":"https:\/\/www.noubarris.net\/web40\/el-poliesportiu-del-turo-de-la-peira-saixeca-amb-fusta-sostenible\/#primaryimage"},"thumbnailUrl":"https:\/\/www.noubarris.net\/web40\/wp-content\/uploads\/2017\/09\/150917.jpg","keywords":["El Tur\u00f3 de la Peira","Equipaments","Obres"],"articleSection":["El Tur\u00f3 de la Peira","Urbanisme"],"inLanguage":"ca"},{"@type":"WebPage","@id":"https:\/\/www.noubarris.net\/web40\/el-poliesportiu-del-turo-de-la-peira-saixeca-amb-fusta-sostenible\/","url":"https:\/\/www.noubarris.net\/web40\/el-poliesportiu-del-turo-de-la-peira-saixeca-amb-fusta-sostenible\/","name":"El poliesportiu del Tur\u00f3 de la Peira s\u2019aixeca amb fusta sostenible - NouBarris.Net","isPartOf":{"@id":"https:\/\/www.noubarris.net\/web40\/#website"},"primaryImageOfPage":{"@id":"https:\/\/www.noubarris.net\/web40\/el-poliesportiu-del-turo-de-la-peira-saixeca-amb-fusta-sostenible\/#primaryimage"},"image":{"@id":"https:\/\/www.noubarris.net\/web40\/el-poliesportiu-del-turo-de-la-peira-saixeca-amb-fusta-sostenible\/#primaryimage"},"thumbnailUrl":"https:\/\/www.noubarris.net\/web40\/wp-content\/uploads\/2017\/09\/150917.jpg","datePublished":"2017-09-14T22:00:46+00:00","breadcrumb":{"@id":"https:\/\/www.noubarris.net\/web40\/el-poliesportiu-del-turo-de-la-peira-saixeca-amb-fusta-sostenible\/#breadcrumb"},"inLanguage":"ca","potentialAction":[{"@type":"ReadAction","target":["https:\/\/www.noubarris.net\/web40\/el-poliesportiu-del-turo-de-la-peira-saixeca-amb-fusta-sostenible\/"]}]},{"@type":"ImageObject","inLanguage":"ca","@id":"https:\/\/www.noubarris.net\/web40\/el-poliesportiu-del-turo-de-la-peira-saixeca-amb-fusta-sostenible\/#primaryimage","url":"https:\/\/www.noubarris.net\/web40\/wp-content\/uploads\/2017\/09\/150917.jpg","contentUrl":"https:\/\/www.noubarris.net\/web40\/wp-content\/uploads\/2017\/09\/150917.jpg","width":768,"height":432},{"@type":"BreadcrumbList","@id":"https:\/\/www.noubarris.net\/web40\/el-poliesportiu-del-turo-de-la-peira-saixeca-amb-fusta-sostenible\/#breadcrumb","itemListElement":[{"@type":"ListItem","position":1,"name":"Inici","item":"https:\/\/www.noubarris.net\/web40\/"},{"@type":"ListItem","position":2,"name":"El poliesportiu del Tur\u00f3 de la Peira s\u2019aixeca amb fusta sostenible"}]},{"@type":"WebSite","@id":"https:\/\/www.noubarris.net\/web40\/#website","url":"https:\/\/www.noubarris.net\/web40\/","name":"NouBarris.Net","description":"Seguint la vida de Nou Barris des de 1985","publisher":{"@id":"https:\/\/www.noubarris.net\/web40\/#organization"},"potentialAction":[{"@type":"SearchAction","target":{"@type":"EntryPoint","urlTemplate":"https:\/\/www.noubarris.net\/web40\/?s={search_term_string}"},"query-input":{"@type":"PropertyValueSpecification","valueRequired":true,"valueName":"search_term_string"}}],"inLanguage":"ca"},{"@type":"Organization","@id":"https:\/\/www.noubarris.net\/web40\/#organization","name":"NouBarris.Net","url":"https:\/\/www.noubarris.net\/web40\/","logo":{"@type":"ImageObject","inLanguage":"ca","@id":"https:\/\/www.noubarris.net\/web40\/#\/schema\/logo\/image\/","url":"https:\/\/www.noubarris.net\/web40\/wp-content\/uploads\/2024\/11\/cropped-cropped-LOGO_9BTV-2024_Insta-1.jpg","contentUrl":"https:\/\/www.noubarris.net\/web40\/wp-content\/uploads\/2024\/11\/cropped-cropped-LOGO_9BTV-2024_Insta-1.jpg","width":512,"height":512,"caption":"NouBarris.Net"},"image":{"@id":"https:\/\/www.noubarris.net\/web40\/#\/schema\/logo\/image\/"},"sameAs":["https:\/\/www.facebook.com\/NouBarris.net\/?locale=es_ES","https:\/\/x.com\/9BTV"]},{"@type":"Person","@id":"https:\/\/www.noubarris.net\/web40\/#\/schema\/person\/1827f92aaa316c54abbf4dac0de76069","name":"Informatius","image":{"@type":"ImageObject","inLanguage":"ca","@id":"https:\/\/www.noubarris.net\/web40\/#\/schema\/person\/image\/","url":"https:\/\/secure.gravatar.com\/avatar\/87a3b47928835fc72c6ee5b0e1a7263ef0c2d05003a98189bc14926c5f11bcdb?s=96&d=mm&r=g","contentUrl":"https:\/\/secure.gravatar.com\/avatar\/87a3b47928835fc72c6ee5b0e1a7263ef0c2d05003a98189bc14926c5f11bcdb?s=96&d=mm&r=g","caption":"Informatius"},"url":"https:\/\/www.noubarris.net\/web40\/author\/tele\/"}]}},"_links":{"self":[{"href":"https:\/\/www.noubarris.net\/web40\/wp-json\/wp\/v2\/posts\/70296","targetHints":{"allow":["GET"]}}],"collection":[{"href":"https:\/\/www.noubarris.net\/web40\/wp-json\/wp\/v2\/posts"}],"about":[{"href":"https:\/\/www.noubarris.net\/web40\/wp-json\/wp\/v2\/types\/post"}],"author":[{"embeddable":true,"href":"https:\/\/www.noubarris.net\/web40\/wp-json\/wp\/v2\/users\/2"}],"replies":[{"embeddable":true,"href":"https:\/\/www.noubarris.net\/web40\/wp-json\/wp\/v2\/comments?post=70296"}],"version-history":[{"count":0,"href":"https:\/\/www.noubarris.net\/web40\/wp-json\/wp\/v2\/posts\/70296\/revisions"}],"wp:featuredmedia":[{"embeddable":true,"href":"https:\/\/www.noubarris.net\/web40\/wp-json\/wp\/v2\/media\/70297"}],"wp:attachment":[{"href":"https:\/\/www.noubarris.net\/web40\/wp-json\/wp\/v2\/media?parent=70296"}],"wp:term":[{"taxonomy":"category","embeddable":true,"href":"https:\/\/www.noubarris.net\/web40\/wp-json\/wp\/v2\/categories?post=70296"},{"taxonomy":"post_tag","embeddable":true,"href":"https:\/\/www.noubarris.net\/web40\/wp-json\/wp\/v2\/tags?post=70296"}],"curies":[{"name":"wp","href":"https:\/\/api.w.org\/{rel}","templated":true}]}}