{"id":70345,"date":"2017-09-18T00:00:49","date_gmt":"2017-09-17T22:00:49","guid":{"rendered":"http:\/\/www.noubarris.net\/web40\/?p=70345"},"modified":"2017-09-15T16:18:52","modified_gmt":"2017-09-15T14:18:52","slug":"la-mesquita-divideix-el-carrer-del-japo","status":"publish","type":"post","link":"https:\/\/www.noubarris.net\/web40\/la-mesquita-divideix-el-carrer-del-japo\/","title":{"rendered":"La mesquita divideix el carrer del Jap\u00f3"},"content":{"rendered":"<p><strong>Partidaris i opositors al centre musulm\u00e0 continuen sense arribar a una entesa<\/strong><\/p>\n<p>&nbsp;<\/p>\n<p>Fa mesos que la divisi\u00f3 regna el carrer del Jap\u00f3 i segons s\u2019apropa el moment que la mesquita obri les portes, les dues parts s\u2019allunyen m\u00e9s i enroquen les postures. Les obres estan acabades per\u00f2 la comunitat musulmana ha decidit deixar baixades les persianes, amb pintades i destrosses. \u201cNo puc obrir les persianes que tenim perqu\u00e8 estan trencades. Han donat molts cops i ara l\u2019entrada principal ni puja ni baixa i han trencat el pany.- explica Abdesalam Alabar, de la comunitat musulmana de Nou Barris &#8211; L\u2019altra persiana tamb\u00e9 est\u00e0 trencada pels cops i es queda a la meitat, i costa de pujar i baixar. Tenim por que quedi oberta, no volem que el local es quedi obert. No estem en contra de ning\u00fa. Nosaltres hem llogat aquest local per al culte, per a fer les oracions i res m\u00e9s.\u201d El di\u00e0leg amb els ve\u00efns contraris a la mesquita s\u2019ha trencat. Els ve\u00efns del carrer del Jap\u00f3 afirmen que no s\u00f3n els responsables dels desperfectes a les persianes. Tamb\u00e9 lamenten que amb l\u2019aparici\u00f3 dels grups d\u2019extrema dreta se\u2019ls acusi a ells tamb\u00e9 de xen\u00f2fobs. Denuncien que l\u2019Ajuntament no escolta les seves raons per no obrir el centre. Segons els ve\u00efns, el carrer \u00e9s massa estret, la vorera massa petita i el local no reuneix les condicions per aplegar l\u2019aforament que preveuen que hi haur\u00e0.<\/p>\n<p>Les entitats del barri han defensat sempre la conviv\u00e8ncia i el dret a culte, com afirma Lourdes Ponce, de 9barris Acull: \u201cEstem per treballar el tema de la conviv\u00e8ncia, que s\u2019est\u00e0 trencant en aquest carrer, i que pensem que \u00e9s una situaci\u00f3 greu per als ve\u00efns que creiem que, fins i tot, qui est\u00e0 en contra de la mesquita no estan a favor que sigui l\u2019ultra dreta qui manipuli tot aquest tema.\u201d<\/p>\n<p>&nbsp;<\/p>\n","protected":false},"excerpt":{"rendered":"<p>Partidaris i opositors al centre musulm\u00e0 continuen sense arribar a una entesa &nbsp; Fa mesos que la divisi\u00f3 regna el<\/p>\n","protected":false},"author":2,"featured_media":70346,"comment_status":"closed","ping_status":"closed","sticky":false,"template":"","format":"standard","meta":{"colormag_page_layout":"default_layout","_monsterinsights_skip_tracking":false,"_monsterinsights_sitenote_active":false,"_monsterinsights_sitenote_note":"","_monsterinsights_sitenote_category":0,"footnotes":""},"categories":[135],"tags":[449,51,428,263],"class_list":["post-70345","post","type-post","status-publish","format-standard","has-post-thumbnail","hentry","category-la-prosperitat","tag-convivencia","tag-la-prosperitat","tag-queixes","tag-veins"],"yoast_head":"<!-- This site is optimized with the Yoast SEO plugin v25.3 - https:\/\/yoast.com\/wordpress\/plugins\/seo\/ -->\n<title>La mesquita divideix el carrer del Jap\u00f3 - NouBarris.Net<\/title>\n<meta name=\"robots\" content=\"index, follow, max-snippet:-1, max-image-preview:large, max-video-preview:-1\" \/>\n<link rel=\"canonical\" href=\"https:\/\/www.noubarris.net\/web40\/la-mesquita-divideix-el-carrer-del-japo\/\" \/>\n<meta property=\"og:locale\" content=\"ca_ES\" \/>\n<meta property=\"og:type\" content=\"article\" \/>\n<meta property=\"og:title\" content=\"La mesquita divideix el carrer del Jap\u00f3 - NouBarris.Net\" \/>\n<meta property=\"og:description\" content=\"Partidaris i opositors al centre musulm\u00e0 continuen sense arribar a una entesa &nbsp; Fa mesos que la divisi\u00f3 regna el\" \/>\n<meta property=\"og:url\" content=\"https:\/\/www.noubarris.net\/web40\/la-mesquita-divideix-el-carrer-del-japo\/\" \/>\n<meta property=\"og:site_name\" content=\"NouBarris.Net\" \/>\n<meta property=\"article:publisher\" content=\"https:\/\/www.facebook.com\/NouBarris.net\/?locale=es_ES\" \/>\n<meta property=\"article:published_time\" content=\"2017-09-17T22:00:49+00:00\" \/>\n<meta property=\"og:image\" content=\"https:\/\/www.noubarris.net\/web40\/wp-content\/uploads\/2017\/09\/180917.jpg\" \/>\n\t<meta property=\"og:image:width\" content=\"768\" \/>\n\t<meta property=\"og:image:height\" content=\"432\" \/>\n\t<meta property=\"og:image:type\" content=\"image\/jpeg\" \/>\n<meta name=\"author\" content=\"Informatius\" \/>\n<meta name=\"twitter:card\" content=\"summary_large_image\" \/>\n<meta name=\"twitter:creator\" content=\"@9BTV\" \/>\n<meta name=\"twitter:site\" content=\"@9BTV\" \/>\n<meta name=\"twitter:label1\" content=\"Escrit per\" \/>\n\t<meta name=\"twitter:data1\" content=\"Informatius\" \/>\n\t<meta name=\"twitter:label2\" content=\"Temps estimat de lectura\" \/>\n\t<meta name=\"twitter:data2\" content=\"2 minuts\" \/>\n<script type=\"application\/ld+json\" class=\"yoast-schema-graph\">{\"@context\":\"https:\/\/schema.org\",\"@graph\":[{\"@type\":\"Article\",\"@id\":\"https:\/\/www.noubarris.net\/web40\/la-mesquita-divideix-el-carrer-del-japo\/#article\",\"isPartOf\":{\"@id\":\"https:\/\/www.noubarris.net\/web40\/la-mesquita-divideix-el-carrer-del-japo\/\"},\"author\":{\"name\":\"Informatius\",\"@id\":\"https:\/\/www.noubarris.net\/web40\/#\/schema\/person\/1827f92aaa316c54abbf4dac0de76069\"},\"headline\":\"La mesquita divideix el carrer del Jap\u00f3\",\"datePublished\":\"2017-09-17T22:00:49+00:00\",\"mainEntityOfPage\":{\"@id\":\"https:\/\/www.noubarris.net\/web40\/la-mesquita-divideix-el-carrer-del-japo\/\"},\"wordCount\":341,\"publisher\":{\"@id\":\"https:\/\/www.noubarris.net\/web40\/#organization\"},\"image\":{\"@id\":\"https:\/\/www.noubarris.net\/web40\/la-mesquita-divideix-el-carrer-del-japo\/#primaryimage\"},\"thumbnailUrl\":\"https:\/\/www.noubarris.net\/web40\/wp-content\/uploads\/2017\/09\/180917.jpg\",\"keywords\":[\"conviv\u00e8ncia\",\"La Prosperitat\",\"Queixes\",\"Ve\u00efns\"],\"articleSection\":[\"La Prosperitat\"],\"inLanguage\":\"ca\"},{\"@type\":\"WebPage\",\"@id\":\"https:\/\/www.noubarris.net\/web40\/la-mesquita-divideix-el-carrer-del-japo\/\",\"url\":\"https:\/\/www.noubarris.net\/web40\/la-mesquita-divideix-el-carrer-del-japo\/\",\"name\":\"La mesquita divideix el carrer del Jap\u00f3 - NouBarris.Net\",\"isPartOf\":{\"@id\":\"https:\/\/www.noubarris.net\/web40\/#website\"},\"primaryImageOfPage\":{\"@id\":\"https:\/\/www.noubarris.net\/web40\/la-mesquita-divideix-el-carrer-del-japo\/#primaryimage\"},\"image\":{\"@id\":\"https:\/\/www.noubarris.net\/web40\/la-mesquita-divideix-el-carrer-del-japo\/#primaryimage\"},\"thumbnailUrl\":\"https:\/\/www.noubarris.net\/web40\/wp-content\/uploads\/2017\/09\/180917.jpg\",\"datePublished\":\"2017-09-17T22:00:49+00:00\",\"breadcrumb\":{\"@id\":\"https:\/\/www.noubarris.net\/web40\/la-mesquita-divideix-el-carrer-del-japo\/#breadcrumb\"},\"inLanguage\":\"ca\",\"potentialAction\":[{\"@type\":\"ReadAction\",\"target\":[\"https:\/\/www.noubarris.net\/web40\/la-mesquita-divideix-el-carrer-del-japo\/\"]}]},{\"@type\":\"ImageObject\",\"inLanguage\":\"ca\",\"@id\":\"https:\/\/www.noubarris.net\/web40\/la-mesquita-divideix-el-carrer-del-japo\/#primaryimage\",\"url\":\"https:\/\/www.noubarris.net\/web40\/wp-content\/uploads\/2017\/09\/180917.jpg\",\"contentUrl\":\"https:\/\/www.noubarris.net\/web40\/wp-content\/uploads\/2017\/09\/180917.jpg\",\"width\":768,\"height\":432},{\"@type\":\"BreadcrumbList\",\"@id\":\"https:\/\/www.noubarris.net\/web40\/la-mesquita-divideix-el-carrer-del-japo\/#breadcrumb\",\"itemListElement\":[{\"@type\":\"ListItem\",\"position\":1,\"name\":\"Inici\",\"item\":\"https:\/\/www.noubarris.net\/web40\/\"},{\"@type\":\"ListItem\",\"position\":2,\"name\":\"La mesquita divideix el carrer del Jap\u00f3\"}]},{\"@type\":\"WebSite\",\"@id\":\"https:\/\/www.noubarris.net\/web40\/#website\",\"url\":\"https:\/\/www.noubarris.net\/web40\/\",\"name\":\"NouBarris.Net\",\"description\":\"Seguint la vida de Nou Barris des de 1985\",\"publisher\":{\"@id\":\"https:\/\/www.noubarris.net\/web40\/#organization\"},\"potentialAction\":[{\"@type\":\"SearchAction\",\"target\":{\"@type\":\"EntryPoint\",\"urlTemplate\":\"https:\/\/www.noubarris.net\/web40\/?s={search_term_string}\"},\"query-input\":{\"@type\":\"PropertyValueSpecification\",\"valueRequired\":true,\"valueName\":\"search_term_string\"}}],\"inLanguage\":\"ca\"},{\"@type\":\"Organization\",\"@id\":\"https:\/\/www.noubarris.net\/web40\/#organization\",\"name\":\"NouBarris.Net\",\"url\":\"https:\/\/www.noubarris.net\/web40\/\",\"logo\":{\"@type\":\"ImageObject\",\"inLanguage\":\"ca\",\"@id\":\"https:\/\/www.noubarris.net\/web40\/#\/schema\/logo\/image\/\",\"url\":\"https:\/\/www.noubarris.net\/web40\/wp-content\/uploads\/2024\/11\/cropped-cropped-LOGO_9BTV-2024_Insta-1.jpg\",\"contentUrl\":\"https:\/\/www.noubarris.net\/web40\/wp-content\/uploads\/2024\/11\/cropped-cropped-LOGO_9BTV-2024_Insta-1.jpg\",\"width\":512,\"height\":512,\"caption\":\"NouBarris.Net\"},\"image\":{\"@id\":\"https:\/\/www.noubarris.net\/web40\/#\/schema\/logo\/image\/\"},\"sameAs\":[\"https:\/\/www.facebook.com\/NouBarris.net\/?locale=es_ES\",\"https:\/\/x.com\/9BTV\"]},{\"@type\":\"Person\",\"@id\":\"https:\/\/www.noubarris.net\/web40\/#\/schema\/person\/1827f92aaa316c54abbf4dac0de76069\",\"name\":\"Informatius\",\"image\":{\"@type\":\"ImageObject\",\"inLanguage\":\"ca\",\"@id\":\"https:\/\/www.noubarris.net\/web40\/#\/schema\/person\/image\/\",\"url\":\"https:\/\/secure.gravatar.com\/avatar\/87a3b47928835fc72c6ee5b0e1a7263ef0c2d05003a98189bc14926c5f11bcdb?s=96&d=mm&r=g\",\"contentUrl\":\"https:\/\/secure.gravatar.com\/avatar\/87a3b47928835fc72c6ee5b0e1a7263ef0c2d05003a98189bc14926c5f11bcdb?s=96&d=mm&r=g\",\"caption\":\"Informatius\"},\"url\":\"https:\/\/www.noubarris.net\/web40\/author\/tele\/\"}]}<\/script>\n<!-- \/ Yoast SEO plugin. -->","yoast_head_json":{"title":"La mesquita divideix el carrer del Jap\u00f3 - NouBarris.Net","robots":{"index":"index","follow":"follow","max-snippet":"max-snippet:-1","max-image-preview":"max-image-preview:large","max-video-preview":"max-video-preview:-1"},"canonical":"https:\/\/www.noubarris.net\/web40\/la-mesquita-divideix-el-carrer-del-japo\/","og_locale":"ca_ES","og_type":"article","og_title":"La mesquita divideix el carrer del Jap\u00f3 - NouBarris.Net","og_description":"Partidaris i opositors al centre musulm\u00e0 continuen sense arribar a una entesa &nbsp; Fa mesos que la divisi\u00f3 regna el","og_url":"https:\/\/www.noubarris.net\/web40\/la-mesquita-divideix-el-carrer-del-japo\/","og_site_name":"NouBarris.Net","article_publisher":"https:\/\/www.facebook.com\/NouBarris.net\/?locale=es_ES","article_published_time":"2017-09-17T22:00:49+00:00","og_image":[{"width":768,"height":432,"url":"https:\/\/www.noubarris.net\/web40\/wp-content\/uploads\/2017\/09\/180917.jpg","type":"image\/jpeg"}],"author":"Informatius","twitter_card":"summary_large_image","twitter_creator":"@9BTV","twitter_site":"@9BTV","twitter_misc":{"Escrit per":"Informatius","Temps estimat de lectura":"2 minuts"},"schema":{"@context":"https:\/\/schema.org","@graph":[{"@type":"Article","@id":"https:\/\/www.noubarris.net\/web40\/la-mesquita-divideix-el-carrer-del-japo\/#article","isPartOf":{"@id":"https:\/\/www.noubarris.net\/web40\/la-mesquita-divideix-el-carrer-del-japo\/"},"author":{"name":"Informatius","@id":"https:\/\/www.noubarris.net\/web40\/#\/schema\/person\/1827f92aaa316c54abbf4dac0de76069"},"headline":"La mesquita divideix el carrer del Jap\u00f3","datePublished":"2017-09-17T22:00:49+00:00","mainEntityOfPage":{"@id":"https:\/\/www.noubarris.net\/web40\/la-mesquita-divideix-el-carrer-del-japo\/"},"wordCount":341,"publisher":{"@id":"https:\/\/www.noubarris.net\/web40\/#organization"},"image":{"@id":"https:\/\/www.noubarris.net\/web40\/la-mesquita-divideix-el-carrer-del-japo\/#primaryimage"},"thumbnailUrl":"https:\/\/www.noubarris.net\/web40\/wp-content\/uploads\/2017\/09\/180917.jpg","keywords":["conviv\u00e8ncia","La Prosperitat","Queixes","Ve\u00efns"],"articleSection":["La Prosperitat"],"inLanguage":"ca"},{"@type":"WebPage","@id":"https:\/\/www.noubarris.net\/web40\/la-mesquita-divideix-el-carrer-del-japo\/","url":"https:\/\/www.noubarris.net\/web40\/la-mesquita-divideix-el-carrer-del-japo\/","name":"La mesquita divideix el carrer del Jap\u00f3 - NouBarris.Net","isPartOf":{"@id":"https:\/\/www.noubarris.net\/web40\/#website"},"primaryImageOfPage":{"@id":"https:\/\/www.noubarris.net\/web40\/la-mesquita-divideix-el-carrer-del-japo\/#primaryimage"},"image":{"@id":"https:\/\/www.noubarris.net\/web40\/la-mesquita-divideix-el-carrer-del-japo\/#primaryimage"},"thumbnailUrl":"https:\/\/www.noubarris.net\/web40\/wp-content\/uploads\/2017\/09\/180917.jpg","datePublished":"2017-09-17T22:00:49+00:00","breadcrumb":{"@id":"https:\/\/www.noubarris.net\/web40\/la-mesquita-divideix-el-carrer-del-japo\/#breadcrumb"},"inLanguage":"ca","potentialAction":[{"@type":"ReadAction","target":["https:\/\/www.noubarris.net\/web40\/la-mesquita-divideix-el-carrer-del-japo\/"]}]},{"@type":"ImageObject","inLanguage":"ca","@id":"https:\/\/www.noubarris.net\/web40\/la-mesquita-divideix-el-carrer-del-japo\/#primaryimage","url":"https:\/\/www.noubarris.net\/web40\/wp-content\/uploads\/2017\/09\/180917.jpg","contentUrl":"https:\/\/www.noubarris.net\/web40\/wp-content\/uploads\/2017\/09\/180917.jpg","width":768,"height":432},{"@type":"BreadcrumbList","@id":"https:\/\/www.noubarris.net\/web40\/la-mesquita-divideix-el-carrer-del-japo\/#breadcrumb","itemListElement":[{"@type":"ListItem","position":1,"name":"Inici","item":"https:\/\/www.noubarris.net\/web40\/"},{"@type":"ListItem","position":2,"name":"La mesquita divideix el carrer del Jap\u00f3"}]},{"@type":"WebSite","@id":"https:\/\/www.noubarris.net\/web40\/#website","url":"https:\/\/www.noubarris.net\/web40\/","name":"NouBarris.Net","description":"Seguint la vida de Nou Barris des de 1985","publisher":{"@id":"https:\/\/www.noubarris.net\/web40\/#organization"},"potentialAction":[{"@type":"SearchAction","target":{"@type":"EntryPoint","urlTemplate":"https:\/\/www.noubarris.net\/web40\/?s={search_term_string}"},"query-input":{"@type":"PropertyValueSpecification","valueRequired":true,"valueName":"search_term_string"}}],"inLanguage":"ca"},{"@type":"Organization","@id":"https:\/\/www.noubarris.net\/web40\/#organization","name":"NouBarris.Net","url":"https:\/\/www.noubarris.net\/web40\/","logo":{"@type":"ImageObject","inLanguage":"ca","@id":"https:\/\/www.noubarris.net\/web40\/#\/schema\/logo\/image\/","url":"https:\/\/www.noubarris.net\/web40\/wp-content\/uploads\/2024\/11\/cropped-cropped-LOGO_9BTV-2024_Insta-1.jpg","contentUrl":"https:\/\/www.noubarris.net\/web40\/wp-content\/uploads\/2024\/11\/cropped-cropped-LOGO_9BTV-2024_Insta-1.jpg","width":512,"height":512,"caption":"NouBarris.Net"},"image":{"@id":"https:\/\/www.noubarris.net\/web40\/#\/schema\/logo\/image\/"},"sameAs":["https:\/\/www.facebook.com\/NouBarris.net\/?locale=es_ES","https:\/\/x.com\/9BTV"]},{"@type":"Person","@id":"https:\/\/www.noubarris.net\/web40\/#\/schema\/person\/1827f92aaa316c54abbf4dac0de76069","name":"Informatius","image":{"@type":"ImageObject","inLanguage":"ca","@id":"https:\/\/www.noubarris.net\/web40\/#\/schema\/person\/image\/","url":"https:\/\/secure.gravatar.com\/avatar\/87a3b47928835fc72c6ee5b0e1a7263ef0c2d05003a98189bc14926c5f11bcdb?s=96&d=mm&r=g","contentUrl":"https:\/\/secure.gravatar.com\/avatar\/87a3b47928835fc72c6ee5b0e1a7263ef0c2d05003a98189bc14926c5f11bcdb?s=96&d=mm&r=g","caption":"Informatius"},"url":"https:\/\/www.noubarris.net\/web40\/author\/tele\/"}]}},"_links":{"self":[{"href":"https:\/\/www.noubarris.net\/web40\/wp-json\/wp\/v2\/posts\/70345","targetHints":{"allow":["GET"]}}],"collection":[{"href":"https:\/\/www.noubarris.net\/web40\/wp-json\/wp\/v2\/posts"}],"about":[{"href":"https:\/\/www.noubarris.net\/web40\/wp-json\/wp\/v2\/types\/post"}],"author":[{"embeddable":true,"href":"https:\/\/www.noubarris.net\/web40\/wp-json\/wp\/v2\/users\/2"}],"replies":[{"embeddable":true,"href":"https:\/\/www.noubarris.net\/web40\/wp-json\/wp\/v2\/comments?post=70345"}],"version-history":[{"count":0,"href":"https:\/\/www.noubarris.net\/web40\/wp-json\/wp\/v2\/posts\/70345\/revisions"}],"wp:featuredmedia":[{"embeddable":true,"href":"https:\/\/www.noubarris.net\/web40\/wp-json\/wp\/v2\/media\/70346"}],"wp:attachment":[{"href":"https:\/\/www.noubarris.net\/web40\/wp-json\/wp\/v2\/media?parent=70345"}],"wp:term":[{"taxonomy":"category","embeddable":true,"href":"https:\/\/www.noubarris.net\/web40\/wp-json\/wp\/v2\/categories?post=70345"},{"taxonomy":"post_tag","embeddable":true,"href":"https:\/\/www.noubarris.net\/web40\/wp-json\/wp\/v2\/tags?post=70345"}],"curies":[{"name":"wp","href":"https:\/\/api.w.org\/{rel}","templated":true}]}}