{"id":70349,"date":"2017-09-19T00:00:23","date_gmt":"2017-09-18T22:00:23","guid":{"rendered":"http:\/\/www.noubarris.net\/web40\/?p=70349"},"modified":"2017-09-18T17:23:41","modified_gmt":"2017-09-18T15:23:41","slug":"obres-a-la-ronda-de-la-guineueta-vella-2","status":"publish","type":"post","link":"https:\/\/www.noubarris.net\/web40\/obres-a-la-ronda-de-la-guineueta-vella-2\/","title":{"rendered":"Obres a la ronda de la Guineueta Vella"},"content":{"rendered":"<p><strong>Es construeix una vorera a la banda de l\u2019aparcament provisional<\/strong><\/p>\n<p>La ronda de la Guineueta Vella es prepara per rebre la nova l\u00ednia de bus ortogonal D40, que prendr\u00e0 el relleu de la l\u00ednia 27 la propera tardor. Per aquesta ra\u00f3 s\u2019est\u00e0 duent a terme unes obres que construeix una vorera en la banda de l\u2019illa actualment destinada a aparcament provisional. Fins ara, els vianants havien de creuar a l\u2019altra banda del carrer i en aquest espai nom\u00e9s hi havia vegetaci\u00f3 i aparcament en l\u00ednia.<\/p>\n<p>Aquesta vorera facilitar\u00e0 l\u2019acc\u00e9s a la parada de la nova l\u00ednia, aix\u00ed com a la resta de parades de bus que es concentren en aquesta illa per als usuaris que pugin des de la Guineueta. A m\u00e9s, aquesta vorera millora l\u2019acc\u00e9s a la piscina del carrer d\u2019artesania i, en un futur, tamb\u00e9 al poliesportiu que est\u00e0 previst construir en aquest terreny.<\/p>\n<p>Per fer les obres s\u2019ha hagut de suprimir provisionalment la l\u00ednia d\u2019aparcament en superf\u00edcie, per\u00f2 no s\u2019ha tallat en cap moment la circulaci\u00f3 en cap dels dos sentits.<\/p>\n","protected":false},"excerpt":{"rendered":"<p>Es construeix una vorera a la banda de l\u2019aparcament provisional La ronda de la Guineueta Vella es prepara per rebre<\/p>\n","protected":false},"author":2,"featured_media":70351,"comment_status":"closed","ping_status":"closed","sticky":false,"template":"","format":"standard","meta":{"colormag_page_layout":"default_layout","_monsterinsights_skip_tracking":false,"_monsterinsights_sitenote_active":false,"_monsterinsights_sitenote_note":"","_monsterinsights_sitenote_category":0,"footnotes":""},"categories":[131,302],"tags":[404,48,360,69],"class_list":["post-70349","post","type-post","status-publish","format-standard","has-post-thumbnail","hentry","category-canyelles","category-urbanisme","tag-autobus","tag-canyelles","tag-obres","tag-urbanisme"],"yoast_head":"<!-- This site is optimized with the Yoast SEO plugin v25.3 - https:\/\/yoast.com\/wordpress\/plugins\/seo\/ -->\n<title>Obres a la ronda de la Guineueta Vella - NouBarris.Net<\/title>\n<meta name=\"robots\" content=\"index, follow, max-snippet:-1, max-image-preview:large, max-video-preview:-1\" \/>\n<link rel=\"canonical\" href=\"https:\/\/www.noubarris.net\/web40\/obres-a-la-ronda-de-la-guineueta-vella-2\/\" \/>\n<meta property=\"og:locale\" content=\"ca_ES\" \/>\n<meta property=\"og:type\" content=\"article\" \/>\n<meta property=\"og:title\" content=\"Obres a la ronda de la Guineueta Vella - NouBarris.Net\" \/>\n<meta property=\"og:description\" content=\"Es construeix una vorera a la banda de l\u2019aparcament provisional La ronda de la Guineueta Vella es prepara per rebre\" \/>\n<meta property=\"og:url\" content=\"https:\/\/www.noubarris.net\/web40\/obres-a-la-ronda-de-la-guineueta-vella-2\/\" \/>\n<meta property=\"og:site_name\" content=\"NouBarris.Net\" \/>\n<meta property=\"article:publisher\" content=\"https:\/\/www.facebook.com\/NouBarris.net\/?locale=es_ES\" \/>\n<meta property=\"article:published_time\" content=\"2017-09-18T22:00:23+00:00\" \/>\n<meta property=\"og:image\" content=\"https:\/\/www.noubarris.net\/web40\/wp-content\/uploads\/2017\/09\/190917.jpg\" \/>\n\t<meta property=\"og:image:width\" content=\"787\" \/>\n\t<meta property=\"og:image:height\" content=\"445\" \/>\n\t<meta property=\"og:image:type\" content=\"image\/jpeg\" \/>\n<meta name=\"author\" content=\"Informatius\" \/>\n<meta name=\"twitter:card\" content=\"summary_large_image\" \/>\n<meta name=\"twitter:creator\" content=\"@9BTV\" \/>\n<meta name=\"twitter:site\" content=\"@9BTV\" \/>\n<meta name=\"twitter:label1\" content=\"Escrit per\" \/>\n\t<meta name=\"twitter:data1\" content=\"Informatius\" \/>\n\t<meta name=\"twitter:label2\" content=\"Temps estimat de lectura\" \/>\n\t<meta name=\"twitter:data2\" content=\"1 minut\" \/>\n<script type=\"application\/ld+json\" class=\"yoast-schema-graph\">{\"@context\":\"https:\/\/schema.org\",\"@graph\":[{\"@type\":\"Article\",\"@id\":\"https:\/\/www.noubarris.net\/web40\/obres-a-la-ronda-de-la-guineueta-vella-2\/#article\",\"isPartOf\":{\"@id\":\"https:\/\/www.noubarris.net\/web40\/obres-a-la-ronda-de-la-guineueta-vella-2\/\"},\"author\":{\"name\":\"Informatius\",\"@id\":\"https:\/\/www.noubarris.net\/web40\/#\/schema\/person\/1827f92aaa316c54abbf4dac0de76069\"},\"headline\":\"Obres a la ronda de la Guineueta Vella\",\"datePublished\":\"2017-09-18T22:00:23+00:00\",\"mainEntityOfPage\":{\"@id\":\"https:\/\/www.noubarris.net\/web40\/obres-a-la-ronda-de-la-guineueta-vella-2\/\"},\"wordCount\":201,\"publisher\":{\"@id\":\"https:\/\/www.noubarris.net\/web40\/#organization\"},\"image\":{\"@id\":\"https:\/\/www.noubarris.net\/web40\/obres-a-la-ronda-de-la-guineueta-vella-2\/#primaryimage\"},\"thumbnailUrl\":\"https:\/\/www.noubarris.net\/web40\/wp-content\/uploads\/2017\/09\/190917.jpg\",\"keywords\":[\"Autob\u00fas\",\"Canyelles\",\"Obres\",\"Urbanisme\"],\"articleSection\":[\"Canyelles\",\"Urbanisme\"],\"inLanguage\":\"ca\"},{\"@type\":\"WebPage\",\"@id\":\"https:\/\/www.noubarris.net\/web40\/obres-a-la-ronda-de-la-guineueta-vella-2\/\",\"url\":\"https:\/\/www.noubarris.net\/web40\/obres-a-la-ronda-de-la-guineueta-vella-2\/\",\"name\":\"Obres a la ronda de la Guineueta Vella - NouBarris.Net\",\"isPartOf\":{\"@id\":\"https:\/\/www.noubarris.net\/web40\/#website\"},\"primaryImageOfPage\":{\"@id\":\"https:\/\/www.noubarris.net\/web40\/obres-a-la-ronda-de-la-guineueta-vella-2\/#primaryimage\"},\"image\":{\"@id\":\"https:\/\/www.noubarris.net\/web40\/obres-a-la-ronda-de-la-guineueta-vella-2\/#primaryimage\"},\"thumbnailUrl\":\"https:\/\/www.noubarris.net\/web40\/wp-content\/uploads\/2017\/09\/190917.jpg\",\"datePublished\":\"2017-09-18T22:00:23+00:00\",\"breadcrumb\":{\"@id\":\"https:\/\/www.noubarris.net\/web40\/obres-a-la-ronda-de-la-guineueta-vella-2\/#breadcrumb\"},\"inLanguage\":\"ca\",\"potentialAction\":[{\"@type\":\"ReadAction\",\"target\":[\"https:\/\/www.noubarris.net\/web40\/obres-a-la-ronda-de-la-guineueta-vella-2\/\"]}]},{\"@type\":\"ImageObject\",\"inLanguage\":\"ca\",\"@id\":\"https:\/\/www.noubarris.net\/web40\/obres-a-la-ronda-de-la-guineueta-vella-2\/#primaryimage\",\"url\":\"https:\/\/www.noubarris.net\/web40\/wp-content\/uploads\/2017\/09\/190917.jpg\",\"contentUrl\":\"https:\/\/www.noubarris.net\/web40\/wp-content\/uploads\/2017\/09\/190917.jpg\",\"width\":787,\"height\":445},{\"@type\":\"BreadcrumbList\",\"@id\":\"https:\/\/www.noubarris.net\/web40\/obres-a-la-ronda-de-la-guineueta-vella-2\/#breadcrumb\",\"itemListElement\":[{\"@type\":\"ListItem\",\"position\":1,\"name\":\"Inici\",\"item\":\"https:\/\/www.noubarris.net\/web40\/\"},{\"@type\":\"ListItem\",\"position\":2,\"name\":\"Obres a la ronda de la Guineueta Vella\"}]},{\"@type\":\"WebSite\",\"@id\":\"https:\/\/www.noubarris.net\/web40\/#website\",\"url\":\"https:\/\/www.noubarris.net\/web40\/\",\"name\":\"NouBarris.Net\",\"description\":\"Seguint la vida de Nou Barris des de 1985\",\"publisher\":{\"@id\":\"https:\/\/www.noubarris.net\/web40\/#organization\"},\"potentialAction\":[{\"@type\":\"SearchAction\",\"target\":{\"@type\":\"EntryPoint\",\"urlTemplate\":\"https:\/\/www.noubarris.net\/web40\/?s={search_term_string}\"},\"query-input\":{\"@type\":\"PropertyValueSpecification\",\"valueRequired\":true,\"valueName\":\"search_term_string\"}}],\"inLanguage\":\"ca\"},{\"@type\":\"Organization\",\"@id\":\"https:\/\/www.noubarris.net\/web40\/#organization\",\"name\":\"NouBarris.Net\",\"url\":\"https:\/\/www.noubarris.net\/web40\/\",\"logo\":{\"@type\":\"ImageObject\",\"inLanguage\":\"ca\",\"@id\":\"https:\/\/www.noubarris.net\/web40\/#\/schema\/logo\/image\/\",\"url\":\"https:\/\/www.noubarris.net\/web40\/wp-content\/uploads\/2024\/11\/cropped-cropped-LOGO_9BTV-2024_Insta-1.jpg\",\"contentUrl\":\"https:\/\/www.noubarris.net\/web40\/wp-content\/uploads\/2024\/11\/cropped-cropped-LOGO_9BTV-2024_Insta-1.jpg\",\"width\":512,\"height\":512,\"caption\":\"NouBarris.Net\"},\"image\":{\"@id\":\"https:\/\/www.noubarris.net\/web40\/#\/schema\/logo\/image\/\"},\"sameAs\":[\"https:\/\/www.facebook.com\/NouBarris.net\/?locale=es_ES\",\"https:\/\/x.com\/9BTV\"]},{\"@type\":\"Person\",\"@id\":\"https:\/\/www.noubarris.net\/web40\/#\/schema\/person\/1827f92aaa316c54abbf4dac0de76069\",\"name\":\"Informatius\",\"image\":{\"@type\":\"ImageObject\",\"inLanguage\":\"ca\",\"@id\":\"https:\/\/www.noubarris.net\/web40\/#\/schema\/person\/image\/\",\"url\":\"https:\/\/secure.gravatar.com\/avatar\/87a3b47928835fc72c6ee5b0e1a7263ef0c2d05003a98189bc14926c5f11bcdb?s=96&d=mm&r=g\",\"contentUrl\":\"https:\/\/secure.gravatar.com\/avatar\/87a3b47928835fc72c6ee5b0e1a7263ef0c2d05003a98189bc14926c5f11bcdb?s=96&d=mm&r=g\",\"caption\":\"Informatius\"},\"url\":\"https:\/\/www.noubarris.net\/web40\/author\/tele\/\"}]}<\/script>\n<!-- \/ Yoast SEO plugin. -->","yoast_head_json":{"title":"Obres a la ronda de la Guineueta Vella - NouBarris.Net","robots":{"index":"index","follow":"follow","max-snippet":"max-snippet:-1","max-image-preview":"max-image-preview:large","max-video-preview":"max-video-preview:-1"},"canonical":"https:\/\/www.noubarris.net\/web40\/obres-a-la-ronda-de-la-guineueta-vella-2\/","og_locale":"ca_ES","og_type":"article","og_title":"Obres a la ronda de la Guineueta Vella - NouBarris.Net","og_description":"Es construeix una vorera a la banda de l\u2019aparcament provisional La ronda de la Guineueta Vella es prepara per rebre","og_url":"https:\/\/www.noubarris.net\/web40\/obres-a-la-ronda-de-la-guineueta-vella-2\/","og_site_name":"NouBarris.Net","article_publisher":"https:\/\/www.facebook.com\/NouBarris.net\/?locale=es_ES","article_published_time":"2017-09-18T22:00:23+00:00","og_image":[{"width":787,"height":445,"url":"https:\/\/www.noubarris.net\/web40\/wp-content\/uploads\/2017\/09\/190917.jpg","type":"image\/jpeg"}],"author":"Informatius","twitter_card":"summary_large_image","twitter_creator":"@9BTV","twitter_site":"@9BTV","twitter_misc":{"Escrit per":"Informatius","Temps estimat de lectura":"1 minut"},"schema":{"@context":"https:\/\/schema.org","@graph":[{"@type":"Article","@id":"https:\/\/www.noubarris.net\/web40\/obres-a-la-ronda-de-la-guineueta-vella-2\/#article","isPartOf":{"@id":"https:\/\/www.noubarris.net\/web40\/obres-a-la-ronda-de-la-guineueta-vella-2\/"},"author":{"name":"Informatius","@id":"https:\/\/www.noubarris.net\/web40\/#\/schema\/person\/1827f92aaa316c54abbf4dac0de76069"},"headline":"Obres a la ronda de la Guineueta Vella","datePublished":"2017-09-18T22:00:23+00:00","mainEntityOfPage":{"@id":"https:\/\/www.noubarris.net\/web40\/obres-a-la-ronda-de-la-guineueta-vella-2\/"},"wordCount":201,"publisher":{"@id":"https:\/\/www.noubarris.net\/web40\/#organization"},"image":{"@id":"https:\/\/www.noubarris.net\/web40\/obres-a-la-ronda-de-la-guineueta-vella-2\/#primaryimage"},"thumbnailUrl":"https:\/\/www.noubarris.net\/web40\/wp-content\/uploads\/2017\/09\/190917.jpg","keywords":["Autob\u00fas","Canyelles","Obres","Urbanisme"],"articleSection":["Canyelles","Urbanisme"],"inLanguage":"ca"},{"@type":"WebPage","@id":"https:\/\/www.noubarris.net\/web40\/obres-a-la-ronda-de-la-guineueta-vella-2\/","url":"https:\/\/www.noubarris.net\/web40\/obres-a-la-ronda-de-la-guineueta-vella-2\/","name":"Obres a la ronda de la Guineueta Vella - NouBarris.Net","isPartOf":{"@id":"https:\/\/www.noubarris.net\/web40\/#website"},"primaryImageOfPage":{"@id":"https:\/\/www.noubarris.net\/web40\/obres-a-la-ronda-de-la-guineueta-vella-2\/#primaryimage"},"image":{"@id":"https:\/\/www.noubarris.net\/web40\/obres-a-la-ronda-de-la-guineueta-vella-2\/#primaryimage"},"thumbnailUrl":"https:\/\/www.noubarris.net\/web40\/wp-content\/uploads\/2017\/09\/190917.jpg","datePublished":"2017-09-18T22:00:23+00:00","breadcrumb":{"@id":"https:\/\/www.noubarris.net\/web40\/obres-a-la-ronda-de-la-guineueta-vella-2\/#breadcrumb"},"inLanguage":"ca","potentialAction":[{"@type":"ReadAction","target":["https:\/\/www.noubarris.net\/web40\/obres-a-la-ronda-de-la-guineueta-vella-2\/"]}]},{"@type":"ImageObject","inLanguage":"ca","@id":"https:\/\/www.noubarris.net\/web40\/obres-a-la-ronda-de-la-guineueta-vella-2\/#primaryimage","url":"https:\/\/www.noubarris.net\/web40\/wp-content\/uploads\/2017\/09\/190917.jpg","contentUrl":"https:\/\/www.noubarris.net\/web40\/wp-content\/uploads\/2017\/09\/190917.jpg","width":787,"height":445},{"@type":"BreadcrumbList","@id":"https:\/\/www.noubarris.net\/web40\/obres-a-la-ronda-de-la-guineueta-vella-2\/#breadcrumb","itemListElement":[{"@type":"ListItem","position":1,"name":"Inici","item":"https:\/\/www.noubarris.net\/web40\/"},{"@type":"ListItem","position":2,"name":"Obres a la ronda de la Guineueta Vella"}]},{"@type":"WebSite","@id":"https:\/\/www.noubarris.net\/web40\/#website","url":"https:\/\/www.noubarris.net\/web40\/","name":"NouBarris.Net","description":"Seguint la vida de Nou Barris des de 1985","publisher":{"@id":"https:\/\/www.noubarris.net\/web40\/#organization"},"potentialAction":[{"@type":"SearchAction","target":{"@type":"EntryPoint","urlTemplate":"https:\/\/www.noubarris.net\/web40\/?s={search_term_string}"},"query-input":{"@type":"PropertyValueSpecification","valueRequired":true,"valueName":"search_term_string"}}],"inLanguage":"ca"},{"@type":"Organization","@id":"https:\/\/www.noubarris.net\/web40\/#organization","name":"NouBarris.Net","url":"https:\/\/www.noubarris.net\/web40\/","logo":{"@type":"ImageObject","inLanguage":"ca","@id":"https:\/\/www.noubarris.net\/web40\/#\/schema\/logo\/image\/","url":"https:\/\/www.noubarris.net\/web40\/wp-content\/uploads\/2024\/11\/cropped-cropped-LOGO_9BTV-2024_Insta-1.jpg","contentUrl":"https:\/\/www.noubarris.net\/web40\/wp-content\/uploads\/2024\/11\/cropped-cropped-LOGO_9BTV-2024_Insta-1.jpg","width":512,"height":512,"caption":"NouBarris.Net"},"image":{"@id":"https:\/\/www.noubarris.net\/web40\/#\/schema\/logo\/image\/"},"sameAs":["https:\/\/www.facebook.com\/NouBarris.net\/?locale=es_ES","https:\/\/x.com\/9BTV"]},{"@type":"Person","@id":"https:\/\/www.noubarris.net\/web40\/#\/schema\/person\/1827f92aaa316c54abbf4dac0de76069","name":"Informatius","image":{"@type":"ImageObject","inLanguage":"ca","@id":"https:\/\/www.noubarris.net\/web40\/#\/schema\/person\/image\/","url":"https:\/\/secure.gravatar.com\/avatar\/87a3b47928835fc72c6ee5b0e1a7263ef0c2d05003a98189bc14926c5f11bcdb?s=96&d=mm&r=g","contentUrl":"https:\/\/secure.gravatar.com\/avatar\/87a3b47928835fc72c6ee5b0e1a7263ef0c2d05003a98189bc14926c5f11bcdb?s=96&d=mm&r=g","caption":"Informatius"},"url":"https:\/\/www.noubarris.net\/web40\/author\/tele\/"}]}},"_links":{"self":[{"href":"https:\/\/www.noubarris.net\/web40\/wp-json\/wp\/v2\/posts\/70349","targetHints":{"allow":["GET"]}}],"collection":[{"href":"https:\/\/www.noubarris.net\/web40\/wp-json\/wp\/v2\/posts"}],"about":[{"href":"https:\/\/www.noubarris.net\/web40\/wp-json\/wp\/v2\/types\/post"}],"author":[{"embeddable":true,"href":"https:\/\/www.noubarris.net\/web40\/wp-json\/wp\/v2\/users\/2"}],"replies":[{"embeddable":true,"href":"https:\/\/www.noubarris.net\/web40\/wp-json\/wp\/v2\/comments?post=70349"}],"version-history":[{"count":0,"href":"https:\/\/www.noubarris.net\/web40\/wp-json\/wp\/v2\/posts\/70349\/revisions"}],"wp:featuredmedia":[{"embeddable":true,"href":"https:\/\/www.noubarris.net\/web40\/wp-json\/wp\/v2\/media\/70351"}],"wp:attachment":[{"href":"https:\/\/www.noubarris.net\/web40\/wp-json\/wp\/v2\/media?parent=70349"}],"wp:term":[{"taxonomy":"category","embeddable":true,"href":"https:\/\/www.noubarris.net\/web40\/wp-json\/wp\/v2\/categories?post=70349"},{"taxonomy":"post_tag","embeddable":true,"href":"https:\/\/www.noubarris.net\/web40\/wp-json\/wp\/v2\/tags?post=70349"}],"curies":[{"name":"wp","href":"https:\/\/api.w.org\/{rel}","templated":true}]}}