{"id":70352,"date":"2017-09-20T00:00:57","date_gmt":"2017-09-19T22:00:57","guid":{"rendered":"http:\/\/www.noubarris.net\/web40\/?p=70352"},"modified":"2017-09-19T15:48:05","modified_gmt":"2017-09-19T13:48:05","slug":"els-veins-de-canyelles-demanen-mes-manteniment-al-parc-de-serra-marti","status":"publish","type":"post","link":"https:\/\/www.noubarris.net\/web40\/els-veins-de-canyelles-demanen-mes-manteniment-al-parc-de-serra-marti\/","title":{"rendered":"Els ve\u00efns de Canyelles demanen m\u00e9s manteniment al parc de Serra Mart\u00ed"},"content":{"rendered":"<p><strong>Reclamen actuacions per reparar el verd perdut, millorar la il\u00b7luminaci\u00f3 i alguns dels elements<\/strong><\/p>\n<p>L\u2019AV de Canyelles denuncia el mal estat del parc de Josep Maria Serra Mart\u00ed, el pulm\u00f3 verd del barri, per manca de manteniment. L\u2019arbrat que es tala no es reposa, part de la gespa est\u00e0 perqu\u00e8 no funciona el sistema de rec, i les copes dels arbres mitiguen la llum dels fanals. A tot aix\u00f2 se sumen antics nyaps que es van fer com la restauraci\u00f3 de la font m\u00e0gica o les escales i baranes del parc.<\/p>\n<p>Tot i estar situat sobre un centre de manteniment de Parc i Jardins, el parc de Serra Mart\u00ed no llueix tot el verd que podria. \u00a0\u201cEns trobem que els arbres s\u2019han talat i ara en queda nom\u00e9s la soca. \u2013 denuncia l\u2019Albert L\u00f3pez, de l\u2019AV de Canyelles &#8211; \u00c9s una situaci\u00f3 constant, s\u2019est\u00e0 desarbrant el parc de Josep Maria Serra Mart\u00ed perqu\u00e8 no hi ha una reposici\u00f3 dels arbres. A m\u00e9s a m\u00e9s, la gespa s\u2019est\u00e0 assecant en algunes zones perqu\u00e8 no funciona el sistema de rec en alguns indrets. Hi ha zones molt seques i no fan actuacions de cap mena\u201d.\u00a0 L\u2019AV\u00a0 es queixa que amb la p\u00e8rdua de la gespa, s\u2019adopten solucions que empitjoren el manteniment del parc. \u00a0\u201cDurant tot l\u2019estiu se suposa que hi havia poca aigua i el rec no ha funcionat pr\u00e0cticament. I com que no tenim gespa ara posen matolls, i aix\u00f2 ens porta que tenim el barri ple de rates i brossa. \u2013 afirma en Manuel S\u00e1nchez, president de l\u2019AV de Canyelles.- \u00a0Ten\u00edem zones netes amb gespa, que hem perdut per manca de rec, han plantat matolls i els matolls no porten m\u00e9s que brut\u00edcia.\u201d Els ve\u00efns tamb\u00e9 denuncien la manca d\u2019il\u00b7luminaci\u00f3 en algunes zones del parc. \u201cTenim fanals amb llums direccionals per\u00f2 els arbres han crescut i tapen la llum. I aix\u00f2 afavoreix el vandalisme al barri\u201d, afegeix l\u2019Abert L\u00f3pez.<\/p>\n<p>La font m\u00e0gica tamb\u00e9 \u00e9s un cl\u00e0ssic de les demandes ve\u00efnals. Les actuacions de l\u2019anterior govern han acabat deslluint la font ornamental.\u00a0 \u201cA la font s\u2019ha fet una s\u00e8rie de reparacions i no funciona b\u00e9. Est\u00e0 desnivellada i no cau b\u00e9 l\u2019aigua. I a m\u00e9s no entenc la ment que va projectar la restauraci\u00f3. \u2013 explica L\u00f3pez &#8211; \u00a0Van pintar la font, que est\u00e0 feta amb material inoxidable. I el m\u00e9s grotesc \u00e9s que fins i tot van pintar les pedres volc\u00e0niques d\u2019Olot, que eren de color negre.\u201c<\/p>\n<p>A l\u2019altra banda del parc, les escales i baranes tamb\u00e9 reben cr\u00edtiques. \u201cLes escales estan mal constru\u00efdes, amb els graons tan separats i alts que la gent enlloc de baixar les escales, va a la pata coixa. Per aix\u00f2 han obert un corriol al costat de les escales, en paral\u00b7lel\u201d, afegeix L\u00f3pez.<\/p>\n<p>Per \u00faltim els ve\u00efns reclamen que es torni a col\u00b7locar la pedra i la placa en homenatge a Maria \u00c1ngeles Rivas, una l\u00edder ve\u00efnal del barri. La placa ja feia temps que havia desaparegut, per\u00f2 amb la darrera pavimentaci\u00f3 del parc es va retirar tamb\u00e9 la base de pedra.<\/p>\n","protected":false},"excerpt":{"rendered":"<p>Reclamen actuacions per reparar el verd perdut, millorar la il\u00b7luminaci\u00f3 i alguns dels elements L\u2019AV de Canyelles denuncia el mal<\/p>\n","protected":false},"author":2,"featured_media":70353,"comment_status":"closed","ping_status":"closed","sticky":false,"template":"","format":"standard","meta":{"colormag_page_layout":"default_layout","_monsterinsights_skip_tracking":false,"_monsterinsights_sitenote_active":false,"_monsterinsights_sitenote_note":"","_monsterinsights_sitenote_category":0,"footnotes":""},"categories":[131,302],"tags":[48,413,428],"class_list":["post-70352","post","type-post","status-publish","format-standard","has-post-thumbnail","hentry","category-canyelles","category-urbanisme","tag-canyelles","tag-parcs","tag-queixes"],"yoast_head":"<!-- This site is optimized with the Yoast SEO plugin v25.3 - https:\/\/yoast.com\/wordpress\/plugins\/seo\/ -->\n<title>Els ve\u00efns de Canyelles demanen m\u00e9s manteniment al parc de Serra Mart\u00ed - NouBarris.Net<\/title>\n<meta name=\"robots\" content=\"index, follow, max-snippet:-1, max-image-preview:large, max-video-preview:-1\" \/>\n<link rel=\"canonical\" href=\"https:\/\/www.noubarris.net\/web40\/els-veins-de-canyelles-demanen-mes-manteniment-al-parc-de-serra-marti\/\" \/>\n<meta property=\"og:locale\" content=\"ca_ES\" \/>\n<meta property=\"og:type\" content=\"article\" \/>\n<meta property=\"og:title\" content=\"Els ve\u00efns de Canyelles demanen m\u00e9s manteniment al parc de Serra Mart\u00ed - NouBarris.Net\" \/>\n<meta property=\"og:description\" content=\"Reclamen actuacions per reparar el verd perdut, millorar la il\u00b7luminaci\u00f3 i alguns dels elements L\u2019AV de Canyelles denuncia el mal\" \/>\n<meta property=\"og:url\" content=\"https:\/\/www.noubarris.net\/web40\/els-veins-de-canyelles-demanen-mes-manteniment-al-parc-de-serra-marti\/\" \/>\n<meta property=\"og:site_name\" content=\"NouBarris.Net\" \/>\n<meta property=\"article:publisher\" content=\"https:\/\/www.facebook.com\/NouBarris.net\/?locale=es_ES\" \/>\n<meta property=\"article:published_time\" content=\"2017-09-19T22:00:57+00:00\" \/>\n<meta property=\"og:image\" content=\"https:\/\/www.noubarris.net\/web40\/wp-content\/uploads\/2017\/09\/200917.jpg\" \/>\n\t<meta property=\"og:image:width\" content=\"787\" \/>\n\t<meta property=\"og:image:height\" content=\"445\" \/>\n\t<meta property=\"og:image:type\" content=\"image\/jpeg\" \/>\n<meta name=\"author\" content=\"Informatius\" \/>\n<meta name=\"twitter:card\" content=\"summary_large_image\" \/>\n<meta name=\"twitter:creator\" content=\"@9BTV\" \/>\n<meta name=\"twitter:site\" content=\"@9BTV\" \/>\n<meta name=\"twitter:label1\" content=\"Escrit per\" \/>\n\t<meta name=\"twitter:data1\" content=\"Informatius\" \/>\n\t<meta name=\"twitter:label2\" content=\"Temps estimat de lectura\" \/>\n\t<meta name=\"twitter:data2\" content=\"3 minuts\" \/>\n<script type=\"application\/ld+json\" class=\"yoast-schema-graph\">{\"@context\":\"https:\/\/schema.org\",\"@graph\":[{\"@type\":\"Article\",\"@id\":\"https:\/\/www.noubarris.net\/web40\/els-veins-de-canyelles-demanen-mes-manteniment-al-parc-de-serra-marti\/#article\",\"isPartOf\":{\"@id\":\"https:\/\/www.noubarris.net\/web40\/els-veins-de-canyelles-demanen-mes-manteniment-al-parc-de-serra-marti\/\"},\"author\":{\"name\":\"Informatius\",\"@id\":\"https:\/\/www.noubarris.net\/web40\/#\/schema\/person\/1827f92aaa316c54abbf4dac0de76069\"},\"headline\":\"Els ve\u00efns de Canyelles demanen m\u00e9s manteniment al parc de Serra Mart\u00ed\",\"datePublished\":\"2017-09-19T22:00:57+00:00\",\"mainEntityOfPage\":{\"@id\":\"https:\/\/www.noubarris.net\/web40\/els-veins-de-canyelles-demanen-mes-manteniment-al-parc-de-serra-marti\/\"},\"wordCount\":569,\"publisher\":{\"@id\":\"https:\/\/www.noubarris.net\/web40\/#organization\"},\"image\":{\"@id\":\"https:\/\/www.noubarris.net\/web40\/els-veins-de-canyelles-demanen-mes-manteniment-al-parc-de-serra-marti\/#primaryimage\"},\"thumbnailUrl\":\"https:\/\/www.noubarris.net\/web40\/wp-content\/uploads\/2017\/09\/200917.jpg\",\"keywords\":[\"Canyelles\",\"Parcs\",\"Queixes\"],\"articleSection\":[\"Canyelles\",\"Urbanisme\"],\"inLanguage\":\"ca\"},{\"@type\":\"WebPage\",\"@id\":\"https:\/\/www.noubarris.net\/web40\/els-veins-de-canyelles-demanen-mes-manteniment-al-parc-de-serra-marti\/\",\"url\":\"https:\/\/www.noubarris.net\/web40\/els-veins-de-canyelles-demanen-mes-manteniment-al-parc-de-serra-marti\/\",\"name\":\"Els ve\u00efns de Canyelles demanen m\u00e9s manteniment al parc de Serra Mart\u00ed - NouBarris.Net\",\"isPartOf\":{\"@id\":\"https:\/\/www.noubarris.net\/web40\/#website\"},\"primaryImageOfPage\":{\"@id\":\"https:\/\/www.noubarris.net\/web40\/els-veins-de-canyelles-demanen-mes-manteniment-al-parc-de-serra-marti\/#primaryimage\"},\"image\":{\"@id\":\"https:\/\/www.noubarris.net\/web40\/els-veins-de-canyelles-demanen-mes-manteniment-al-parc-de-serra-marti\/#primaryimage\"},\"thumbnailUrl\":\"https:\/\/www.noubarris.net\/web40\/wp-content\/uploads\/2017\/09\/200917.jpg\",\"datePublished\":\"2017-09-19T22:00:57+00:00\",\"breadcrumb\":{\"@id\":\"https:\/\/www.noubarris.net\/web40\/els-veins-de-canyelles-demanen-mes-manteniment-al-parc-de-serra-marti\/#breadcrumb\"},\"inLanguage\":\"ca\",\"potentialAction\":[{\"@type\":\"ReadAction\",\"target\":[\"https:\/\/www.noubarris.net\/web40\/els-veins-de-canyelles-demanen-mes-manteniment-al-parc-de-serra-marti\/\"]}]},{\"@type\":\"ImageObject\",\"inLanguage\":\"ca\",\"@id\":\"https:\/\/www.noubarris.net\/web40\/els-veins-de-canyelles-demanen-mes-manteniment-al-parc-de-serra-marti\/#primaryimage\",\"url\":\"https:\/\/www.noubarris.net\/web40\/wp-content\/uploads\/2017\/09\/200917.jpg\",\"contentUrl\":\"https:\/\/www.noubarris.net\/web40\/wp-content\/uploads\/2017\/09\/200917.jpg\",\"width\":787,\"height\":445},{\"@type\":\"BreadcrumbList\",\"@id\":\"https:\/\/www.noubarris.net\/web40\/els-veins-de-canyelles-demanen-mes-manteniment-al-parc-de-serra-marti\/#breadcrumb\",\"itemListElement\":[{\"@type\":\"ListItem\",\"position\":1,\"name\":\"Inici\",\"item\":\"https:\/\/www.noubarris.net\/web40\/\"},{\"@type\":\"ListItem\",\"position\":2,\"name\":\"Els ve\u00efns de Canyelles demanen m\u00e9s manteniment al parc de Serra Mart\u00ed\"}]},{\"@type\":\"WebSite\",\"@id\":\"https:\/\/www.noubarris.net\/web40\/#website\",\"url\":\"https:\/\/www.noubarris.net\/web40\/\",\"name\":\"NouBarris.Net\",\"description\":\"Seguint la vida de Nou Barris des de 1985\",\"publisher\":{\"@id\":\"https:\/\/www.noubarris.net\/web40\/#organization\"},\"potentialAction\":[{\"@type\":\"SearchAction\",\"target\":{\"@type\":\"EntryPoint\",\"urlTemplate\":\"https:\/\/www.noubarris.net\/web40\/?s={search_term_string}\"},\"query-input\":{\"@type\":\"PropertyValueSpecification\",\"valueRequired\":true,\"valueName\":\"search_term_string\"}}],\"inLanguage\":\"ca\"},{\"@type\":\"Organization\",\"@id\":\"https:\/\/www.noubarris.net\/web40\/#organization\",\"name\":\"NouBarris.Net\",\"url\":\"https:\/\/www.noubarris.net\/web40\/\",\"logo\":{\"@type\":\"ImageObject\",\"inLanguage\":\"ca\",\"@id\":\"https:\/\/www.noubarris.net\/web40\/#\/schema\/logo\/image\/\",\"url\":\"https:\/\/www.noubarris.net\/web40\/wp-content\/uploads\/2024\/11\/cropped-cropped-LOGO_9BTV-2024_Insta-1.jpg\",\"contentUrl\":\"https:\/\/www.noubarris.net\/web40\/wp-content\/uploads\/2024\/11\/cropped-cropped-LOGO_9BTV-2024_Insta-1.jpg\",\"width\":512,\"height\":512,\"caption\":\"NouBarris.Net\"},\"image\":{\"@id\":\"https:\/\/www.noubarris.net\/web40\/#\/schema\/logo\/image\/\"},\"sameAs\":[\"https:\/\/www.facebook.com\/NouBarris.net\/?locale=es_ES\",\"https:\/\/x.com\/9BTV\"]},{\"@type\":\"Person\",\"@id\":\"https:\/\/www.noubarris.net\/web40\/#\/schema\/person\/1827f92aaa316c54abbf4dac0de76069\",\"name\":\"Informatius\",\"image\":{\"@type\":\"ImageObject\",\"inLanguage\":\"ca\",\"@id\":\"https:\/\/www.noubarris.net\/web40\/#\/schema\/person\/image\/\",\"url\":\"https:\/\/secure.gravatar.com\/avatar\/87a3b47928835fc72c6ee5b0e1a7263ef0c2d05003a98189bc14926c5f11bcdb?s=96&d=mm&r=g\",\"contentUrl\":\"https:\/\/secure.gravatar.com\/avatar\/87a3b47928835fc72c6ee5b0e1a7263ef0c2d05003a98189bc14926c5f11bcdb?s=96&d=mm&r=g\",\"caption\":\"Informatius\"},\"url\":\"https:\/\/www.noubarris.net\/web40\/author\/tele\/\"}]}<\/script>\n<!-- \/ Yoast SEO plugin. -->","yoast_head_json":{"title":"Els ve\u00efns de Canyelles demanen m\u00e9s manteniment al parc de Serra Mart\u00ed - NouBarris.Net","robots":{"index":"index","follow":"follow","max-snippet":"max-snippet:-1","max-image-preview":"max-image-preview:large","max-video-preview":"max-video-preview:-1"},"canonical":"https:\/\/www.noubarris.net\/web40\/els-veins-de-canyelles-demanen-mes-manteniment-al-parc-de-serra-marti\/","og_locale":"ca_ES","og_type":"article","og_title":"Els ve\u00efns de Canyelles demanen m\u00e9s manteniment al parc de Serra Mart\u00ed - NouBarris.Net","og_description":"Reclamen actuacions per reparar el verd perdut, millorar la il\u00b7luminaci\u00f3 i alguns dels elements L\u2019AV de Canyelles denuncia el mal","og_url":"https:\/\/www.noubarris.net\/web40\/els-veins-de-canyelles-demanen-mes-manteniment-al-parc-de-serra-marti\/","og_site_name":"NouBarris.Net","article_publisher":"https:\/\/www.facebook.com\/NouBarris.net\/?locale=es_ES","article_published_time":"2017-09-19T22:00:57+00:00","og_image":[{"width":787,"height":445,"url":"https:\/\/www.noubarris.net\/web40\/wp-content\/uploads\/2017\/09\/200917.jpg","type":"image\/jpeg"}],"author":"Informatius","twitter_card":"summary_large_image","twitter_creator":"@9BTV","twitter_site":"@9BTV","twitter_misc":{"Escrit per":"Informatius","Temps estimat de lectura":"3 minuts"},"schema":{"@context":"https:\/\/schema.org","@graph":[{"@type":"Article","@id":"https:\/\/www.noubarris.net\/web40\/els-veins-de-canyelles-demanen-mes-manteniment-al-parc-de-serra-marti\/#article","isPartOf":{"@id":"https:\/\/www.noubarris.net\/web40\/els-veins-de-canyelles-demanen-mes-manteniment-al-parc-de-serra-marti\/"},"author":{"name":"Informatius","@id":"https:\/\/www.noubarris.net\/web40\/#\/schema\/person\/1827f92aaa316c54abbf4dac0de76069"},"headline":"Els ve\u00efns de Canyelles demanen m\u00e9s manteniment al parc de Serra Mart\u00ed","datePublished":"2017-09-19T22:00:57+00:00","mainEntityOfPage":{"@id":"https:\/\/www.noubarris.net\/web40\/els-veins-de-canyelles-demanen-mes-manteniment-al-parc-de-serra-marti\/"},"wordCount":569,"publisher":{"@id":"https:\/\/www.noubarris.net\/web40\/#organization"},"image":{"@id":"https:\/\/www.noubarris.net\/web40\/els-veins-de-canyelles-demanen-mes-manteniment-al-parc-de-serra-marti\/#primaryimage"},"thumbnailUrl":"https:\/\/www.noubarris.net\/web40\/wp-content\/uploads\/2017\/09\/200917.jpg","keywords":["Canyelles","Parcs","Queixes"],"articleSection":["Canyelles","Urbanisme"],"inLanguage":"ca"},{"@type":"WebPage","@id":"https:\/\/www.noubarris.net\/web40\/els-veins-de-canyelles-demanen-mes-manteniment-al-parc-de-serra-marti\/","url":"https:\/\/www.noubarris.net\/web40\/els-veins-de-canyelles-demanen-mes-manteniment-al-parc-de-serra-marti\/","name":"Els ve\u00efns de Canyelles demanen m\u00e9s manteniment al parc de Serra Mart\u00ed - NouBarris.Net","isPartOf":{"@id":"https:\/\/www.noubarris.net\/web40\/#website"},"primaryImageOfPage":{"@id":"https:\/\/www.noubarris.net\/web40\/els-veins-de-canyelles-demanen-mes-manteniment-al-parc-de-serra-marti\/#primaryimage"},"image":{"@id":"https:\/\/www.noubarris.net\/web40\/els-veins-de-canyelles-demanen-mes-manteniment-al-parc-de-serra-marti\/#primaryimage"},"thumbnailUrl":"https:\/\/www.noubarris.net\/web40\/wp-content\/uploads\/2017\/09\/200917.jpg","datePublished":"2017-09-19T22:00:57+00:00","breadcrumb":{"@id":"https:\/\/www.noubarris.net\/web40\/els-veins-de-canyelles-demanen-mes-manteniment-al-parc-de-serra-marti\/#breadcrumb"},"inLanguage":"ca","potentialAction":[{"@type":"ReadAction","target":["https:\/\/www.noubarris.net\/web40\/els-veins-de-canyelles-demanen-mes-manteniment-al-parc-de-serra-marti\/"]}]},{"@type":"ImageObject","inLanguage":"ca","@id":"https:\/\/www.noubarris.net\/web40\/els-veins-de-canyelles-demanen-mes-manteniment-al-parc-de-serra-marti\/#primaryimage","url":"https:\/\/www.noubarris.net\/web40\/wp-content\/uploads\/2017\/09\/200917.jpg","contentUrl":"https:\/\/www.noubarris.net\/web40\/wp-content\/uploads\/2017\/09\/200917.jpg","width":787,"height":445},{"@type":"BreadcrumbList","@id":"https:\/\/www.noubarris.net\/web40\/els-veins-de-canyelles-demanen-mes-manteniment-al-parc-de-serra-marti\/#breadcrumb","itemListElement":[{"@type":"ListItem","position":1,"name":"Inici","item":"https:\/\/www.noubarris.net\/web40\/"},{"@type":"ListItem","position":2,"name":"Els ve\u00efns de Canyelles demanen m\u00e9s manteniment al parc de Serra Mart\u00ed"}]},{"@type":"WebSite","@id":"https:\/\/www.noubarris.net\/web40\/#website","url":"https:\/\/www.noubarris.net\/web40\/","name":"NouBarris.Net","description":"Seguint la vida de Nou Barris des de 1985","publisher":{"@id":"https:\/\/www.noubarris.net\/web40\/#organization"},"potentialAction":[{"@type":"SearchAction","target":{"@type":"EntryPoint","urlTemplate":"https:\/\/www.noubarris.net\/web40\/?s={search_term_string}"},"query-input":{"@type":"PropertyValueSpecification","valueRequired":true,"valueName":"search_term_string"}}],"inLanguage":"ca"},{"@type":"Organization","@id":"https:\/\/www.noubarris.net\/web40\/#organization","name":"NouBarris.Net","url":"https:\/\/www.noubarris.net\/web40\/","logo":{"@type":"ImageObject","inLanguage":"ca","@id":"https:\/\/www.noubarris.net\/web40\/#\/schema\/logo\/image\/","url":"https:\/\/www.noubarris.net\/web40\/wp-content\/uploads\/2024\/11\/cropped-cropped-LOGO_9BTV-2024_Insta-1.jpg","contentUrl":"https:\/\/www.noubarris.net\/web40\/wp-content\/uploads\/2024\/11\/cropped-cropped-LOGO_9BTV-2024_Insta-1.jpg","width":512,"height":512,"caption":"NouBarris.Net"},"image":{"@id":"https:\/\/www.noubarris.net\/web40\/#\/schema\/logo\/image\/"},"sameAs":["https:\/\/www.facebook.com\/NouBarris.net\/?locale=es_ES","https:\/\/x.com\/9BTV"]},{"@type":"Person","@id":"https:\/\/www.noubarris.net\/web40\/#\/schema\/person\/1827f92aaa316c54abbf4dac0de76069","name":"Informatius","image":{"@type":"ImageObject","inLanguage":"ca","@id":"https:\/\/www.noubarris.net\/web40\/#\/schema\/person\/image\/","url":"https:\/\/secure.gravatar.com\/avatar\/87a3b47928835fc72c6ee5b0e1a7263ef0c2d05003a98189bc14926c5f11bcdb?s=96&d=mm&r=g","contentUrl":"https:\/\/secure.gravatar.com\/avatar\/87a3b47928835fc72c6ee5b0e1a7263ef0c2d05003a98189bc14926c5f11bcdb?s=96&d=mm&r=g","caption":"Informatius"},"url":"https:\/\/www.noubarris.net\/web40\/author\/tele\/"}]}},"_links":{"self":[{"href":"https:\/\/www.noubarris.net\/web40\/wp-json\/wp\/v2\/posts\/70352","targetHints":{"allow":["GET"]}}],"collection":[{"href":"https:\/\/www.noubarris.net\/web40\/wp-json\/wp\/v2\/posts"}],"about":[{"href":"https:\/\/www.noubarris.net\/web40\/wp-json\/wp\/v2\/types\/post"}],"author":[{"embeddable":true,"href":"https:\/\/www.noubarris.net\/web40\/wp-json\/wp\/v2\/users\/2"}],"replies":[{"embeddable":true,"href":"https:\/\/www.noubarris.net\/web40\/wp-json\/wp\/v2\/comments?post=70352"}],"version-history":[{"count":0,"href":"https:\/\/www.noubarris.net\/web40\/wp-json\/wp\/v2\/posts\/70352\/revisions"}],"wp:featuredmedia":[{"embeddable":true,"href":"https:\/\/www.noubarris.net\/web40\/wp-json\/wp\/v2\/media\/70353"}],"wp:attachment":[{"href":"https:\/\/www.noubarris.net\/web40\/wp-json\/wp\/v2\/media?parent=70352"}],"wp:term":[{"taxonomy":"category","embeddable":true,"href":"https:\/\/www.noubarris.net\/web40\/wp-json\/wp\/v2\/categories?post=70352"},{"taxonomy":"post_tag","embeddable":true,"href":"https:\/\/www.noubarris.net\/web40\/wp-json\/wp\/v2\/tags?post=70352"}],"curies":[{"name":"wp","href":"https:\/\/api.w.org\/{rel}","templated":true}]}}