{"id":70493,"date":"2017-10-09T00:00:06","date_gmt":"2017-10-08T22:00:06","guid":{"rendered":"http:\/\/www.noubarris.net\/web40\/?p=70493"},"modified":"2017-10-06T16:08:40","modified_gmt":"2017-10-06T14:08:40","slug":"el-declivi-del-comerc-a-la-part-alta-de-ciutat-meridiana","status":"publish","type":"post","link":"https:\/\/www.noubarris.net\/web40\/el-declivi-del-comerc-a-la-part-alta-de-ciutat-meridiana\/","title":{"rendered":"El declivi del comer\u00e7 a la part alta de Ciutat Meridiana"},"content":{"rendered":"<p><strong>Els ve\u00efns recorren a familiars per fer les compres en un barri ple de pendents<\/strong><\/p>\n<p>La part alta de Ciutat Meridiana s\u2019est\u00e0 quedant, a poc a poc, sense comer\u00e7. El mercat de N\u00faria ja tan sols t\u00e9 dues parades i fora del mercat, els ve\u00efns nom\u00e9s troben un forn, un queviures i un petit basar. Es tracta d\u2019un greu problema en un barri ple de pendents i escales i amb un ve\u00efnat envellit que es veu obligat a despla\u00e7ar-se a Montcada o a la part baixa del barri, depenent de familiars i del transport p\u00fablic.<\/p>\n<p>Els darrers comerciants que encara obren persiana a la part alta del barri s\u00f3n l\u2019\u00fanica oferta per als ve\u00efns m\u00e9s grans que no poden despla\u00e7ar-se a altres zones. \u201cEl comer\u00e7 del costat ven quatre cosetes, jo venc altres quatre, per\u00f2 no mantens un barri amb aix\u00f2. \u2013 explica Jos\u00e9 Manuel Rivera, propietari del basar &#8211; \u00a0Hem quedat per als oblits. Ai, que em falta un lleixiu, vaig al Jos\u00e9, que em falta un pot de tal, vaig all\u00e0 al costat. Hem quedat per aix\u00f2, per a l\u2019oblit, i amb els oblits no es mant\u00e9 un negoci.\u201d La Mar\u00eda Carmelina Collahuazo, un altra botiguera, intenta tenir al seu petit supermercat m\u00e9s varietat d\u2019oferta per donar resposta a la demanda: \u201cels ve\u00efns sempre es queixen perqu\u00e8 els agradaria tenir alguna cosa m\u00e9s gran. No tenim peixateria, no tenim carnisseria. Em diuen que sort que tincs aquesta botiga, i almenys els salvo d\u2019algunes coses. Intento tenir una mica de tot perqu\u00e8 la gent estigui contenta, per\u00f2 no puc tenir molt, no m\u2019hi caben moltes coses.\u201d<\/p>\n<p>\u201cEl mercat est\u00e0 mort i bene\u00eft\u201d<\/p>\n<p>Anys enrere, aquesta part del barri gaudia d\u2019una bona oferta comercial, amb un mercat ple de gom a gom i els botigues del voltant.\u00a0 Per\u00f2 amb el temps el mercat s\u2019ha quedat nom\u00e9s amb una fruiteria oberta, i molts comer\u00e7os propers han tancat persianes. \u201cEl mercat est\u00e0 mort i bene\u00eft. \u2013 lamenta Jos\u00e9 Zurita, un ve\u00ed de tota la vida al barri &#8211; El 80% de les persones d\u2019aqu\u00ed anem ara a comprar a la via J\u00falia, al mercat de Montserrat. Alguns tamb\u00e9 baixen a la pla\u00e7a Roja. \u201d<\/p>\n<p>Per comprar els ve\u00efns opten per agafar el vehicle privat ja que la zona est\u00e0 plena d\u2019escales i pendents. La gent gran ha de demanar ajuda als familiars o fer \u00fas del transport p\u00fablic. \u201cBaixem caminant a la part baixa i despr\u00e9s, com anem carregades, pugem amb el bus. \u00a0\u2013 explica la Dolores Reyes &#8211; \u00a0Tinc 83 anys i he de baixar perqu\u00e8 aqu\u00ed no hi ha res. Abans hi havia molta botiga i ara no tenim gaireb\u00e9 res. No vull que tanqui la pla\u00e7a, si tanca la pla\u00e7a, malament rai.\u201d \u201cM\u2019ho porten, cada cop que venen els meus familiars em porten llet, vi i tot aix\u00f2 perqu\u00e8 jo no puc sortir\u201d, afegeix la Bernarda Guti\u00e9rrez, un altre ve\u00efna.<\/p>\n<p>L\u2019Ajuntament i els ve\u00efns estan buscant ara solucions al problema d\u2019aquests ve\u00efns. Sobretot ara que el tancament del mercat \u00e9s quasi un fet. D\u2019aqu\u00ed dues setmanes es tornaran a reunir per trobar alternatives.<\/p>\n<p>&nbsp;<\/p>\n","protected":false},"excerpt":{"rendered":"<p>Els ve\u00efns recorren a familiars per fer les compres en un barri ple de pendents La part alta de Ciutat<\/p>\n","protected":false},"author":2,"featured_media":70494,"comment_status":"closed","ping_status":"closed","sticky":false,"template":"","format":"standard","meta":{"colormag_page_layout":"default_layout","_monsterinsights_skip_tracking":false,"_monsterinsights_sitenote_active":false,"_monsterinsights_sitenote_note":"","_monsterinsights_sitenote_category":0,"footnotes":""},"categories":[132,124],"tags":[54,153,233],"class_list":["post-70493","post","type-post","status-publish","format-standard","has-post-thumbnail","hentry","category-ciutat-meridiana","category-societat","tag-ciutat-meridiana","tag-comerc","tag-mercat-de-nuria"],"yoast_head":"<!-- This site is optimized with the Yoast SEO plugin v25.3 - https:\/\/yoast.com\/wordpress\/plugins\/seo\/ -->\n<title>El declivi del comer\u00e7 a la part alta de Ciutat Meridiana - NouBarris.Net<\/title>\n<meta name=\"robots\" content=\"index, follow, max-snippet:-1, max-image-preview:large, max-video-preview:-1\" \/>\n<link rel=\"canonical\" href=\"https:\/\/www.noubarris.net\/web40\/el-declivi-del-comerc-a-la-part-alta-de-ciutat-meridiana\/\" \/>\n<meta property=\"og:locale\" content=\"ca_ES\" \/>\n<meta property=\"og:type\" content=\"article\" \/>\n<meta property=\"og:title\" content=\"El declivi del comer\u00e7 a la part alta de Ciutat Meridiana - NouBarris.Net\" \/>\n<meta property=\"og:description\" content=\"Els ve\u00efns recorren a familiars per fer les compres en un barri ple de pendents La part alta de Ciutat\" \/>\n<meta property=\"og:url\" content=\"https:\/\/www.noubarris.net\/web40\/el-declivi-del-comerc-a-la-part-alta-de-ciutat-meridiana\/\" \/>\n<meta property=\"og:site_name\" content=\"NouBarris.Net\" \/>\n<meta property=\"article:publisher\" content=\"https:\/\/www.facebook.com\/NouBarris.net\/?locale=es_ES\" \/>\n<meta property=\"article:published_time\" content=\"2017-10-08T22:00:06+00:00\" \/>\n<meta property=\"og:image\" content=\"https:\/\/www.noubarris.net\/web40\/wp-content\/uploads\/2017\/10\/091017b.jpg\" \/>\n\t<meta property=\"og:image:width\" content=\"787\" \/>\n\t<meta property=\"og:image:height\" content=\"445\" \/>\n\t<meta property=\"og:image:type\" content=\"image\/jpeg\" \/>\n<meta name=\"author\" content=\"Informatius\" \/>\n<meta name=\"twitter:card\" content=\"summary_large_image\" \/>\n<meta name=\"twitter:creator\" content=\"@9BTV\" \/>\n<meta name=\"twitter:site\" content=\"@9BTV\" \/>\n<meta name=\"twitter:label1\" content=\"Escrit per\" \/>\n\t<meta name=\"twitter:data1\" content=\"Informatius\" \/>\n\t<meta name=\"twitter:label2\" content=\"Temps estimat de lectura\" \/>\n\t<meta name=\"twitter:data2\" content=\"3 minuts\" \/>\n<script type=\"application\/ld+json\" class=\"yoast-schema-graph\">{\"@context\":\"https:\/\/schema.org\",\"@graph\":[{\"@type\":\"Article\",\"@id\":\"https:\/\/www.noubarris.net\/web40\/el-declivi-del-comerc-a-la-part-alta-de-ciutat-meridiana\/#article\",\"isPartOf\":{\"@id\":\"https:\/\/www.noubarris.net\/web40\/el-declivi-del-comerc-a-la-part-alta-de-ciutat-meridiana\/\"},\"author\":{\"name\":\"Informatius\",\"@id\":\"https:\/\/www.noubarris.net\/web40\/#\/schema\/person\/1827f92aaa316c54abbf4dac0de76069\"},\"headline\":\"El declivi del comer\u00e7 a la part alta de Ciutat Meridiana\",\"datePublished\":\"2017-10-08T22:00:06+00:00\",\"mainEntityOfPage\":{\"@id\":\"https:\/\/www.noubarris.net\/web40\/el-declivi-del-comerc-a-la-part-alta-de-ciutat-meridiana\/\"},\"wordCount\":565,\"publisher\":{\"@id\":\"https:\/\/www.noubarris.net\/web40\/#organization\"},\"image\":{\"@id\":\"https:\/\/www.noubarris.net\/web40\/el-declivi-del-comerc-a-la-part-alta-de-ciutat-meridiana\/#primaryimage\"},\"thumbnailUrl\":\"https:\/\/www.noubarris.net\/web40\/wp-content\/uploads\/2017\/10\/091017b.jpg\",\"keywords\":[\"Ciutat Meridiana\",\"Comer\u00e7\",\"Mercat de N\u00faria\"],\"articleSection\":[\"Ciutat Meridiana\",\"Societat\"],\"inLanguage\":\"ca\"},{\"@type\":\"WebPage\",\"@id\":\"https:\/\/www.noubarris.net\/web40\/el-declivi-del-comerc-a-la-part-alta-de-ciutat-meridiana\/\",\"url\":\"https:\/\/www.noubarris.net\/web40\/el-declivi-del-comerc-a-la-part-alta-de-ciutat-meridiana\/\",\"name\":\"El declivi del comer\u00e7 a la part alta de Ciutat Meridiana - NouBarris.Net\",\"isPartOf\":{\"@id\":\"https:\/\/www.noubarris.net\/web40\/#website\"},\"primaryImageOfPage\":{\"@id\":\"https:\/\/www.noubarris.net\/web40\/el-declivi-del-comerc-a-la-part-alta-de-ciutat-meridiana\/#primaryimage\"},\"image\":{\"@id\":\"https:\/\/www.noubarris.net\/web40\/el-declivi-del-comerc-a-la-part-alta-de-ciutat-meridiana\/#primaryimage\"},\"thumbnailUrl\":\"https:\/\/www.noubarris.net\/web40\/wp-content\/uploads\/2017\/10\/091017b.jpg\",\"datePublished\":\"2017-10-08T22:00:06+00:00\",\"breadcrumb\":{\"@id\":\"https:\/\/www.noubarris.net\/web40\/el-declivi-del-comerc-a-la-part-alta-de-ciutat-meridiana\/#breadcrumb\"},\"inLanguage\":\"ca\",\"potentialAction\":[{\"@type\":\"ReadAction\",\"target\":[\"https:\/\/www.noubarris.net\/web40\/el-declivi-del-comerc-a-la-part-alta-de-ciutat-meridiana\/\"]}]},{\"@type\":\"ImageObject\",\"inLanguage\":\"ca\",\"@id\":\"https:\/\/www.noubarris.net\/web40\/el-declivi-del-comerc-a-la-part-alta-de-ciutat-meridiana\/#primaryimage\",\"url\":\"https:\/\/www.noubarris.net\/web40\/wp-content\/uploads\/2017\/10\/091017b.jpg\",\"contentUrl\":\"https:\/\/www.noubarris.net\/web40\/wp-content\/uploads\/2017\/10\/091017b.jpg\",\"width\":787,\"height\":445},{\"@type\":\"BreadcrumbList\",\"@id\":\"https:\/\/www.noubarris.net\/web40\/el-declivi-del-comerc-a-la-part-alta-de-ciutat-meridiana\/#breadcrumb\",\"itemListElement\":[{\"@type\":\"ListItem\",\"position\":1,\"name\":\"Inici\",\"item\":\"https:\/\/www.noubarris.net\/web40\/\"},{\"@type\":\"ListItem\",\"position\":2,\"name\":\"El declivi del comer\u00e7 a la part alta de Ciutat Meridiana\"}]},{\"@type\":\"WebSite\",\"@id\":\"https:\/\/www.noubarris.net\/web40\/#website\",\"url\":\"https:\/\/www.noubarris.net\/web40\/\",\"name\":\"NouBarris.Net\",\"description\":\"Seguint la vida de Nou Barris des de 1985\",\"publisher\":{\"@id\":\"https:\/\/www.noubarris.net\/web40\/#organization\"},\"potentialAction\":[{\"@type\":\"SearchAction\",\"target\":{\"@type\":\"EntryPoint\",\"urlTemplate\":\"https:\/\/www.noubarris.net\/web40\/?s={search_term_string}\"},\"query-input\":{\"@type\":\"PropertyValueSpecification\",\"valueRequired\":true,\"valueName\":\"search_term_string\"}}],\"inLanguage\":\"ca\"},{\"@type\":\"Organization\",\"@id\":\"https:\/\/www.noubarris.net\/web40\/#organization\",\"name\":\"NouBarris.Net\",\"url\":\"https:\/\/www.noubarris.net\/web40\/\",\"logo\":{\"@type\":\"ImageObject\",\"inLanguage\":\"ca\",\"@id\":\"https:\/\/www.noubarris.net\/web40\/#\/schema\/logo\/image\/\",\"url\":\"https:\/\/www.noubarris.net\/web40\/wp-content\/uploads\/2024\/11\/cropped-cropped-LOGO_9BTV-2024_Insta-1.jpg\",\"contentUrl\":\"https:\/\/www.noubarris.net\/web40\/wp-content\/uploads\/2024\/11\/cropped-cropped-LOGO_9BTV-2024_Insta-1.jpg\",\"width\":512,\"height\":512,\"caption\":\"NouBarris.Net\"},\"image\":{\"@id\":\"https:\/\/www.noubarris.net\/web40\/#\/schema\/logo\/image\/\"},\"sameAs\":[\"https:\/\/www.facebook.com\/NouBarris.net\/?locale=es_ES\",\"https:\/\/x.com\/9BTV\"]},{\"@type\":\"Person\",\"@id\":\"https:\/\/www.noubarris.net\/web40\/#\/schema\/person\/1827f92aaa316c54abbf4dac0de76069\",\"name\":\"Informatius\",\"image\":{\"@type\":\"ImageObject\",\"inLanguage\":\"ca\",\"@id\":\"https:\/\/www.noubarris.net\/web40\/#\/schema\/person\/image\/\",\"url\":\"https:\/\/secure.gravatar.com\/avatar\/87a3b47928835fc72c6ee5b0e1a7263ef0c2d05003a98189bc14926c5f11bcdb?s=96&d=mm&r=g\",\"contentUrl\":\"https:\/\/secure.gravatar.com\/avatar\/87a3b47928835fc72c6ee5b0e1a7263ef0c2d05003a98189bc14926c5f11bcdb?s=96&d=mm&r=g\",\"caption\":\"Informatius\"},\"url\":\"https:\/\/www.noubarris.net\/web40\/author\/tele\/\"}]}<\/script>\n<!-- \/ Yoast SEO plugin. -->","yoast_head_json":{"title":"El declivi del comer\u00e7 a la part alta de Ciutat Meridiana - NouBarris.Net","robots":{"index":"index","follow":"follow","max-snippet":"max-snippet:-1","max-image-preview":"max-image-preview:large","max-video-preview":"max-video-preview:-1"},"canonical":"https:\/\/www.noubarris.net\/web40\/el-declivi-del-comerc-a-la-part-alta-de-ciutat-meridiana\/","og_locale":"ca_ES","og_type":"article","og_title":"El declivi del comer\u00e7 a la part alta de Ciutat Meridiana - NouBarris.Net","og_description":"Els ve\u00efns recorren a familiars per fer les compres en un barri ple de pendents La part alta de Ciutat","og_url":"https:\/\/www.noubarris.net\/web40\/el-declivi-del-comerc-a-la-part-alta-de-ciutat-meridiana\/","og_site_name":"NouBarris.Net","article_publisher":"https:\/\/www.facebook.com\/NouBarris.net\/?locale=es_ES","article_published_time":"2017-10-08T22:00:06+00:00","og_image":[{"width":787,"height":445,"url":"https:\/\/www.noubarris.net\/web40\/wp-content\/uploads\/2017\/10\/091017b.jpg","type":"image\/jpeg"}],"author":"Informatius","twitter_card":"summary_large_image","twitter_creator":"@9BTV","twitter_site":"@9BTV","twitter_misc":{"Escrit per":"Informatius","Temps estimat de lectura":"3 minuts"},"schema":{"@context":"https:\/\/schema.org","@graph":[{"@type":"Article","@id":"https:\/\/www.noubarris.net\/web40\/el-declivi-del-comerc-a-la-part-alta-de-ciutat-meridiana\/#article","isPartOf":{"@id":"https:\/\/www.noubarris.net\/web40\/el-declivi-del-comerc-a-la-part-alta-de-ciutat-meridiana\/"},"author":{"name":"Informatius","@id":"https:\/\/www.noubarris.net\/web40\/#\/schema\/person\/1827f92aaa316c54abbf4dac0de76069"},"headline":"El declivi del comer\u00e7 a la part alta de Ciutat Meridiana","datePublished":"2017-10-08T22:00:06+00:00","mainEntityOfPage":{"@id":"https:\/\/www.noubarris.net\/web40\/el-declivi-del-comerc-a-la-part-alta-de-ciutat-meridiana\/"},"wordCount":565,"publisher":{"@id":"https:\/\/www.noubarris.net\/web40\/#organization"},"image":{"@id":"https:\/\/www.noubarris.net\/web40\/el-declivi-del-comerc-a-la-part-alta-de-ciutat-meridiana\/#primaryimage"},"thumbnailUrl":"https:\/\/www.noubarris.net\/web40\/wp-content\/uploads\/2017\/10\/091017b.jpg","keywords":["Ciutat Meridiana","Comer\u00e7","Mercat de N\u00faria"],"articleSection":["Ciutat Meridiana","Societat"],"inLanguage":"ca"},{"@type":"WebPage","@id":"https:\/\/www.noubarris.net\/web40\/el-declivi-del-comerc-a-la-part-alta-de-ciutat-meridiana\/","url":"https:\/\/www.noubarris.net\/web40\/el-declivi-del-comerc-a-la-part-alta-de-ciutat-meridiana\/","name":"El declivi del comer\u00e7 a la part alta de Ciutat Meridiana - NouBarris.Net","isPartOf":{"@id":"https:\/\/www.noubarris.net\/web40\/#website"},"primaryImageOfPage":{"@id":"https:\/\/www.noubarris.net\/web40\/el-declivi-del-comerc-a-la-part-alta-de-ciutat-meridiana\/#primaryimage"},"image":{"@id":"https:\/\/www.noubarris.net\/web40\/el-declivi-del-comerc-a-la-part-alta-de-ciutat-meridiana\/#primaryimage"},"thumbnailUrl":"https:\/\/www.noubarris.net\/web40\/wp-content\/uploads\/2017\/10\/091017b.jpg","datePublished":"2017-10-08T22:00:06+00:00","breadcrumb":{"@id":"https:\/\/www.noubarris.net\/web40\/el-declivi-del-comerc-a-la-part-alta-de-ciutat-meridiana\/#breadcrumb"},"inLanguage":"ca","potentialAction":[{"@type":"ReadAction","target":["https:\/\/www.noubarris.net\/web40\/el-declivi-del-comerc-a-la-part-alta-de-ciutat-meridiana\/"]}]},{"@type":"ImageObject","inLanguage":"ca","@id":"https:\/\/www.noubarris.net\/web40\/el-declivi-del-comerc-a-la-part-alta-de-ciutat-meridiana\/#primaryimage","url":"https:\/\/www.noubarris.net\/web40\/wp-content\/uploads\/2017\/10\/091017b.jpg","contentUrl":"https:\/\/www.noubarris.net\/web40\/wp-content\/uploads\/2017\/10\/091017b.jpg","width":787,"height":445},{"@type":"BreadcrumbList","@id":"https:\/\/www.noubarris.net\/web40\/el-declivi-del-comerc-a-la-part-alta-de-ciutat-meridiana\/#breadcrumb","itemListElement":[{"@type":"ListItem","position":1,"name":"Inici","item":"https:\/\/www.noubarris.net\/web40\/"},{"@type":"ListItem","position":2,"name":"El declivi del comer\u00e7 a la part alta de Ciutat Meridiana"}]},{"@type":"WebSite","@id":"https:\/\/www.noubarris.net\/web40\/#website","url":"https:\/\/www.noubarris.net\/web40\/","name":"NouBarris.Net","description":"Seguint la vida de Nou Barris des de 1985","publisher":{"@id":"https:\/\/www.noubarris.net\/web40\/#organization"},"potentialAction":[{"@type":"SearchAction","target":{"@type":"EntryPoint","urlTemplate":"https:\/\/www.noubarris.net\/web40\/?s={search_term_string}"},"query-input":{"@type":"PropertyValueSpecification","valueRequired":true,"valueName":"search_term_string"}}],"inLanguage":"ca"},{"@type":"Organization","@id":"https:\/\/www.noubarris.net\/web40\/#organization","name":"NouBarris.Net","url":"https:\/\/www.noubarris.net\/web40\/","logo":{"@type":"ImageObject","inLanguage":"ca","@id":"https:\/\/www.noubarris.net\/web40\/#\/schema\/logo\/image\/","url":"https:\/\/www.noubarris.net\/web40\/wp-content\/uploads\/2024\/11\/cropped-cropped-LOGO_9BTV-2024_Insta-1.jpg","contentUrl":"https:\/\/www.noubarris.net\/web40\/wp-content\/uploads\/2024\/11\/cropped-cropped-LOGO_9BTV-2024_Insta-1.jpg","width":512,"height":512,"caption":"NouBarris.Net"},"image":{"@id":"https:\/\/www.noubarris.net\/web40\/#\/schema\/logo\/image\/"},"sameAs":["https:\/\/www.facebook.com\/NouBarris.net\/?locale=es_ES","https:\/\/x.com\/9BTV"]},{"@type":"Person","@id":"https:\/\/www.noubarris.net\/web40\/#\/schema\/person\/1827f92aaa316c54abbf4dac0de76069","name":"Informatius","image":{"@type":"ImageObject","inLanguage":"ca","@id":"https:\/\/www.noubarris.net\/web40\/#\/schema\/person\/image\/","url":"https:\/\/secure.gravatar.com\/avatar\/87a3b47928835fc72c6ee5b0e1a7263ef0c2d05003a98189bc14926c5f11bcdb?s=96&d=mm&r=g","contentUrl":"https:\/\/secure.gravatar.com\/avatar\/87a3b47928835fc72c6ee5b0e1a7263ef0c2d05003a98189bc14926c5f11bcdb?s=96&d=mm&r=g","caption":"Informatius"},"url":"https:\/\/www.noubarris.net\/web40\/author\/tele\/"}]}},"_links":{"self":[{"href":"https:\/\/www.noubarris.net\/web40\/wp-json\/wp\/v2\/posts\/70493","targetHints":{"allow":["GET"]}}],"collection":[{"href":"https:\/\/www.noubarris.net\/web40\/wp-json\/wp\/v2\/posts"}],"about":[{"href":"https:\/\/www.noubarris.net\/web40\/wp-json\/wp\/v2\/types\/post"}],"author":[{"embeddable":true,"href":"https:\/\/www.noubarris.net\/web40\/wp-json\/wp\/v2\/users\/2"}],"replies":[{"embeddable":true,"href":"https:\/\/www.noubarris.net\/web40\/wp-json\/wp\/v2\/comments?post=70493"}],"version-history":[{"count":0,"href":"https:\/\/www.noubarris.net\/web40\/wp-json\/wp\/v2\/posts\/70493\/revisions"}],"wp:featuredmedia":[{"embeddable":true,"href":"https:\/\/www.noubarris.net\/web40\/wp-json\/wp\/v2\/media\/70494"}],"wp:attachment":[{"href":"https:\/\/www.noubarris.net\/web40\/wp-json\/wp\/v2\/media?parent=70493"}],"wp:term":[{"taxonomy":"category","embeddable":true,"href":"https:\/\/www.noubarris.net\/web40\/wp-json\/wp\/v2\/categories?post=70493"},{"taxonomy":"post_tag","embeddable":true,"href":"https:\/\/www.noubarris.net\/web40\/wp-json\/wp\/v2\/tags?post=70493"}],"curies":[{"name":"wp","href":"https:\/\/api.w.org\/{rel}","templated":true}]}}