{"id":70497,"date":"2017-10-10T00:00:34","date_gmt":"2017-10-09T22:00:34","guid":{"rendered":"http:\/\/www.noubarris.net\/web40\/?p=70497"},"modified":"2017-10-09T13:45:27","modified_gmt":"2017-10-09T11:45:27","slug":"lajuntament-allarga-fins-al-20-doctubre-latencio-a-afectats-per-carregues-policials-de-l1-o","status":"publish","type":"post","link":"https:\/\/www.noubarris.net\/web40\/lajuntament-allarga-fins-al-20-doctubre-latencio-a-afectats-per-carregues-policials-de-l1-o\/","title":{"rendered":"L\u2019Ajuntament allarga fins al 20 d\u2019octubre l\u2019atenci\u00f3 a afectats per c\u00e0rregues policials de l\u20191-O"},"content":{"rendered":"<p><strong>El servei ha at\u00e8s 80 sol\u00b7licituds d\u2019atenci\u00f3, dels quals 20 han estat atesos presencialment per rebre suport psicosocial o assessorament legal<\/strong><\/p>\n<p>L\u2019Ajuntament de Barcelona mantindr\u00e0 obert, fins al proper 20 d\u2019octubre, l\u2019atenci\u00f3 jur\u00eddica i psicosocial a persones afectades per les c\u00e0rregues policials del passat 1 d\u2019octubre. Aquest servei, situat provisionalment a les instal\u00b7lacions de l\u2019Oficina per la No Discriminaci\u00f3 de l\u2019Ajuntament de\u00a0Barcelona \u2013al carrer del Rec,15\u2014ha tingut molt bona acollida els primers dies de funcionament. Per aquesta ra\u00f3, s\u2019ha decidit allargar el per\u00edode de funcionament.<\/p>\n<p>Des que es va posar en marxa, dimarts passat, els professionals especialitzats han rebut 80 sol\u00b7licituds d\u2019atenci\u00f3, de les quals 20 s\u2019han fet de forma presencial. El servei l\u2019est\u00e0 realitzant l\u2019entitat Centre Iridia, amb la coordinaci\u00f3 de la tinen\u00e7a d\u2019alcaldia de Drets de Ciutadania, Participaci\u00f3 i Transpar\u00e8ncia.<\/p>\n<p>A m\u00e9s de l&#8217;oficina, s&#8217;ha posat a disposici\u00f3 de les persones afectades el correu electr\u00f2nic victimes1oct@bcn.cat<\/p>\n<p>L&#8217;oficina est\u00e0 atenent de forma presencial amb un horari de 10h a 14h i de 15h a 20h. Aquesta atenci\u00f3 al servei de la ciutadania t\u00e9 dues direccions: una jur\u00eddica i una altra d\u2019atenci\u00f3 psicosocial i amb perspectiva de g\u00e8nere, perqu\u00e8 aquelles persones que ho vulguin puguin realitzar les accions judicials que considerin, i alhora, rebin l\u2019atenci\u00f3 psicol\u00f2gica necess\u00e0ria davant dels fets viscuts.<\/p>\n","protected":false},"excerpt":{"rendered":"<p>El servei ha at\u00e8s 80 sol\u00b7licituds d\u2019atenci\u00f3, dels quals 20 han estat atesos presencialment per rebre suport psicosocial o assessorament<\/p>\n","protected":false},"author":2,"featured_media":70498,"comment_status":"closed","ping_status":"closed","sticky":false,"template":"","format":"standard","meta":{"colormag_page_layout":"default_layout","_monsterinsights_skip_tracking":false,"_monsterinsights_sitenote_active":false,"_monsterinsights_sitenote_note":"","_monsterinsights_sitenote_category":0,"footnotes":""},"categories":[1,124],"tags":[534,400,533],"class_list":["post-70497","post","type-post","status-publish","format-standard","has-post-thumbnail","hentry","category-nou-barris","category-societat","tag-1-o","tag-ajuntament","tag-referendum"],"yoast_head":"<!-- This site is optimized with the Yoast SEO plugin v25.3 - https:\/\/yoast.com\/wordpress\/plugins\/seo\/ -->\n<title>L\u2019Ajuntament allarga fins al 20 d\u2019octubre l\u2019atenci\u00f3 a afectats per c\u00e0rregues policials de l\u20191-O - NouBarris.Net<\/title>\n<meta name=\"robots\" content=\"index, follow, max-snippet:-1, max-image-preview:large, max-video-preview:-1\" \/>\n<link rel=\"canonical\" href=\"https:\/\/www.noubarris.net\/web40\/lajuntament-allarga-fins-al-20-doctubre-latencio-a-afectats-per-carregues-policials-de-l1-o\/\" \/>\n<meta property=\"og:locale\" content=\"ca_ES\" \/>\n<meta property=\"og:type\" content=\"article\" \/>\n<meta property=\"og:title\" content=\"L\u2019Ajuntament allarga fins al 20 d\u2019octubre l\u2019atenci\u00f3 a afectats per c\u00e0rregues policials de l\u20191-O - NouBarris.Net\" \/>\n<meta property=\"og:description\" content=\"El servei ha at\u00e8s 80 sol\u00b7licituds d\u2019atenci\u00f3, dels quals 20 han estat atesos presencialment per rebre suport psicosocial o assessorament\" \/>\n<meta property=\"og:url\" content=\"https:\/\/www.noubarris.net\/web40\/lajuntament-allarga-fins-al-20-doctubre-latencio-a-afectats-per-carregues-policials-de-l1-o\/\" \/>\n<meta property=\"og:site_name\" content=\"NouBarris.Net\" \/>\n<meta property=\"article:publisher\" content=\"https:\/\/www.facebook.com\/NouBarris.net\/?locale=es_ES\" \/>\n<meta property=\"article:published_time\" content=\"2017-10-09T22:00:34+00:00\" \/>\n<meta property=\"og:image\" content=\"https:\/\/www.noubarris.net\/web40\/wp-content\/uploads\/2017\/10\/101017.jpg\" \/>\n\t<meta property=\"og:image:width\" content=\"787\" \/>\n\t<meta property=\"og:image:height\" content=\"445\" \/>\n\t<meta property=\"og:image:type\" content=\"image\/jpeg\" \/>\n<meta name=\"author\" content=\"Informatius\" \/>\n<meta name=\"twitter:card\" content=\"summary_large_image\" \/>\n<meta name=\"twitter:creator\" content=\"@9BTV\" \/>\n<meta name=\"twitter:site\" content=\"@9BTV\" \/>\n<meta name=\"twitter:label1\" content=\"Escrit per\" \/>\n\t<meta name=\"twitter:data1\" content=\"Informatius\" \/>\n\t<meta name=\"twitter:label2\" content=\"Temps estimat de lectura\" \/>\n\t<meta name=\"twitter:data2\" content=\"1 minut\" \/>\n<script type=\"application\/ld+json\" class=\"yoast-schema-graph\">{\"@context\":\"https:\/\/schema.org\",\"@graph\":[{\"@type\":\"Article\",\"@id\":\"https:\/\/www.noubarris.net\/web40\/lajuntament-allarga-fins-al-20-doctubre-latencio-a-afectats-per-carregues-policials-de-l1-o\/#article\",\"isPartOf\":{\"@id\":\"https:\/\/www.noubarris.net\/web40\/lajuntament-allarga-fins-al-20-doctubre-latencio-a-afectats-per-carregues-policials-de-l1-o\/\"},\"author\":{\"name\":\"Informatius\",\"@id\":\"https:\/\/www.noubarris.net\/web40\/#\/schema\/person\/1827f92aaa316c54abbf4dac0de76069\"},\"headline\":\"L\u2019Ajuntament allarga fins al 20 d\u2019octubre l\u2019atenci\u00f3 a afectats per c\u00e0rregues policials de l\u20191-O\",\"datePublished\":\"2017-10-09T22:00:34+00:00\",\"mainEntityOfPage\":{\"@id\":\"https:\/\/www.noubarris.net\/web40\/lajuntament-allarga-fins-al-20-doctubre-latencio-a-afectats-per-carregues-policials-de-l1-o\/\"},\"wordCount\":261,\"publisher\":{\"@id\":\"https:\/\/www.noubarris.net\/web40\/#organization\"},\"image\":{\"@id\":\"https:\/\/www.noubarris.net\/web40\/lajuntament-allarga-fins-al-20-doctubre-latencio-a-afectats-per-carregues-policials-de-l1-o\/#primaryimage\"},\"thumbnailUrl\":\"https:\/\/www.noubarris.net\/web40\/wp-content\/uploads\/2017\/10\/101017.jpg\",\"keywords\":[\"1-o\",\"Ajuntament\",\"referendum\"],\"articleSection\":[\"Nou Barris\",\"Societat\"],\"inLanguage\":\"ca\"},{\"@type\":\"WebPage\",\"@id\":\"https:\/\/www.noubarris.net\/web40\/lajuntament-allarga-fins-al-20-doctubre-latencio-a-afectats-per-carregues-policials-de-l1-o\/\",\"url\":\"https:\/\/www.noubarris.net\/web40\/lajuntament-allarga-fins-al-20-doctubre-latencio-a-afectats-per-carregues-policials-de-l1-o\/\",\"name\":\"L\u2019Ajuntament allarga fins al 20 d\u2019octubre l\u2019atenci\u00f3 a afectats per c\u00e0rregues policials de l\u20191-O - NouBarris.Net\",\"isPartOf\":{\"@id\":\"https:\/\/www.noubarris.net\/web40\/#website\"},\"primaryImageOfPage\":{\"@id\":\"https:\/\/www.noubarris.net\/web40\/lajuntament-allarga-fins-al-20-doctubre-latencio-a-afectats-per-carregues-policials-de-l1-o\/#primaryimage\"},\"image\":{\"@id\":\"https:\/\/www.noubarris.net\/web40\/lajuntament-allarga-fins-al-20-doctubre-latencio-a-afectats-per-carregues-policials-de-l1-o\/#primaryimage\"},\"thumbnailUrl\":\"https:\/\/www.noubarris.net\/web40\/wp-content\/uploads\/2017\/10\/101017.jpg\",\"datePublished\":\"2017-10-09T22:00:34+00:00\",\"breadcrumb\":{\"@id\":\"https:\/\/www.noubarris.net\/web40\/lajuntament-allarga-fins-al-20-doctubre-latencio-a-afectats-per-carregues-policials-de-l1-o\/#breadcrumb\"},\"inLanguage\":\"ca\",\"potentialAction\":[{\"@type\":\"ReadAction\",\"target\":[\"https:\/\/www.noubarris.net\/web40\/lajuntament-allarga-fins-al-20-doctubre-latencio-a-afectats-per-carregues-policials-de-l1-o\/\"]}]},{\"@type\":\"ImageObject\",\"inLanguage\":\"ca\",\"@id\":\"https:\/\/www.noubarris.net\/web40\/lajuntament-allarga-fins-al-20-doctubre-latencio-a-afectats-per-carregues-policials-de-l1-o\/#primaryimage\",\"url\":\"https:\/\/www.noubarris.net\/web40\/wp-content\/uploads\/2017\/10\/101017.jpg\",\"contentUrl\":\"https:\/\/www.noubarris.net\/web40\/wp-content\/uploads\/2017\/10\/101017.jpg\",\"width\":787,\"height\":445},{\"@type\":\"BreadcrumbList\",\"@id\":\"https:\/\/www.noubarris.net\/web40\/lajuntament-allarga-fins-al-20-doctubre-latencio-a-afectats-per-carregues-policials-de-l1-o\/#breadcrumb\",\"itemListElement\":[{\"@type\":\"ListItem\",\"position\":1,\"name\":\"Inici\",\"item\":\"https:\/\/www.noubarris.net\/web40\/\"},{\"@type\":\"ListItem\",\"position\":2,\"name\":\"L\u2019Ajuntament allarga fins al 20 d\u2019octubre l\u2019atenci\u00f3 a afectats per c\u00e0rregues policials de l\u20191-O\"}]},{\"@type\":\"WebSite\",\"@id\":\"https:\/\/www.noubarris.net\/web40\/#website\",\"url\":\"https:\/\/www.noubarris.net\/web40\/\",\"name\":\"NouBarris.Net\",\"description\":\"Seguint la vida de Nou Barris des de 1985\",\"publisher\":{\"@id\":\"https:\/\/www.noubarris.net\/web40\/#organization\"},\"potentialAction\":[{\"@type\":\"SearchAction\",\"target\":{\"@type\":\"EntryPoint\",\"urlTemplate\":\"https:\/\/www.noubarris.net\/web40\/?s={search_term_string}\"},\"query-input\":{\"@type\":\"PropertyValueSpecification\",\"valueRequired\":true,\"valueName\":\"search_term_string\"}}],\"inLanguage\":\"ca\"},{\"@type\":\"Organization\",\"@id\":\"https:\/\/www.noubarris.net\/web40\/#organization\",\"name\":\"NouBarris.Net\",\"url\":\"https:\/\/www.noubarris.net\/web40\/\",\"logo\":{\"@type\":\"ImageObject\",\"inLanguage\":\"ca\",\"@id\":\"https:\/\/www.noubarris.net\/web40\/#\/schema\/logo\/image\/\",\"url\":\"https:\/\/www.noubarris.net\/web40\/wp-content\/uploads\/2024\/11\/cropped-cropped-LOGO_9BTV-2024_Insta-1.jpg\",\"contentUrl\":\"https:\/\/www.noubarris.net\/web40\/wp-content\/uploads\/2024\/11\/cropped-cropped-LOGO_9BTV-2024_Insta-1.jpg\",\"width\":512,\"height\":512,\"caption\":\"NouBarris.Net\"},\"image\":{\"@id\":\"https:\/\/www.noubarris.net\/web40\/#\/schema\/logo\/image\/\"},\"sameAs\":[\"https:\/\/www.facebook.com\/NouBarris.net\/?locale=es_ES\",\"https:\/\/x.com\/9BTV\"]},{\"@type\":\"Person\",\"@id\":\"https:\/\/www.noubarris.net\/web40\/#\/schema\/person\/1827f92aaa316c54abbf4dac0de76069\",\"name\":\"Informatius\",\"image\":{\"@type\":\"ImageObject\",\"inLanguage\":\"ca\",\"@id\":\"https:\/\/www.noubarris.net\/web40\/#\/schema\/person\/image\/\",\"url\":\"https:\/\/secure.gravatar.com\/avatar\/87a3b47928835fc72c6ee5b0e1a7263ef0c2d05003a98189bc14926c5f11bcdb?s=96&d=mm&r=g\",\"contentUrl\":\"https:\/\/secure.gravatar.com\/avatar\/87a3b47928835fc72c6ee5b0e1a7263ef0c2d05003a98189bc14926c5f11bcdb?s=96&d=mm&r=g\",\"caption\":\"Informatius\"},\"url\":\"https:\/\/www.noubarris.net\/web40\/author\/tele\/\"}]}<\/script>\n<!-- \/ Yoast SEO plugin. -->","yoast_head_json":{"title":"L\u2019Ajuntament allarga fins al 20 d\u2019octubre l\u2019atenci\u00f3 a afectats per c\u00e0rregues policials de l\u20191-O - NouBarris.Net","robots":{"index":"index","follow":"follow","max-snippet":"max-snippet:-1","max-image-preview":"max-image-preview:large","max-video-preview":"max-video-preview:-1"},"canonical":"https:\/\/www.noubarris.net\/web40\/lajuntament-allarga-fins-al-20-doctubre-latencio-a-afectats-per-carregues-policials-de-l1-o\/","og_locale":"ca_ES","og_type":"article","og_title":"L\u2019Ajuntament allarga fins al 20 d\u2019octubre l\u2019atenci\u00f3 a afectats per c\u00e0rregues policials de l\u20191-O - NouBarris.Net","og_description":"El servei ha at\u00e8s 80 sol\u00b7licituds d\u2019atenci\u00f3, dels quals 20 han estat atesos presencialment per rebre suport psicosocial o assessorament","og_url":"https:\/\/www.noubarris.net\/web40\/lajuntament-allarga-fins-al-20-doctubre-latencio-a-afectats-per-carregues-policials-de-l1-o\/","og_site_name":"NouBarris.Net","article_publisher":"https:\/\/www.facebook.com\/NouBarris.net\/?locale=es_ES","article_published_time":"2017-10-09T22:00:34+00:00","og_image":[{"width":787,"height":445,"url":"https:\/\/www.noubarris.net\/web40\/wp-content\/uploads\/2017\/10\/101017.jpg","type":"image\/jpeg"}],"author":"Informatius","twitter_card":"summary_large_image","twitter_creator":"@9BTV","twitter_site":"@9BTV","twitter_misc":{"Escrit per":"Informatius","Temps estimat de lectura":"1 minut"},"schema":{"@context":"https:\/\/schema.org","@graph":[{"@type":"Article","@id":"https:\/\/www.noubarris.net\/web40\/lajuntament-allarga-fins-al-20-doctubre-latencio-a-afectats-per-carregues-policials-de-l1-o\/#article","isPartOf":{"@id":"https:\/\/www.noubarris.net\/web40\/lajuntament-allarga-fins-al-20-doctubre-latencio-a-afectats-per-carregues-policials-de-l1-o\/"},"author":{"name":"Informatius","@id":"https:\/\/www.noubarris.net\/web40\/#\/schema\/person\/1827f92aaa316c54abbf4dac0de76069"},"headline":"L\u2019Ajuntament allarga fins al 20 d\u2019octubre l\u2019atenci\u00f3 a afectats per c\u00e0rregues policials de l\u20191-O","datePublished":"2017-10-09T22:00:34+00:00","mainEntityOfPage":{"@id":"https:\/\/www.noubarris.net\/web40\/lajuntament-allarga-fins-al-20-doctubre-latencio-a-afectats-per-carregues-policials-de-l1-o\/"},"wordCount":261,"publisher":{"@id":"https:\/\/www.noubarris.net\/web40\/#organization"},"image":{"@id":"https:\/\/www.noubarris.net\/web40\/lajuntament-allarga-fins-al-20-doctubre-latencio-a-afectats-per-carregues-policials-de-l1-o\/#primaryimage"},"thumbnailUrl":"https:\/\/www.noubarris.net\/web40\/wp-content\/uploads\/2017\/10\/101017.jpg","keywords":["1-o","Ajuntament","referendum"],"articleSection":["Nou Barris","Societat"],"inLanguage":"ca"},{"@type":"WebPage","@id":"https:\/\/www.noubarris.net\/web40\/lajuntament-allarga-fins-al-20-doctubre-latencio-a-afectats-per-carregues-policials-de-l1-o\/","url":"https:\/\/www.noubarris.net\/web40\/lajuntament-allarga-fins-al-20-doctubre-latencio-a-afectats-per-carregues-policials-de-l1-o\/","name":"L\u2019Ajuntament allarga fins al 20 d\u2019octubre l\u2019atenci\u00f3 a afectats per c\u00e0rregues policials de l\u20191-O - NouBarris.Net","isPartOf":{"@id":"https:\/\/www.noubarris.net\/web40\/#website"},"primaryImageOfPage":{"@id":"https:\/\/www.noubarris.net\/web40\/lajuntament-allarga-fins-al-20-doctubre-latencio-a-afectats-per-carregues-policials-de-l1-o\/#primaryimage"},"image":{"@id":"https:\/\/www.noubarris.net\/web40\/lajuntament-allarga-fins-al-20-doctubre-latencio-a-afectats-per-carregues-policials-de-l1-o\/#primaryimage"},"thumbnailUrl":"https:\/\/www.noubarris.net\/web40\/wp-content\/uploads\/2017\/10\/101017.jpg","datePublished":"2017-10-09T22:00:34+00:00","breadcrumb":{"@id":"https:\/\/www.noubarris.net\/web40\/lajuntament-allarga-fins-al-20-doctubre-latencio-a-afectats-per-carregues-policials-de-l1-o\/#breadcrumb"},"inLanguage":"ca","potentialAction":[{"@type":"ReadAction","target":["https:\/\/www.noubarris.net\/web40\/lajuntament-allarga-fins-al-20-doctubre-latencio-a-afectats-per-carregues-policials-de-l1-o\/"]}]},{"@type":"ImageObject","inLanguage":"ca","@id":"https:\/\/www.noubarris.net\/web40\/lajuntament-allarga-fins-al-20-doctubre-latencio-a-afectats-per-carregues-policials-de-l1-o\/#primaryimage","url":"https:\/\/www.noubarris.net\/web40\/wp-content\/uploads\/2017\/10\/101017.jpg","contentUrl":"https:\/\/www.noubarris.net\/web40\/wp-content\/uploads\/2017\/10\/101017.jpg","width":787,"height":445},{"@type":"BreadcrumbList","@id":"https:\/\/www.noubarris.net\/web40\/lajuntament-allarga-fins-al-20-doctubre-latencio-a-afectats-per-carregues-policials-de-l1-o\/#breadcrumb","itemListElement":[{"@type":"ListItem","position":1,"name":"Inici","item":"https:\/\/www.noubarris.net\/web40\/"},{"@type":"ListItem","position":2,"name":"L\u2019Ajuntament allarga fins al 20 d\u2019octubre l\u2019atenci\u00f3 a afectats per c\u00e0rregues policials de l\u20191-O"}]},{"@type":"WebSite","@id":"https:\/\/www.noubarris.net\/web40\/#website","url":"https:\/\/www.noubarris.net\/web40\/","name":"NouBarris.Net","description":"Seguint la vida de Nou Barris des de 1985","publisher":{"@id":"https:\/\/www.noubarris.net\/web40\/#organization"},"potentialAction":[{"@type":"SearchAction","target":{"@type":"EntryPoint","urlTemplate":"https:\/\/www.noubarris.net\/web40\/?s={search_term_string}"},"query-input":{"@type":"PropertyValueSpecification","valueRequired":true,"valueName":"search_term_string"}}],"inLanguage":"ca"},{"@type":"Organization","@id":"https:\/\/www.noubarris.net\/web40\/#organization","name":"NouBarris.Net","url":"https:\/\/www.noubarris.net\/web40\/","logo":{"@type":"ImageObject","inLanguage":"ca","@id":"https:\/\/www.noubarris.net\/web40\/#\/schema\/logo\/image\/","url":"https:\/\/www.noubarris.net\/web40\/wp-content\/uploads\/2024\/11\/cropped-cropped-LOGO_9BTV-2024_Insta-1.jpg","contentUrl":"https:\/\/www.noubarris.net\/web40\/wp-content\/uploads\/2024\/11\/cropped-cropped-LOGO_9BTV-2024_Insta-1.jpg","width":512,"height":512,"caption":"NouBarris.Net"},"image":{"@id":"https:\/\/www.noubarris.net\/web40\/#\/schema\/logo\/image\/"},"sameAs":["https:\/\/www.facebook.com\/NouBarris.net\/?locale=es_ES","https:\/\/x.com\/9BTV"]},{"@type":"Person","@id":"https:\/\/www.noubarris.net\/web40\/#\/schema\/person\/1827f92aaa316c54abbf4dac0de76069","name":"Informatius","image":{"@type":"ImageObject","inLanguage":"ca","@id":"https:\/\/www.noubarris.net\/web40\/#\/schema\/person\/image\/","url":"https:\/\/secure.gravatar.com\/avatar\/87a3b47928835fc72c6ee5b0e1a7263ef0c2d05003a98189bc14926c5f11bcdb?s=96&d=mm&r=g","contentUrl":"https:\/\/secure.gravatar.com\/avatar\/87a3b47928835fc72c6ee5b0e1a7263ef0c2d05003a98189bc14926c5f11bcdb?s=96&d=mm&r=g","caption":"Informatius"},"url":"https:\/\/www.noubarris.net\/web40\/author\/tele\/"}]}},"_links":{"self":[{"href":"https:\/\/www.noubarris.net\/web40\/wp-json\/wp\/v2\/posts\/70497","targetHints":{"allow":["GET"]}}],"collection":[{"href":"https:\/\/www.noubarris.net\/web40\/wp-json\/wp\/v2\/posts"}],"about":[{"href":"https:\/\/www.noubarris.net\/web40\/wp-json\/wp\/v2\/types\/post"}],"author":[{"embeddable":true,"href":"https:\/\/www.noubarris.net\/web40\/wp-json\/wp\/v2\/users\/2"}],"replies":[{"embeddable":true,"href":"https:\/\/www.noubarris.net\/web40\/wp-json\/wp\/v2\/comments?post=70497"}],"version-history":[{"count":0,"href":"https:\/\/www.noubarris.net\/web40\/wp-json\/wp\/v2\/posts\/70497\/revisions"}],"wp:featuredmedia":[{"embeddable":true,"href":"https:\/\/www.noubarris.net\/web40\/wp-json\/wp\/v2\/media\/70498"}],"wp:attachment":[{"href":"https:\/\/www.noubarris.net\/web40\/wp-json\/wp\/v2\/media?parent=70497"}],"wp:term":[{"taxonomy":"category","embeddable":true,"href":"https:\/\/www.noubarris.net\/web40\/wp-json\/wp\/v2\/categories?post=70497"},{"taxonomy":"post_tag","embeddable":true,"href":"https:\/\/www.noubarris.net\/web40\/wp-json\/wp\/v2\/tags?post=70497"}],"curies":[{"name":"wp","href":"https:\/\/api.w.org\/{rel}","templated":true}]}}