{"id":70502,"date":"2017-10-11T00:00:55","date_gmt":"2017-10-10T22:00:55","guid":{"rendered":"http:\/\/www.noubarris.net\/web40\/?p=70502"},"modified":"2017-10-10T14:35:58","modified_gmt":"2017-10-10T12:35:58","slug":"lilla-q-del-turo-de-la-peira-tindra-un-casal-de-gent-gran-un-espai-civic-i-un-centre-de-serveis-socials","status":"publish","type":"post","link":"https:\/\/www.noubarris.net\/web40\/lilla-q-del-turo-de-la-peira-tindra-un-casal-de-gent-gran-un-espai-civic-i-un-centre-de-serveis-socials\/","title":{"rendered":"L\u2019illa Q del Tur\u00f3 de la Peira tindr\u00e0 un casal de gent gran, un espai c\u00edvic i un centre de serveis socials"},"content":{"rendered":"<p><strong>Els equipaments aniran als baixos del bloc que es construeix al darrer solar de la remodelaci\u00f3 del barri<\/strong><\/p>\n<p>El Tur\u00f3 de la Peira guanyar\u00e0 tres equipametns nous: un casal de gent gran, un espai per a les entitats del barri i un centre de serveis socials, que suposar\u00e0 el retorn al barri del Tur\u00f3 de la Peira del centre ubicat ara al carrer de la Selva (al barri de Porta). Aix\u00ed ho ha aprovat el Ple de l\u2019Ajuntament de Barcelona per als baixos de l\u2019edifici que s\u2019est\u00e0 construint s\u2019ubicar\u00e0 a l\u2019illa delimitada pels carrers d\u2019Aneto, Inca, Montsant i Besiberri. En aquest solar se situava l\u2019\u00faltim edifici enderrocat al Tur\u00f3 de la Peira a causa d\u2019aluminosi. Tota l\u2019illa estava qualificada d\u2019habitatge de protecci\u00f3 p\u00fablica, i ja estaven en execuci\u00f3 la major part dels pisos previstos per part de la Cooperativa Fem Ciutat i Solucions, SL. Nom\u00e9s mancava decidir entre Ajuntament i teixit ve\u00efnal quins equipaments se situarien a l\u2019illa. Aix\u00ed es dona resposta a una llarga reivindicaci\u00f3 del ve\u00efnat de disposar de nous espais d\u2019equipaments comunitaris per a la realitzaci\u00f3 d\u2019activitats ve\u00efnals i la prestaci\u00f3 de serveis p\u00fablics.<\/p>\n<p>El nou edifici Dins d\u2019aquest \u00e0mbit, el planejament aprovat avui preveu canviar la qualificaci\u00f3 d\u2019una part de l\u2019illa que se situa enfront del carrer de Besiberri, de 954 metres quadrats de superf\u00edcie de s\u00f2l, per poder-hi construir equipaments p\u00fablics en un nou edifici de planta baixa i tres plantes pis. El sostre total del futur equipament ser\u00e0 de 2.200 metres quadrats.<\/p>\n<p>&nbsp;<\/p>\n<p>&nbsp;<\/p>\n<p>&nbsp;<\/p>\n","protected":false},"excerpt":{"rendered":"<p>Els equipaments aniran als baixos del bloc que es construeix al darrer solar de la remodelaci\u00f3 del barri El Tur\u00f3<\/p>\n","protected":false},"author":2,"featured_media":70504,"comment_status":"closed","ping_status":"closed","sticky":false,"template":"","format":"standard","meta":{"colormag_page_layout":"default_layout","_monsterinsights_skip_tracking":false,"_monsterinsights_sitenote_active":false,"_monsterinsights_sitenote_note":"","_monsterinsights_sitenote_category":0,"footnotes":""},"categories":[139,302],"tags":[246,121,94],"class_list":["post-70502","post","type-post","status-publish","format-standard","has-post-thumbnail","hentry","category-el-turo-de-la-peira","category-urbanisme","tag-el-turo-de-la-peira","tag-equipaments","tag-habitatge"],"yoast_head":"<!-- This site is optimized with the Yoast SEO plugin v25.3 - https:\/\/yoast.com\/wordpress\/plugins\/seo\/ -->\n<title>L\u2019illa Q del Tur\u00f3 de la Peira tindr\u00e0 un casal de gent gran, un espai c\u00edvic i un centre de serveis socials - NouBarris.Net<\/title>\n<meta name=\"robots\" content=\"index, follow, max-snippet:-1, max-image-preview:large, max-video-preview:-1\" \/>\n<link rel=\"canonical\" href=\"https:\/\/www.noubarris.net\/web40\/lilla-q-del-turo-de-la-peira-tindra-un-casal-de-gent-gran-un-espai-civic-i-un-centre-de-serveis-socials\/\" \/>\n<meta property=\"og:locale\" content=\"ca_ES\" \/>\n<meta property=\"og:type\" content=\"article\" \/>\n<meta property=\"og:title\" content=\"L\u2019illa Q del Tur\u00f3 de la Peira tindr\u00e0 un casal de gent gran, un espai c\u00edvic i un centre de serveis socials - NouBarris.Net\" \/>\n<meta property=\"og:description\" content=\"Els equipaments aniran als baixos del bloc que es construeix al darrer solar de la remodelaci\u00f3 del barri El Tur\u00f3\" \/>\n<meta property=\"og:url\" content=\"https:\/\/www.noubarris.net\/web40\/lilla-q-del-turo-de-la-peira-tindra-un-casal-de-gent-gran-un-espai-civic-i-un-centre-de-serveis-socials\/\" \/>\n<meta property=\"og:site_name\" content=\"NouBarris.Net\" \/>\n<meta property=\"article:publisher\" content=\"https:\/\/www.facebook.com\/NouBarris.net\/?locale=es_ES\" \/>\n<meta property=\"article:published_time\" content=\"2017-10-10T22:00:55+00:00\" \/>\n<meta property=\"og:image\" content=\"https:\/\/www.noubarris.net\/web40\/wp-content\/uploads\/2017\/10\/111017.jpg\" \/>\n\t<meta property=\"og:image:width\" content=\"787\" \/>\n\t<meta property=\"og:image:height\" content=\"445\" \/>\n\t<meta property=\"og:image:type\" content=\"image\/jpeg\" \/>\n<meta name=\"author\" content=\"Informatius\" \/>\n<meta name=\"twitter:card\" content=\"summary_large_image\" \/>\n<meta name=\"twitter:creator\" content=\"@9BTV\" \/>\n<meta name=\"twitter:site\" content=\"@9BTV\" \/>\n<meta name=\"twitter:label1\" content=\"Escrit per\" \/>\n\t<meta name=\"twitter:data1\" content=\"Informatius\" \/>\n\t<meta name=\"twitter:label2\" content=\"Temps estimat de lectura\" \/>\n\t<meta name=\"twitter:data2\" content=\"1 minut\" \/>\n<script type=\"application\/ld+json\" class=\"yoast-schema-graph\">{\"@context\":\"https:\/\/schema.org\",\"@graph\":[{\"@type\":\"Article\",\"@id\":\"https:\/\/www.noubarris.net\/web40\/lilla-q-del-turo-de-la-peira-tindra-un-casal-de-gent-gran-un-espai-civic-i-un-centre-de-serveis-socials\/#article\",\"isPartOf\":{\"@id\":\"https:\/\/www.noubarris.net\/web40\/lilla-q-del-turo-de-la-peira-tindra-un-casal-de-gent-gran-un-espai-civic-i-un-centre-de-serveis-socials\/\"},\"author\":{\"name\":\"Informatius\",\"@id\":\"https:\/\/www.noubarris.net\/web40\/#\/schema\/person\/1827f92aaa316c54abbf4dac0de76069\"},\"headline\":\"L\u2019illa Q del Tur\u00f3 de la Peira tindr\u00e0 un casal de gent gran, un espai c\u00edvic i un centre de serveis socials\",\"datePublished\":\"2017-10-10T22:00:55+00:00\",\"mainEntityOfPage\":{\"@id\":\"https:\/\/www.noubarris.net\/web40\/lilla-q-del-turo-de-la-peira-tindra-un-casal-de-gent-gran-un-espai-civic-i-un-centre-de-serveis-socials\/\"},\"wordCount\":298,\"publisher\":{\"@id\":\"https:\/\/www.noubarris.net\/web40\/#organization\"},\"image\":{\"@id\":\"https:\/\/www.noubarris.net\/web40\/lilla-q-del-turo-de-la-peira-tindra-un-casal-de-gent-gran-un-espai-civic-i-un-centre-de-serveis-socials\/#primaryimage\"},\"thumbnailUrl\":\"https:\/\/www.noubarris.net\/web40\/wp-content\/uploads\/2017\/10\/111017.jpg\",\"keywords\":[\"El Tur\u00f3 de la Peira\",\"Equipaments\",\"Habitatge\"],\"articleSection\":[\"El Tur\u00f3 de la Peira\",\"Urbanisme\"],\"inLanguage\":\"ca\"},{\"@type\":\"WebPage\",\"@id\":\"https:\/\/www.noubarris.net\/web40\/lilla-q-del-turo-de-la-peira-tindra-un-casal-de-gent-gran-un-espai-civic-i-un-centre-de-serveis-socials\/\",\"url\":\"https:\/\/www.noubarris.net\/web40\/lilla-q-del-turo-de-la-peira-tindra-un-casal-de-gent-gran-un-espai-civic-i-un-centre-de-serveis-socials\/\",\"name\":\"L\u2019illa Q del Tur\u00f3 de la Peira tindr\u00e0 un casal de gent gran, un espai c\u00edvic i un centre de serveis socials - NouBarris.Net\",\"isPartOf\":{\"@id\":\"https:\/\/www.noubarris.net\/web40\/#website\"},\"primaryImageOfPage\":{\"@id\":\"https:\/\/www.noubarris.net\/web40\/lilla-q-del-turo-de-la-peira-tindra-un-casal-de-gent-gran-un-espai-civic-i-un-centre-de-serveis-socials\/#primaryimage\"},\"image\":{\"@id\":\"https:\/\/www.noubarris.net\/web40\/lilla-q-del-turo-de-la-peira-tindra-un-casal-de-gent-gran-un-espai-civic-i-un-centre-de-serveis-socials\/#primaryimage\"},\"thumbnailUrl\":\"https:\/\/www.noubarris.net\/web40\/wp-content\/uploads\/2017\/10\/111017.jpg\",\"datePublished\":\"2017-10-10T22:00:55+00:00\",\"breadcrumb\":{\"@id\":\"https:\/\/www.noubarris.net\/web40\/lilla-q-del-turo-de-la-peira-tindra-un-casal-de-gent-gran-un-espai-civic-i-un-centre-de-serveis-socials\/#breadcrumb\"},\"inLanguage\":\"ca\",\"potentialAction\":[{\"@type\":\"ReadAction\",\"target\":[\"https:\/\/www.noubarris.net\/web40\/lilla-q-del-turo-de-la-peira-tindra-un-casal-de-gent-gran-un-espai-civic-i-un-centre-de-serveis-socials\/\"]}]},{\"@type\":\"ImageObject\",\"inLanguage\":\"ca\",\"@id\":\"https:\/\/www.noubarris.net\/web40\/lilla-q-del-turo-de-la-peira-tindra-un-casal-de-gent-gran-un-espai-civic-i-un-centre-de-serveis-socials\/#primaryimage\",\"url\":\"https:\/\/www.noubarris.net\/web40\/wp-content\/uploads\/2017\/10\/111017.jpg\",\"contentUrl\":\"https:\/\/www.noubarris.net\/web40\/wp-content\/uploads\/2017\/10\/111017.jpg\",\"width\":787,\"height\":445},{\"@type\":\"BreadcrumbList\",\"@id\":\"https:\/\/www.noubarris.net\/web40\/lilla-q-del-turo-de-la-peira-tindra-un-casal-de-gent-gran-un-espai-civic-i-un-centre-de-serveis-socials\/#breadcrumb\",\"itemListElement\":[{\"@type\":\"ListItem\",\"position\":1,\"name\":\"Inici\",\"item\":\"https:\/\/www.noubarris.net\/web40\/\"},{\"@type\":\"ListItem\",\"position\":2,\"name\":\"L\u2019illa Q del Tur\u00f3 de la Peira tindr\u00e0 un casal de gent gran, un espai c\u00edvic i un centre de serveis socials\"}]},{\"@type\":\"WebSite\",\"@id\":\"https:\/\/www.noubarris.net\/web40\/#website\",\"url\":\"https:\/\/www.noubarris.net\/web40\/\",\"name\":\"NouBarris.Net\",\"description\":\"Seguint la vida de Nou Barris des de 1985\",\"publisher\":{\"@id\":\"https:\/\/www.noubarris.net\/web40\/#organization\"},\"potentialAction\":[{\"@type\":\"SearchAction\",\"target\":{\"@type\":\"EntryPoint\",\"urlTemplate\":\"https:\/\/www.noubarris.net\/web40\/?s={search_term_string}\"},\"query-input\":{\"@type\":\"PropertyValueSpecification\",\"valueRequired\":true,\"valueName\":\"search_term_string\"}}],\"inLanguage\":\"ca\"},{\"@type\":\"Organization\",\"@id\":\"https:\/\/www.noubarris.net\/web40\/#organization\",\"name\":\"NouBarris.Net\",\"url\":\"https:\/\/www.noubarris.net\/web40\/\",\"logo\":{\"@type\":\"ImageObject\",\"inLanguage\":\"ca\",\"@id\":\"https:\/\/www.noubarris.net\/web40\/#\/schema\/logo\/image\/\",\"url\":\"https:\/\/www.noubarris.net\/web40\/wp-content\/uploads\/2024\/11\/cropped-cropped-LOGO_9BTV-2024_Insta-1.jpg\",\"contentUrl\":\"https:\/\/www.noubarris.net\/web40\/wp-content\/uploads\/2024\/11\/cropped-cropped-LOGO_9BTV-2024_Insta-1.jpg\",\"width\":512,\"height\":512,\"caption\":\"NouBarris.Net\"},\"image\":{\"@id\":\"https:\/\/www.noubarris.net\/web40\/#\/schema\/logo\/image\/\"},\"sameAs\":[\"https:\/\/www.facebook.com\/NouBarris.net\/?locale=es_ES\",\"https:\/\/x.com\/9BTV\"]},{\"@type\":\"Person\",\"@id\":\"https:\/\/www.noubarris.net\/web40\/#\/schema\/person\/1827f92aaa316c54abbf4dac0de76069\",\"name\":\"Informatius\",\"image\":{\"@type\":\"ImageObject\",\"inLanguage\":\"ca\",\"@id\":\"https:\/\/www.noubarris.net\/web40\/#\/schema\/person\/image\/\",\"url\":\"https:\/\/secure.gravatar.com\/avatar\/87a3b47928835fc72c6ee5b0e1a7263ef0c2d05003a98189bc14926c5f11bcdb?s=96&d=mm&r=g\",\"contentUrl\":\"https:\/\/secure.gravatar.com\/avatar\/87a3b47928835fc72c6ee5b0e1a7263ef0c2d05003a98189bc14926c5f11bcdb?s=96&d=mm&r=g\",\"caption\":\"Informatius\"},\"url\":\"https:\/\/www.noubarris.net\/web40\/author\/tele\/\"}]}<\/script>\n<!-- \/ Yoast SEO plugin. -->","yoast_head_json":{"title":"L\u2019illa Q del Tur\u00f3 de la Peira tindr\u00e0 un casal de gent gran, un espai c\u00edvic i un centre de serveis socials - NouBarris.Net","robots":{"index":"index","follow":"follow","max-snippet":"max-snippet:-1","max-image-preview":"max-image-preview:large","max-video-preview":"max-video-preview:-1"},"canonical":"https:\/\/www.noubarris.net\/web40\/lilla-q-del-turo-de-la-peira-tindra-un-casal-de-gent-gran-un-espai-civic-i-un-centre-de-serveis-socials\/","og_locale":"ca_ES","og_type":"article","og_title":"L\u2019illa Q del Tur\u00f3 de la Peira tindr\u00e0 un casal de gent gran, un espai c\u00edvic i un centre de serveis socials - NouBarris.Net","og_description":"Els equipaments aniran als baixos del bloc que es construeix al darrer solar de la remodelaci\u00f3 del barri El Tur\u00f3","og_url":"https:\/\/www.noubarris.net\/web40\/lilla-q-del-turo-de-la-peira-tindra-un-casal-de-gent-gran-un-espai-civic-i-un-centre-de-serveis-socials\/","og_site_name":"NouBarris.Net","article_publisher":"https:\/\/www.facebook.com\/NouBarris.net\/?locale=es_ES","article_published_time":"2017-10-10T22:00:55+00:00","og_image":[{"width":787,"height":445,"url":"https:\/\/www.noubarris.net\/web40\/wp-content\/uploads\/2017\/10\/111017.jpg","type":"image\/jpeg"}],"author":"Informatius","twitter_card":"summary_large_image","twitter_creator":"@9BTV","twitter_site":"@9BTV","twitter_misc":{"Escrit per":"Informatius","Temps estimat de lectura":"1 minut"},"schema":{"@context":"https:\/\/schema.org","@graph":[{"@type":"Article","@id":"https:\/\/www.noubarris.net\/web40\/lilla-q-del-turo-de-la-peira-tindra-un-casal-de-gent-gran-un-espai-civic-i-un-centre-de-serveis-socials\/#article","isPartOf":{"@id":"https:\/\/www.noubarris.net\/web40\/lilla-q-del-turo-de-la-peira-tindra-un-casal-de-gent-gran-un-espai-civic-i-un-centre-de-serveis-socials\/"},"author":{"name":"Informatius","@id":"https:\/\/www.noubarris.net\/web40\/#\/schema\/person\/1827f92aaa316c54abbf4dac0de76069"},"headline":"L\u2019illa Q del Tur\u00f3 de la Peira tindr\u00e0 un casal de gent gran, un espai c\u00edvic i un centre de serveis socials","datePublished":"2017-10-10T22:00:55+00:00","mainEntityOfPage":{"@id":"https:\/\/www.noubarris.net\/web40\/lilla-q-del-turo-de-la-peira-tindra-un-casal-de-gent-gran-un-espai-civic-i-un-centre-de-serveis-socials\/"},"wordCount":298,"publisher":{"@id":"https:\/\/www.noubarris.net\/web40\/#organization"},"image":{"@id":"https:\/\/www.noubarris.net\/web40\/lilla-q-del-turo-de-la-peira-tindra-un-casal-de-gent-gran-un-espai-civic-i-un-centre-de-serveis-socials\/#primaryimage"},"thumbnailUrl":"https:\/\/www.noubarris.net\/web40\/wp-content\/uploads\/2017\/10\/111017.jpg","keywords":["El Tur\u00f3 de la Peira","Equipaments","Habitatge"],"articleSection":["El Tur\u00f3 de la Peira","Urbanisme"],"inLanguage":"ca"},{"@type":"WebPage","@id":"https:\/\/www.noubarris.net\/web40\/lilla-q-del-turo-de-la-peira-tindra-un-casal-de-gent-gran-un-espai-civic-i-un-centre-de-serveis-socials\/","url":"https:\/\/www.noubarris.net\/web40\/lilla-q-del-turo-de-la-peira-tindra-un-casal-de-gent-gran-un-espai-civic-i-un-centre-de-serveis-socials\/","name":"L\u2019illa Q del Tur\u00f3 de la Peira tindr\u00e0 un casal de gent gran, un espai c\u00edvic i un centre de serveis socials - NouBarris.Net","isPartOf":{"@id":"https:\/\/www.noubarris.net\/web40\/#website"},"primaryImageOfPage":{"@id":"https:\/\/www.noubarris.net\/web40\/lilla-q-del-turo-de-la-peira-tindra-un-casal-de-gent-gran-un-espai-civic-i-un-centre-de-serveis-socials\/#primaryimage"},"image":{"@id":"https:\/\/www.noubarris.net\/web40\/lilla-q-del-turo-de-la-peira-tindra-un-casal-de-gent-gran-un-espai-civic-i-un-centre-de-serveis-socials\/#primaryimage"},"thumbnailUrl":"https:\/\/www.noubarris.net\/web40\/wp-content\/uploads\/2017\/10\/111017.jpg","datePublished":"2017-10-10T22:00:55+00:00","breadcrumb":{"@id":"https:\/\/www.noubarris.net\/web40\/lilla-q-del-turo-de-la-peira-tindra-un-casal-de-gent-gran-un-espai-civic-i-un-centre-de-serveis-socials\/#breadcrumb"},"inLanguage":"ca","potentialAction":[{"@type":"ReadAction","target":["https:\/\/www.noubarris.net\/web40\/lilla-q-del-turo-de-la-peira-tindra-un-casal-de-gent-gran-un-espai-civic-i-un-centre-de-serveis-socials\/"]}]},{"@type":"ImageObject","inLanguage":"ca","@id":"https:\/\/www.noubarris.net\/web40\/lilla-q-del-turo-de-la-peira-tindra-un-casal-de-gent-gran-un-espai-civic-i-un-centre-de-serveis-socials\/#primaryimage","url":"https:\/\/www.noubarris.net\/web40\/wp-content\/uploads\/2017\/10\/111017.jpg","contentUrl":"https:\/\/www.noubarris.net\/web40\/wp-content\/uploads\/2017\/10\/111017.jpg","width":787,"height":445},{"@type":"BreadcrumbList","@id":"https:\/\/www.noubarris.net\/web40\/lilla-q-del-turo-de-la-peira-tindra-un-casal-de-gent-gran-un-espai-civic-i-un-centre-de-serveis-socials\/#breadcrumb","itemListElement":[{"@type":"ListItem","position":1,"name":"Inici","item":"https:\/\/www.noubarris.net\/web40\/"},{"@type":"ListItem","position":2,"name":"L\u2019illa Q del Tur\u00f3 de la Peira tindr\u00e0 un casal de gent gran, un espai c\u00edvic i un centre de serveis socials"}]},{"@type":"WebSite","@id":"https:\/\/www.noubarris.net\/web40\/#website","url":"https:\/\/www.noubarris.net\/web40\/","name":"NouBarris.Net","description":"Seguint la vida de Nou Barris des de 1985","publisher":{"@id":"https:\/\/www.noubarris.net\/web40\/#organization"},"potentialAction":[{"@type":"SearchAction","target":{"@type":"EntryPoint","urlTemplate":"https:\/\/www.noubarris.net\/web40\/?s={search_term_string}"},"query-input":{"@type":"PropertyValueSpecification","valueRequired":true,"valueName":"search_term_string"}}],"inLanguage":"ca"},{"@type":"Organization","@id":"https:\/\/www.noubarris.net\/web40\/#organization","name":"NouBarris.Net","url":"https:\/\/www.noubarris.net\/web40\/","logo":{"@type":"ImageObject","inLanguage":"ca","@id":"https:\/\/www.noubarris.net\/web40\/#\/schema\/logo\/image\/","url":"https:\/\/www.noubarris.net\/web40\/wp-content\/uploads\/2024\/11\/cropped-cropped-LOGO_9BTV-2024_Insta-1.jpg","contentUrl":"https:\/\/www.noubarris.net\/web40\/wp-content\/uploads\/2024\/11\/cropped-cropped-LOGO_9BTV-2024_Insta-1.jpg","width":512,"height":512,"caption":"NouBarris.Net"},"image":{"@id":"https:\/\/www.noubarris.net\/web40\/#\/schema\/logo\/image\/"},"sameAs":["https:\/\/www.facebook.com\/NouBarris.net\/?locale=es_ES","https:\/\/x.com\/9BTV"]},{"@type":"Person","@id":"https:\/\/www.noubarris.net\/web40\/#\/schema\/person\/1827f92aaa316c54abbf4dac0de76069","name":"Informatius","image":{"@type":"ImageObject","inLanguage":"ca","@id":"https:\/\/www.noubarris.net\/web40\/#\/schema\/person\/image\/","url":"https:\/\/secure.gravatar.com\/avatar\/87a3b47928835fc72c6ee5b0e1a7263ef0c2d05003a98189bc14926c5f11bcdb?s=96&d=mm&r=g","contentUrl":"https:\/\/secure.gravatar.com\/avatar\/87a3b47928835fc72c6ee5b0e1a7263ef0c2d05003a98189bc14926c5f11bcdb?s=96&d=mm&r=g","caption":"Informatius"},"url":"https:\/\/www.noubarris.net\/web40\/author\/tele\/"}]}},"_links":{"self":[{"href":"https:\/\/www.noubarris.net\/web40\/wp-json\/wp\/v2\/posts\/70502","targetHints":{"allow":["GET"]}}],"collection":[{"href":"https:\/\/www.noubarris.net\/web40\/wp-json\/wp\/v2\/posts"}],"about":[{"href":"https:\/\/www.noubarris.net\/web40\/wp-json\/wp\/v2\/types\/post"}],"author":[{"embeddable":true,"href":"https:\/\/www.noubarris.net\/web40\/wp-json\/wp\/v2\/users\/2"}],"replies":[{"embeddable":true,"href":"https:\/\/www.noubarris.net\/web40\/wp-json\/wp\/v2\/comments?post=70502"}],"version-history":[{"count":0,"href":"https:\/\/www.noubarris.net\/web40\/wp-json\/wp\/v2\/posts\/70502\/revisions"}],"wp:featuredmedia":[{"embeddable":true,"href":"https:\/\/www.noubarris.net\/web40\/wp-json\/wp\/v2\/media\/70504"}],"wp:attachment":[{"href":"https:\/\/www.noubarris.net\/web40\/wp-json\/wp\/v2\/media?parent=70502"}],"wp:term":[{"taxonomy":"category","embeddable":true,"href":"https:\/\/www.noubarris.net\/web40\/wp-json\/wp\/v2\/categories?post=70502"},{"taxonomy":"post_tag","embeddable":true,"href":"https:\/\/www.noubarris.net\/web40\/wp-json\/wp\/v2\/tags?post=70502"}],"curies":[{"name":"wp","href":"https:\/\/api.w.org\/{rel}","templated":true}]}}