{"id":70970,"date":"2017-12-31T00:00:13","date_gmt":"2017-12-30T22:00:13","guid":{"rendered":"http:\/\/www.noubarris.net\/web40\/?p=70970"},"modified":"2017-12-29T15:49:13","modified_gmt":"2017-12-29T13:49:13","slug":"tradicions-de-la-nit-de-cap-dany-al-mon","status":"publish","type":"post","link":"https:\/\/www.noubarris.net\/web40\/tradicions-de-la-nit-de-cap-dany-al-mon\/","title":{"rendered":"Tradicions de la Nit de Cap d&#8217;Any al m\u00f3n"},"content":{"rendered":"<p><strong>Cada pa\u00eds i cultura t\u00e9 els seus ritus per comen\u00e7ar un nou cicle<\/strong><\/p>\n<p>Avui de ben segur bona part de les llars noubarrienques tindran a punt el ra\u00efm per comen\u00e7ar l&#8217;any amb sort i bons desitjos, tot esperant les dotze campanades. Per\u00f2 no a tot arreu se celebra de la mateixa manera. Les tradicions canvien a cada pa\u00eds o regi\u00f3. Algunes les coneixem b\u00e9 pel cinema. Un exemple \u00e9s el ritus als Estats Units de fer un pet\u00f3 amb la darrera campanada de l&#8217;any, una obligaci\u00f3 si no vols quedar condemnat a viure els 365 dies seg\u00fcents en soledat. Tamb\u00e9 us pot sonar la tradici\u00f3 italiana per a la nit de Sant Silvestre de sopar un plat de llenties com a crida a\u00a0la bona sort i l\u2019abund\u00e0ncia econ\u00f2mica. Acabat el sopar brinden per l\u2019any nou, i acte seguit, llencen la copa per la finestra. Per\u00f2 hi ha m\u00e9s celebracions originals o anecd\u00f2tiques. Us resumim algunes:<\/p>\n<p>A Vene\u00e7uela les fam\u00edlies es reuneixen abans de la mitjanit per preparar la\u00a0<em>hallaca<\/em>, una esp\u00e8cie de farcellets de fulles de pl\u00e0tan, que es regalen als amics durant la nit per desitjar-los sort per al\u00a0nou any.<\/p>\n<p>Els\u00a0noruecs\u00a0preparen un men\u00fa a base de peix i arr\u00f2s, on s\u2019amaga una ametlla que portar\u00e0 bona sort als comensals.<\/p>\n<p>Tamb\u00e9 al nord europeu, els danesos trenquen la imatge de civilitzats i trien entre dues opcions. Una \u00e9s trencar la vaixella amb la qual han sopat contra la porta de les persones que estimes. L&#8217;altra opci\u00f3 surt millor econ\u00f2micament&#8230; es tracta de saltar des d\u2019una cadira.<\/p>\n<p>A\u00a0Alemanya\u00a0\u00e9s costum deixar restes del que s\u2019ha sopat. La idea \u00e9s assegurar-se, despr\u00e9s de les campanades i durant tot l\u2019any seg\u00fcent, un rebost ple on no hi faltaran aliments.<\/p>\n<p>A les illes brit\u00e0niques trobem idees realment esbojarrades, especialment a Esc\u00f2cia, on el Cap d&#8217;Any \u00e9s\u00a0el\u00a0<em>Hogmanay.<\/em> Durant les campanades, la gent es dona les mans i canten plegats la can\u00e7\u00f3 popular\u00a0\u2018Auld lang syne\u2019 (Pels vells temps), que rememora els temps passats i fa un brindis per l&#8217;amistat.\u00a0Despr\u00e9s de les campanades els escocesos visiten familiars i amics per a desitjar-los bon any i oferir-los licor i past\u00eds de civada en una celebraci\u00f3 que es coneix com a first-footing. Una competici\u00f3 per ser el primer en creuar la porta de l&#8217;amic o familiar. Aquesta primera persona determinar\u00e0 la sort per a l&#8217;any nou (i la llegenda marca que preferiblement hauria de ser un home atractiu i mor\u00e9). Per\u00f2 no queda aqu\u00ed aquesta festa d&#8217;arrel vikinga. A Edimburg\u00a0\u00a0es fa una gran festa que dura 3 dies.\u00a0Ahir dia 30 van fer una desfilada de torxes d&#8217;inspiraci\u00f3 vikingues i un festival de focs artificials. Avui des de les 19h fan l&#8217;Street Party amb tot d&#8217;activitats festives, concerts\u00a0 i pantalles al carrer. I dem\u00e0 1 de gener,\u00a0 celebren el Loony Dook. A les\u00a011h, centenars de persones disfressades es llen\u00e7aran a l&#8217;aigua gelada\u00a0del Firth of Forth a South Queensferry, al costat del pont Forth Rail Bridge.<\/p>\n<p>La resta de la Gran Bretanya tamb\u00e9 comparteix la tradici\u00f3 del\u00a0 first-footing, la cursa que s\u2019inicia just despr\u00e9s de les campanades i que acaba al lloc on es faci la celebraci\u00f3 amb la resta de la fam\u00edlia i amics. El primer que hi arribi, tindr\u00e0 un any fant\u00e0stic.<\/p>\n<p>A\u00a0R\u00fassia\u00a0preparen un garr\u00ed farcit de blat negre o\u00a0oca farcida de poma, i per postres no hi falten mai les mandarines com a s\u00edmbol de bona sort. A m\u00e9s, arriba l\u2019Avi del Gel, una mena de Pare Noel, tamb\u00e9 grassonet, amb barba blanca i vestit de vermell, que reparteix, juntament amb la seva ajudant, la Nena de Neu, joguines, pastissos i\u00a0matriuskes.<\/p>\n<p>Al\u00a0L\u00edban\u00a0s\u2019elaboren dotze boletes de blat, farcides amb panses i una moneda, que despr\u00e9s es regalaran a dotze amics, i els beneficis tornaran multiplicats per dotze a la persona que ha fet el regal.<\/p>\n<p>A les\u00a0Filipines, es vesteixen amb alguna pe\u00e7a de roba amb estampat de llunars ja que creuen que atrau la fortuna. I millor si t\u00e9 butxaques per ficar-hi monedes i fer-les sonar en arribar la mitjanit.<\/p>\n<p>A le splatges brasileres de Rio de Janeiro,\u00a0les sacerdotesses africanes encenen veles i preparen petits vaixells amb flors i regals per a Iemanj\u00e1, la Deessa del Mar. Si la marea se\u2019ls emporta, \u00e9s un bon auguri per als presents, si no\u2026 b\u00e9&#8230;\u00a0 A Salvador de Bahia prefereixen banyar els peus nus a la platja per ser bene\u00efts.<\/p>\n<p>Els japonesos tenen l\u2019Omisoka\u00a0o Gran dia final de l\u2019any. Es tracta d&#8217;una festa plena de simbolisme. Abans que les campanes dels temples xintoistes anunci\u00efn l\u2019any nou, la casa ha d\u2019estar perfectament neta per comen\u00e7ar renovats. Despr\u00e9s, les fam\u00edlies degusten les tradicionals tasses de fideus que representen la longevitat.<\/p>\n<p>Per\u00f2 potser els m\u00e9s originals s\u00f3n els de Ciutat del Cap, a Sud\u00e0frica, que celebren el 2 de gener, el Tweede Nuwe-Jaar\u00a0(Segon Cap d\u2019Any). Tota la ciutat surt al carrer per disfressar-se al ritme de desenes de comparses. Molta m\u00fasica i menjar sota el sol de l\u2019hemisferi sud.<\/p>\n","protected":false},"excerpt":{"rendered":"<p>Cada pa\u00eds i cultura t\u00e9 els seus ritus per comen\u00e7ar un nou cicle Avui de ben segur bona part de<\/p>\n","protected":false},"author":2,"featured_media":70975,"comment_status":"closed","ping_status":"closed","sticky":false,"template":"","format":"standard","meta":{"colormag_page_layout":"default_layout","_monsterinsights_skip_tracking":false,"_monsterinsights_sitenote_active":false,"_monsterinsights_sitenote_note":"","_monsterinsights_sitenote_category":0,"footnotes":""},"categories":[1,124],"tags":[64,369,489],"class_list":["post-70970","post","type-post","status-publish","format-standard","has-post-thumbnail","hentry","category-nou-barris","category-societat","tag-festes","tag-nadal","tag-tradicions"],"yoast_head":"<!-- This site is optimized with the Yoast SEO plugin v25.3 - https:\/\/yoast.com\/wordpress\/plugins\/seo\/ -->\n<title>Tradicions de la Nit de Cap d&#039;Any al m\u00f3n - NouBarris.Net<\/title>\n<meta name=\"robots\" content=\"index, follow, max-snippet:-1, max-image-preview:large, max-video-preview:-1\" \/>\n<link rel=\"canonical\" href=\"https:\/\/www.noubarris.net\/web40\/tradicions-de-la-nit-de-cap-dany-al-mon\/\" \/>\n<meta property=\"og:locale\" content=\"ca_ES\" \/>\n<meta property=\"og:type\" content=\"article\" \/>\n<meta property=\"og:title\" content=\"Tradicions de la Nit de Cap d&#039;Any al m\u00f3n - NouBarris.Net\" \/>\n<meta property=\"og:description\" content=\"Cada pa\u00eds i cultura t\u00e9 els seus ritus per comen\u00e7ar un nou cicle Avui de ben segur bona part de\" \/>\n<meta property=\"og:url\" content=\"https:\/\/www.noubarris.net\/web40\/tradicions-de-la-nit-de-cap-dany-al-mon\/\" \/>\n<meta property=\"og:site_name\" content=\"NouBarris.Net\" \/>\n<meta property=\"article:publisher\" content=\"https:\/\/www.facebook.com\/NouBarris.net\/?locale=es_ES\" \/>\n<meta property=\"article:published_time\" content=\"2017-12-30T22:00:13+00:00\" \/>\n<meta property=\"og:image\" content=\"https:\/\/www.noubarris.net\/web40\/wp-content\/uploads\/2017\/12\/311217-1.jpg\" \/>\n\t<meta property=\"og:image:width\" content=\"787\" \/>\n\t<meta property=\"og:image:height\" content=\"445\" \/>\n\t<meta property=\"og:image:type\" content=\"image\/jpeg\" \/>\n<meta name=\"author\" content=\"Informatius\" \/>\n<meta name=\"twitter:card\" content=\"summary_large_image\" \/>\n<meta name=\"twitter:creator\" content=\"@9BTV\" \/>\n<meta name=\"twitter:site\" content=\"@9BTV\" \/>\n<meta name=\"twitter:label1\" content=\"Escrit per\" \/>\n\t<meta name=\"twitter:data1\" content=\"Informatius\" \/>\n\t<meta name=\"twitter:label2\" content=\"Temps estimat de lectura\" \/>\n\t<meta name=\"twitter:data2\" content=\"4 minuts\" \/>\n<script type=\"application\/ld+json\" class=\"yoast-schema-graph\">{\"@context\":\"https:\/\/schema.org\",\"@graph\":[{\"@type\":\"Article\",\"@id\":\"https:\/\/www.noubarris.net\/web40\/tradicions-de-la-nit-de-cap-dany-al-mon\/#article\",\"isPartOf\":{\"@id\":\"https:\/\/www.noubarris.net\/web40\/tradicions-de-la-nit-de-cap-dany-al-mon\/\"},\"author\":{\"name\":\"Informatius\",\"@id\":\"https:\/\/www.noubarris.net\/web40\/#\/schema\/person\/1827f92aaa316c54abbf4dac0de76069\"},\"headline\":\"Tradicions de la Nit de Cap d&#8217;Any al m\u00f3n\",\"datePublished\":\"2017-12-30T22:00:13+00:00\",\"mainEntityOfPage\":{\"@id\":\"https:\/\/www.noubarris.net\/web40\/tradicions-de-la-nit-de-cap-dany-al-mon\/\"},\"wordCount\":913,\"publisher\":{\"@id\":\"https:\/\/www.noubarris.net\/web40\/#organization\"},\"image\":{\"@id\":\"https:\/\/www.noubarris.net\/web40\/tradicions-de-la-nit-de-cap-dany-al-mon\/#primaryimage\"},\"thumbnailUrl\":\"https:\/\/www.noubarris.net\/web40\/wp-content\/uploads\/2017\/12\/311217-1.jpg\",\"keywords\":[\"Festes\",\"Nadal\",\"Tradicions\"],\"articleSection\":[\"Nou Barris\",\"Societat\"],\"inLanguage\":\"ca\"},{\"@type\":\"WebPage\",\"@id\":\"https:\/\/www.noubarris.net\/web40\/tradicions-de-la-nit-de-cap-dany-al-mon\/\",\"url\":\"https:\/\/www.noubarris.net\/web40\/tradicions-de-la-nit-de-cap-dany-al-mon\/\",\"name\":\"Tradicions de la Nit de Cap d'Any al m\u00f3n - NouBarris.Net\",\"isPartOf\":{\"@id\":\"https:\/\/www.noubarris.net\/web40\/#website\"},\"primaryImageOfPage\":{\"@id\":\"https:\/\/www.noubarris.net\/web40\/tradicions-de-la-nit-de-cap-dany-al-mon\/#primaryimage\"},\"image\":{\"@id\":\"https:\/\/www.noubarris.net\/web40\/tradicions-de-la-nit-de-cap-dany-al-mon\/#primaryimage\"},\"thumbnailUrl\":\"https:\/\/www.noubarris.net\/web40\/wp-content\/uploads\/2017\/12\/311217-1.jpg\",\"datePublished\":\"2017-12-30T22:00:13+00:00\",\"breadcrumb\":{\"@id\":\"https:\/\/www.noubarris.net\/web40\/tradicions-de-la-nit-de-cap-dany-al-mon\/#breadcrumb\"},\"inLanguage\":\"ca\",\"potentialAction\":[{\"@type\":\"ReadAction\",\"target\":[\"https:\/\/www.noubarris.net\/web40\/tradicions-de-la-nit-de-cap-dany-al-mon\/\"]}]},{\"@type\":\"ImageObject\",\"inLanguage\":\"ca\",\"@id\":\"https:\/\/www.noubarris.net\/web40\/tradicions-de-la-nit-de-cap-dany-al-mon\/#primaryimage\",\"url\":\"https:\/\/www.noubarris.net\/web40\/wp-content\/uploads\/2017\/12\/311217-1.jpg\",\"contentUrl\":\"https:\/\/www.noubarris.net\/web40\/wp-content\/uploads\/2017\/12\/311217-1.jpg\",\"width\":787,\"height\":445},{\"@type\":\"BreadcrumbList\",\"@id\":\"https:\/\/www.noubarris.net\/web40\/tradicions-de-la-nit-de-cap-dany-al-mon\/#breadcrumb\",\"itemListElement\":[{\"@type\":\"ListItem\",\"position\":1,\"name\":\"Inici\",\"item\":\"https:\/\/www.noubarris.net\/web40\/\"},{\"@type\":\"ListItem\",\"position\":2,\"name\":\"Tradicions de la Nit de Cap d&#8217;Any al m\u00f3n\"}]},{\"@type\":\"WebSite\",\"@id\":\"https:\/\/www.noubarris.net\/web40\/#website\",\"url\":\"https:\/\/www.noubarris.net\/web40\/\",\"name\":\"NouBarris.Net\",\"description\":\"Seguint la vida de Nou Barris des de 1985\",\"publisher\":{\"@id\":\"https:\/\/www.noubarris.net\/web40\/#organization\"},\"potentialAction\":[{\"@type\":\"SearchAction\",\"target\":{\"@type\":\"EntryPoint\",\"urlTemplate\":\"https:\/\/www.noubarris.net\/web40\/?s={search_term_string}\"},\"query-input\":{\"@type\":\"PropertyValueSpecification\",\"valueRequired\":true,\"valueName\":\"search_term_string\"}}],\"inLanguage\":\"ca\"},{\"@type\":\"Organization\",\"@id\":\"https:\/\/www.noubarris.net\/web40\/#organization\",\"name\":\"NouBarris.Net\",\"url\":\"https:\/\/www.noubarris.net\/web40\/\",\"logo\":{\"@type\":\"ImageObject\",\"inLanguage\":\"ca\",\"@id\":\"https:\/\/www.noubarris.net\/web40\/#\/schema\/logo\/image\/\",\"url\":\"https:\/\/www.noubarris.net\/web40\/wp-content\/uploads\/2024\/11\/cropped-cropped-LOGO_9BTV-2024_Insta-1.jpg\",\"contentUrl\":\"https:\/\/www.noubarris.net\/web40\/wp-content\/uploads\/2024\/11\/cropped-cropped-LOGO_9BTV-2024_Insta-1.jpg\",\"width\":512,\"height\":512,\"caption\":\"NouBarris.Net\"},\"image\":{\"@id\":\"https:\/\/www.noubarris.net\/web40\/#\/schema\/logo\/image\/\"},\"sameAs\":[\"https:\/\/www.facebook.com\/NouBarris.net\/?locale=es_ES\",\"https:\/\/x.com\/9BTV\"]},{\"@type\":\"Person\",\"@id\":\"https:\/\/www.noubarris.net\/web40\/#\/schema\/person\/1827f92aaa316c54abbf4dac0de76069\",\"name\":\"Informatius\",\"image\":{\"@type\":\"ImageObject\",\"inLanguage\":\"ca\",\"@id\":\"https:\/\/www.noubarris.net\/web40\/#\/schema\/person\/image\/\",\"url\":\"https:\/\/secure.gravatar.com\/avatar\/87a3b47928835fc72c6ee5b0e1a7263ef0c2d05003a98189bc14926c5f11bcdb?s=96&d=mm&r=g\",\"contentUrl\":\"https:\/\/secure.gravatar.com\/avatar\/87a3b47928835fc72c6ee5b0e1a7263ef0c2d05003a98189bc14926c5f11bcdb?s=96&d=mm&r=g\",\"caption\":\"Informatius\"},\"url\":\"https:\/\/www.noubarris.net\/web40\/author\/tele\/\"}]}<\/script>\n<!-- \/ Yoast SEO plugin. -->","yoast_head_json":{"title":"Tradicions de la Nit de Cap d'Any al m\u00f3n - NouBarris.Net","robots":{"index":"index","follow":"follow","max-snippet":"max-snippet:-1","max-image-preview":"max-image-preview:large","max-video-preview":"max-video-preview:-1"},"canonical":"https:\/\/www.noubarris.net\/web40\/tradicions-de-la-nit-de-cap-dany-al-mon\/","og_locale":"ca_ES","og_type":"article","og_title":"Tradicions de la Nit de Cap d'Any al m\u00f3n - NouBarris.Net","og_description":"Cada pa\u00eds i cultura t\u00e9 els seus ritus per comen\u00e7ar un nou cicle Avui de ben segur bona part de","og_url":"https:\/\/www.noubarris.net\/web40\/tradicions-de-la-nit-de-cap-dany-al-mon\/","og_site_name":"NouBarris.Net","article_publisher":"https:\/\/www.facebook.com\/NouBarris.net\/?locale=es_ES","article_published_time":"2017-12-30T22:00:13+00:00","og_image":[{"width":787,"height":445,"url":"https:\/\/www.noubarris.net\/web40\/wp-content\/uploads\/2017\/12\/311217-1.jpg","type":"image\/jpeg"}],"author":"Informatius","twitter_card":"summary_large_image","twitter_creator":"@9BTV","twitter_site":"@9BTV","twitter_misc":{"Escrit per":"Informatius","Temps estimat de lectura":"4 minuts"},"schema":{"@context":"https:\/\/schema.org","@graph":[{"@type":"Article","@id":"https:\/\/www.noubarris.net\/web40\/tradicions-de-la-nit-de-cap-dany-al-mon\/#article","isPartOf":{"@id":"https:\/\/www.noubarris.net\/web40\/tradicions-de-la-nit-de-cap-dany-al-mon\/"},"author":{"name":"Informatius","@id":"https:\/\/www.noubarris.net\/web40\/#\/schema\/person\/1827f92aaa316c54abbf4dac0de76069"},"headline":"Tradicions de la Nit de Cap d&#8217;Any al m\u00f3n","datePublished":"2017-12-30T22:00:13+00:00","mainEntityOfPage":{"@id":"https:\/\/www.noubarris.net\/web40\/tradicions-de-la-nit-de-cap-dany-al-mon\/"},"wordCount":913,"publisher":{"@id":"https:\/\/www.noubarris.net\/web40\/#organization"},"image":{"@id":"https:\/\/www.noubarris.net\/web40\/tradicions-de-la-nit-de-cap-dany-al-mon\/#primaryimage"},"thumbnailUrl":"https:\/\/www.noubarris.net\/web40\/wp-content\/uploads\/2017\/12\/311217-1.jpg","keywords":["Festes","Nadal","Tradicions"],"articleSection":["Nou Barris","Societat"],"inLanguage":"ca"},{"@type":"WebPage","@id":"https:\/\/www.noubarris.net\/web40\/tradicions-de-la-nit-de-cap-dany-al-mon\/","url":"https:\/\/www.noubarris.net\/web40\/tradicions-de-la-nit-de-cap-dany-al-mon\/","name":"Tradicions de la Nit de Cap d'Any al m\u00f3n - NouBarris.Net","isPartOf":{"@id":"https:\/\/www.noubarris.net\/web40\/#website"},"primaryImageOfPage":{"@id":"https:\/\/www.noubarris.net\/web40\/tradicions-de-la-nit-de-cap-dany-al-mon\/#primaryimage"},"image":{"@id":"https:\/\/www.noubarris.net\/web40\/tradicions-de-la-nit-de-cap-dany-al-mon\/#primaryimage"},"thumbnailUrl":"https:\/\/www.noubarris.net\/web40\/wp-content\/uploads\/2017\/12\/311217-1.jpg","datePublished":"2017-12-30T22:00:13+00:00","breadcrumb":{"@id":"https:\/\/www.noubarris.net\/web40\/tradicions-de-la-nit-de-cap-dany-al-mon\/#breadcrumb"},"inLanguage":"ca","potentialAction":[{"@type":"ReadAction","target":["https:\/\/www.noubarris.net\/web40\/tradicions-de-la-nit-de-cap-dany-al-mon\/"]}]},{"@type":"ImageObject","inLanguage":"ca","@id":"https:\/\/www.noubarris.net\/web40\/tradicions-de-la-nit-de-cap-dany-al-mon\/#primaryimage","url":"https:\/\/www.noubarris.net\/web40\/wp-content\/uploads\/2017\/12\/311217-1.jpg","contentUrl":"https:\/\/www.noubarris.net\/web40\/wp-content\/uploads\/2017\/12\/311217-1.jpg","width":787,"height":445},{"@type":"BreadcrumbList","@id":"https:\/\/www.noubarris.net\/web40\/tradicions-de-la-nit-de-cap-dany-al-mon\/#breadcrumb","itemListElement":[{"@type":"ListItem","position":1,"name":"Inici","item":"https:\/\/www.noubarris.net\/web40\/"},{"@type":"ListItem","position":2,"name":"Tradicions de la Nit de Cap d&#8217;Any al m\u00f3n"}]},{"@type":"WebSite","@id":"https:\/\/www.noubarris.net\/web40\/#website","url":"https:\/\/www.noubarris.net\/web40\/","name":"NouBarris.Net","description":"Seguint la vida de Nou Barris des de 1985","publisher":{"@id":"https:\/\/www.noubarris.net\/web40\/#organization"},"potentialAction":[{"@type":"SearchAction","target":{"@type":"EntryPoint","urlTemplate":"https:\/\/www.noubarris.net\/web40\/?s={search_term_string}"},"query-input":{"@type":"PropertyValueSpecification","valueRequired":true,"valueName":"search_term_string"}}],"inLanguage":"ca"},{"@type":"Organization","@id":"https:\/\/www.noubarris.net\/web40\/#organization","name":"NouBarris.Net","url":"https:\/\/www.noubarris.net\/web40\/","logo":{"@type":"ImageObject","inLanguage":"ca","@id":"https:\/\/www.noubarris.net\/web40\/#\/schema\/logo\/image\/","url":"https:\/\/www.noubarris.net\/web40\/wp-content\/uploads\/2024\/11\/cropped-cropped-LOGO_9BTV-2024_Insta-1.jpg","contentUrl":"https:\/\/www.noubarris.net\/web40\/wp-content\/uploads\/2024\/11\/cropped-cropped-LOGO_9BTV-2024_Insta-1.jpg","width":512,"height":512,"caption":"NouBarris.Net"},"image":{"@id":"https:\/\/www.noubarris.net\/web40\/#\/schema\/logo\/image\/"},"sameAs":["https:\/\/www.facebook.com\/NouBarris.net\/?locale=es_ES","https:\/\/x.com\/9BTV"]},{"@type":"Person","@id":"https:\/\/www.noubarris.net\/web40\/#\/schema\/person\/1827f92aaa316c54abbf4dac0de76069","name":"Informatius","image":{"@type":"ImageObject","inLanguage":"ca","@id":"https:\/\/www.noubarris.net\/web40\/#\/schema\/person\/image\/","url":"https:\/\/secure.gravatar.com\/avatar\/87a3b47928835fc72c6ee5b0e1a7263ef0c2d05003a98189bc14926c5f11bcdb?s=96&d=mm&r=g","contentUrl":"https:\/\/secure.gravatar.com\/avatar\/87a3b47928835fc72c6ee5b0e1a7263ef0c2d05003a98189bc14926c5f11bcdb?s=96&d=mm&r=g","caption":"Informatius"},"url":"https:\/\/www.noubarris.net\/web40\/author\/tele\/"}]}},"_links":{"self":[{"href":"https:\/\/www.noubarris.net\/web40\/wp-json\/wp\/v2\/posts\/70970","targetHints":{"allow":["GET"]}}],"collection":[{"href":"https:\/\/www.noubarris.net\/web40\/wp-json\/wp\/v2\/posts"}],"about":[{"href":"https:\/\/www.noubarris.net\/web40\/wp-json\/wp\/v2\/types\/post"}],"author":[{"embeddable":true,"href":"https:\/\/www.noubarris.net\/web40\/wp-json\/wp\/v2\/users\/2"}],"replies":[{"embeddable":true,"href":"https:\/\/www.noubarris.net\/web40\/wp-json\/wp\/v2\/comments?post=70970"}],"version-history":[{"count":0,"href":"https:\/\/www.noubarris.net\/web40\/wp-json\/wp\/v2\/posts\/70970\/revisions"}],"wp:featuredmedia":[{"embeddable":true,"href":"https:\/\/www.noubarris.net\/web40\/wp-json\/wp\/v2\/media\/70975"}],"wp:attachment":[{"href":"https:\/\/www.noubarris.net\/web40\/wp-json\/wp\/v2\/media?parent=70970"}],"wp:term":[{"taxonomy":"category","embeddable":true,"href":"https:\/\/www.noubarris.net\/web40\/wp-json\/wp\/v2\/categories?post=70970"},{"taxonomy":"post_tag","embeddable":true,"href":"https:\/\/www.noubarris.net\/web40\/wp-json\/wp\/v2\/tags?post=70970"}],"curies":[{"name":"wp","href":"https:\/\/api.w.org\/{rel}","templated":true}]}}